{"id":4614,"date":"2023-06-08T23:40:22","date_gmt":"2023-06-09T02:40:22","guid":{"rendered":"https:\/\/portalararasdenoticias.com.br\/?p=4614"},"modified":"2023-06-08T23:41:28","modified_gmt":"2023-06-09T02:41:28","slug":"mulher-e-morta-a-tiros-no-interior-do-am-em-manacapuru","status":"publish","type":"post","link":"https:\/\/portalararasdenoticias.com.br\/?p=4614","title":{"rendered":"Mulher \u00e9 morta a tiros no interior do AM em Manacapuru."},"content":{"rendered":"\n<p>e ex-marido \u00e9 suspeito de ordenar crime, diz pol\u00edcia<br>Segundo a pol\u00edcia, o ex-companheiro da v\u00edtima \u00e9 considerado o principal suspeito de ordenar a execu\u00e7\u00e3o. Ele est\u00e1 foragido.<br>Uma vendedora de 41 anos foi morta com tr\u00eas tiros na noite de ter\u00e7a-feira (6). O crime ocorreu em frente ao apartamento da irm\u00e3 da v\u00edtima em Manacapuru. Segundo a pol\u00edcia, o ex-companheiro dela \u00e9 considerado o principal suspeito de ordenar a execu\u00e7\u00e3o. Ele est\u00e1 foragido.<br>Segundo informa\u00e7\u00f5es da irm\u00e3 da v\u00edtima, a execu\u00e7\u00e3o ocorreu depois que elas chegarem da academia.<br>&#8220;Estava com a minha irm\u00e3, vindo da academia. Quando eu parei a moto na frente do meu apartamento, eu vi dois homens se aproximando. Eles n\u00e3o falaram nada, um rapaz veio na dire\u00e7\u00e3o dela, atirou tr\u00eas vezes e depois fugiram&#8221;, relata a irm\u00e3.<br>Ex-companheiro e amea\u00e7as<br>A Pol\u00edcia Civil de Manacapuru, divulgou que o ex-companheiro da v\u00edtima est\u00e1 foragido.<br>Para colaborar com informa\u00e7\u00f5es, den\u00fancias podem ser feitas pelo n\u00famero 181.<br>A fam\u00edlia da v\u00edtima conta que ela j\u00e1 tinha sido amea\u00e7ada de morte diversas vezes pelo ex, que n\u00e3o aceitava a separa\u00e7\u00e3o e que j\u00e1 tinha solicitado medida protetiva e atualmente era amea\u00e7ada pelo homem, que brigava pela posse de todos os bens do casal.<br>Conforme a pol\u00edcia, estava agendada para o dia 15 de junho, a audi\u00eancia do casal na Justi\u00e7a para separa\u00e7\u00e3o dos bens. O casal tinha uma casa, uma lancha e uma moto.<\/p>\n\n\n\n<p><\/p>\n","protected":false},"excerpt":{"rendered":"<p>e ex-marido \u00e9 suspeito de ordenar crime, diz pol\u00edciaSegundo a pol\u00edcia, o ex-companheiro da v\u00edtima \u00e9 considerado o principal suspeito de ordenar a execu\u00e7\u00e3o. Ele est\u00e1 foragido.Uma vendedora de 41 anos foi morta com tr\u00eas tiros na noite de ter\u00e7a-feira (6). O crime ocorreu em frente ao apartamento da irm\u00e3 da v\u00edtima em Manacapuru. Segundo [&hellip;]<\/p>\n","protected":false},"author":5,"featured_media":4615,"comment_status":"open","ping_status":"open","sticky":true,"template":"","format":"standard","meta":{"footnotes":""},"categories":[34],"tags":[],"class_list":["post-4614","post","type-post","status-publish","format-standard","has-post-thumbnail","hentry","category-jornalismo"],"yoast_head":"<!-- This site is optimized with the Yoast SEO plugin v27.0 - https:\/\/yoast.com\/product\/yoast-seo-wordpress\/ -->\n<title>Mulher \u00e9 morta a tiros no interior do AM em Manacapuru. - Portal Araras de Not\u00edcias<\/title>\n<meta name=\"robots\" content=\"index, follow, max-snippet:-1, max-image-preview:large, max-video-preview:-1\" \/>\n<link rel=\"canonical\" href=\"https:\/\/portalararasdenoticias.com.br\/?p=4614\" \/>\n<meta property=\"og:locale\" content=\"pt_BR\" \/>\n<meta property=\"og:type\" content=\"article\" \/>\n<meta property=\"og:title\" content=\"Mulher \u00e9 morta a tiros no interior do AM em Manacapuru. - Portal Araras de Not\u00edcias\" \/>\n<meta property=\"og:description\" content=\"e ex-marido \u00e9 suspeito de ordenar crime, diz pol\u00edciaSegundo a pol\u00edcia, o ex-companheiro da v\u00edtima \u00e9 considerado o principal suspeito de ordenar a execu\u00e7\u00e3o. Ele est\u00e1 foragido.Uma vendedora de 41 anos foi morta com tr\u00eas tiros na noite de ter\u00e7a-feira (6). O crime ocorreu em frente ao apartamento da irm\u00e3 da v\u00edtima em Manacapuru. Segundo [&hellip;]\" \/>\n<meta property=\"og:url\" content=\"https:\/\/portalararasdenoticias.com.br\/?p=4614\" \/>\n<meta property=\"og:site_name\" content=\"Portal Araras de Not\u00edcias\" \/>\n<meta property=\"article:published_time\" content=\"2023-06-09T02:40:22+00:00\" \/>\n<meta property=\"article:modified_time\" content=\"2023-06-09T02:41:28+00:00\" \/>\n<meta property=\"og:image\" content=\"https:\/\/portalararasdenoticias.com.br\/wp-content\/uploads\/2023\/06\/352301261_265081066028649_7903736319924476912_n.jpg\" \/>\n\t<meta property=\"og:image:width\" content=\"714\" \/>\n\t<meta property=\"og:image:height\" content=\"484\" \/>\n\t<meta property=\"og:image:type\" content=\"image\/jpeg\" \/>\n<meta name=\"author\" content=\"Portal Araras de Noticias\" \/>\n<meta name=\"twitter:card\" content=\"summary_large_image\" \/>\n<meta name=\"twitter:label1\" content=\"Escrito por\" \/>\n\t<meta name=\"twitter:data1\" content=\"Portal Araras de Noticias\" \/>\n\t<meta name=\"twitter:label2\" content=\"Est. tempo de leitura\" \/>\n\t<meta name=\"twitter:data2\" content=\"1 minuto\" \/>\n<script type=\"application\/ld+json\" class=\"yoast-schema-graph\">{\"@context\":\"https:\/\/schema.org\",\"@graph\":[{\"@type\":\"Article\",\"@id\":\"https:\/\/portalararasdenoticias.com.br\/?p=4614#article\",\"isPartOf\":{\"@id\":\"https:\/\/portalararasdenoticias.com.br\/?p=4614\"},\"author\":{\"name\":\"Portal Araras de Noticias\",\"@id\":\"https:\/\/portalararasdenoticias.com.br\/#\/schema\/person\/a6190507efe29dea1049d60d05ed5c0a\"},\"headline\":\"Mulher \u00e9 morta a tiros no interior do AM em Manacapuru.\",\"datePublished\":\"2023-06-09T02:40:22+00:00\",\"dateModified\":\"2023-06-09T02:41:28+00:00\",\"mainEntityOfPage\":{\"@id\":\"https:\/\/portalararasdenoticias.com.br\/?p=4614\"},\"wordCount\":267,\"commentCount\":0,\"image\":{\"@id\":\"https:\/\/portalararasdenoticias.com.br\/?p=4614#primaryimage\"},\"thumbnailUrl\":\"https:\/\/portalararasdenoticias.com.br\/wp-content\/uploads\/2023\/06\/352301261_265081066028649_7903736319924476912_n.jpg\",\"articleSection\":[\"jornalismo\"],\"inLanguage\":\"pt-BR\",\"potentialAction\":[{\"@type\":\"CommentAction\",\"name\":\"Comment\",\"target\":[\"https:\/\/portalararasdenoticias.com.br\/?p=4614#respond\"]}]},{\"@type\":\"WebPage\",\"@id\":\"https:\/\/portalararasdenoticias.com.br\/?p=4614\",\"url\":\"https:\/\/portalararasdenoticias.com.br\/?p=4614\",\"name\":\"Mulher \u00e9 morta a tiros no interior do AM em Manacapuru. - Portal Araras de Not\u00edcias\",\"isPartOf\":{\"@id\":\"https:\/\/portalararasdenoticias.com.br\/#website\"},\"primaryImageOfPage\":{\"@id\":\"https:\/\/portalararasdenoticias.com.br\/?p=4614#primaryimage\"},\"image\":{\"@id\":\"https:\/\/portalararasdenoticias.com.br\/?p=4614#primaryimage\"},\"thumbnailUrl\":\"https:\/\/portalararasdenoticias.com.br\/wp-content\/uploads\/2023\/06\/352301261_265081066028649_7903736319924476912_n.jpg\",\"datePublished\":\"2023-06-09T02:40:22+00:00\",\"dateModified\":\"2023-06-09T02:41:28+00:00\",\"author\":{\"@id\":\"https:\/\/portalararasdenoticias.com.br\/#\/schema\/person\/a6190507efe29dea1049d60d05ed5c0a\"},\"breadcrumb\":{\"@id\":\"https:\/\/portalararasdenoticias.com.br\/?p=4614#breadcrumb\"},\"inLanguage\":\"pt-BR\",\"potentialAction\":[{\"@type\":\"ReadAction\",\"target\":[\"https:\/\/portalararasdenoticias.com.br\/?p=4614\"]}]},{\"@type\":\"ImageObject\",\"inLanguage\":\"pt-BR\",\"@id\":\"https:\/\/portalararasdenoticias.com.br\/?p=4614#primaryimage\",\"url\":\"https:\/\/portalararasdenoticias.com.br\/wp-content\/uploads\/2023\/06\/352301261_265081066028649_7903736319924476912_n.jpg\",\"contentUrl\":\"https:\/\/portalararasdenoticias.com.br\/wp-content\/uploads\/2023\/06\/352301261_265081066028649_7903736319924476912_n.jpg\",\"width\":714,\"height\":484},{\"@type\":\"BreadcrumbList\",\"@id\":\"https:\/\/portalararasdenoticias.com.br\/?p=4614#breadcrumb\",\"itemListElement\":[{\"@type\":\"ListItem\",\"position\":1,\"name\":\"In\u00edcio\",\"item\":\"https:\/\/portalararasdenoticias.com.br\/\"},{\"@type\":\"ListItem\",\"position\":2,\"name\":\"Mulher \u00e9 morta a tiros no interior do AM em Manacapuru.\"}]},{\"@type\":\"WebSite\",\"@id\":\"https:\/\/portalararasdenoticias.com.br\/#website\",\"url\":\"https:\/\/portalararasdenoticias.com.br\/\",\"name\":\"Portal Araras de Not\u00edcias\",\"description\":\"O Seu Portal de Not\u00edcias\",\"potentialAction\":[{\"@type\":\"SearchAction\",\"target\":{\"@type\":\"EntryPoint\",\"urlTemplate\":\"https:\/\/portalararasdenoticias.com.br\/?s={search_term_string}\"},\"query-input\":{\"@type\":\"PropertyValueSpecification\",\"valueRequired\":true,\"valueName\":\"search_term_string\"}}],\"inLanguage\":\"pt-BR\"},{\"@type\":\"Person\",\"@id\":\"https:\/\/portalararasdenoticias.com.br\/#\/schema\/person\/a6190507efe29dea1049d60d05ed5c0a\",\"name\":\"Portal Araras de Noticias\",\"image\":{\"@type\":\"ImageObject\",\"inLanguage\":\"pt-BR\",\"@id\":\"https:\/\/portalararasdenoticias.com.br\/#\/schema\/person\/image\/\",\"url\":\"https:\/\/secure.gravatar.com\/avatar\/4df7c42bc08e78bc9b6e13086fafc161bdf01220657cd93de3d828ab6c60d469?s=96&d=mm&r=g\",\"contentUrl\":\"https:\/\/secure.gravatar.com\/avatar\/4df7c42bc08e78bc9b6e13086fafc161bdf01220657cd93de3d828ab6c60d469?s=96&d=mm&r=g\",\"caption\":\"Portal Araras de Noticias\"},\"sameAs\":[\"https:\/\/portalararasdenoticias.com.br\/\"],\"url\":\"https:\/\/portalararasdenoticias.com.br\/?author=5\"}]}<\/script>\n<!-- \/ Yoast SEO plugin. -->","yoast_head_json":{"title":"Mulher \u00e9 morta a tiros no interior do AM em Manacapuru. - Portal Araras de Not\u00edcias","robots":{"index":"index","follow":"follow","max-snippet":"max-snippet:-1","max-image-preview":"max-image-preview:large","max-video-preview":"max-video-preview:-1"},"canonical":"https:\/\/portalararasdenoticias.com.br\/?p=4614","og_locale":"pt_BR","og_type":"article","og_title":"Mulher \u00e9 morta a tiros no interior do AM em Manacapuru. - Portal Araras de Not\u00edcias","og_description":"e ex-marido \u00e9 suspeito de ordenar crime, diz pol\u00edciaSegundo a pol\u00edcia, o ex-companheiro da v\u00edtima \u00e9 considerado o principal suspeito de ordenar a execu\u00e7\u00e3o. Ele est\u00e1 foragido.Uma vendedora de 41 anos foi morta com tr\u00eas tiros na noite de ter\u00e7a-feira (6). O crime ocorreu em frente ao apartamento da irm\u00e3 da v\u00edtima em Manacapuru. Segundo [&hellip;]","og_url":"https:\/\/portalararasdenoticias.com.br\/?p=4614","og_site_name":"Portal Araras de Not\u00edcias","article_published_time":"2023-06-09T02:40:22+00:00","article_modified_time":"2023-06-09T02:41:28+00:00","og_image":[{"width":714,"height":484,"url":"https:\/\/portalararasdenoticias.com.br\/wp-content\/uploads\/2023\/06\/352301261_265081066028649_7903736319924476912_n.jpg","type":"image\/jpeg"}],"author":"Portal Araras de Noticias","twitter_card":"summary_large_image","twitter_misc":{"Escrito por":"Portal Araras de Noticias","Est. tempo de leitura":"1 minuto"},"schema":{"@context":"https:\/\/schema.org","@graph":[{"@type":"Article","@id":"https:\/\/portalararasdenoticias.com.br\/?p=4614#article","isPartOf":{"@id":"https:\/\/portalararasdenoticias.com.br\/?p=4614"},"author":{"name":"Portal Araras de Noticias","@id":"https:\/\/portalararasdenoticias.com.br\/#\/schema\/person\/a6190507efe29dea1049d60d05ed5c0a"},"headline":"Mulher \u00e9 morta a tiros no interior do AM em Manacapuru.","datePublished":"2023-06-09T02:40:22+00:00","dateModified":"2023-06-09T02:41:28+00:00","mainEntityOfPage":{"@id":"https:\/\/portalararasdenoticias.com.br\/?p=4614"},"wordCount":267,"commentCount":0,"image":{"@id":"https:\/\/portalararasdenoticias.com.br\/?p=4614#primaryimage"},"thumbnailUrl":"https:\/\/portalararasdenoticias.com.br\/wp-content\/uploads\/2023\/06\/352301261_265081066028649_7903736319924476912_n.jpg","articleSection":["jornalismo"],"inLanguage":"pt-BR","potentialAction":[{"@type":"CommentAction","name":"Comment","target":["https:\/\/portalararasdenoticias.com.br\/?p=4614#respond"]}]},{"@type":"WebPage","@id":"https:\/\/portalararasdenoticias.com.br\/?p=4614","url":"https:\/\/portalararasdenoticias.com.br\/?p=4614","name":"Mulher \u00e9 morta a tiros no interior do AM em Manacapuru. - Portal Araras de Not\u00edcias","isPartOf":{"@id":"https:\/\/portalararasdenoticias.com.br\/#website"},"primaryImageOfPage":{"@id":"https:\/\/portalararasdenoticias.com.br\/?p=4614#primaryimage"},"image":{"@id":"https:\/\/portalararasdenoticias.com.br\/?p=4614#primaryimage"},"thumbnailUrl":"https:\/\/portalararasdenoticias.com.br\/wp-content\/uploads\/2023\/06\/352301261_265081066028649_7903736319924476912_n.jpg","datePublished":"2023-06-09T02:40:22+00:00","dateModified":"2023-06-09T02:41:28+00:00","author":{"@id":"https:\/\/portalararasdenoticias.com.br\/#\/schema\/person\/a6190507efe29dea1049d60d05ed5c0a"},"breadcrumb":{"@id":"https:\/\/portalararasdenoticias.com.br\/?p=4614#breadcrumb"},"inLanguage":"pt-BR","potentialAction":[{"@type":"ReadAction","target":["https:\/\/portalararasdenoticias.com.br\/?p=4614"]}]},{"@type":"ImageObject","inLanguage":"pt-BR","@id":"https:\/\/portalararasdenoticias.com.br\/?p=4614#primaryimage","url":"https:\/\/portalararasdenoticias.com.br\/wp-content\/uploads\/2023\/06\/352301261_265081066028649_7903736319924476912_n.jpg","contentUrl":"https:\/\/portalararasdenoticias.com.br\/wp-content\/uploads\/2023\/06\/352301261_265081066028649_7903736319924476912_n.jpg","width":714,"height":484},{"@type":"BreadcrumbList","@id":"https:\/\/portalararasdenoticias.com.br\/?p=4614#breadcrumb","itemListElement":[{"@type":"ListItem","position":1,"name":"In\u00edcio","item":"https:\/\/portalararasdenoticias.com.br\/"},{"@type":"ListItem","position":2,"name":"Mulher \u00e9 morta a tiros no interior do AM em Manacapuru."}]},{"@type":"WebSite","@id":"https:\/\/portalararasdenoticias.com.br\/#website","url":"https:\/\/portalararasdenoticias.com.br\/","name":"Portal Araras de Not\u00edcias","description":"O Seu Portal de Not\u00edcias","potentialAction":[{"@type":"SearchAction","target":{"@type":"EntryPoint","urlTemplate":"https:\/\/portalararasdenoticias.com.br\/?s={search_term_string}"},"query-input":{"@type":"PropertyValueSpecification","valueRequired":true,"valueName":"search_term_string"}}],"inLanguage":"pt-BR"},{"@type":"Person","@id":"https:\/\/portalararasdenoticias.com.br\/#\/schema\/person\/a6190507efe29dea1049d60d05ed5c0a","name":"Portal Araras de Noticias","image":{"@type":"ImageObject","inLanguage":"pt-BR","@id":"https:\/\/portalararasdenoticias.com.br\/#\/schema\/person\/image\/","url":"https:\/\/secure.gravatar.com\/avatar\/4df7c42bc08e78bc9b6e13086fafc161bdf01220657cd93de3d828ab6c60d469?s=96&d=mm&r=g","contentUrl":"https:\/\/secure.gravatar.com\/avatar\/4df7c42bc08e78bc9b6e13086fafc161bdf01220657cd93de3d828ab6c60d469?s=96&d=mm&r=g","caption":"Portal Araras de Noticias"},"sameAs":["https:\/\/portalararasdenoticias.com.br\/"],"url":"https:\/\/portalararasdenoticias.com.br\/?author=5"}]}},"_links":{"self":[{"href":"https:\/\/portalararasdenoticias.com.br\/index.php?rest_route=\/wp\/v2\/posts\/4614","targetHints":{"allow":["GET"]}}],"collection":[{"href":"https:\/\/portalararasdenoticias.com.br\/index.php?rest_route=\/wp\/v2\/posts"}],"about":[{"href":"https:\/\/portalararasdenoticias.com.br\/index.php?rest_route=\/wp\/v2\/types\/post"}],"author":[{"embeddable":true,"href":"https:\/\/portalararasdenoticias.com.br\/index.php?rest_route=\/wp\/v2\/users\/5"}],"replies":[{"embeddable":true,"href":"https:\/\/portalararasdenoticias.com.br\/index.php?rest_route=%2Fwp%2Fv2%2Fcomments&post=4614"}],"version-history":[{"count":1,"href":"https:\/\/portalararasdenoticias.com.br\/index.php?rest_route=\/wp\/v2\/posts\/4614\/revisions"}],"predecessor-version":[{"id":4616,"href":"https:\/\/portalararasdenoticias.com.br\/index.php?rest_route=\/wp\/v2\/posts\/4614\/revisions\/4616"}],"wp:featuredmedia":[{"embeddable":true,"href":"https:\/\/portalararasdenoticias.com.br\/index.php?rest_route=\/wp\/v2\/media\/4615"}],"wp:attachment":[{"href":"https:\/\/portalararasdenoticias.com.br\/index.php?rest_route=%2Fwp%2Fv2%2Fmedia&parent=4614"}],"wp:term":[{"taxonomy":"category","embeddable":true,"href":"https:\/\/portalararasdenoticias.com.br\/index.php?rest_route=%2Fwp%2Fv2%2Fcategories&post=4614"},{"taxonomy":"post_tag","embeddable":true,"href":"https:\/\/portalararasdenoticias.com.br\/index.php?rest_route=%2Fwp%2Fv2%2Ftags&post=4614"}],"curies":[{"name":"wp","href":"https:\/\/api.w.org\/{rel}","templated":true}]}}