{"id":4617,"date":"2023-06-08T23:51:01","date_gmt":"2023-06-09T02:51:01","guid":{"rendered":"https:\/\/portalararasdenoticias.com.br\/?p=4617"},"modified":"2023-06-08T23:52:07","modified_gmt":"2023-06-09T02:52:07","slug":"draga-de-garimpeiros-explode-no-am-e-acidente-deixa-um-homem-morto","status":"publish","type":"post","link":"https:\/\/portalararasdenoticias.com.br\/?p=4617","title":{"rendered":"Draga de garimpeiros explode no AM e acidente deixa um homem morto."},"content":{"rendered":"\n<p>Marinha, PF e Ibama, que atuam no combate ao garimpo ilegal em cidades do Amazonas, afirmaram desconhecer a autoria da explos\u00e3o.<br>Uma balsa com uma draga de garimpeiros explodiu em Mara\u00e3, no Amazonas, na manh\u00e3 de ter\u00e7a-feira (6). Um homem morreu. Moradores da cidade, distante a 634 km de Manaus, disseram que outras duas pessoas viviam na balsa. Elas seguem desaparecidas.<br>O homem que morreu tinha 54 anos. A identidade dele n\u00e3o foi divulgada.<br>Durante o acidente, metade da balsa afundou. As autoridades ainda n\u00e3o confirmaram se a draga pertencia ao garimpo ilegal.<br>A Marinha, a Pol\u00edcia Federal e o Instituto Brasileiro do Meio Ambiente e dos Recursos Naturais Renov\u00e1veis (Ibama) afirmaram desconhecer a autoria da explos\u00e3o. As tr\u00eas institui\u00e7\u00f5es atuam no combate ao garimpo ilegal em cidades do interior do Amazonas.<br>Recentemente, a Marinha realizou a Opera\u00e7\u00e3o \u00c1gata, que atuou no combate a crimes transfronteiri\u00e7os e ambientais. Em nota, o Comando Conjunto Uiara informou que apoiou os agentes do Ibama na log\u00edstica, intelig\u00eancia e operacionalidade para a neutraliza\u00e7\u00e3o de 51 dragas, na regi\u00e3o do Rio Japur\u00e1.<br>O Comando Conjunto Uiara destacou que n\u00e3o foram utilizados e n\u00e3o faziam parte dos protocolos de atua\u00e7\u00e3o das For\u00e7as Armadas e dos agentes governamentais o uso de explosivos para a desativa\u00e7\u00e3o de dragas.<br>J\u00e1 a Superintend\u00eancia Regional da Pol\u00edcia Federal no Amazonas disse que tomou conhecimento da explos\u00e3o de dragas em Mara\u00e3. A \u00f3rg\u00e3o afirmou, ainda, que vai prestar o apoio necess\u00e1rio para descobrir o que causou o acidente. &#8220;A corpora\u00e7\u00e3o ainda esclarece que, no momento do ocorrido, n\u00e3o realizava nenhuma a\u00e7\u00e3o na regi\u00e3o&#8221;, ressaltou, em nota.<\/p>\n\n\n\n<p><\/p>\n","protected":false},"excerpt":{"rendered":"<p>Marinha, PF e Ibama, que atuam no combate ao garimpo ilegal em cidades do Amazonas, afirmaram desconhecer a autoria da explos\u00e3o.Uma balsa com uma draga de garimpeiros explodiu em Mara\u00e3, no Amazonas, na manh\u00e3 de ter\u00e7a-feira (6). Um homem morreu. Moradores da cidade, distante a 634 km de Manaus, disseram que outras duas pessoas viviam [&hellip;]<\/p>\n","protected":false},"author":5,"featured_media":4618,"comment_status":"open","ping_status":"open","sticky":true,"template":"","format":"standard","meta":{"footnotes":""},"categories":[34],"tags":[],"class_list":["post-4617","post","type-post","status-publish","format-standard","has-post-thumbnail","hentry","category-jornalismo"],"yoast_head":"<!-- This site is optimized with the Yoast SEO plugin v27.0 - https:\/\/yoast.com\/product\/yoast-seo-wordpress\/ -->\n<title>Draga de garimpeiros explode no AM e acidente deixa um homem morto. - Portal Araras de Not\u00edcias<\/title>\n<meta name=\"robots\" content=\"index, follow, max-snippet:-1, max-image-preview:large, max-video-preview:-1\" \/>\n<link rel=\"canonical\" href=\"https:\/\/portalararasdenoticias.com.br\/?p=4617\" \/>\n<meta property=\"og:locale\" content=\"pt_BR\" \/>\n<meta property=\"og:type\" content=\"article\" \/>\n<meta property=\"og:title\" content=\"Draga de garimpeiros explode no AM e acidente deixa um homem morto. - Portal Araras de Not\u00edcias\" \/>\n<meta property=\"og:description\" content=\"Marinha, PF e Ibama, que atuam no combate ao garimpo ilegal em cidades do Amazonas, afirmaram desconhecer a autoria da explos\u00e3o.Uma balsa com uma draga de garimpeiros explodiu em Mara\u00e3, no Amazonas, na manh\u00e3 de ter\u00e7a-feira (6). Um homem morreu. Moradores da cidade, distante a 634 km de Manaus, disseram que outras duas pessoas viviam [&hellip;]\" \/>\n<meta property=\"og:url\" content=\"https:\/\/portalararasdenoticias.com.br\/?p=4617\" \/>\n<meta property=\"og:site_name\" content=\"Portal Araras de Not\u00edcias\" \/>\n<meta property=\"article:published_time\" content=\"2023-06-09T02:51:01+00:00\" \/>\n<meta property=\"article:modified_time\" content=\"2023-06-09T02:52:07+00:00\" \/>\n<meta property=\"og:image\" content=\"https:\/\/portalararasdenoticias.com.br\/wp-content\/uploads\/2023\/06\/352190870_1021276198820373_3696931883307642399_n.jpg\" \/>\n\t<meta property=\"og:image:width\" content=\"924\" \/>\n\t<meta property=\"og:image:height\" content=\"540\" \/>\n\t<meta property=\"og:image:type\" content=\"image\/jpeg\" \/>\n<meta name=\"author\" content=\"Portal Araras de Noticias\" \/>\n<meta name=\"twitter:card\" content=\"summary_large_image\" \/>\n<meta name=\"twitter:label1\" content=\"Escrito por\" \/>\n\t<meta name=\"twitter:data1\" content=\"Portal Araras de Noticias\" \/>\n\t<meta name=\"twitter:label2\" content=\"Est. tempo de leitura\" \/>\n\t<meta name=\"twitter:data2\" content=\"1 minuto\" \/>\n<script type=\"application\/ld+json\" class=\"yoast-schema-graph\">{\"@context\":\"https:\/\/schema.org\",\"@graph\":[{\"@type\":\"Article\",\"@id\":\"https:\/\/portalararasdenoticias.com.br\/?p=4617#article\",\"isPartOf\":{\"@id\":\"https:\/\/portalararasdenoticias.com.br\/?p=4617\"},\"author\":{\"name\":\"Portal Araras de Noticias\",\"@id\":\"https:\/\/portalararasdenoticias.com.br\/#\/schema\/person\/a6190507efe29dea1049d60d05ed5c0a\"},\"headline\":\"Draga de garimpeiros explode no AM e acidente deixa um homem morto.\",\"datePublished\":\"2023-06-09T02:51:01+00:00\",\"dateModified\":\"2023-06-09T02:52:07+00:00\",\"mainEntityOfPage\":{\"@id\":\"https:\/\/portalararasdenoticias.com.br\/?p=4617\"},\"wordCount\":301,\"commentCount\":0,\"image\":{\"@id\":\"https:\/\/portalararasdenoticias.com.br\/?p=4617#primaryimage\"},\"thumbnailUrl\":\"https:\/\/portalararasdenoticias.com.br\/wp-content\/uploads\/2023\/06\/352190870_1021276198820373_3696931883307642399_n.jpg\",\"articleSection\":[\"jornalismo\"],\"inLanguage\":\"pt-BR\",\"potentialAction\":[{\"@type\":\"CommentAction\",\"name\":\"Comment\",\"target\":[\"https:\/\/portalararasdenoticias.com.br\/?p=4617#respond\"]}]},{\"@type\":\"WebPage\",\"@id\":\"https:\/\/portalararasdenoticias.com.br\/?p=4617\",\"url\":\"https:\/\/portalararasdenoticias.com.br\/?p=4617\",\"name\":\"Draga de garimpeiros explode no AM e acidente deixa um homem morto. - Portal Araras de Not\u00edcias\",\"isPartOf\":{\"@id\":\"https:\/\/portalararasdenoticias.com.br\/#website\"},\"primaryImageOfPage\":{\"@id\":\"https:\/\/portalararasdenoticias.com.br\/?p=4617#primaryimage\"},\"image\":{\"@id\":\"https:\/\/portalararasdenoticias.com.br\/?p=4617#primaryimage\"},\"thumbnailUrl\":\"https:\/\/portalararasdenoticias.com.br\/wp-content\/uploads\/2023\/06\/352190870_1021276198820373_3696931883307642399_n.jpg\",\"datePublished\":\"2023-06-09T02:51:01+00:00\",\"dateModified\":\"2023-06-09T02:52:07+00:00\",\"author\":{\"@id\":\"https:\/\/portalararasdenoticias.com.br\/#\/schema\/person\/a6190507efe29dea1049d60d05ed5c0a\"},\"breadcrumb\":{\"@id\":\"https:\/\/portalararasdenoticias.com.br\/?p=4617#breadcrumb\"},\"inLanguage\":\"pt-BR\",\"potentialAction\":[{\"@type\":\"ReadAction\",\"target\":[\"https:\/\/portalararasdenoticias.com.br\/?p=4617\"]}]},{\"@type\":\"ImageObject\",\"inLanguage\":\"pt-BR\",\"@id\":\"https:\/\/portalararasdenoticias.com.br\/?p=4617#primaryimage\",\"url\":\"https:\/\/portalararasdenoticias.com.br\/wp-content\/uploads\/2023\/06\/352190870_1021276198820373_3696931883307642399_n.jpg\",\"contentUrl\":\"https:\/\/portalararasdenoticias.com.br\/wp-content\/uploads\/2023\/06\/352190870_1021276198820373_3696931883307642399_n.jpg\",\"width\":924,\"height\":540},{\"@type\":\"BreadcrumbList\",\"@id\":\"https:\/\/portalararasdenoticias.com.br\/?p=4617#breadcrumb\",\"itemListElement\":[{\"@type\":\"ListItem\",\"position\":1,\"name\":\"In\u00edcio\",\"item\":\"https:\/\/portalararasdenoticias.com.br\/\"},{\"@type\":\"ListItem\",\"position\":2,\"name\":\"Draga de garimpeiros explode no AM e acidente deixa um homem morto.\"}]},{\"@type\":\"WebSite\",\"@id\":\"https:\/\/portalararasdenoticias.com.br\/#website\",\"url\":\"https:\/\/portalararasdenoticias.com.br\/\",\"name\":\"Portal Araras de Not\u00edcias\",\"description\":\"O Seu Portal de Not\u00edcias\",\"potentialAction\":[{\"@type\":\"SearchAction\",\"target\":{\"@type\":\"EntryPoint\",\"urlTemplate\":\"https:\/\/portalararasdenoticias.com.br\/?s={search_term_string}\"},\"query-input\":{\"@type\":\"PropertyValueSpecification\",\"valueRequired\":true,\"valueName\":\"search_term_string\"}}],\"inLanguage\":\"pt-BR\"},{\"@type\":\"Person\",\"@id\":\"https:\/\/portalararasdenoticias.com.br\/#\/schema\/person\/a6190507efe29dea1049d60d05ed5c0a\",\"name\":\"Portal Araras de Noticias\",\"image\":{\"@type\":\"ImageObject\",\"inLanguage\":\"pt-BR\",\"@id\":\"https:\/\/portalararasdenoticias.com.br\/#\/schema\/person\/image\/\",\"url\":\"https:\/\/secure.gravatar.com\/avatar\/4df7c42bc08e78bc9b6e13086fafc161bdf01220657cd93de3d828ab6c60d469?s=96&d=mm&r=g\",\"contentUrl\":\"https:\/\/secure.gravatar.com\/avatar\/4df7c42bc08e78bc9b6e13086fafc161bdf01220657cd93de3d828ab6c60d469?s=96&d=mm&r=g\",\"caption\":\"Portal Araras de Noticias\"},\"sameAs\":[\"https:\/\/portalararasdenoticias.com.br\/\"],\"url\":\"https:\/\/portalararasdenoticias.com.br\/?author=5\"}]}<\/script>\n<!-- \/ Yoast SEO plugin. -->","yoast_head_json":{"title":"Draga de garimpeiros explode no AM e acidente deixa um homem morto. - Portal Araras de Not\u00edcias","robots":{"index":"index","follow":"follow","max-snippet":"max-snippet:-1","max-image-preview":"max-image-preview:large","max-video-preview":"max-video-preview:-1"},"canonical":"https:\/\/portalararasdenoticias.com.br\/?p=4617","og_locale":"pt_BR","og_type":"article","og_title":"Draga de garimpeiros explode no AM e acidente deixa um homem morto. - Portal Araras de Not\u00edcias","og_description":"Marinha, PF e Ibama, que atuam no combate ao garimpo ilegal em cidades do Amazonas, afirmaram desconhecer a autoria da explos\u00e3o.Uma balsa com uma draga de garimpeiros explodiu em Mara\u00e3, no Amazonas, na manh\u00e3 de ter\u00e7a-feira (6). Um homem morreu. Moradores da cidade, distante a 634 km de Manaus, disseram que outras duas pessoas viviam [&hellip;]","og_url":"https:\/\/portalararasdenoticias.com.br\/?p=4617","og_site_name":"Portal Araras de Not\u00edcias","article_published_time":"2023-06-09T02:51:01+00:00","article_modified_time":"2023-06-09T02:52:07+00:00","og_image":[{"width":924,"height":540,"url":"https:\/\/portalararasdenoticias.com.br\/wp-content\/uploads\/2023\/06\/352190870_1021276198820373_3696931883307642399_n.jpg","type":"image\/jpeg"}],"author":"Portal Araras de Noticias","twitter_card":"summary_large_image","twitter_misc":{"Escrito por":"Portal Araras de Noticias","Est. tempo de leitura":"1 minuto"},"schema":{"@context":"https:\/\/schema.org","@graph":[{"@type":"Article","@id":"https:\/\/portalararasdenoticias.com.br\/?p=4617#article","isPartOf":{"@id":"https:\/\/portalararasdenoticias.com.br\/?p=4617"},"author":{"name":"Portal Araras de Noticias","@id":"https:\/\/portalararasdenoticias.com.br\/#\/schema\/person\/a6190507efe29dea1049d60d05ed5c0a"},"headline":"Draga de garimpeiros explode no AM e acidente deixa um homem morto.","datePublished":"2023-06-09T02:51:01+00:00","dateModified":"2023-06-09T02:52:07+00:00","mainEntityOfPage":{"@id":"https:\/\/portalararasdenoticias.com.br\/?p=4617"},"wordCount":301,"commentCount":0,"image":{"@id":"https:\/\/portalararasdenoticias.com.br\/?p=4617#primaryimage"},"thumbnailUrl":"https:\/\/portalararasdenoticias.com.br\/wp-content\/uploads\/2023\/06\/352190870_1021276198820373_3696931883307642399_n.jpg","articleSection":["jornalismo"],"inLanguage":"pt-BR","potentialAction":[{"@type":"CommentAction","name":"Comment","target":["https:\/\/portalararasdenoticias.com.br\/?p=4617#respond"]}]},{"@type":"WebPage","@id":"https:\/\/portalararasdenoticias.com.br\/?p=4617","url":"https:\/\/portalararasdenoticias.com.br\/?p=4617","name":"Draga de garimpeiros explode no AM e acidente deixa um homem morto. - Portal Araras de Not\u00edcias","isPartOf":{"@id":"https:\/\/portalararasdenoticias.com.br\/#website"},"primaryImageOfPage":{"@id":"https:\/\/portalararasdenoticias.com.br\/?p=4617#primaryimage"},"image":{"@id":"https:\/\/portalararasdenoticias.com.br\/?p=4617#primaryimage"},"thumbnailUrl":"https:\/\/portalararasdenoticias.com.br\/wp-content\/uploads\/2023\/06\/352190870_1021276198820373_3696931883307642399_n.jpg","datePublished":"2023-06-09T02:51:01+00:00","dateModified":"2023-06-09T02:52:07+00:00","author":{"@id":"https:\/\/portalararasdenoticias.com.br\/#\/schema\/person\/a6190507efe29dea1049d60d05ed5c0a"},"breadcrumb":{"@id":"https:\/\/portalararasdenoticias.com.br\/?p=4617#breadcrumb"},"inLanguage":"pt-BR","potentialAction":[{"@type":"ReadAction","target":["https:\/\/portalararasdenoticias.com.br\/?p=4617"]}]},{"@type":"ImageObject","inLanguage":"pt-BR","@id":"https:\/\/portalararasdenoticias.com.br\/?p=4617#primaryimage","url":"https:\/\/portalararasdenoticias.com.br\/wp-content\/uploads\/2023\/06\/352190870_1021276198820373_3696931883307642399_n.jpg","contentUrl":"https:\/\/portalararasdenoticias.com.br\/wp-content\/uploads\/2023\/06\/352190870_1021276198820373_3696931883307642399_n.jpg","width":924,"height":540},{"@type":"BreadcrumbList","@id":"https:\/\/portalararasdenoticias.com.br\/?p=4617#breadcrumb","itemListElement":[{"@type":"ListItem","position":1,"name":"In\u00edcio","item":"https:\/\/portalararasdenoticias.com.br\/"},{"@type":"ListItem","position":2,"name":"Draga de garimpeiros explode no AM e acidente deixa um homem morto."}]},{"@type":"WebSite","@id":"https:\/\/portalararasdenoticias.com.br\/#website","url":"https:\/\/portalararasdenoticias.com.br\/","name":"Portal Araras de Not\u00edcias","description":"O Seu Portal de Not\u00edcias","potentialAction":[{"@type":"SearchAction","target":{"@type":"EntryPoint","urlTemplate":"https:\/\/portalararasdenoticias.com.br\/?s={search_term_string}"},"query-input":{"@type":"PropertyValueSpecification","valueRequired":true,"valueName":"search_term_string"}}],"inLanguage":"pt-BR"},{"@type":"Person","@id":"https:\/\/portalararasdenoticias.com.br\/#\/schema\/person\/a6190507efe29dea1049d60d05ed5c0a","name":"Portal Araras de Noticias","image":{"@type":"ImageObject","inLanguage":"pt-BR","@id":"https:\/\/portalararasdenoticias.com.br\/#\/schema\/person\/image\/","url":"https:\/\/secure.gravatar.com\/avatar\/4df7c42bc08e78bc9b6e13086fafc161bdf01220657cd93de3d828ab6c60d469?s=96&d=mm&r=g","contentUrl":"https:\/\/secure.gravatar.com\/avatar\/4df7c42bc08e78bc9b6e13086fafc161bdf01220657cd93de3d828ab6c60d469?s=96&d=mm&r=g","caption":"Portal Araras de Noticias"},"sameAs":["https:\/\/portalararasdenoticias.com.br\/"],"url":"https:\/\/portalararasdenoticias.com.br\/?author=5"}]}},"_links":{"self":[{"href":"https:\/\/portalararasdenoticias.com.br\/index.php?rest_route=\/wp\/v2\/posts\/4617","targetHints":{"allow":["GET"]}}],"collection":[{"href":"https:\/\/portalararasdenoticias.com.br\/index.php?rest_route=\/wp\/v2\/posts"}],"about":[{"href":"https:\/\/portalararasdenoticias.com.br\/index.php?rest_route=\/wp\/v2\/types\/post"}],"author":[{"embeddable":true,"href":"https:\/\/portalararasdenoticias.com.br\/index.php?rest_route=\/wp\/v2\/users\/5"}],"replies":[{"embeddable":true,"href":"https:\/\/portalararasdenoticias.com.br\/index.php?rest_route=%2Fwp%2Fv2%2Fcomments&post=4617"}],"version-history":[{"count":1,"href":"https:\/\/portalararasdenoticias.com.br\/index.php?rest_route=\/wp\/v2\/posts\/4617\/revisions"}],"predecessor-version":[{"id":4619,"href":"https:\/\/portalararasdenoticias.com.br\/index.php?rest_route=\/wp\/v2\/posts\/4617\/revisions\/4619"}],"wp:featuredmedia":[{"embeddable":true,"href":"https:\/\/portalararasdenoticias.com.br\/index.php?rest_route=\/wp\/v2\/media\/4618"}],"wp:attachment":[{"href":"https:\/\/portalararasdenoticias.com.br\/index.php?rest_route=%2Fwp%2Fv2%2Fmedia&parent=4617"}],"wp:term":[{"taxonomy":"category","embeddable":true,"href":"https:\/\/portalararasdenoticias.com.br\/index.php?rest_route=%2Fwp%2Fv2%2Fcategories&post=4617"},{"taxonomy":"post_tag","embeddable":true,"href":"https:\/\/portalararasdenoticias.com.br\/index.php?rest_route=%2Fwp%2Fv2%2Ftags&post=4617"}],"curies":[{"name":"wp","href":"https:\/\/api.w.org\/{rel}","templated":true}]}}