{"id":4640,"date":"2023-06-15T08:36:22","date_gmt":"2023-06-15T11:36:22","guid":{"rendered":"https:\/\/portalararasdenoticias.com.br\/?p=4640"},"modified":"2023-06-15T08:37:28","modified_gmt":"2023-06-15T11:37:28","slug":"um-roteiro-turistico-inesquecivel-para-viver-em-parintins-na-festa-de-garantido-e-caprichoso-2023","status":"publish","type":"post","link":"https:\/\/portalararasdenoticias.com.br\/?p=4640","title":{"rendered":"Um roteiro tur\u00edstico inesquec\u00edvel para viver em Parintins na Festa de Garantido e Caprichoso 2023."},"content":{"rendered":"\n<p><\/p>\n\n\n\n<p>Visitante pode explorar os encantos na ilha da magia aproveitando desde a orla at\u00e9 o Festival de Parintins.<br>Not\u00edcia do dia 14\/06\/2023<br>A Empresa Estadual de Turismo (Amazonastur) preparou um roteiro completo, cheio de dicas preciosas para conhecer Parintins (a 369 quil\u00f4metros de Manaus). A cidade localizada no cora\u00e7\u00e3o da Amaz\u00f4nia \u00e9 famosa por seu Festival Folcl\u00f3rico e atrai visitantes do mundo inteiro para ver os bumb\u00e1s Caprichoso e Garantido.<br>O Governo do Amazonas promove o 56\u00ba Festival Folcl\u00f3rico de Parintins nos dias 30 de junho e 1\u00b0 e 2 de julho, no Bumb\u00f3dromo do munic\u00edpio. E a Amazonastur apresenta dicas do que fazer na ilha da magia em um roteiro de um dia.<br>Culin\u00e1ria<br>A primeira parada desse roteiro inicia pelo caf\u00e9 da manh\u00e3, com visita ao Mercado Municipal Leopoldo Neves. Localizado \u00e0s margens do rio Amazonas, o local foi inaugurado em 1937 e tem uma arquitetura portuguesa peculiar.<br>Entre as op\u00e7\u00f5es de comida regional, o destaque fica com o famoso x-caboquinho, um delicioso sandu\u00edche que conta com camadas de tucum\u00e3, queijo coalho e p\u00e3o franc\u00eas. A pra\u00e7a de alimenta\u00e7\u00e3o do mercado conta com um pequeno palco, onde artistas locais se apresentam, cantando toadas de boi e outros estilos musicais.<br>Fotos e passeio de triciclo<br>Ap\u00f3s o caf\u00e9 da manh\u00e3, chega a hora de explorar mais Parintins. O visitante pode tirar fotos no letreiro da cidade, no porto ou no mercado de artesanatos, que s\u00e3o locais famosos durante o festival. Em seguida, embarcar em um dos tradicionais triciclos da cidade para passear e conhecer a Catedral de Nossa Senhora do Carmo, que \u00e9 um dos principais pontos tur\u00edsticos de Parintins, um marco religioso. Sua arquitetura imponente e belos vitrais encantam os olhos de quem a visita.<br>P\u00f4r do sol e banho de rio<br>Ap\u00f3s algumas explora\u00e7\u00f5es, nada melhor do que se refrescar nas \u00e1guas do rio Amazonas. O Cantagalo, um local de banho de rio muito popular em Parintins, \u00e9 uma \u00f3tima dica para almo\u00e7ar \u00e0 beira do rio e desfrutar de pratos t\u00edpicos da regi\u00e3o.<br>No final da tarde, n\u00e3o perca a oportunidade de contemplar um bel\u00edssimo p\u00f4r do sol na Pra\u00e7a Digital, tamb\u00e9m conhecida como Pra\u00e7a do Cristo Redentor. Com vista panor\u00e2mica para o rio, o local oferece um espet\u00e1culo perfeito para contemplar o show que \u00e9 o p\u00f4r do sol do Amazonas, e aproveitar para tirar bel\u00edssimas fotos e registrar o que esse momento \u00fanico oferece.<br>Bois de Parintins<br>Para finalizar o dia em Parintins com chave de ouro, \u00e9 hora de escolher um dos currais dispon\u00edveis para curtir um ensaio dos bois. O ensaio \u00e9 uma pr\u00e9via do Festival Folcl\u00f3rico. E proporciona aos visitantes a oportunidade de conhecer, mais de perto, a magia e a emo\u00e7\u00e3o das apresenta\u00e7\u00f5es dos bois-bumb\u00e1s Caprichoso e Garantido.<br>Servi\u00e7os<br>Mercado Municipal Leopoldo Neves<br>Endere\u00e7o: Rua Benjamin da Silva &#8211; Centro, Parintins<br>Funcionamento: Todos os dias, das 5h \u00e0s 22h<br>Entrada: Gratuita<br>Porto de Parintins<br>Endere\u00e7o: Rua Vieira J\u00fanior, 51-89 &#8211; Centro<br>Funcionamento: Segunda-feira a S\u00e1bado, das 8h \u00e0s 18h<br>Entrada: Gratuita<br>Letreiro \u201cEu Amo Parintins\u201d<br>Endere\u00e7o: Rua Rui Barbosa, 1904 &#8211; Centro<br>Funcionamento: Todos os dias,<br>Entrada: Gratuita<br>central de Artesanato Soarte<br>Endere\u00e7o: Centro, Parintins<br>Funcionamento: Segunda a S\u00e1bado, das 9h \u00e0s 17h<br>Entrada: Gratuita<\/p>\n\n\n\n<p>Catedral Nossa Senhora do Carmo<br>Endere\u00e7o: Av. Amazonas &#8211; Centro, Parintins<br>Contato: (092) 3533-1221<br>Funcionamento: A igreja abre todos os dias para missas.<br>Entrada: Gratuita<\/p>\n\n\n\n<p>Pra\u00e7a Digital<br>Endere\u00e7o: Rua Caetano Prestes, 1 &#8211; Centro, Parintins<br>Funcionamento: Todos os dias<br>Entrada: Gratuita<\/p>\n\n\n\n<p>Balne\u00e1rio Cantagalo<br>Endere\u00e7o: Comunidade do Aninga, zona rural de Parintins<br>Funcionamento: Todos os dias, das 10h \u00e0s 22h<br>Entrada: Gratuita<\/p>\n\n\n\n<p>Curral Zeca Xibel\u00e3o &#8211; Caprichoso<br>Endere\u00e7o: Rua Gomes de Castro, 685 &#8211; Centro, Parintins<br>Funcionamento: Todos os dias, das 8h \u00e0s 19h<br>Entrada: Gratuita<\/p>\n\n\n\n<p>Cidade Garantido<br>Endere\u00e7o: Estrada Odovaldo Novo, 4015 &#8211; S\u00e3o Jos\u00e9, Parintins<br>Funcionamento: Segunda-feira a S\u00e1bado, das 8 \u00e0s 00h<br>Entrada: Gratuita<\/p>\n\n\n\n<p>Aplicativo dos triciclos &#8211; Parintins<br>Dispon\u00edvel em Android e IOS (Parintins Leva e Traz)<br>Contato: (092) 98487-2470<\/p>\n\n\n\n<p><\/p>\n\n\n\n<figure class=\"wp-block-image size-large\"><img loading=\"lazy\" decoding=\"async\" width=\"1024\" height=\"682\" src=\"https:\/\/portalararasdenoticias.com.br\/wp-content\/uploads\/2023\/06\/247567_g-1024x682.jpeg\" alt=\"\" class=\"wp-image-4641\" srcset=\"https:\/\/portalararasdenoticias.com.br\/wp-content\/uploads\/2023\/06\/247567_g-1024x682.jpeg 1024w, https:\/\/portalararasdenoticias.com.br\/wp-content\/uploads\/2023\/06\/247567_g-300x200.jpeg 300w, https:\/\/portalararasdenoticias.com.br\/wp-content\/uploads\/2023\/06\/247567_g-768x511.jpeg 768w, https:\/\/portalararasdenoticias.com.br\/wp-content\/uploads\/2023\/06\/247567_g.jpeg 1200w\" sizes=\"auto, (max-width: 1024px) 100vw, 1024px\" \/><\/figure>\n\n\n\n<figure class=\"wp-block-image size-full is-resized\"><img loading=\"lazy\" decoding=\"async\" src=\"https:\/\/portalararasdenoticias.com.br\/wp-content\/uploads\/2023\/06\/images-3.jpg\" alt=\"\" class=\"wp-image-4642\" width=\"349\" height=\"232\"\/><\/figure>\n\n\n\n<figure class=\"wp-block-image size-full is-resized\"><img loading=\"lazy\" decoding=\"async\" src=\"https:\/\/portalararasdenoticias.com.br\/wp-content\/uploads\/2023\/06\/images-2.jpg\" alt=\"\" class=\"wp-image-4643\" width=\"357\" height=\"238\"\/><\/figure>\n\n\n\n<figure class=\"wp-block-image size-full\"><img loading=\"lazy\" decoding=\"async\" width=\"640\" height=\"578\" src=\"https:\/\/portalararasdenoticias.com.br\/wp-content\/uploads\/2023\/06\/f79bb9_ad2f4b85343b41a794d67029a758573bmv2.webp\" alt=\"\" class=\"wp-image-4644\" srcset=\"https:\/\/portalararasdenoticias.com.br\/wp-content\/uploads\/2023\/06\/f79bb9_ad2f4b85343b41a794d67029a758573bmv2.webp 640w, https:\/\/portalararasdenoticias.com.br\/wp-content\/uploads\/2023\/06\/f79bb9_ad2f4b85343b41a794d67029a758573bmv2-300x271.webp 300w\" sizes=\"auto, (max-width: 640px) 100vw, 640px\" \/><\/figure>\n\n\n\n<figure class=\"wp-block-image size-full\"><img loading=\"lazy\" decoding=\"async\" width=\"1024\" height=\"576\" src=\"https:\/\/portalararasdenoticias.com.br\/wp-content\/uploads\/2023\/06\/Praca-Digital-em-Parintins-Foto-Clovis-Miranda-1024x576-1.jpg\" alt=\"\" class=\"wp-image-4645\" srcset=\"https:\/\/portalararasdenoticias.com.br\/wp-content\/uploads\/2023\/06\/Praca-Digital-em-Parintins-Foto-Clovis-Miranda-1024x576-1.jpg 1024w, https:\/\/portalararasdenoticias.com.br\/wp-content\/uploads\/2023\/06\/Praca-Digital-em-Parintins-Foto-Clovis-Miranda-1024x576-1-300x169.jpg 300w, https:\/\/portalararasdenoticias.com.br\/wp-content\/uploads\/2023\/06\/Praca-Digital-em-Parintins-Foto-Clovis-Miranda-1024x576-1-768x432.jpg 768w\" sizes=\"auto, (max-width: 1024px) 100vw, 1024px\" \/><\/figure>\n","protected":false},"excerpt":{"rendered":"<p>Visitante pode explorar os encantos na ilha da magia aproveitando desde a orla at\u00e9 o Festival de Parintins.Not\u00edcia do dia 14\/06\/2023A Empresa Estadual de Turismo (Amazonastur) preparou um roteiro completo, cheio de dicas preciosas para conhecer Parintins (a 369 quil\u00f4metros de Manaus). A cidade localizada no cora\u00e7\u00e3o da Amaz\u00f4nia \u00e9 famosa por seu Festival Folcl\u00f3rico [&hellip;]<\/p>\n","protected":false},"author":5,"featured_media":4646,"comment_status":"open","ping_status":"open","sticky":true,"template":"","format":"standard","meta":{"footnotes":""},"categories":[34],"tags":[],"class_list":["post-4640","post","type-post","status-publish","format-standard","has-post-thumbnail","hentry","category-jornalismo"],"yoast_head":"<!-- This site is optimized with the Yoast SEO plugin v27.0 - https:\/\/yoast.com\/product\/yoast-seo-wordpress\/ -->\n<title>Um roteiro tur\u00edstico inesquec\u00edvel para viver em Parintins na Festa de Garantido e Caprichoso 2023. - Portal Araras de Not\u00edcias<\/title>\n<meta name=\"robots\" content=\"index, follow, max-snippet:-1, max-image-preview:large, max-video-preview:-1\" \/>\n<link rel=\"canonical\" href=\"https:\/\/portalararasdenoticias.com.br\/?p=4640\" \/>\n<meta property=\"og:locale\" content=\"pt_BR\" \/>\n<meta property=\"og:type\" content=\"article\" \/>\n<meta property=\"og:title\" content=\"Um roteiro tur\u00edstico inesquec\u00edvel para viver em Parintins na Festa de Garantido e Caprichoso 2023. - Portal Araras de Not\u00edcias\" \/>\n<meta property=\"og:description\" content=\"Visitante pode explorar os encantos na ilha da magia aproveitando desde a orla at\u00e9 o Festival de Parintins.Not\u00edcia do dia 14\/06\/2023A Empresa Estadual de Turismo (Amazonastur) preparou um roteiro completo, cheio de dicas preciosas para conhecer Parintins (a 369 quil\u00f4metros de Manaus). A cidade localizada no cora\u00e7\u00e3o da Amaz\u00f4nia \u00e9 famosa por seu Festival Folcl\u00f3rico [&hellip;]\" \/>\n<meta property=\"og:url\" content=\"https:\/\/portalararasdenoticias.com.br\/?p=4640\" \/>\n<meta property=\"og:site_name\" content=\"Portal Araras de Not\u00edcias\" \/>\n<meta property=\"article:published_time\" content=\"2023-06-15T11:36:22+00:00\" \/>\n<meta property=\"article:modified_time\" content=\"2023-06-15T11:37:28+00:00\" \/>\n<meta property=\"og:image\" content=\"https:\/\/portalararasdenoticias.com.br\/wp-content\/uploads\/2023\/06\/247567_g-1.jpeg\" \/>\n\t<meta property=\"og:image:width\" content=\"1200\" \/>\n\t<meta property=\"og:image:height\" content=\"799\" \/>\n\t<meta property=\"og:image:type\" content=\"image\/jpeg\" \/>\n<meta name=\"author\" content=\"Portal Araras de Noticias\" \/>\n<meta name=\"twitter:card\" content=\"summary_large_image\" \/>\n<meta name=\"twitter:label1\" content=\"Escrito por\" \/>\n\t<meta name=\"twitter:data1\" content=\"Portal Araras de Noticias\" \/>\n\t<meta name=\"twitter:label2\" content=\"Est. tempo de leitura\" \/>\n\t<meta name=\"twitter:data2\" content=\"3 minutos\" \/>\n<script type=\"application\/ld+json\" class=\"yoast-schema-graph\">{\"@context\":\"https:\/\/schema.org\",\"@graph\":[{\"@type\":\"Article\",\"@id\":\"https:\/\/portalararasdenoticias.com.br\/?p=4640#article\",\"isPartOf\":{\"@id\":\"https:\/\/portalararasdenoticias.com.br\/?p=4640\"},\"author\":{\"name\":\"Portal Araras de Noticias\",\"@id\":\"https:\/\/portalararasdenoticias.com.br\/#\/schema\/person\/a6190507efe29dea1049d60d05ed5c0a\"},\"headline\":\"Um roteiro tur\u00edstico inesquec\u00edvel para viver em Parintins na Festa de Garantido e Caprichoso 2023.\",\"datePublished\":\"2023-06-15T11:36:22+00:00\",\"dateModified\":\"2023-06-15T11:37:28+00:00\",\"mainEntityOfPage\":{\"@id\":\"https:\/\/portalararasdenoticias.com.br\/?p=4640\"},\"wordCount\":680,\"commentCount\":0,\"image\":{\"@id\":\"https:\/\/portalararasdenoticias.com.br\/?p=4640#primaryimage\"},\"thumbnailUrl\":\"https:\/\/portalararasdenoticias.com.br\/wp-content\/uploads\/2023\/06\/247567_g-1.jpeg\",\"articleSection\":[\"jornalismo\"],\"inLanguage\":\"pt-BR\",\"potentialAction\":[{\"@type\":\"CommentAction\",\"name\":\"Comment\",\"target\":[\"https:\/\/portalararasdenoticias.com.br\/?p=4640#respond\"]}]},{\"@type\":\"WebPage\",\"@id\":\"https:\/\/portalararasdenoticias.com.br\/?p=4640\",\"url\":\"https:\/\/portalararasdenoticias.com.br\/?p=4640\",\"name\":\"Um roteiro tur\u00edstico inesquec\u00edvel para viver em Parintins na Festa de Garantido e Caprichoso 2023. - Portal Araras de Not\u00edcias\",\"isPartOf\":{\"@id\":\"https:\/\/portalararasdenoticias.com.br\/#website\"},\"primaryImageOfPage\":{\"@id\":\"https:\/\/portalararasdenoticias.com.br\/?p=4640#primaryimage\"},\"image\":{\"@id\":\"https:\/\/portalararasdenoticias.com.br\/?p=4640#primaryimage\"},\"thumbnailUrl\":\"https:\/\/portalararasdenoticias.com.br\/wp-content\/uploads\/2023\/06\/247567_g-1.jpeg\",\"datePublished\":\"2023-06-15T11:36:22+00:00\",\"dateModified\":\"2023-06-15T11:37:28+00:00\",\"author\":{\"@id\":\"https:\/\/portalararasdenoticias.com.br\/#\/schema\/person\/a6190507efe29dea1049d60d05ed5c0a\"},\"breadcrumb\":{\"@id\":\"https:\/\/portalararasdenoticias.com.br\/?p=4640#breadcrumb\"},\"inLanguage\":\"pt-BR\",\"potentialAction\":[{\"@type\":\"ReadAction\",\"target\":[\"https:\/\/portalararasdenoticias.com.br\/?p=4640\"]}]},{\"@type\":\"ImageObject\",\"inLanguage\":\"pt-BR\",\"@id\":\"https:\/\/portalararasdenoticias.com.br\/?p=4640#primaryimage\",\"url\":\"https:\/\/portalararasdenoticias.com.br\/wp-content\/uploads\/2023\/06\/247567_g-1.jpeg\",\"contentUrl\":\"https:\/\/portalararasdenoticias.com.br\/wp-content\/uploads\/2023\/06\/247567_g-1.jpeg\",\"width\":1200,\"height\":799},{\"@type\":\"BreadcrumbList\",\"@id\":\"https:\/\/portalararasdenoticias.com.br\/?p=4640#breadcrumb\",\"itemListElement\":[{\"@type\":\"ListItem\",\"position\":1,\"name\":\"In\u00edcio\",\"item\":\"https:\/\/portalararasdenoticias.com.br\/\"},{\"@type\":\"ListItem\",\"position\":2,\"name\":\"Um roteiro tur\u00edstico inesquec\u00edvel para viver em Parintins na Festa de Garantido e Caprichoso 2023.\"}]},{\"@type\":\"WebSite\",\"@id\":\"https:\/\/portalararasdenoticias.com.br\/#website\",\"url\":\"https:\/\/portalararasdenoticias.com.br\/\",\"name\":\"Portal Araras de Not\u00edcias\",\"description\":\"O Seu Portal de Not\u00edcias\",\"potentialAction\":[{\"@type\":\"SearchAction\",\"target\":{\"@type\":\"EntryPoint\",\"urlTemplate\":\"https:\/\/portalararasdenoticias.com.br\/?s={search_term_string}\"},\"query-input\":{\"@type\":\"PropertyValueSpecification\",\"valueRequired\":true,\"valueName\":\"search_term_string\"}}],\"inLanguage\":\"pt-BR\"},{\"@type\":\"Person\",\"@id\":\"https:\/\/portalararasdenoticias.com.br\/#\/schema\/person\/a6190507efe29dea1049d60d05ed5c0a\",\"name\":\"Portal Araras de Noticias\",\"image\":{\"@type\":\"ImageObject\",\"inLanguage\":\"pt-BR\",\"@id\":\"https:\/\/portalararasdenoticias.com.br\/#\/schema\/person\/image\/\",\"url\":\"https:\/\/secure.gravatar.com\/avatar\/4df7c42bc08e78bc9b6e13086fafc161bdf01220657cd93de3d828ab6c60d469?s=96&d=mm&r=g\",\"contentUrl\":\"https:\/\/secure.gravatar.com\/avatar\/4df7c42bc08e78bc9b6e13086fafc161bdf01220657cd93de3d828ab6c60d469?s=96&d=mm&r=g\",\"caption\":\"Portal Araras de Noticias\"},\"sameAs\":[\"https:\/\/portalararasdenoticias.com.br\/\"],\"url\":\"https:\/\/portalararasdenoticias.com.br\/?author=5\"}]}<\/script>\n<!-- \/ Yoast SEO plugin. -->","yoast_head_json":{"title":"Um roteiro tur\u00edstico inesquec\u00edvel para viver em Parintins na Festa de Garantido e Caprichoso 2023. - Portal Araras de Not\u00edcias","robots":{"index":"index","follow":"follow","max-snippet":"max-snippet:-1","max-image-preview":"max-image-preview:large","max-video-preview":"max-video-preview:-1"},"canonical":"https:\/\/portalararasdenoticias.com.br\/?p=4640","og_locale":"pt_BR","og_type":"article","og_title":"Um roteiro tur\u00edstico inesquec\u00edvel para viver em Parintins na Festa de Garantido e Caprichoso 2023. - Portal Araras de Not\u00edcias","og_description":"Visitante pode explorar os encantos na ilha da magia aproveitando desde a orla at\u00e9 o Festival de Parintins.Not\u00edcia do dia 14\/06\/2023A Empresa Estadual de Turismo (Amazonastur) preparou um roteiro completo, cheio de dicas preciosas para conhecer Parintins (a 369 quil\u00f4metros de Manaus). A cidade localizada no cora\u00e7\u00e3o da Amaz\u00f4nia \u00e9 famosa por seu Festival Folcl\u00f3rico [&hellip;]","og_url":"https:\/\/portalararasdenoticias.com.br\/?p=4640","og_site_name":"Portal Araras de Not\u00edcias","article_published_time":"2023-06-15T11:36:22+00:00","article_modified_time":"2023-06-15T11:37:28+00:00","og_image":[{"width":1200,"height":799,"url":"https:\/\/portalararasdenoticias.com.br\/wp-content\/uploads\/2023\/06\/247567_g-1.jpeg","type":"image\/jpeg"}],"author":"Portal Araras de Noticias","twitter_card":"summary_large_image","twitter_misc":{"Escrito por":"Portal Araras de Noticias","Est. tempo de leitura":"3 minutos"},"schema":{"@context":"https:\/\/schema.org","@graph":[{"@type":"Article","@id":"https:\/\/portalararasdenoticias.com.br\/?p=4640#article","isPartOf":{"@id":"https:\/\/portalararasdenoticias.com.br\/?p=4640"},"author":{"name":"Portal Araras de Noticias","@id":"https:\/\/portalararasdenoticias.com.br\/#\/schema\/person\/a6190507efe29dea1049d60d05ed5c0a"},"headline":"Um roteiro tur\u00edstico inesquec\u00edvel para viver em Parintins na Festa de Garantido e Caprichoso 2023.","datePublished":"2023-06-15T11:36:22+00:00","dateModified":"2023-06-15T11:37:28+00:00","mainEntityOfPage":{"@id":"https:\/\/portalararasdenoticias.com.br\/?p=4640"},"wordCount":680,"commentCount":0,"image":{"@id":"https:\/\/portalararasdenoticias.com.br\/?p=4640#primaryimage"},"thumbnailUrl":"https:\/\/portalararasdenoticias.com.br\/wp-content\/uploads\/2023\/06\/247567_g-1.jpeg","articleSection":["jornalismo"],"inLanguage":"pt-BR","potentialAction":[{"@type":"CommentAction","name":"Comment","target":["https:\/\/portalararasdenoticias.com.br\/?p=4640#respond"]}]},{"@type":"WebPage","@id":"https:\/\/portalararasdenoticias.com.br\/?p=4640","url":"https:\/\/portalararasdenoticias.com.br\/?p=4640","name":"Um roteiro tur\u00edstico inesquec\u00edvel para viver em Parintins na Festa de Garantido e Caprichoso 2023. - Portal Araras de Not\u00edcias","isPartOf":{"@id":"https:\/\/portalararasdenoticias.com.br\/#website"},"primaryImageOfPage":{"@id":"https:\/\/portalararasdenoticias.com.br\/?p=4640#primaryimage"},"image":{"@id":"https:\/\/portalararasdenoticias.com.br\/?p=4640#primaryimage"},"thumbnailUrl":"https:\/\/portalararasdenoticias.com.br\/wp-content\/uploads\/2023\/06\/247567_g-1.jpeg","datePublished":"2023-06-15T11:36:22+00:00","dateModified":"2023-06-15T11:37:28+00:00","author":{"@id":"https:\/\/portalararasdenoticias.com.br\/#\/schema\/person\/a6190507efe29dea1049d60d05ed5c0a"},"breadcrumb":{"@id":"https:\/\/portalararasdenoticias.com.br\/?p=4640#breadcrumb"},"inLanguage":"pt-BR","potentialAction":[{"@type":"ReadAction","target":["https:\/\/portalararasdenoticias.com.br\/?p=4640"]}]},{"@type":"ImageObject","inLanguage":"pt-BR","@id":"https:\/\/portalararasdenoticias.com.br\/?p=4640#primaryimage","url":"https:\/\/portalararasdenoticias.com.br\/wp-content\/uploads\/2023\/06\/247567_g-1.jpeg","contentUrl":"https:\/\/portalararasdenoticias.com.br\/wp-content\/uploads\/2023\/06\/247567_g-1.jpeg","width":1200,"height":799},{"@type":"BreadcrumbList","@id":"https:\/\/portalararasdenoticias.com.br\/?p=4640#breadcrumb","itemListElement":[{"@type":"ListItem","position":1,"name":"In\u00edcio","item":"https:\/\/portalararasdenoticias.com.br\/"},{"@type":"ListItem","position":2,"name":"Um roteiro tur\u00edstico inesquec\u00edvel para viver em Parintins na Festa de Garantido e Caprichoso 2023."}]},{"@type":"WebSite","@id":"https:\/\/portalararasdenoticias.com.br\/#website","url":"https:\/\/portalararasdenoticias.com.br\/","name":"Portal Araras de Not\u00edcias","description":"O Seu Portal de Not\u00edcias","potentialAction":[{"@type":"SearchAction","target":{"@type":"EntryPoint","urlTemplate":"https:\/\/portalararasdenoticias.com.br\/?s={search_term_string}"},"query-input":{"@type":"PropertyValueSpecification","valueRequired":true,"valueName":"search_term_string"}}],"inLanguage":"pt-BR"},{"@type":"Person","@id":"https:\/\/portalararasdenoticias.com.br\/#\/schema\/person\/a6190507efe29dea1049d60d05ed5c0a","name":"Portal Araras de Noticias","image":{"@type":"ImageObject","inLanguage":"pt-BR","@id":"https:\/\/portalararasdenoticias.com.br\/#\/schema\/person\/image\/","url":"https:\/\/secure.gravatar.com\/avatar\/4df7c42bc08e78bc9b6e13086fafc161bdf01220657cd93de3d828ab6c60d469?s=96&d=mm&r=g","contentUrl":"https:\/\/secure.gravatar.com\/avatar\/4df7c42bc08e78bc9b6e13086fafc161bdf01220657cd93de3d828ab6c60d469?s=96&d=mm&r=g","caption":"Portal Araras de Noticias"},"sameAs":["https:\/\/portalararasdenoticias.com.br\/"],"url":"https:\/\/portalararasdenoticias.com.br\/?author=5"}]}},"_links":{"self":[{"href":"https:\/\/portalararasdenoticias.com.br\/index.php?rest_route=\/wp\/v2\/posts\/4640","targetHints":{"allow":["GET"]}}],"collection":[{"href":"https:\/\/portalararasdenoticias.com.br\/index.php?rest_route=\/wp\/v2\/posts"}],"about":[{"href":"https:\/\/portalararasdenoticias.com.br\/index.php?rest_route=\/wp\/v2\/types\/post"}],"author":[{"embeddable":true,"href":"https:\/\/portalararasdenoticias.com.br\/index.php?rest_route=\/wp\/v2\/users\/5"}],"replies":[{"embeddable":true,"href":"https:\/\/portalararasdenoticias.com.br\/index.php?rest_route=%2Fwp%2Fv2%2Fcomments&post=4640"}],"version-history":[{"count":1,"href":"https:\/\/portalararasdenoticias.com.br\/index.php?rest_route=\/wp\/v2\/posts\/4640\/revisions"}],"predecessor-version":[{"id":4647,"href":"https:\/\/portalararasdenoticias.com.br\/index.php?rest_route=\/wp\/v2\/posts\/4640\/revisions\/4647"}],"wp:featuredmedia":[{"embeddable":true,"href":"https:\/\/portalararasdenoticias.com.br\/index.php?rest_route=\/wp\/v2\/media\/4646"}],"wp:attachment":[{"href":"https:\/\/portalararasdenoticias.com.br\/index.php?rest_route=%2Fwp%2Fv2%2Fmedia&parent=4640"}],"wp:term":[{"taxonomy":"category","embeddable":true,"href":"https:\/\/portalararasdenoticias.com.br\/index.php?rest_route=%2Fwp%2Fv2%2Fcategories&post=4640"},{"taxonomy":"post_tag","embeddable":true,"href":"https:\/\/portalararasdenoticias.com.br\/index.php?rest_route=%2Fwp%2Fv2%2Ftags&post=4640"}],"curies":[{"name":"wp","href":"https:\/\/api.w.org\/{rel}","templated":true}]}}