{"id":4652,"date":"2023-06-18T19:23:35","date_gmt":"2023-06-18T22:23:35","guid":{"rendered":"https:\/\/portalararasdenoticias.com.br\/?p=4652"},"modified":"2023-06-18T19:24:41","modified_gmt":"2023-06-18T22:24:41","slug":"batucada-do-garantido-fez-homenagem-a-david-assayag-ontem-sabado","status":"publish","type":"post","link":"https:\/\/portalararasdenoticias.com.br\/?p=4652","title":{"rendered":"BATUCADA DO GARANTIDO FEZ HOMENAGEM A DAVID ASSAYAG, ONTEM S\u00c1BADO."},"content":{"rendered":"\n<p><\/p>\n\n\n\n<p>A Batucada do Boi Garantido promete fazer uma viagem por mais de trinta anos de carreira como levantador de David Assayag no pr\u00f3ximo s\u00e1bado (17), no \u00faltimo Curral Garantido da temporada 2023. O evento ocorrer\u00e1 no samb\u00f3dromo de Manaus.<\/p>\n\n\n\n<p>Segundo a Batucada, a festa ser\u00e1 um reconhecimento do Movimento Amigos do Garantido (MAG) aos camisas encarnadas que, por sua vez, v\u00e3o homenagear um dos nomes mais importantes da hist\u00f3ria do Festival.<\/p>\n\n\n\n<p>Israel Paulain, apresentador do Garantido vai estar no palco levando o clima de arena do bumb\u00f3dromo, junto de Leonardo Castelo, P.A. Chaves e Carlinhos do Boi, completando as atra\u00e7\u00f5es da noite.<\/p>\n\n\n\n<p>O coordenador geral da Batucada, Clemilton Pinto, diz que os batuqueiros se sentem lisonjeados com a homenagem feita pelo MAG, todos os anos, com a Noite da Batucada. Mas que o dia 17 vai ser um momento especial, pela homenagem ao David.<\/p>\n\n\n\n<p>\u201cOs nossos batuqueiros est\u00e3o preparados, esperando esse momento. Aguardem, porque vem um megashow da Batucada\u201d, afirmou o peara.<\/p>\n\n\n\n<p>Para refor\u00e7ar a afirma\u00e7\u00e3o de Clemilton, o repert\u00f3rio montado para o encontro de David com os batuqueiros d\u00e1 uma ideia do quanto vai ser especial esse momento. \u201cCompasso da Emo\u00e7\u00e3o\u201d, composi\u00e7\u00e3o de Paulinho D\u00fa Sagrado e Warner Maia abre a apresenta\u00e7\u00e3o. A toada, eternizada na voz de Paulinho Faria, \u00e9 uma das toadas antol\u00f3gicas do boi da baixa do S\u00e3o Jos\u00e9, sucesso de 1996.<\/p>\n\n\n\n<p><\/p>\n\n\n\n<figure class=\"wp-block-image size-full\"><img loading=\"lazy\" decoding=\"async\" width=\"414\" height=\"473\" src=\"https:\/\/portalararasdenoticias.com.br\/wp-content\/uploads\/2023\/06\/Curral-do-Garantido-Foto-Eduardo-Cavalcante-414x473-1.jpeg\" alt=\"\" class=\"wp-image-4653\" srcset=\"https:\/\/portalararasdenoticias.com.br\/wp-content\/uploads\/2023\/06\/Curral-do-Garantido-Foto-Eduardo-Cavalcante-414x473-1.jpeg 414w, https:\/\/portalararasdenoticias.com.br\/wp-content\/uploads\/2023\/06\/Curral-do-Garantido-Foto-Eduardo-Cavalcante-414x473-1-263x300.jpeg 263w\" sizes=\"auto, (max-width: 414px) 100vw, 414px\" \/><\/figure>\n\n\n\n<figure class=\"wp-block-image size-large\"><img loading=\"lazy\" decoding=\"async\" width=\"1024\" height=\"768\" src=\"https:\/\/portalararasdenoticias.com.br\/wp-content\/uploads\/2023\/06\/David-Assayag-e-Boi-Garantido-1-1024x768.jpg\" alt=\"\" class=\"wp-image-4654\" srcset=\"https:\/\/portalararasdenoticias.com.br\/wp-content\/uploads\/2023\/06\/David-Assayag-e-Boi-Garantido-1-1024x768.jpg 1024w, https:\/\/portalararasdenoticias.com.br\/wp-content\/uploads\/2023\/06\/David-Assayag-e-Boi-Garantido-1-300x225.jpg 300w, https:\/\/portalararasdenoticias.com.br\/wp-content\/uploads\/2023\/06\/David-Assayag-e-Boi-Garantido-1-768x576.jpg 768w, https:\/\/portalararasdenoticias.com.br\/wp-content\/uploads\/2023\/06\/David-Assayag-e-Boi-Garantido-1.jpg 1200w\" sizes=\"auto, (max-width: 1024px) 100vw, 1024px\" \/><\/figure>\n\n\n\n<figure class=\"wp-block-image size-full\"><img loading=\"lazy\" decoding=\"async\" width=\"1024\" height=\"683\" src=\"https:\/\/portalararasdenoticias.com.br\/wp-content\/uploads\/2023\/06\/image-1.jpg\" alt=\"\" class=\"wp-image-4655\" srcset=\"https:\/\/portalararasdenoticias.com.br\/wp-content\/uploads\/2023\/06\/image-1.jpg 1024w, https:\/\/portalararasdenoticias.com.br\/wp-content\/uploads\/2023\/06\/image-1-300x200.jpg 300w, https:\/\/portalararasdenoticias.com.br\/wp-content\/uploads\/2023\/06\/image-1-768x512.jpg 768w\" sizes=\"auto, (max-width: 1024px) 100vw, 1024px\" \/><\/figure>\n\n\n\n<figure class=\"wp-block-image size-full is-resized\"><img loading=\"lazy\" decoding=\"async\" src=\"https:\/\/portalararasdenoticias.com.br\/wp-content\/uploads\/2023\/06\/download-4.jpg\" alt=\"\" class=\"wp-image-4656\" width=\"389\" height=\"259\"\/><\/figure>\n","protected":false},"excerpt":{"rendered":"<p>A Batucada do Boi Garantido promete fazer uma viagem por mais de trinta anos de carreira como levantador de David Assayag no pr\u00f3ximo s\u00e1bado (17), no \u00faltimo Curral Garantido da temporada 2023. O evento ocorrer\u00e1 no samb\u00f3dromo de Manaus. Segundo a Batucada, a festa ser\u00e1 um reconhecimento do Movimento Amigos do Garantido (MAG) aos camisas [&hellip;]<\/p>\n","protected":false},"author":5,"featured_media":4637,"comment_status":"open","ping_status":"open","sticky":true,"template":"","format":"standard","meta":{"footnotes":""},"categories":[34],"tags":[],"class_list":["post-4652","post","type-post","status-publish","format-standard","has-post-thumbnail","hentry","category-jornalismo"],"yoast_head":"<!-- This site is optimized with the Yoast SEO plugin v27.0 - https:\/\/yoast.com\/product\/yoast-seo-wordpress\/ -->\n<title>BATUCADA DO GARANTIDO FEZ HOMENAGEM A DAVID ASSAYAG, ONTEM S\u00c1BADO. - Portal Araras de Not\u00edcias<\/title>\n<meta name=\"robots\" content=\"index, follow, max-snippet:-1, max-image-preview:large, max-video-preview:-1\" \/>\n<link rel=\"canonical\" href=\"https:\/\/portalararasdenoticias.com.br\/?p=4652\" \/>\n<meta property=\"og:locale\" content=\"pt_BR\" \/>\n<meta property=\"og:type\" content=\"article\" \/>\n<meta property=\"og:title\" content=\"BATUCADA DO GARANTIDO FEZ HOMENAGEM A DAVID ASSAYAG, ONTEM S\u00c1BADO. - Portal Araras de Not\u00edcias\" \/>\n<meta property=\"og:description\" content=\"A Batucada do Boi Garantido promete fazer uma viagem por mais de trinta anos de carreira como levantador de David Assayag no pr\u00f3ximo s\u00e1bado (17), no \u00faltimo Curral Garantido da temporada 2023. O evento ocorrer\u00e1 no samb\u00f3dromo de Manaus. Segundo a Batucada, a festa ser\u00e1 um reconhecimento do Movimento Amigos do Garantido (MAG) aos camisas [&hellip;]\" \/>\n<meta property=\"og:url\" content=\"https:\/\/portalararasdenoticias.com.br\/?p=4652\" \/>\n<meta property=\"og:site_name\" content=\"Portal Araras de Not\u00edcias\" \/>\n<meta property=\"article:published_time\" content=\"2023-06-18T22:23:35+00:00\" \/>\n<meta property=\"article:modified_time\" content=\"2023-06-18T22:24:41+00:00\" \/>\n<meta property=\"og:image\" content=\"https:\/\/portalararasdenoticias.com.br\/wp-content\/uploads\/2023\/06\/IMG-20210501-WA0050.jpg\" \/>\n\t<meta property=\"og:image:width\" content=\"1280\" \/>\n\t<meta property=\"og:image:height\" content=\"853\" \/>\n\t<meta property=\"og:image:type\" content=\"image\/jpeg\" \/>\n<meta name=\"author\" content=\"Portal Araras de Noticias\" \/>\n<meta name=\"twitter:card\" content=\"summary_large_image\" \/>\n<meta name=\"twitter:label1\" content=\"Escrito por\" \/>\n\t<meta name=\"twitter:data1\" content=\"Portal Araras de Noticias\" \/>\n\t<meta name=\"twitter:label2\" content=\"Est. tempo de leitura\" \/>\n\t<meta name=\"twitter:data2\" content=\"1 minuto\" \/>\n<script type=\"application\/ld+json\" class=\"yoast-schema-graph\">{\"@context\":\"https:\/\/schema.org\",\"@graph\":[{\"@type\":\"Article\",\"@id\":\"https:\/\/portalararasdenoticias.com.br\/?p=4652#article\",\"isPartOf\":{\"@id\":\"https:\/\/portalararasdenoticias.com.br\/?p=4652\"},\"author\":{\"name\":\"Portal Araras de Noticias\",\"@id\":\"https:\/\/portalararasdenoticias.com.br\/#\/schema\/person\/a6190507efe29dea1049d60d05ed5c0a\"},\"headline\":\"BATUCADA DO GARANTIDO FEZ HOMENAGEM A DAVID ASSAYAG, ONTEM S\u00c1BADO.\",\"datePublished\":\"2023-06-18T22:23:35+00:00\",\"dateModified\":\"2023-06-18T22:24:41+00:00\",\"mainEntityOfPage\":{\"@id\":\"https:\/\/portalararasdenoticias.com.br\/?p=4652\"},\"wordCount\":249,\"commentCount\":0,\"image\":{\"@id\":\"https:\/\/portalararasdenoticias.com.br\/?p=4652#primaryimage\"},\"thumbnailUrl\":\"https:\/\/portalararasdenoticias.com.br\/wp-content\/uploads\/2023\/06\/IMG-20210501-WA0050.jpg\",\"articleSection\":[\"jornalismo\"],\"inLanguage\":\"pt-BR\",\"potentialAction\":[{\"@type\":\"CommentAction\",\"name\":\"Comment\",\"target\":[\"https:\/\/portalararasdenoticias.com.br\/?p=4652#respond\"]}]},{\"@type\":\"WebPage\",\"@id\":\"https:\/\/portalararasdenoticias.com.br\/?p=4652\",\"url\":\"https:\/\/portalararasdenoticias.com.br\/?p=4652\",\"name\":\"BATUCADA DO GARANTIDO FEZ HOMENAGEM A DAVID ASSAYAG, ONTEM S\u00c1BADO. - Portal Araras de Not\u00edcias\",\"isPartOf\":{\"@id\":\"https:\/\/portalararasdenoticias.com.br\/#website\"},\"primaryImageOfPage\":{\"@id\":\"https:\/\/portalararasdenoticias.com.br\/?p=4652#primaryimage\"},\"image\":{\"@id\":\"https:\/\/portalararasdenoticias.com.br\/?p=4652#primaryimage\"},\"thumbnailUrl\":\"https:\/\/portalararasdenoticias.com.br\/wp-content\/uploads\/2023\/06\/IMG-20210501-WA0050.jpg\",\"datePublished\":\"2023-06-18T22:23:35+00:00\",\"dateModified\":\"2023-06-18T22:24:41+00:00\",\"author\":{\"@id\":\"https:\/\/portalararasdenoticias.com.br\/#\/schema\/person\/a6190507efe29dea1049d60d05ed5c0a\"},\"breadcrumb\":{\"@id\":\"https:\/\/portalararasdenoticias.com.br\/?p=4652#breadcrumb\"},\"inLanguage\":\"pt-BR\",\"potentialAction\":[{\"@type\":\"ReadAction\",\"target\":[\"https:\/\/portalararasdenoticias.com.br\/?p=4652\"]}]},{\"@type\":\"ImageObject\",\"inLanguage\":\"pt-BR\",\"@id\":\"https:\/\/portalararasdenoticias.com.br\/?p=4652#primaryimage\",\"url\":\"https:\/\/portalararasdenoticias.com.br\/wp-content\/uploads\/2023\/06\/IMG-20210501-WA0050.jpg\",\"contentUrl\":\"https:\/\/portalararasdenoticias.com.br\/wp-content\/uploads\/2023\/06\/IMG-20210501-WA0050.jpg\",\"width\":1280,\"height\":853},{\"@type\":\"BreadcrumbList\",\"@id\":\"https:\/\/portalararasdenoticias.com.br\/?p=4652#breadcrumb\",\"itemListElement\":[{\"@type\":\"ListItem\",\"position\":1,\"name\":\"In\u00edcio\",\"item\":\"https:\/\/portalararasdenoticias.com.br\/\"},{\"@type\":\"ListItem\",\"position\":2,\"name\":\"BATUCADA DO GARANTIDO FEZ HOMENAGEM A DAVID ASSAYAG, ONTEM S\u00c1BADO.\"}]},{\"@type\":\"WebSite\",\"@id\":\"https:\/\/portalararasdenoticias.com.br\/#website\",\"url\":\"https:\/\/portalararasdenoticias.com.br\/\",\"name\":\"Portal Araras de Not\u00edcias\",\"description\":\"O Seu Portal de Not\u00edcias\",\"potentialAction\":[{\"@type\":\"SearchAction\",\"target\":{\"@type\":\"EntryPoint\",\"urlTemplate\":\"https:\/\/portalararasdenoticias.com.br\/?s={search_term_string}\"},\"query-input\":{\"@type\":\"PropertyValueSpecification\",\"valueRequired\":true,\"valueName\":\"search_term_string\"}}],\"inLanguage\":\"pt-BR\"},{\"@type\":\"Person\",\"@id\":\"https:\/\/portalararasdenoticias.com.br\/#\/schema\/person\/a6190507efe29dea1049d60d05ed5c0a\",\"name\":\"Portal Araras de Noticias\",\"image\":{\"@type\":\"ImageObject\",\"inLanguage\":\"pt-BR\",\"@id\":\"https:\/\/portalararasdenoticias.com.br\/#\/schema\/person\/image\/\",\"url\":\"https:\/\/secure.gravatar.com\/avatar\/4df7c42bc08e78bc9b6e13086fafc161bdf01220657cd93de3d828ab6c60d469?s=96&d=mm&r=g\",\"contentUrl\":\"https:\/\/secure.gravatar.com\/avatar\/4df7c42bc08e78bc9b6e13086fafc161bdf01220657cd93de3d828ab6c60d469?s=96&d=mm&r=g\",\"caption\":\"Portal Araras de Noticias\"},\"sameAs\":[\"https:\/\/portalararasdenoticias.com.br\/\"],\"url\":\"https:\/\/portalararasdenoticias.com.br\/?author=5\"}]}<\/script>\n<!-- \/ Yoast SEO plugin. -->","yoast_head_json":{"title":"BATUCADA DO GARANTIDO FEZ HOMENAGEM A DAVID ASSAYAG, ONTEM S\u00c1BADO. - Portal Araras de Not\u00edcias","robots":{"index":"index","follow":"follow","max-snippet":"max-snippet:-1","max-image-preview":"max-image-preview:large","max-video-preview":"max-video-preview:-1"},"canonical":"https:\/\/portalararasdenoticias.com.br\/?p=4652","og_locale":"pt_BR","og_type":"article","og_title":"BATUCADA DO GARANTIDO FEZ HOMENAGEM A DAVID ASSAYAG, ONTEM S\u00c1BADO. - Portal Araras de Not\u00edcias","og_description":"A Batucada do Boi Garantido promete fazer uma viagem por mais de trinta anos de carreira como levantador de David Assayag no pr\u00f3ximo s\u00e1bado (17), no \u00faltimo Curral Garantido da temporada 2023. O evento ocorrer\u00e1 no samb\u00f3dromo de Manaus. Segundo a Batucada, a festa ser\u00e1 um reconhecimento do Movimento Amigos do Garantido (MAG) aos camisas [&hellip;]","og_url":"https:\/\/portalararasdenoticias.com.br\/?p=4652","og_site_name":"Portal Araras de Not\u00edcias","article_published_time":"2023-06-18T22:23:35+00:00","article_modified_time":"2023-06-18T22:24:41+00:00","og_image":[{"width":1280,"height":853,"url":"https:\/\/portalararasdenoticias.com.br\/wp-content\/uploads\/2023\/06\/IMG-20210501-WA0050.jpg","type":"image\/jpeg"}],"author":"Portal Araras de Noticias","twitter_card":"summary_large_image","twitter_misc":{"Escrito por":"Portal Araras de Noticias","Est. tempo de leitura":"1 minuto"},"schema":{"@context":"https:\/\/schema.org","@graph":[{"@type":"Article","@id":"https:\/\/portalararasdenoticias.com.br\/?p=4652#article","isPartOf":{"@id":"https:\/\/portalararasdenoticias.com.br\/?p=4652"},"author":{"name":"Portal Araras de Noticias","@id":"https:\/\/portalararasdenoticias.com.br\/#\/schema\/person\/a6190507efe29dea1049d60d05ed5c0a"},"headline":"BATUCADA DO GARANTIDO FEZ HOMENAGEM A DAVID ASSAYAG, ONTEM S\u00c1BADO.","datePublished":"2023-06-18T22:23:35+00:00","dateModified":"2023-06-18T22:24:41+00:00","mainEntityOfPage":{"@id":"https:\/\/portalararasdenoticias.com.br\/?p=4652"},"wordCount":249,"commentCount":0,"image":{"@id":"https:\/\/portalararasdenoticias.com.br\/?p=4652#primaryimage"},"thumbnailUrl":"https:\/\/portalararasdenoticias.com.br\/wp-content\/uploads\/2023\/06\/IMG-20210501-WA0050.jpg","articleSection":["jornalismo"],"inLanguage":"pt-BR","potentialAction":[{"@type":"CommentAction","name":"Comment","target":["https:\/\/portalararasdenoticias.com.br\/?p=4652#respond"]}]},{"@type":"WebPage","@id":"https:\/\/portalararasdenoticias.com.br\/?p=4652","url":"https:\/\/portalararasdenoticias.com.br\/?p=4652","name":"BATUCADA DO GARANTIDO FEZ HOMENAGEM A DAVID ASSAYAG, ONTEM S\u00c1BADO. - Portal Araras de Not\u00edcias","isPartOf":{"@id":"https:\/\/portalararasdenoticias.com.br\/#website"},"primaryImageOfPage":{"@id":"https:\/\/portalararasdenoticias.com.br\/?p=4652#primaryimage"},"image":{"@id":"https:\/\/portalararasdenoticias.com.br\/?p=4652#primaryimage"},"thumbnailUrl":"https:\/\/portalararasdenoticias.com.br\/wp-content\/uploads\/2023\/06\/IMG-20210501-WA0050.jpg","datePublished":"2023-06-18T22:23:35+00:00","dateModified":"2023-06-18T22:24:41+00:00","author":{"@id":"https:\/\/portalararasdenoticias.com.br\/#\/schema\/person\/a6190507efe29dea1049d60d05ed5c0a"},"breadcrumb":{"@id":"https:\/\/portalararasdenoticias.com.br\/?p=4652#breadcrumb"},"inLanguage":"pt-BR","potentialAction":[{"@type":"ReadAction","target":["https:\/\/portalararasdenoticias.com.br\/?p=4652"]}]},{"@type":"ImageObject","inLanguage":"pt-BR","@id":"https:\/\/portalararasdenoticias.com.br\/?p=4652#primaryimage","url":"https:\/\/portalararasdenoticias.com.br\/wp-content\/uploads\/2023\/06\/IMG-20210501-WA0050.jpg","contentUrl":"https:\/\/portalararasdenoticias.com.br\/wp-content\/uploads\/2023\/06\/IMG-20210501-WA0050.jpg","width":1280,"height":853},{"@type":"BreadcrumbList","@id":"https:\/\/portalararasdenoticias.com.br\/?p=4652#breadcrumb","itemListElement":[{"@type":"ListItem","position":1,"name":"In\u00edcio","item":"https:\/\/portalararasdenoticias.com.br\/"},{"@type":"ListItem","position":2,"name":"BATUCADA DO GARANTIDO FEZ HOMENAGEM A DAVID ASSAYAG, ONTEM S\u00c1BADO."}]},{"@type":"WebSite","@id":"https:\/\/portalararasdenoticias.com.br\/#website","url":"https:\/\/portalararasdenoticias.com.br\/","name":"Portal Araras de Not\u00edcias","description":"O Seu Portal de Not\u00edcias","potentialAction":[{"@type":"SearchAction","target":{"@type":"EntryPoint","urlTemplate":"https:\/\/portalararasdenoticias.com.br\/?s={search_term_string}"},"query-input":{"@type":"PropertyValueSpecification","valueRequired":true,"valueName":"search_term_string"}}],"inLanguage":"pt-BR"},{"@type":"Person","@id":"https:\/\/portalararasdenoticias.com.br\/#\/schema\/person\/a6190507efe29dea1049d60d05ed5c0a","name":"Portal Araras de Noticias","image":{"@type":"ImageObject","inLanguage":"pt-BR","@id":"https:\/\/portalararasdenoticias.com.br\/#\/schema\/person\/image\/","url":"https:\/\/secure.gravatar.com\/avatar\/4df7c42bc08e78bc9b6e13086fafc161bdf01220657cd93de3d828ab6c60d469?s=96&d=mm&r=g","contentUrl":"https:\/\/secure.gravatar.com\/avatar\/4df7c42bc08e78bc9b6e13086fafc161bdf01220657cd93de3d828ab6c60d469?s=96&d=mm&r=g","caption":"Portal Araras de Noticias"},"sameAs":["https:\/\/portalararasdenoticias.com.br\/"],"url":"https:\/\/portalararasdenoticias.com.br\/?author=5"}]}},"_links":{"self":[{"href":"https:\/\/portalararasdenoticias.com.br\/index.php?rest_route=\/wp\/v2\/posts\/4652","targetHints":{"allow":["GET"]}}],"collection":[{"href":"https:\/\/portalararasdenoticias.com.br\/index.php?rest_route=\/wp\/v2\/posts"}],"about":[{"href":"https:\/\/portalararasdenoticias.com.br\/index.php?rest_route=\/wp\/v2\/types\/post"}],"author":[{"embeddable":true,"href":"https:\/\/portalararasdenoticias.com.br\/index.php?rest_route=\/wp\/v2\/users\/5"}],"replies":[{"embeddable":true,"href":"https:\/\/portalararasdenoticias.com.br\/index.php?rest_route=%2Fwp%2Fv2%2Fcomments&post=4652"}],"version-history":[{"count":1,"href":"https:\/\/portalararasdenoticias.com.br\/index.php?rest_route=\/wp\/v2\/posts\/4652\/revisions"}],"predecessor-version":[{"id":4657,"href":"https:\/\/portalararasdenoticias.com.br\/index.php?rest_route=\/wp\/v2\/posts\/4652\/revisions\/4657"}],"wp:featuredmedia":[{"embeddable":true,"href":"https:\/\/portalararasdenoticias.com.br\/index.php?rest_route=\/wp\/v2\/media\/4637"}],"wp:attachment":[{"href":"https:\/\/portalararasdenoticias.com.br\/index.php?rest_route=%2Fwp%2Fv2%2Fmedia&parent=4652"}],"wp:term":[{"taxonomy":"category","embeddable":true,"href":"https:\/\/portalararasdenoticias.com.br\/index.php?rest_route=%2Fwp%2Fv2%2Fcategories&post=4652"},{"taxonomy":"post_tag","embeddable":true,"href":"https:\/\/portalararasdenoticias.com.br\/index.php?rest_route=%2Fwp%2Fv2%2Ftags&post=4652"}],"curies":[{"name":"wp","href":"https:\/\/api.w.org\/{rel}","templated":true}]}}