{"id":4702,"date":"2023-06-27T00:32:36","date_gmt":"2023-06-27T03:32:36","guid":{"rendered":"https:\/\/portalararasdenoticias.com.br\/?p=4702"},"modified":"2023-06-27T00:33:42","modified_gmt":"2023-06-27T03:33:42","slug":"governador-diz-que-gerente-financeira-do-28-de-agosto-presa-em-operacao-sera-substituida-querciane-alves-foi-um-dos-alvos-de-operacao-do-ministerio-publico","status":"publish","type":"post","link":"https:\/\/portalararasdenoticias.com.br\/?p=4702","title":{"rendered":"Governador diz que gerente financeira do 28 de Agosto presa em opera\u00e7\u00e3o ser\u00e1 substitu\u00edda Querciane Alves foi um dos alvos de opera\u00e7\u00e3o do Minist\u00e9rio P\u00fablico."},"content":{"rendered":"\n<p>Gerente Administrativa Financeira do HPS 28 de Agosto foi presa pelo Gaeco;<\/p>\n\n\n\n<ul class=\"wp-block-list\"><li>Governador afirma que ela ser\u00e1 afastada do Cargo;<\/li><li>Esquema fraudulento teria resultado em R$ 2 milh\u00f5es desviados dos cofres p\u00fablicos;<br>Querciane Alves deve ser afastada do cargo de Gerente Administrativa Financeira do Hospital e Pronto-Socorro 28 de Agosto, ap\u00f3s ser presa suspeita de envolvimento em esquema criminoso envolvendo fraude em licita\u00e7\u00e3o, corrup\u00e7\u00e3o e lavagem de dinheiro. A afirma\u00e7\u00e3o foi feita pelo Governador do Amazonas, Wilson Lima, em entrevista ao ACRITICA.COM.<br>Segundo ele, a realiza\u00e7\u00e3o da Opera\u00e7\u00e3o \u2018Jogada Ensaiada\u2019, feito pelo Grupo de Atua\u00e7\u00e3o Especial de Repress\u00e3o ao Crime Organizado (GAECO) e Minist\u00e9rio Publico do Amazonas, ainda ser\u00e1 discutida com o Secretario de Sa\u00fade do Estado, Anoar Samad.<br>\u201cAinda n\u00e3o tive tempo de ver direito o que foi que aconteceu, mas me parece \u00e9 algo relacionado a atividades econ\u00f4micas que n\u00e3o tem rela\u00e7\u00e3o em si com a unidade hospitalar. Mas irei conversar com o secret\u00e1rio [da SES-AM, Anoar Samad] e naturalmente ela deve ser substitu\u00edda do cargo. Estamos a disposi\u00e7\u00e3o e vamos colaborar com o Minist\u00e9rio P\u00fablico no que for necess\u00e1rio\u201d, disse o Governador.<br>Querciane \u00e9 servidora comissionada e recebe, pela fun\u00e7\u00e3o, o sal\u00e1rio bruto de R$ 4,1 mil segundo o Portal da Transpar\u00eancia. Ela foi presa juntamente com Henrique Barbosa e sua companheira J\u00falia Marqu\u00eas. A opera\u00e7\u00e3o \u00e9 resultado de investiga\u00e7\u00e3o conduzida pelo GAECO\/AM e pela 70\u00aa Promotoria de Justi\u00e7a Especializada na Prote\u00e7\u00e3o do Patrim\u00f4nio P\u00fablico e visa desarticular esquema criminoso envolvendo fraude em licita\u00e7\u00e3o, corrup\u00e7\u00e3o e lavagem de dinheiro, com a participa\u00e7\u00e3o de agentes p\u00fablicos e empres\u00e1rios.<br>As investiga\u00e7\u00f5es apontam que houve favorecimento a uma empresa para o fornecimento de servi\u00e7o de agentes de portaria para um Hospital P\u00fablico da cidade de Manaus, sendo identificado sobrepre\u00e7o na contrata\u00e7\u00e3o que resultou em preju\u00edzo aos cofres p\u00fablicos estimado em 2 milh\u00f5es de reais.<br>Houve, ainda, repasse de valores aos gestores da unidade hospitalar utilizando a intermedia\u00e7\u00e3o de uma empresa de gest\u00e3o esportiva.<\/li><\/ul>\n\n\n\n<figure class=\"wp-block-image size-full\"><img loading=\"lazy\" decoding=\"async\" width=\"276\" height=\"183\" src=\"https:\/\/portalararasdenoticias.com.br\/wp-content\/uploads\/2023\/06\/download-5.jpg\" alt=\"\" class=\"wp-image-4704\"\/><\/figure>\n\n\n\n<figure class=\"wp-block-image size-full\"><img loading=\"lazy\" decoding=\"async\" width=\"700\" height=\"464\" src=\"https:\/\/portalararasdenoticias.com.br\/wp-content\/uploads\/2023\/06\/Capturar68.jpg\" alt=\"\" class=\"wp-image-4705\" srcset=\"https:\/\/portalararasdenoticias.com.br\/wp-content\/uploads\/2023\/06\/Capturar68.jpg 700w, https:\/\/portalararasdenoticias.com.br\/wp-content\/uploads\/2023\/06\/Capturar68-300x199.jpg 300w\" sizes=\"auto, (max-width: 700px) 100vw, 700px\" \/><\/figure>\n\n\n","protected":false},"excerpt":{"rendered":"<p>Gerente Administrativa Financeira do HPS 28 de Agosto foi presa pelo Gaeco; Governador afirma que ela ser\u00e1 afastada do Cargo; Esquema fraudulento teria resultado em R$ 2 milh\u00f5es desviados dos cofres p\u00fablicos;Querciane Alves deve ser afastada do cargo de Gerente Administrativa Financeira do Hospital e Pronto-Socorro 28 de Agosto, ap\u00f3s ser presa suspeita de envolvimento [&hellip;]<\/p>\n","protected":false},"author":5,"featured_media":4703,"comment_status":"open","ping_status":"open","sticky":true,"template":"","format":"standard","meta":{"footnotes":""},"categories":[34],"tags":[],"class_list":["post-4702","post","type-post","status-publish","format-standard","has-post-thumbnail","hentry","category-jornalismo"],"yoast_head":"<!-- This site is optimized with the Yoast SEO plugin v27.0 - https:\/\/yoast.com\/product\/yoast-seo-wordpress\/ -->\n<title>Governador diz que gerente financeira do 28 de Agosto presa em opera\u00e7\u00e3o ser\u00e1 substitu\u00edda Querciane Alves foi um dos alvos de opera\u00e7\u00e3o do Minist\u00e9rio P\u00fablico. - Portal Araras de Not\u00edcias<\/title>\n<meta name=\"robots\" content=\"index, follow, max-snippet:-1, max-image-preview:large, max-video-preview:-1\" \/>\n<link rel=\"canonical\" href=\"https:\/\/portalararasdenoticias.com.br\/?p=4702\" \/>\n<meta property=\"og:locale\" content=\"pt_BR\" \/>\n<meta property=\"og:type\" content=\"article\" \/>\n<meta property=\"og:title\" content=\"Governador diz que gerente financeira do 28 de Agosto presa em opera\u00e7\u00e3o ser\u00e1 substitu\u00edda Querciane Alves foi um dos alvos de opera\u00e7\u00e3o do Minist\u00e9rio P\u00fablico. - Portal Araras de Not\u00edcias\" \/>\n<meta property=\"og:description\" content=\"Gerente Administrativa Financeira do HPS 28 de Agosto foi presa pelo Gaeco; Governador afirma que ela ser\u00e1 afastada do Cargo; Esquema fraudulento teria resultado em R$ 2 milh\u00f5es desviados dos cofres p\u00fablicos;Querciane Alves deve ser afastada do cargo de Gerente Administrativa Financeira do Hospital e Pronto-Socorro 28 de Agosto, ap\u00f3s ser presa suspeita de envolvimento [&hellip;]\" \/>\n<meta property=\"og:url\" content=\"https:\/\/portalararasdenoticias.com.br\/?p=4702\" \/>\n<meta property=\"og:site_name\" content=\"Portal Araras de Not\u00edcias\" \/>\n<meta property=\"article:published_time\" content=\"2023-06-27T03:32:36+00:00\" \/>\n<meta property=\"article:modified_time\" content=\"2023-06-27T03:33:42+00:00\" \/>\n<meta property=\"og:image\" content=\"https:\/\/portalararasdenoticias.com.br\/wp-content\/uploads\/2023\/06\/image-2.jpg\" \/>\n\t<meta property=\"og:image:width\" content=\"1200\" \/>\n\t<meta property=\"og:image:height\" content=\"799\" \/>\n\t<meta property=\"og:image:type\" content=\"image\/jpeg\" \/>\n<meta name=\"author\" content=\"Portal Araras de Noticias\" \/>\n<meta name=\"twitter:card\" content=\"summary_large_image\" \/>\n<meta name=\"twitter:label1\" content=\"Escrito por\" \/>\n\t<meta name=\"twitter:data1\" content=\"Portal Araras de Noticias\" \/>\n\t<meta name=\"twitter:label2\" content=\"Est. tempo de leitura\" \/>\n\t<meta name=\"twitter:data2\" content=\"2 minutos\" \/>\n<script type=\"application\/ld+json\" class=\"yoast-schema-graph\">{\"@context\":\"https:\/\/schema.org\",\"@graph\":[{\"@type\":\"Article\",\"@id\":\"https:\/\/portalararasdenoticias.com.br\/?p=4702#article\",\"isPartOf\":{\"@id\":\"https:\/\/portalararasdenoticias.com.br\/?p=4702\"},\"author\":{\"name\":\"Portal Araras de Noticias\",\"@id\":\"https:\/\/portalararasdenoticias.com.br\/#\/schema\/person\/a6190507efe29dea1049d60d05ed5c0a\"},\"headline\":\"Governador diz que gerente financeira do 28 de Agosto presa em opera\u00e7\u00e3o ser\u00e1 substitu\u00edda Querciane Alves foi um dos alvos de opera\u00e7\u00e3o do Minist\u00e9rio P\u00fablico.\",\"datePublished\":\"2023-06-27T03:32:36+00:00\",\"dateModified\":\"2023-06-27T03:33:42+00:00\",\"mainEntityOfPage\":{\"@id\":\"https:\/\/portalararasdenoticias.com.br\/?p=4702\"},\"wordCount\":393,\"commentCount\":0,\"image\":{\"@id\":\"https:\/\/portalararasdenoticias.com.br\/?p=4702#primaryimage\"},\"thumbnailUrl\":\"https:\/\/portalararasdenoticias.com.br\/wp-content\/uploads\/2023\/06\/image-2.jpg\",\"articleSection\":[\"jornalismo\"],\"inLanguage\":\"pt-BR\",\"potentialAction\":[{\"@type\":\"CommentAction\",\"name\":\"Comment\",\"target\":[\"https:\/\/portalararasdenoticias.com.br\/?p=4702#respond\"]}]},{\"@type\":\"WebPage\",\"@id\":\"https:\/\/portalararasdenoticias.com.br\/?p=4702\",\"url\":\"https:\/\/portalararasdenoticias.com.br\/?p=4702\",\"name\":\"Governador diz que gerente financeira do 28 de Agosto presa em opera\u00e7\u00e3o ser\u00e1 substitu\u00edda Querciane Alves foi um dos alvos de opera\u00e7\u00e3o do Minist\u00e9rio P\u00fablico. - Portal Araras de Not\u00edcias\",\"isPartOf\":{\"@id\":\"https:\/\/portalararasdenoticias.com.br\/#website\"},\"primaryImageOfPage\":{\"@id\":\"https:\/\/portalararasdenoticias.com.br\/?p=4702#primaryimage\"},\"image\":{\"@id\":\"https:\/\/portalararasdenoticias.com.br\/?p=4702#primaryimage\"},\"thumbnailUrl\":\"https:\/\/portalararasdenoticias.com.br\/wp-content\/uploads\/2023\/06\/image-2.jpg\",\"datePublished\":\"2023-06-27T03:32:36+00:00\",\"dateModified\":\"2023-06-27T03:33:42+00:00\",\"author\":{\"@id\":\"https:\/\/portalararasdenoticias.com.br\/#\/schema\/person\/a6190507efe29dea1049d60d05ed5c0a\"},\"breadcrumb\":{\"@id\":\"https:\/\/portalararasdenoticias.com.br\/?p=4702#breadcrumb\"},\"inLanguage\":\"pt-BR\",\"potentialAction\":[{\"@type\":\"ReadAction\",\"target\":[\"https:\/\/portalararasdenoticias.com.br\/?p=4702\"]}]},{\"@type\":\"ImageObject\",\"inLanguage\":\"pt-BR\",\"@id\":\"https:\/\/portalararasdenoticias.com.br\/?p=4702#primaryimage\",\"url\":\"https:\/\/portalararasdenoticias.com.br\/wp-content\/uploads\/2023\/06\/image-2.jpg\",\"contentUrl\":\"https:\/\/portalararasdenoticias.com.br\/wp-content\/uploads\/2023\/06\/image-2.jpg\",\"width\":1200,\"height\":799},{\"@type\":\"BreadcrumbList\",\"@id\":\"https:\/\/portalararasdenoticias.com.br\/?p=4702#breadcrumb\",\"itemListElement\":[{\"@type\":\"ListItem\",\"position\":1,\"name\":\"In\u00edcio\",\"item\":\"https:\/\/portalararasdenoticias.com.br\/\"},{\"@type\":\"ListItem\",\"position\":2,\"name\":\"Governador diz que gerente financeira do 28 de Agosto presa em opera\u00e7\u00e3o ser\u00e1 substitu\u00edda Querciane Alves foi um dos alvos de opera\u00e7\u00e3o do Minist\u00e9rio P\u00fablico.\"}]},{\"@type\":\"WebSite\",\"@id\":\"https:\/\/portalararasdenoticias.com.br\/#website\",\"url\":\"https:\/\/portalararasdenoticias.com.br\/\",\"name\":\"Portal Araras de Not\u00edcias\",\"description\":\"O Seu Portal de Not\u00edcias\",\"potentialAction\":[{\"@type\":\"SearchAction\",\"target\":{\"@type\":\"EntryPoint\",\"urlTemplate\":\"https:\/\/portalararasdenoticias.com.br\/?s={search_term_string}\"},\"query-input\":{\"@type\":\"PropertyValueSpecification\",\"valueRequired\":true,\"valueName\":\"search_term_string\"}}],\"inLanguage\":\"pt-BR\"},{\"@type\":\"Person\",\"@id\":\"https:\/\/portalararasdenoticias.com.br\/#\/schema\/person\/a6190507efe29dea1049d60d05ed5c0a\",\"name\":\"Portal Araras de Noticias\",\"image\":{\"@type\":\"ImageObject\",\"inLanguage\":\"pt-BR\",\"@id\":\"https:\/\/portalararasdenoticias.com.br\/#\/schema\/person\/image\/\",\"url\":\"https:\/\/secure.gravatar.com\/avatar\/4df7c42bc08e78bc9b6e13086fafc161bdf01220657cd93de3d828ab6c60d469?s=96&d=mm&r=g\",\"contentUrl\":\"https:\/\/secure.gravatar.com\/avatar\/4df7c42bc08e78bc9b6e13086fafc161bdf01220657cd93de3d828ab6c60d469?s=96&d=mm&r=g\",\"caption\":\"Portal Araras de Noticias\"},\"sameAs\":[\"https:\/\/portalararasdenoticias.com.br\/\"],\"url\":\"https:\/\/portalararasdenoticias.com.br\/?author=5\"}]}<\/script>\n<!-- \/ Yoast SEO plugin. -->","yoast_head_json":{"title":"Governador diz que gerente financeira do 28 de Agosto presa em opera\u00e7\u00e3o ser\u00e1 substitu\u00edda Querciane Alves foi um dos alvos de opera\u00e7\u00e3o do Minist\u00e9rio P\u00fablico. - Portal Araras de Not\u00edcias","robots":{"index":"index","follow":"follow","max-snippet":"max-snippet:-1","max-image-preview":"max-image-preview:large","max-video-preview":"max-video-preview:-1"},"canonical":"https:\/\/portalararasdenoticias.com.br\/?p=4702","og_locale":"pt_BR","og_type":"article","og_title":"Governador diz que gerente financeira do 28 de Agosto presa em opera\u00e7\u00e3o ser\u00e1 substitu\u00edda Querciane Alves foi um dos alvos de opera\u00e7\u00e3o do Minist\u00e9rio P\u00fablico. - Portal Araras de Not\u00edcias","og_description":"Gerente Administrativa Financeira do HPS 28 de Agosto foi presa pelo Gaeco; Governador afirma que ela ser\u00e1 afastada do Cargo; Esquema fraudulento teria resultado em R$ 2 milh\u00f5es desviados dos cofres p\u00fablicos;Querciane Alves deve ser afastada do cargo de Gerente Administrativa Financeira do Hospital e Pronto-Socorro 28 de Agosto, ap\u00f3s ser presa suspeita de envolvimento [&hellip;]","og_url":"https:\/\/portalararasdenoticias.com.br\/?p=4702","og_site_name":"Portal Araras de Not\u00edcias","article_published_time":"2023-06-27T03:32:36+00:00","article_modified_time":"2023-06-27T03:33:42+00:00","og_image":[{"width":1200,"height":799,"url":"https:\/\/portalararasdenoticias.com.br\/wp-content\/uploads\/2023\/06\/image-2.jpg","type":"image\/jpeg"}],"author":"Portal Araras de Noticias","twitter_card":"summary_large_image","twitter_misc":{"Escrito por":"Portal Araras de Noticias","Est. tempo de leitura":"2 minutos"},"schema":{"@context":"https:\/\/schema.org","@graph":[{"@type":"Article","@id":"https:\/\/portalararasdenoticias.com.br\/?p=4702#article","isPartOf":{"@id":"https:\/\/portalararasdenoticias.com.br\/?p=4702"},"author":{"name":"Portal Araras de Noticias","@id":"https:\/\/portalararasdenoticias.com.br\/#\/schema\/person\/a6190507efe29dea1049d60d05ed5c0a"},"headline":"Governador diz que gerente financeira do 28 de Agosto presa em opera\u00e7\u00e3o ser\u00e1 substitu\u00edda Querciane Alves foi um dos alvos de opera\u00e7\u00e3o do Minist\u00e9rio P\u00fablico.","datePublished":"2023-06-27T03:32:36+00:00","dateModified":"2023-06-27T03:33:42+00:00","mainEntityOfPage":{"@id":"https:\/\/portalararasdenoticias.com.br\/?p=4702"},"wordCount":393,"commentCount":0,"image":{"@id":"https:\/\/portalararasdenoticias.com.br\/?p=4702#primaryimage"},"thumbnailUrl":"https:\/\/portalararasdenoticias.com.br\/wp-content\/uploads\/2023\/06\/image-2.jpg","articleSection":["jornalismo"],"inLanguage":"pt-BR","potentialAction":[{"@type":"CommentAction","name":"Comment","target":["https:\/\/portalararasdenoticias.com.br\/?p=4702#respond"]}]},{"@type":"WebPage","@id":"https:\/\/portalararasdenoticias.com.br\/?p=4702","url":"https:\/\/portalararasdenoticias.com.br\/?p=4702","name":"Governador diz que gerente financeira do 28 de Agosto presa em opera\u00e7\u00e3o ser\u00e1 substitu\u00edda Querciane Alves foi um dos alvos de opera\u00e7\u00e3o do Minist\u00e9rio P\u00fablico. - Portal Araras de Not\u00edcias","isPartOf":{"@id":"https:\/\/portalararasdenoticias.com.br\/#website"},"primaryImageOfPage":{"@id":"https:\/\/portalararasdenoticias.com.br\/?p=4702#primaryimage"},"image":{"@id":"https:\/\/portalararasdenoticias.com.br\/?p=4702#primaryimage"},"thumbnailUrl":"https:\/\/portalararasdenoticias.com.br\/wp-content\/uploads\/2023\/06\/image-2.jpg","datePublished":"2023-06-27T03:32:36+00:00","dateModified":"2023-06-27T03:33:42+00:00","author":{"@id":"https:\/\/portalararasdenoticias.com.br\/#\/schema\/person\/a6190507efe29dea1049d60d05ed5c0a"},"breadcrumb":{"@id":"https:\/\/portalararasdenoticias.com.br\/?p=4702#breadcrumb"},"inLanguage":"pt-BR","potentialAction":[{"@type":"ReadAction","target":["https:\/\/portalararasdenoticias.com.br\/?p=4702"]}]},{"@type":"ImageObject","inLanguage":"pt-BR","@id":"https:\/\/portalararasdenoticias.com.br\/?p=4702#primaryimage","url":"https:\/\/portalararasdenoticias.com.br\/wp-content\/uploads\/2023\/06\/image-2.jpg","contentUrl":"https:\/\/portalararasdenoticias.com.br\/wp-content\/uploads\/2023\/06\/image-2.jpg","width":1200,"height":799},{"@type":"BreadcrumbList","@id":"https:\/\/portalararasdenoticias.com.br\/?p=4702#breadcrumb","itemListElement":[{"@type":"ListItem","position":1,"name":"In\u00edcio","item":"https:\/\/portalararasdenoticias.com.br\/"},{"@type":"ListItem","position":2,"name":"Governador diz que gerente financeira do 28 de Agosto presa em opera\u00e7\u00e3o ser\u00e1 substitu\u00edda Querciane Alves foi um dos alvos de opera\u00e7\u00e3o do Minist\u00e9rio P\u00fablico."}]},{"@type":"WebSite","@id":"https:\/\/portalararasdenoticias.com.br\/#website","url":"https:\/\/portalararasdenoticias.com.br\/","name":"Portal Araras de Not\u00edcias","description":"O Seu Portal de Not\u00edcias","potentialAction":[{"@type":"SearchAction","target":{"@type":"EntryPoint","urlTemplate":"https:\/\/portalararasdenoticias.com.br\/?s={search_term_string}"},"query-input":{"@type":"PropertyValueSpecification","valueRequired":true,"valueName":"search_term_string"}}],"inLanguage":"pt-BR"},{"@type":"Person","@id":"https:\/\/portalararasdenoticias.com.br\/#\/schema\/person\/a6190507efe29dea1049d60d05ed5c0a","name":"Portal Araras de Noticias","image":{"@type":"ImageObject","inLanguage":"pt-BR","@id":"https:\/\/portalararasdenoticias.com.br\/#\/schema\/person\/image\/","url":"https:\/\/secure.gravatar.com\/avatar\/4df7c42bc08e78bc9b6e13086fafc161bdf01220657cd93de3d828ab6c60d469?s=96&d=mm&r=g","contentUrl":"https:\/\/secure.gravatar.com\/avatar\/4df7c42bc08e78bc9b6e13086fafc161bdf01220657cd93de3d828ab6c60d469?s=96&d=mm&r=g","caption":"Portal Araras de Noticias"},"sameAs":["https:\/\/portalararasdenoticias.com.br\/"],"url":"https:\/\/portalararasdenoticias.com.br\/?author=5"}]}},"_links":{"self":[{"href":"https:\/\/portalararasdenoticias.com.br\/index.php?rest_route=\/wp\/v2\/posts\/4702","targetHints":{"allow":["GET"]}}],"collection":[{"href":"https:\/\/portalararasdenoticias.com.br\/index.php?rest_route=\/wp\/v2\/posts"}],"about":[{"href":"https:\/\/portalararasdenoticias.com.br\/index.php?rest_route=\/wp\/v2\/types\/post"}],"author":[{"embeddable":true,"href":"https:\/\/portalararasdenoticias.com.br\/index.php?rest_route=\/wp\/v2\/users\/5"}],"replies":[{"embeddable":true,"href":"https:\/\/portalararasdenoticias.com.br\/index.php?rest_route=%2Fwp%2Fv2%2Fcomments&post=4702"}],"version-history":[{"count":1,"href":"https:\/\/portalararasdenoticias.com.br\/index.php?rest_route=\/wp\/v2\/posts\/4702\/revisions"}],"predecessor-version":[{"id":4706,"href":"https:\/\/portalararasdenoticias.com.br\/index.php?rest_route=\/wp\/v2\/posts\/4702\/revisions\/4706"}],"wp:featuredmedia":[{"embeddable":true,"href":"https:\/\/portalararasdenoticias.com.br\/index.php?rest_route=\/wp\/v2\/media\/4703"}],"wp:attachment":[{"href":"https:\/\/portalararasdenoticias.com.br\/index.php?rest_route=%2Fwp%2Fv2%2Fmedia&parent=4702"}],"wp:term":[{"taxonomy":"category","embeddable":true,"href":"https:\/\/portalararasdenoticias.com.br\/index.php?rest_route=%2Fwp%2Fv2%2Fcategories&post=4702"},{"taxonomy":"post_tag","embeddable":true,"href":"https:\/\/portalararasdenoticias.com.br\/index.php?rest_route=%2Fwp%2Fv2%2Ftags&post=4702"}],"curies":[{"name":"wp","href":"https:\/\/api.w.org\/{rel}","templated":true}]}}