{"id":4898,"date":"2023-10-03T01:24:46","date_gmt":"2023-10-03T04:24:46","guid":{"rendered":"https:\/\/portalararasdenoticias.com.br\/?p=4898"},"modified":"2023-10-03T01:25:54","modified_gmt":"2023-10-03T04:25:54","slug":"turne-o-ultimo-encontro-roda-as-principais-cidades-brasileiras-em-2024-incluindo-manaus","status":"publish","type":"post","link":"https:\/\/portalararasdenoticias.com.br\/?p=4898","title":{"rendered":"Turn\u00ea &#8216;O \u00faltimo encontro&#8217; roda as principais cidades brasileiras em 2024, incluindo Manaus."},"content":{"rendered":"\n<p>O que parecia sonho para muitos, finalmente se tornou realidade! Alexandre Pires e S\u00f3 Pra Contrariar v\u00e3o novamente dividir o mesmo palco, ap\u00f3s 10 anos. A turn\u00ea &#8216;SPC Ac\u00fastico 2 &#8211; O \u00daltimo Encontro&#8217; chega em Manaus no dia 13 de julho de 2024, mas as vendas dos ingressos j\u00e1 iniciam neste domingo (1\u2070\/10), a partir das 20h.<br>O show marca a despedida do cantor Alexandre Pires do grupo. Para os f\u00e3s saudosos, essa ser\u00e1 a \u00faltima chance de ver o SPC em sua forma\u00e7\u00e3o original.<br>Em Manaus, o SPC se apresentar\u00e1 no Studio 5 Centro de Conven\u00e7\u00f5es. O local receber\u00e1 os setores Frontstage e Mesas &#8211; Ouro e Prata &#8211; com valores que variam de R$ 120 a R$ 1.000 no primeiro lote. Confira:<br>\u2022 Frontstage Sai da Minha Aba: R$ 120 (possuiu entrada diferenciada, bares e banheiro exclusivos);<br>\u2022 Mesa Prata Que se Chama Amor: R$ 600\/por pessoa (possui entrada diferenciada, bares e banheiros exclusivos);<br>\u2022 Mesa Ouro \u00c9 Bom Demais: R$ 1.000\/por pessoa (com entrada diferenciada, bares e banheiros exclusivos, incluindo buffet de boas vindas que iniciar\u00e1 \u00e0s 21h e encerrar\u00e1 no inicio do show do SPC).<br>Haver\u00e1 ainda venda de camarotes &#8216;Essa Tal Liberdade&#8217; com capacidade para 20 pessoas. O investimento do grupo para o setor \u00e9 de R$ 8 mil. O local contar\u00e1 com bares exclusivos e entrada diferenciada e, ainda, cada camarote receber\u00e1 um combo de destilado da sua prefer\u00eancia (whisk 12 anos, Vodka ou Gin internacional + quatro energ\u00e9ticos).<br><em>Onde comprar<\/em><br>Os ingressos para a turn\u00ea do SPC em Manaus podem ser adquiridos nas centrais Oba Ingressos, localizadas nos shoppings Millenium e Manauara.<br>Al\u00e9m disso, h\u00e1 dispon\u00edvel a compra online, por meio do site oficial da turn\u00ea<\/p>\n\n\n\n<figure class=\"wp-block-gallery has-nested-images columns-default is-cropped wp-block-gallery-1 is-layout-flex wp-block-gallery-is-layout-flex\">\n<figure class=\"wp-block-image size-large\"><img loading=\"lazy\" decoding=\"async\" width=\"1024\" height=\"680\" data-id=\"4908\" src=\"https:\/\/portalararasdenoticias.com.br\/wp-content\/uploads\/2023\/10\/16537772-1-1024x680.webp\" alt=\"\" class=\"wp-image-4908\" srcset=\"https:\/\/portalararasdenoticias.com.br\/wp-content\/uploads\/2023\/10\/16537772-1-1024x680.webp 1024w, https:\/\/portalararasdenoticias.com.br\/wp-content\/uploads\/2023\/10\/16537772-1-300x199.webp 300w, https:\/\/portalararasdenoticias.com.br\/wp-content\/uploads\/2023\/10\/16537772-1-768x510.webp 768w, https:\/\/portalararasdenoticias.com.br\/wp-content\/uploads\/2023\/10\/16537772-1.webp 1200w\" sizes=\"auto, (max-width: 1024px) 100vw, 1024px\" \/><\/figure>\n\n\n\n<figure class=\"wp-block-image size-large\"><img loading=\"lazy\" decoding=\"async\" width=\"678\" height=\"452\" data-id=\"4906\" src=\"https:\/\/portalararasdenoticias.com.br\/wp-content\/uploads\/2023\/10\/386053713_806585711471728_7789765987776550692_n-1.jpg\" alt=\"\" class=\"wp-image-4906\" srcset=\"https:\/\/portalararasdenoticias.com.br\/wp-content\/uploads\/2023\/10\/386053713_806585711471728_7789765987776550692_n-1.jpg 678w, https:\/\/portalararasdenoticias.com.br\/wp-content\/uploads\/2023\/10\/386053713_806585711471728_7789765987776550692_n-1-300x200.jpg 300w\" sizes=\"auto, (max-width: 678px) 100vw, 678px\" \/><\/figure>\n\n\n\n<figure class=\"wp-block-image size-large\"><img loading=\"lazy\" decoding=\"async\" width=\"224\" height=\"224\" data-id=\"4905\" src=\"https:\/\/portalararasdenoticias.com.br\/wp-content\/uploads\/2023\/10\/download-1.jpg\" alt=\"\" class=\"wp-image-4905\" srcset=\"https:\/\/portalararasdenoticias.com.br\/wp-content\/uploads\/2023\/10\/download-1.jpg 224w, https:\/\/portalararasdenoticias.com.br\/wp-content\/uploads\/2023\/10\/download-1-150x150.jpg 150w\" sizes=\"auto, (max-width: 224px) 100vw, 224px\" \/><\/figure>\n\n\n\n<figure class=\"wp-block-image size-large\"><img loading=\"lazy\" decoding=\"async\" width=\"1024\" height=\"576\" data-id=\"4907\" src=\"https:\/\/portalararasdenoticias.com.br\/wp-content\/uploads\/2023\/10\/maxresdefault-1-1024x576.jpg\" alt=\"\" class=\"wp-image-4907\" srcset=\"https:\/\/portalararasdenoticias.com.br\/wp-content\/uploads\/2023\/10\/maxresdefault-1-1024x576.jpg 1024w, https:\/\/portalararasdenoticias.com.br\/wp-content\/uploads\/2023\/10\/maxresdefault-1-300x169.jpg 300w, https:\/\/portalararasdenoticias.com.br\/wp-content\/uploads\/2023\/10\/maxresdefault-1-768x432.jpg 768w, https:\/\/portalararasdenoticias.com.br\/wp-content\/uploads\/2023\/10\/maxresdefault-1.jpg 1280w\" sizes=\"auto, (max-width: 1024px) 100vw, 1024px\" \/><\/figure>\n\n\n\n<figure class=\"wp-block-image size-large\"><img loading=\"lazy\" decoding=\"async\" width=\"280\" height=\"250\" data-id=\"4904\" src=\"https:\/\/portalararasdenoticias.com.br\/wp-content\/uploads\/2023\/10\/spc-so-pra-contrariar-recife-21-04-2013-10-1.webp\" alt=\"\" class=\"wp-image-4904\"\/><\/figure>\n<\/figure>\n","protected":false},"excerpt":{"rendered":"<p>O que parecia sonho para muitos, finalmente se tornou realidade! Alexandre Pires e S\u00f3 Pra Contrariar v\u00e3o novamente dividir o mesmo palco, ap\u00f3s 10 anos. A turn\u00ea &#8216;SPC Ac\u00fastico 2 &#8211; O \u00daltimo Encontro&#8217; chega em Manaus no dia 13 de julho de 2024, mas as vendas dos ingressos j\u00e1 iniciam neste domingo (1\u2070\/10), a [&hellip;]<\/p>\n","protected":false},"author":5,"featured_media":4900,"comment_status":"open","ping_status":"open","sticky":true,"template":"","format":"standard","meta":{"footnotes":""},"categories":[34],"tags":[],"class_list":["post-4898","post","type-post","status-publish","format-standard","has-post-thumbnail","hentry","category-jornalismo"],"yoast_head":"<!-- This site is optimized with the Yoast SEO plugin v27.0 - https:\/\/yoast.com\/product\/yoast-seo-wordpress\/ -->\n<title>Turn\u00ea &#039;O \u00faltimo encontro&#039; roda as principais cidades brasileiras em 2024, incluindo Manaus. - Portal Araras de Not\u00edcias<\/title>\n<meta name=\"robots\" content=\"index, follow, max-snippet:-1, max-image-preview:large, max-video-preview:-1\" \/>\n<link rel=\"canonical\" href=\"https:\/\/portalararasdenoticias.com.br\/?p=4898\" \/>\n<meta property=\"og:locale\" content=\"pt_BR\" \/>\n<meta property=\"og:type\" content=\"article\" \/>\n<meta property=\"og:title\" content=\"Turn\u00ea &#039;O \u00faltimo encontro&#039; roda as principais cidades brasileiras em 2024, incluindo Manaus. - Portal Araras de Not\u00edcias\" \/>\n<meta property=\"og:description\" content=\"O que parecia sonho para muitos, finalmente se tornou realidade! Alexandre Pires e S\u00f3 Pra Contrariar v\u00e3o novamente dividir o mesmo palco, ap\u00f3s 10 anos. A turn\u00ea &#8216;SPC Ac\u00fastico 2 &#8211; O \u00daltimo Encontro&#8217; chega em Manaus no dia 13 de julho de 2024, mas as vendas dos ingressos j\u00e1 iniciam neste domingo (1\u2070\/10), a [&hellip;]\" \/>\n<meta property=\"og:url\" content=\"https:\/\/portalararasdenoticias.com.br\/?p=4898\" \/>\n<meta property=\"og:site_name\" content=\"Portal Araras de Not\u00edcias\" \/>\n<meta property=\"article:published_time\" content=\"2023-10-03T04:24:46+00:00\" \/>\n<meta property=\"article:modified_time\" content=\"2023-10-03T04:25:54+00:00\" \/>\n<meta property=\"og:image\" content=\"https:\/\/portalararasdenoticias.com.br\/wp-content\/uploads\/2023\/10\/386053713_806585711471728_7789765987776550692_n.jpg\" \/>\n\t<meta property=\"og:image:width\" content=\"678\" \/>\n\t<meta property=\"og:image:height\" content=\"452\" \/>\n\t<meta property=\"og:image:type\" content=\"image\/jpeg\" \/>\n<meta name=\"author\" content=\"Portal Araras de Noticias\" \/>\n<meta name=\"twitter:card\" content=\"summary_large_image\" \/>\n<meta name=\"twitter:label1\" content=\"Escrito por\" \/>\n\t<meta name=\"twitter:data1\" content=\"Portal Araras de Noticias\" \/>\n\t<meta name=\"twitter:label2\" content=\"Est. tempo de leitura\" \/>\n\t<meta name=\"twitter:data2\" content=\"1 minuto\" \/>\n<script type=\"application\/ld+json\" class=\"yoast-schema-graph\">{\"@context\":\"https:\/\/schema.org\",\"@graph\":[{\"@type\":\"Article\",\"@id\":\"https:\/\/portalararasdenoticias.com.br\/?p=4898#article\",\"isPartOf\":{\"@id\":\"https:\/\/portalararasdenoticias.com.br\/?p=4898\"},\"author\":{\"name\":\"Portal Araras de Noticias\",\"@id\":\"https:\/\/portalararasdenoticias.com.br\/#\/schema\/person\/a6190507efe29dea1049d60d05ed5c0a\"},\"headline\":\"Turn\u00ea &#8216;O \u00faltimo encontro&#8217; roda as principais cidades brasileiras em 2024, incluindo Manaus.\",\"datePublished\":\"2023-10-03T04:24:46+00:00\",\"dateModified\":\"2023-10-03T04:25:54+00:00\",\"mainEntityOfPage\":{\"@id\":\"https:\/\/portalararasdenoticias.com.br\/?p=4898\"},\"wordCount\":288,\"commentCount\":0,\"image\":{\"@id\":\"https:\/\/portalararasdenoticias.com.br\/?p=4898#primaryimage\"},\"thumbnailUrl\":\"https:\/\/portalararasdenoticias.com.br\/wp-content\/uploads\/2023\/10\/386053713_806585711471728_7789765987776550692_n.jpg\",\"articleSection\":[\"jornalismo\"],\"inLanguage\":\"pt-BR\",\"potentialAction\":[{\"@type\":\"CommentAction\",\"name\":\"Comment\",\"target\":[\"https:\/\/portalararasdenoticias.com.br\/?p=4898#respond\"]}]},{\"@type\":\"WebPage\",\"@id\":\"https:\/\/portalararasdenoticias.com.br\/?p=4898\",\"url\":\"https:\/\/portalararasdenoticias.com.br\/?p=4898\",\"name\":\"Turn\u00ea 'O \u00faltimo encontro' roda as principais cidades brasileiras em 2024, incluindo Manaus. - Portal Araras de Not\u00edcias\",\"isPartOf\":{\"@id\":\"https:\/\/portalararasdenoticias.com.br\/#website\"},\"primaryImageOfPage\":{\"@id\":\"https:\/\/portalararasdenoticias.com.br\/?p=4898#primaryimage\"},\"image\":{\"@id\":\"https:\/\/portalararasdenoticias.com.br\/?p=4898#primaryimage\"},\"thumbnailUrl\":\"https:\/\/portalararasdenoticias.com.br\/wp-content\/uploads\/2023\/10\/386053713_806585711471728_7789765987776550692_n.jpg\",\"datePublished\":\"2023-10-03T04:24:46+00:00\",\"dateModified\":\"2023-10-03T04:25:54+00:00\",\"author\":{\"@id\":\"https:\/\/portalararasdenoticias.com.br\/#\/schema\/person\/a6190507efe29dea1049d60d05ed5c0a\"},\"breadcrumb\":{\"@id\":\"https:\/\/portalararasdenoticias.com.br\/?p=4898#breadcrumb\"},\"inLanguage\":\"pt-BR\",\"potentialAction\":[{\"@type\":\"ReadAction\",\"target\":[\"https:\/\/portalararasdenoticias.com.br\/?p=4898\"]}]},{\"@type\":\"ImageObject\",\"inLanguage\":\"pt-BR\",\"@id\":\"https:\/\/portalararasdenoticias.com.br\/?p=4898#primaryimage\",\"url\":\"https:\/\/portalararasdenoticias.com.br\/wp-content\/uploads\/2023\/10\/386053713_806585711471728_7789765987776550692_n.jpg\",\"contentUrl\":\"https:\/\/portalararasdenoticias.com.br\/wp-content\/uploads\/2023\/10\/386053713_806585711471728_7789765987776550692_n.jpg\",\"width\":678,\"height\":452},{\"@type\":\"BreadcrumbList\",\"@id\":\"https:\/\/portalararasdenoticias.com.br\/?p=4898#breadcrumb\",\"itemListElement\":[{\"@type\":\"ListItem\",\"position\":1,\"name\":\"In\u00edcio\",\"item\":\"https:\/\/portalararasdenoticias.com.br\/\"},{\"@type\":\"ListItem\",\"position\":2,\"name\":\"Turn\u00ea &#8216;O \u00faltimo encontro&#8217; roda as principais cidades brasileiras em 2024, incluindo Manaus.\"}]},{\"@type\":\"WebSite\",\"@id\":\"https:\/\/portalararasdenoticias.com.br\/#website\",\"url\":\"https:\/\/portalararasdenoticias.com.br\/\",\"name\":\"Portal Araras de Not\u00edcias\",\"description\":\"O Seu Portal de Not\u00edcias\",\"potentialAction\":[{\"@type\":\"SearchAction\",\"target\":{\"@type\":\"EntryPoint\",\"urlTemplate\":\"https:\/\/portalararasdenoticias.com.br\/?s={search_term_string}\"},\"query-input\":{\"@type\":\"PropertyValueSpecification\",\"valueRequired\":true,\"valueName\":\"search_term_string\"}}],\"inLanguage\":\"pt-BR\"},{\"@type\":\"Person\",\"@id\":\"https:\/\/portalararasdenoticias.com.br\/#\/schema\/person\/a6190507efe29dea1049d60d05ed5c0a\",\"name\":\"Portal Araras de Noticias\",\"image\":{\"@type\":\"ImageObject\",\"inLanguage\":\"pt-BR\",\"@id\":\"https:\/\/portalararasdenoticias.com.br\/#\/schema\/person\/image\/\",\"url\":\"https:\/\/secure.gravatar.com\/avatar\/4df7c42bc08e78bc9b6e13086fafc161bdf01220657cd93de3d828ab6c60d469?s=96&d=mm&r=g\",\"contentUrl\":\"https:\/\/secure.gravatar.com\/avatar\/4df7c42bc08e78bc9b6e13086fafc161bdf01220657cd93de3d828ab6c60d469?s=96&d=mm&r=g\",\"caption\":\"Portal Araras de Noticias\"},\"sameAs\":[\"https:\/\/portalararasdenoticias.com.br\/\"],\"url\":\"https:\/\/portalararasdenoticias.com.br\/?author=5\"}]}<\/script>\n<!-- \/ Yoast SEO plugin. -->","yoast_head_json":{"title":"Turn\u00ea 'O \u00faltimo encontro' roda as principais cidades brasileiras em 2024, incluindo Manaus. - Portal Araras de Not\u00edcias","robots":{"index":"index","follow":"follow","max-snippet":"max-snippet:-1","max-image-preview":"max-image-preview:large","max-video-preview":"max-video-preview:-1"},"canonical":"https:\/\/portalararasdenoticias.com.br\/?p=4898","og_locale":"pt_BR","og_type":"article","og_title":"Turn\u00ea 'O \u00faltimo encontro' roda as principais cidades brasileiras em 2024, incluindo Manaus. - Portal Araras de Not\u00edcias","og_description":"O que parecia sonho para muitos, finalmente se tornou realidade! Alexandre Pires e S\u00f3 Pra Contrariar v\u00e3o novamente dividir o mesmo palco, ap\u00f3s 10 anos. A turn\u00ea &#8216;SPC Ac\u00fastico 2 &#8211; O \u00daltimo Encontro&#8217; chega em Manaus no dia 13 de julho de 2024, mas as vendas dos ingressos j\u00e1 iniciam neste domingo (1\u2070\/10), a [&hellip;]","og_url":"https:\/\/portalararasdenoticias.com.br\/?p=4898","og_site_name":"Portal Araras de Not\u00edcias","article_published_time":"2023-10-03T04:24:46+00:00","article_modified_time":"2023-10-03T04:25:54+00:00","og_image":[{"width":678,"height":452,"url":"https:\/\/portalararasdenoticias.com.br\/wp-content\/uploads\/2023\/10\/386053713_806585711471728_7789765987776550692_n.jpg","type":"image\/jpeg"}],"author":"Portal Araras de Noticias","twitter_card":"summary_large_image","twitter_misc":{"Escrito por":"Portal Araras de Noticias","Est. tempo de leitura":"1 minuto"},"schema":{"@context":"https:\/\/schema.org","@graph":[{"@type":"Article","@id":"https:\/\/portalararasdenoticias.com.br\/?p=4898#article","isPartOf":{"@id":"https:\/\/portalararasdenoticias.com.br\/?p=4898"},"author":{"name":"Portal Araras de Noticias","@id":"https:\/\/portalararasdenoticias.com.br\/#\/schema\/person\/a6190507efe29dea1049d60d05ed5c0a"},"headline":"Turn\u00ea &#8216;O \u00faltimo encontro&#8217; roda as principais cidades brasileiras em 2024, incluindo Manaus.","datePublished":"2023-10-03T04:24:46+00:00","dateModified":"2023-10-03T04:25:54+00:00","mainEntityOfPage":{"@id":"https:\/\/portalararasdenoticias.com.br\/?p=4898"},"wordCount":288,"commentCount":0,"image":{"@id":"https:\/\/portalararasdenoticias.com.br\/?p=4898#primaryimage"},"thumbnailUrl":"https:\/\/portalararasdenoticias.com.br\/wp-content\/uploads\/2023\/10\/386053713_806585711471728_7789765987776550692_n.jpg","articleSection":["jornalismo"],"inLanguage":"pt-BR","potentialAction":[{"@type":"CommentAction","name":"Comment","target":["https:\/\/portalararasdenoticias.com.br\/?p=4898#respond"]}]},{"@type":"WebPage","@id":"https:\/\/portalararasdenoticias.com.br\/?p=4898","url":"https:\/\/portalararasdenoticias.com.br\/?p=4898","name":"Turn\u00ea 'O \u00faltimo encontro' roda as principais cidades brasileiras em 2024, incluindo Manaus. - Portal Araras de Not\u00edcias","isPartOf":{"@id":"https:\/\/portalararasdenoticias.com.br\/#website"},"primaryImageOfPage":{"@id":"https:\/\/portalararasdenoticias.com.br\/?p=4898#primaryimage"},"image":{"@id":"https:\/\/portalararasdenoticias.com.br\/?p=4898#primaryimage"},"thumbnailUrl":"https:\/\/portalararasdenoticias.com.br\/wp-content\/uploads\/2023\/10\/386053713_806585711471728_7789765987776550692_n.jpg","datePublished":"2023-10-03T04:24:46+00:00","dateModified":"2023-10-03T04:25:54+00:00","author":{"@id":"https:\/\/portalararasdenoticias.com.br\/#\/schema\/person\/a6190507efe29dea1049d60d05ed5c0a"},"breadcrumb":{"@id":"https:\/\/portalararasdenoticias.com.br\/?p=4898#breadcrumb"},"inLanguage":"pt-BR","potentialAction":[{"@type":"ReadAction","target":["https:\/\/portalararasdenoticias.com.br\/?p=4898"]}]},{"@type":"ImageObject","inLanguage":"pt-BR","@id":"https:\/\/portalararasdenoticias.com.br\/?p=4898#primaryimage","url":"https:\/\/portalararasdenoticias.com.br\/wp-content\/uploads\/2023\/10\/386053713_806585711471728_7789765987776550692_n.jpg","contentUrl":"https:\/\/portalararasdenoticias.com.br\/wp-content\/uploads\/2023\/10\/386053713_806585711471728_7789765987776550692_n.jpg","width":678,"height":452},{"@type":"BreadcrumbList","@id":"https:\/\/portalararasdenoticias.com.br\/?p=4898#breadcrumb","itemListElement":[{"@type":"ListItem","position":1,"name":"In\u00edcio","item":"https:\/\/portalararasdenoticias.com.br\/"},{"@type":"ListItem","position":2,"name":"Turn\u00ea &#8216;O \u00faltimo encontro&#8217; roda as principais cidades brasileiras em 2024, incluindo Manaus."}]},{"@type":"WebSite","@id":"https:\/\/portalararasdenoticias.com.br\/#website","url":"https:\/\/portalararasdenoticias.com.br\/","name":"Portal Araras de Not\u00edcias","description":"O Seu Portal de Not\u00edcias","potentialAction":[{"@type":"SearchAction","target":{"@type":"EntryPoint","urlTemplate":"https:\/\/portalararasdenoticias.com.br\/?s={search_term_string}"},"query-input":{"@type":"PropertyValueSpecification","valueRequired":true,"valueName":"search_term_string"}}],"inLanguage":"pt-BR"},{"@type":"Person","@id":"https:\/\/portalararasdenoticias.com.br\/#\/schema\/person\/a6190507efe29dea1049d60d05ed5c0a","name":"Portal Araras de Noticias","image":{"@type":"ImageObject","inLanguage":"pt-BR","@id":"https:\/\/portalararasdenoticias.com.br\/#\/schema\/person\/image\/","url":"https:\/\/secure.gravatar.com\/avatar\/4df7c42bc08e78bc9b6e13086fafc161bdf01220657cd93de3d828ab6c60d469?s=96&d=mm&r=g","contentUrl":"https:\/\/secure.gravatar.com\/avatar\/4df7c42bc08e78bc9b6e13086fafc161bdf01220657cd93de3d828ab6c60d469?s=96&d=mm&r=g","caption":"Portal Araras de Noticias"},"sameAs":["https:\/\/portalararasdenoticias.com.br\/"],"url":"https:\/\/portalararasdenoticias.com.br\/?author=5"}]}},"_links":{"self":[{"href":"https:\/\/portalararasdenoticias.com.br\/index.php?rest_route=\/wp\/v2\/posts\/4898","targetHints":{"allow":["GET"]}}],"collection":[{"href":"https:\/\/portalararasdenoticias.com.br\/index.php?rest_route=\/wp\/v2\/posts"}],"about":[{"href":"https:\/\/portalararasdenoticias.com.br\/index.php?rest_route=\/wp\/v2\/types\/post"}],"author":[{"embeddable":true,"href":"https:\/\/portalararasdenoticias.com.br\/index.php?rest_route=\/wp\/v2\/users\/5"}],"replies":[{"embeddable":true,"href":"https:\/\/portalararasdenoticias.com.br\/index.php?rest_route=%2Fwp%2Fv2%2Fcomments&post=4898"}],"version-history":[{"count":1,"href":"https:\/\/portalararasdenoticias.com.br\/index.php?rest_route=\/wp\/v2\/posts\/4898\/revisions"}],"predecessor-version":[{"id":4909,"href":"https:\/\/portalararasdenoticias.com.br\/index.php?rest_route=\/wp\/v2\/posts\/4898\/revisions\/4909"}],"wp:featuredmedia":[{"embeddable":true,"href":"https:\/\/portalararasdenoticias.com.br\/index.php?rest_route=\/wp\/v2\/media\/4900"}],"wp:attachment":[{"href":"https:\/\/portalararasdenoticias.com.br\/index.php?rest_route=%2Fwp%2Fv2%2Fmedia&parent=4898"}],"wp:term":[{"taxonomy":"category","embeddable":true,"href":"https:\/\/portalararasdenoticias.com.br\/index.php?rest_route=%2Fwp%2Fv2%2Fcategories&post=4898"},{"taxonomy":"post_tag","embeddable":true,"href":"https:\/\/portalararasdenoticias.com.br\/index.php?rest_route=%2Fwp%2Fv2%2Ftags&post=4898"}],"curies":[{"name":"wp","href":"https:\/\/api.w.org\/{rel}","templated":true}]}}