{"id":501,"date":"2019-06-06T01:29:50","date_gmt":"2019-06-06T04:29:50","guid":{"rendered":"http:\/\/portalararasdenoticias.com.br\/?p=501"},"modified":"2019-06-06T01:30:32","modified_gmt":"2019-06-06T04:30:32","slug":"ministro-da-justica-sergio-moro-a-manaus","status":"publish","type":"post","link":"https:\/\/portalararasdenoticias.com.br\/?p=501","title":{"rendered":"Ministro da Justi\u00e7a, S\u00e9rgio Moro vem a Manaus."},"content":{"rendered":"\n<figure class=\"wp-block-image\"><img loading=\"lazy\" decoding=\"async\" width=\"720\" height=\"380\" src=\"http:\/\/portalararasdenoticias.com.br\/wp-content\/uploads\/2019\/06\/7618943_x720-1-720x380.jpg\" alt=\"\" class=\"wp-image-502\" srcset=\"https:\/\/portalararasdenoticias.com.br\/wp-content\/uploads\/2019\/06\/7618943_x720-1-720x380.jpg 720w, https:\/\/portalararasdenoticias.com.br\/wp-content\/uploads\/2019\/06\/7618943_x720-1-720x380-300x158.jpg 300w\" sizes=\"auto, (max-width: 720px) 100vw, 720px\" \/><\/figure>\n\n\n\n<p>Est\u00e1\nconfirmada para segunda feira, 10,&nbsp;&nbsp;a vinda do Ministro da Justi\u00e7a,\nS\u00e9rgio Moro a Manaus. A informa\u00e7\u00e3o \u00e9 do Senador Omar Aziz que esteve em reuni\u00e3o\nhoje pela manh\u00e3 com o ministro.<\/p>\n\n\n\n<p>O\nSenador e o Ministro conversaram sobre a rebeli\u00e3o ocorrida nos pres\u00eddios de\nManaus na semana passada. \u201cN\u00e3o \u00e9 um problema exclusivo do Amazonas. \u00c9 uma crise\nnacional e a origem de tudo est\u00e1 no tr\u00e1fico de drogas\u201d, disse Omar. \u201cTemos que\ndotar as cidades de instrumentos de preven\u00e7\u00e3o, dar condi\u00e7\u00f5es \u00e0s pessoas de\nterem ocupa\u00e7\u00f5es da lazer, estudo e trabalho\u201d.<\/p>\n\n\n\n<p>Para\no Senador o desafio \u00e9 resgatar os jovens que est\u00e3o sendo recrutados para o\ntr\u00e1fico, \u201cdar oportunidades para eles e tratar os que j\u00e1 se viciaram\u201d.<\/p>\n\n\n\n<p>Em\nManaus, Moro vai se reunir com secret\u00e1rios de justi\u00e7a de outros estados,\nsegundo o Senador.&nbsp;&nbsp;O assunto ser\u00e1 seguran\u00e7a p\u00fablica e o sistema\nprisional brasileiro.<\/p>\n\n\n\n<p>O\nSenador tamb\u00e9m informou que o ministro Moro dever\u00e1 voltar ao Amazonas no\nsegundo semestre, provavelmente em Julho, para uma visita ao Alto Solim\u00f5es. \u201c\u00c9\npor l\u00e1 que entra uma grande quantidade de drogas que v\u00e3o para o pa\u00eds todo e\nisso requer uma interven\u00e7\u00e3o do Governo Federal\u201d, completou.<\/p>\n","protected":false},"excerpt":{"rendered":"<p>Est\u00e1 confirmada para segunda feira, 10,&nbsp;&nbsp;a vinda do Ministro da Justi\u00e7a, S\u00e9rgio Moro a Manaus. A informa\u00e7\u00e3o \u00e9 do Senador Omar Aziz que esteve em reuni\u00e3o hoje pela manh\u00e3 com o ministro. O Senador e o Ministro conversaram sobre a rebeli\u00e3o ocorrida nos pres\u00eddios de Manaus na semana passada. \u201cN\u00e3o \u00e9 um problema exclusivo do [&hellip;]<\/p>\n","protected":false},"author":5,"featured_media":502,"comment_status":"open","ping_status":"open","sticky":true,"template":"","format":"standard","meta":{"footnotes":""},"categories":[34],"tags":[],"class_list":["post-501","post","type-post","status-publish","format-standard","has-post-thumbnail","hentry","category-jornalismo"],"yoast_head":"<!-- This site is optimized with the Yoast SEO plugin v27.0 - https:\/\/yoast.com\/product\/yoast-seo-wordpress\/ -->\n<title>Ministro da Justi\u00e7a, S\u00e9rgio Moro vem a Manaus. - Portal Araras de Not\u00edcias<\/title>\n<meta name=\"robots\" content=\"index, follow, max-snippet:-1, max-image-preview:large, max-video-preview:-1\" \/>\n<link rel=\"canonical\" href=\"https:\/\/portalararasdenoticias.com.br\/?p=501\" \/>\n<meta property=\"og:locale\" content=\"pt_BR\" \/>\n<meta property=\"og:type\" content=\"article\" \/>\n<meta property=\"og:title\" content=\"Ministro da Justi\u00e7a, S\u00e9rgio Moro vem a Manaus. - Portal Araras de Not\u00edcias\" \/>\n<meta property=\"og:description\" content=\"Est\u00e1 confirmada para segunda feira, 10,&nbsp;&nbsp;a vinda do Ministro da Justi\u00e7a, S\u00e9rgio Moro a Manaus. A informa\u00e7\u00e3o \u00e9 do Senador Omar Aziz que esteve em reuni\u00e3o hoje pela manh\u00e3 com o ministro. O Senador e o Ministro conversaram sobre a rebeli\u00e3o ocorrida nos pres\u00eddios de Manaus na semana passada. \u201cN\u00e3o \u00e9 um problema exclusivo do [&hellip;]\" \/>\n<meta property=\"og:url\" content=\"https:\/\/portalararasdenoticias.com.br\/?p=501\" \/>\n<meta property=\"og:site_name\" content=\"Portal Araras de Not\u00edcias\" \/>\n<meta property=\"article:published_time\" content=\"2019-06-06T04:29:50+00:00\" \/>\n<meta property=\"article:modified_time\" content=\"2019-06-06T04:30:32+00:00\" \/>\n<meta property=\"og:image\" content=\"https:\/\/portalararasdenoticias.com.br\/wp-content\/uploads\/2019\/06\/7618943_x720-1-720x380.jpg\" \/>\n\t<meta property=\"og:image:width\" content=\"720\" \/>\n\t<meta property=\"og:image:height\" content=\"380\" \/>\n\t<meta property=\"og:image:type\" content=\"image\/jpeg\" \/>\n<meta name=\"author\" content=\"Portal Araras de Noticias\" \/>\n<meta name=\"twitter:card\" content=\"summary_large_image\" \/>\n<meta name=\"twitter:label1\" content=\"Escrito por\" \/>\n\t<meta name=\"twitter:data1\" content=\"Portal Araras de Noticias\" \/>\n\t<meta name=\"twitter:label2\" content=\"Est. tempo de leitura\" \/>\n\t<meta name=\"twitter:data2\" content=\"1 minuto\" \/>\n<script type=\"application\/ld+json\" class=\"yoast-schema-graph\">{\"@context\":\"https:\/\/schema.org\",\"@graph\":[{\"@type\":\"Article\",\"@id\":\"https:\/\/portalararasdenoticias.com.br\/?p=501#article\",\"isPartOf\":{\"@id\":\"https:\/\/portalararasdenoticias.com.br\/?p=501\"},\"author\":{\"name\":\"Portal Araras de Noticias\",\"@id\":\"https:\/\/portalararasdenoticias.com.br\/#\/schema\/person\/a6190507efe29dea1049d60d05ed5c0a\"},\"headline\":\"Ministro da Justi\u00e7a, S\u00e9rgio Moro vem a Manaus.\",\"datePublished\":\"2019-06-06T04:29:50+00:00\",\"dateModified\":\"2019-06-06T04:30:32+00:00\",\"mainEntityOfPage\":{\"@id\":\"https:\/\/portalararasdenoticias.com.br\/?p=501\"},\"wordCount\":226,\"commentCount\":0,\"image\":{\"@id\":\"https:\/\/portalararasdenoticias.com.br\/?p=501#primaryimage\"},\"thumbnailUrl\":\"https:\/\/portalararasdenoticias.com.br\/wp-content\/uploads\/2019\/06\/7618943_x720-1-720x380.jpg\",\"articleSection\":[\"jornalismo\"],\"inLanguage\":\"pt-BR\",\"potentialAction\":[{\"@type\":\"CommentAction\",\"name\":\"Comment\",\"target\":[\"https:\/\/portalararasdenoticias.com.br\/?p=501#respond\"]}]},{\"@type\":\"WebPage\",\"@id\":\"https:\/\/portalararasdenoticias.com.br\/?p=501\",\"url\":\"https:\/\/portalararasdenoticias.com.br\/?p=501\",\"name\":\"Ministro da Justi\u00e7a, S\u00e9rgio Moro vem a Manaus. - Portal Araras de Not\u00edcias\",\"isPartOf\":{\"@id\":\"https:\/\/portalararasdenoticias.com.br\/#website\"},\"primaryImageOfPage\":{\"@id\":\"https:\/\/portalararasdenoticias.com.br\/?p=501#primaryimage\"},\"image\":{\"@id\":\"https:\/\/portalararasdenoticias.com.br\/?p=501#primaryimage\"},\"thumbnailUrl\":\"https:\/\/portalararasdenoticias.com.br\/wp-content\/uploads\/2019\/06\/7618943_x720-1-720x380.jpg\",\"datePublished\":\"2019-06-06T04:29:50+00:00\",\"dateModified\":\"2019-06-06T04:30:32+00:00\",\"author\":{\"@id\":\"https:\/\/portalararasdenoticias.com.br\/#\/schema\/person\/a6190507efe29dea1049d60d05ed5c0a\"},\"breadcrumb\":{\"@id\":\"https:\/\/portalararasdenoticias.com.br\/?p=501#breadcrumb\"},\"inLanguage\":\"pt-BR\",\"potentialAction\":[{\"@type\":\"ReadAction\",\"target\":[\"https:\/\/portalararasdenoticias.com.br\/?p=501\"]}]},{\"@type\":\"ImageObject\",\"inLanguage\":\"pt-BR\",\"@id\":\"https:\/\/portalararasdenoticias.com.br\/?p=501#primaryimage\",\"url\":\"https:\/\/portalararasdenoticias.com.br\/wp-content\/uploads\/2019\/06\/7618943_x720-1-720x380.jpg\",\"contentUrl\":\"https:\/\/portalararasdenoticias.com.br\/wp-content\/uploads\/2019\/06\/7618943_x720-1-720x380.jpg\",\"width\":720,\"height\":380},{\"@type\":\"BreadcrumbList\",\"@id\":\"https:\/\/portalararasdenoticias.com.br\/?p=501#breadcrumb\",\"itemListElement\":[{\"@type\":\"ListItem\",\"position\":1,\"name\":\"In\u00edcio\",\"item\":\"https:\/\/portalararasdenoticias.com.br\/\"},{\"@type\":\"ListItem\",\"position\":2,\"name\":\"Ministro da Justi\u00e7a, S\u00e9rgio Moro vem a Manaus.\"}]},{\"@type\":\"WebSite\",\"@id\":\"https:\/\/portalararasdenoticias.com.br\/#website\",\"url\":\"https:\/\/portalararasdenoticias.com.br\/\",\"name\":\"Portal Araras de Not\u00edcias\",\"description\":\"O Seu Portal de Not\u00edcias\",\"potentialAction\":[{\"@type\":\"SearchAction\",\"target\":{\"@type\":\"EntryPoint\",\"urlTemplate\":\"https:\/\/portalararasdenoticias.com.br\/?s={search_term_string}\"},\"query-input\":{\"@type\":\"PropertyValueSpecification\",\"valueRequired\":true,\"valueName\":\"search_term_string\"}}],\"inLanguage\":\"pt-BR\"},{\"@type\":\"Person\",\"@id\":\"https:\/\/portalararasdenoticias.com.br\/#\/schema\/person\/a6190507efe29dea1049d60d05ed5c0a\",\"name\":\"Portal Araras de Noticias\",\"image\":{\"@type\":\"ImageObject\",\"inLanguage\":\"pt-BR\",\"@id\":\"https:\/\/portalararasdenoticias.com.br\/#\/schema\/person\/image\/\",\"url\":\"https:\/\/secure.gravatar.com\/avatar\/4df7c42bc08e78bc9b6e13086fafc161bdf01220657cd93de3d828ab6c60d469?s=96&d=mm&r=g\",\"contentUrl\":\"https:\/\/secure.gravatar.com\/avatar\/4df7c42bc08e78bc9b6e13086fafc161bdf01220657cd93de3d828ab6c60d469?s=96&d=mm&r=g\",\"caption\":\"Portal Araras de Noticias\"},\"sameAs\":[\"https:\/\/portalararasdenoticias.com.br\/\"],\"url\":\"https:\/\/portalararasdenoticias.com.br\/?author=5\"}]}<\/script>\n<!-- \/ Yoast SEO plugin. -->","yoast_head_json":{"title":"Ministro da Justi\u00e7a, S\u00e9rgio Moro vem a Manaus. - Portal Araras de Not\u00edcias","robots":{"index":"index","follow":"follow","max-snippet":"max-snippet:-1","max-image-preview":"max-image-preview:large","max-video-preview":"max-video-preview:-1"},"canonical":"https:\/\/portalararasdenoticias.com.br\/?p=501","og_locale":"pt_BR","og_type":"article","og_title":"Ministro da Justi\u00e7a, S\u00e9rgio Moro vem a Manaus. - Portal Araras de Not\u00edcias","og_description":"Est\u00e1 confirmada para segunda feira, 10,&nbsp;&nbsp;a vinda do Ministro da Justi\u00e7a, S\u00e9rgio Moro a Manaus. A informa\u00e7\u00e3o \u00e9 do Senador Omar Aziz que esteve em reuni\u00e3o hoje pela manh\u00e3 com o ministro. O Senador e o Ministro conversaram sobre a rebeli\u00e3o ocorrida nos pres\u00eddios de Manaus na semana passada. \u201cN\u00e3o \u00e9 um problema exclusivo do [&hellip;]","og_url":"https:\/\/portalararasdenoticias.com.br\/?p=501","og_site_name":"Portal Araras de Not\u00edcias","article_published_time":"2019-06-06T04:29:50+00:00","article_modified_time":"2019-06-06T04:30:32+00:00","og_image":[{"width":720,"height":380,"url":"https:\/\/portalararasdenoticias.com.br\/wp-content\/uploads\/2019\/06\/7618943_x720-1-720x380.jpg","type":"image\/jpeg"}],"author":"Portal Araras de Noticias","twitter_card":"summary_large_image","twitter_misc":{"Escrito por":"Portal Araras de Noticias","Est. tempo de leitura":"1 minuto"},"schema":{"@context":"https:\/\/schema.org","@graph":[{"@type":"Article","@id":"https:\/\/portalararasdenoticias.com.br\/?p=501#article","isPartOf":{"@id":"https:\/\/portalararasdenoticias.com.br\/?p=501"},"author":{"name":"Portal Araras de Noticias","@id":"https:\/\/portalararasdenoticias.com.br\/#\/schema\/person\/a6190507efe29dea1049d60d05ed5c0a"},"headline":"Ministro da Justi\u00e7a, S\u00e9rgio Moro vem a Manaus.","datePublished":"2019-06-06T04:29:50+00:00","dateModified":"2019-06-06T04:30:32+00:00","mainEntityOfPage":{"@id":"https:\/\/portalararasdenoticias.com.br\/?p=501"},"wordCount":226,"commentCount":0,"image":{"@id":"https:\/\/portalararasdenoticias.com.br\/?p=501#primaryimage"},"thumbnailUrl":"https:\/\/portalararasdenoticias.com.br\/wp-content\/uploads\/2019\/06\/7618943_x720-1-720x380.jpg","articleSection":["jornalismo"],"inLanguage":"pt-BR","potentialAction":[{"@type":"CommentAction","name":"Comment","target":["https:\/\/portalararasdenoticias.com.br\/?p=501#respond"]}]},{"@type":"WebPage","@id":"https:\/\/portalararasdenoticias.com.br\/?p=501","url":"https:\/\/portalararasdenoticias.com.br\/?p=501","name":"Ministro da Justi\u00e7a, S\u00e9rgio Moro vem a Manaus. - Portal Araras de Not\u00edcias","isPartOf":{"@id":"https:\/\/portalararasdenoticias.com.br\/#website"},"primaryImageOfPage":{"@id":"https:\/\/portalararasdenoticias.com.br\/?p=501#primaryimage"},"image":{"@id":"https:\/\/portalararasdenoticias.com.br\/?p=501#primaryimage"},"thumbnailUrl":"https:\/\/portalararasdenoticias.com.br\/wp-content\/uploads\/2019\/06\/7618943_x720-1-720x380.jpg","datePublished":"2019-06-06T04:29:50+00:00","dateModified":"2019-06-06T04:30:32+00:00","author":{"@id":"https:\/\/portalararasdenoticias.com.br\/#\/schema\/person\/a6190507efe29dea1049d60d05ed5c0a"},"breadcrumb":{"@id":"https:\/\/portalararasdenoticias.com.br\/?p=501#breadcrumb"},"inLanguage":"pt-BR","potentialAction":[{"@type":"ReadAction","target":["https:\/\/portalararasdenoticias.com.br\/?p=501"]}]},{"@type":"ImageObject","inLanguage":"pt-BR","@id":"https:\/\/portalararasdenoticias.com.br\/?p=501#primaryimage","url":"https:\/\/portalararasdenoticias.com.br\/wp-content\/uploads\/2019\/06\/7618943_x720-1-720x380.jpg","contentUrl":"https:\/\/portalararasdenoticias.com.br\/wp-content\/uploads\/2019\/06\/7618943_x720-1-720x380.jpg","width":720,"height":380},{"@type":"BreadcrumbList","@id":"https:\/\/portalararasdenoticias.com.br\/?p=501#breadcrumb","itemListElement":[{"@type":"ListItem","position":1,"name":"In\u00edcio","item":"https:\/\/portalararasdenoticias.com.br\/"},{"@type":"ListItem","position":2,"name":"Ministro da Justi\u00e7a, S\u00e9rgio Moro vem a Manaus."}]},{"@type":"WebSite","@id":"https:\/\/portalararasdenoticias.com.br\/#website","url":"https:\/\/portalararasdenoticias.com.br\/","name":"Portal Araras de Not\u00edcias","description":"O Seu Portal de Not\u00edcias","potentialAction":[{"@type":"SearchAction","target":{"@type":"EntryPoint","urlTemplate":"https:\/\/portalararasdenoticias.com.br\/?s={search_term_string}"},"query-input":{"@type":"PropertyValueSpecification","valueRequired":true,"valueName":"search_term_string"}}],"inLanguage":"pt-BR"},{"@type":"Person","@id":"https:\/\/portalararasdenoticias.com.br\/#\/schema\/person\/a6190507efe29dea1049d60d05ed5c0a","name":"Portal Araras de Noticias","image":{"@type":"ImageObject","inLanguage":"pt-BR","@id":"https:\/\/portalararasdenoticias.com.br\/#\/schema\/person\/image\/","url":"https:\/\/secure.gravatar.com\/avatar\/4df7c42bc08e78bc9b6e13086fafc161bdf01220657cd93de3d828ab6c60d469?s=96&d=mm&r=g","contentUrl":"https:\/\/secure.gravatar.com\/avatar\/4df7c42bc08e78bc9b6e13086fafc161bdf01220657cd93de3d828ab6c60d469?s=96&d=mm&r=g","caption":"Portal Araras de Noticias"},"sameAs":["https:\/\/portalararasdenoticias.com.br\/"],"url":"https:\/\/portalararasdenoticias.com.br\/?author=5"}]}},"_links":{"self":[{"href":"https:\/\/portalararasdenoticias.com.br\/index.php?rest_route=\/wp\/v2\/posts\/501","targetHints":{"allow":["GET"]}}],"collection":[{"href":"https:\/\/portalararasdenoticias.com.br\/index.php?rest_route=\/wp\/v2\/posts"}],"about":[{"href":"https:\/\/portalararasdenoticias.com.br\/index.php?rest_route=\/wp\/v2\/types\/post"}],"author":[{"embeddable":true,"href":"https:\/\/portalararasdenoticias.com.br\/index.php?rest_route=\/wp\/v2\/users\/5"}],"replies":[{"embeddable":true,"href":"https:\/\/portalararasdenoticias.com.br\/index.php?rest_route=%2Fwp%2Fv2%2Fcomments&post=501"}],"version-history":[{"count":2,"href":"https:\/\/portalararasdenoticias.com.br\/index.php?rest_route=\/wp\/v2\/posts\/501\/revisions"}],"predecessor-version":[{"id":504,"href":"https:\/\/portalararasdenoticias.com.br\/index.php?rest_route=\/wp\/v2\/posts\/501\/revisions\/504"}],"wp:featuredmedia":[{"embeddable":true,"href":"https:\/\/portalararasdenoticias.com.br\/index.php?rest_route=\/wp\/v2\/media\/502"}],"wp:attachment":[{"href":"https:\/\/portalararasdenoticias.com.br\/index.php?rest_route=%2Fwp%2Fv2%2Fmedia&parent=501"}],"wp:term":[{"taxonomy":"category","embeddable":true,"href":"https:\/\/portalararasdenoticias.com.br\/index.php?rest_route=%2Fwp%2Fv2%2Fcategories&post=501"},{"taxonomy":"post_tag","embeddable":true,"href":"https:\/\/portalararasdenoticias.com.br\/index.php?rest_route=%2Fwp%2Fv2%2Ftags&post=501"}],"curies":[{"name":"wp","href":"https:\/\/api.w.org\/{rel}","templated":true}]}}