{"id":5017,"date":"2023-10-11T01:06:26","date_gmt":"2023-10-11T04:06:26","guid":{"rendered":"https:\/\/portalararasdenoticias.com.br\/?p=5017"},"modified":"2023-10-11T01:07:32","modified_gmt":"2023-10-11T04:07:32","slug":"uma-brasileira-segue-desaparecida","status":"publish","type":"post","link":"https:\/\/portalararasdenoticias.com.br\/?p=5017","title":{"rendered":"Uma brasileira segue desaparecida."},"content":{"rendered":"\n<p>\u00daltima brasileira identificada, Karla Stelzer Mendes, de 41 anos, segue desaparecida. Ela tamb\u00e9m participava do festival de m\u00fasica, e seu sumi\u00e7o chega ao quarto dia nesta ter\u00e7a-feira. O evento onde elas estavam, intitulado Universo Paralello, foi alvo do ataque do Hamas no \u00faltimo s\u00e1bado. Desde ent\u00e3o, Karla n\u00e3o deu not\u00edcias.<br>Karla tamb\u00e9m tem nacionalidade israelense. A mulher \u00e9 m\u00e3e de um jovem de 19 anos, membro do ex\u00e9rcito de Israel. Ela estava na rave com o namorado, Gabi Azulay, que tamb\u00e9m n\u00e3o foi mais visto deste a investida do grupo terrorista.<br>p\u00f3s os ataques do grupo terrorista, as for\u00e7as israelenses iniciaram uma contraofensiva. Os conflitos j\u00e1 deixaram milhares de mortos. Participantes do festival em que Bruna estava precisaram correr pelo deserto para escapar das bombas e tiros.<br>V\u00eddeos compartilhados nas redes sociais registraram o momento em que pessoas que estavam na festa foram sequestradas pelos terroristas. N\u00e3o h\u00e1 confirma\u00e7\u00e3o de que os brasileiros foram feitos ref\u00e9ns.<\/p>\n\n\n\n<figure class=\"wp-block-image size-full\"><img loading=\"lazy\" decoding=\"async\" width=\"960\" height=\"640\" src=\"https:\/\/portalararasdenoticias.com.br\/wp-content\/uploads\/2023\/10\/foto_Saiba-quem-era-a-segunda-brasileira-encontrada-morta-em-Israel-960x640-2.webp\" alt=\"\" class=\"wp-image-5019\" srcset=\"https:\/\/portalararasdenoticias.com.br\/wp-content\/uploads\/2023\/10\/foto_Saiba-quem-era-a-segunda-brasileira-encontrada-morta-em-Israel-960x640-2.webp 960w, https:\/\/portalararasdenoticias.com.br\/wp-content\/uploads\/2023\/10\/foto_Saiba-quem-era-a-segunda-brasileira-encontrada-morta-em-Israel-960x640-2-300x200.webp 300w, https:\/\/portalararasdenoticias.com.br\/wp-content\/uploads\/2023\/10\/foto_Saiba-quem-era-a-segunda-brasileira-encontrada-morta-em-Israel-960x640-2-768x512.webp 768w\" sizes=\"auto, (max-width: 960px) 100vw, 960px\" \/><\/figure>\n","protected":false},"excerpt":{"rendered":"<p>\u00daltima brasileira identificada, Karla Stelzer Mendes, de 41 anos, segue desaparecida. Ela tamb\u00e9m participava do festival de m\u00fasica, e seu sumi\u00e7o chega ao quarto dia nesta ter\u00e7a-feira. O evento onde elas estavam, intitulado Universo Paralello, foi alvo do ataque do Hamas no \u00faltimo s\u00e1bado. Desde ent\u00e3o, Karla n\u00e3o deu not\u00edcias.Karla tamb\u00e9m tem nacionalidade israelense. A [&hellip;]<\/p>\n","protected":false},"author":5,"featured_media":5018,"comment_status":"open","ping_status":"open","sticky":true,"template":"","format":"standard","meta":{"footnotes":""},"categories":[34],"tags":[],"class_list":["post-5017","post","type-post","status-publish","format-standard","has-post-thumbnail","hentry","category-jornalismo"],"yoast_head":"<!-- This site is optimized with the Yoast SEO plugin v27.0 - https:\/\/yoast.com\/product\/yoast-seo-wordpress\/ -->\n<title>Uma brasileira segue desaparecida. - Portal Araras de Not\u00edcias<\/title>\n<meta name=\"robots\" content=\"index, follow, max-snippet:-1, max-image-preview:large, max-video-preview:-1\" \/>\n<link rel=\"canonical\" href=\"https:\/\/portalararasdenoticias.com.br\/?p=5017\" \/>\n<meta property=\"og:locale\" content=\"pt_BR\" \/>\n<meta property=\"og:type\" content=\"article\" \/>\n<meta property=\"og:title\" content=\"Uma brasileira segue desaparecida. - Portal Araras de Not\u00edcias\" \/>\n<meta property=\"og:description\" content=\"\u00daltima brasileira identificada, Karla Stelzer Mendes, de 41 anos, segue desaparecida. Ela tamb\u00e9m participava do festival de m\u00fasica, e seu sumi\u00e7o chega ao quarto dia nesta ter\u00e7a-feira. O evento onde elas estavam, intitulado Universo Paralello, foi alvo do ataque do Hamas no \u00faltimo s\u00e1bado. Desde ent\u00e3o, Karla n\u00e3o deu not\u00edcias.Karla tamb\u00e9m tem nacionalidade israelense. A [&hellip;]\" \/>\n<meta property=\"og:url\" content=\"https:\/\/portalararasdenoticias.com.br\/?p=5017\" \/>\n<meta property=\"og:site_name\" content=\"Portal Araras de Not\u00edcias\" \/>\n<meta property=\"article:published_time\" content=\"2023-10-11T04:06:26+00:00\" \/>\n<meta property=\"article:modified_time\" content=\"2023-10-11T04:07:32+00:00\" \/>\n<meta property=\"og:image\" content=\"https:\/\/portalararasdenoticias.com.br\/wp-content\/uploads\/2023\/10\/foto_Saiba-quem-era-a-segunda-brasileira-encontrada-morta-em-Israel-960x640-1.webp\" \/>\n\t<meta property=\"og:image:width\" content=\"960\" \/>\n\t<meta property=\"og:image:height\" content=\"640\" \/>\n\t<meta property=\"og:image:type\" content=\"image\/webp\" \/>\n<meta name=\"author\" content=\"Portal Araras de Noticias\" \/>\n<meta name=\"twitter:card\" content=\"summary_large_image\" \/>\n<meta name=\"twitter:label1\" content=\"Escrito por\" \/>\n\t<meta name=\"twitter:data1\" content=\"Portal Araras de Noticias\" \/>\n\t<meta name=\"twitter:label2\" content=\"Est. tempo de leitura\" \/>\n\t<meta name=\"twitter:data2\" content=\"1 minuto\" \/>\n<script type=\"application\/ld+json\" class=\"yoast-schema-graph\">{\"@context\":\"https:\/\/schema.org\",\"@graph\":[{\"@type\":\"Article\",\"@id\":\"https:\/\/portalararasdenoticias.com.br\/?p=5017#article\",\"isPartOf\":{\"@id\":\"https:\/\/portalararasdenoticias.com.br\/?p=5017\"},\"author\":{\"name\":\"Portal Araras de Noticias\",\"@id\":\"https:\/\/portalararasdenoticias.com.br\/#\/schema\/person\/a6190507efe29dea1049d60d05ed5c0a\"},\"headline\":\"Uma brasileira segue desaparecida.\",\"datePublished\":\"2023-10-11T04:06:26+00:00\",\"dateModified\":\"2023-10-11T04:07:32+00:00\",\"mainEntityOfPage\":{\"@id\":\"https:\/\/portalararasdenoticias.com.br\/?p=5017\"},\"wordCount\":176,\"commentCount\":0,\"image\":{\"@id\":\"https:\/\/portalararasdenoticias.com.br\/?p=5017#primaryimage\"},\"thumbnailUrl\":\"https:\/\/portalararasdenoticias.com.br\/wp-content\/uploads\/2023\/10\/foto_Saiba-quem-era-a-segunda-brasileira-encontrada-morta-em-Israel-960x640-1.webp\",\"articleSection\":[\"jornalismo\"],\"inLanguage\":\"pt-BR\",\"potentialAction\":[{\"@type\":\"CommentAction\",\"name\":\"Comment\",\"target\":[\"https:\/\/portalararasdenoticias.com.br\/?p=5017#respond\"]}]},{\"@type\":\"WebPage\",\"@id\":\"https:\/\/portalararasdenoticias.com.br\/?p=5017\",\"url\":\"https:\/\/portalararasdenoticias.com.br\/?p=5017\",\"name\":\"Uma brasileira segue desaparecida. - Portal Araras de Not\u00edcias\",\"isPartOf\":{\"@id\":\"https:\/\/portalararasdenoticias.com.br\/#website\"},\"primaryImageOfPage\":{\"@id\":\"https:\/\/portalararasdenoticias.com.br\/?p=5017#primaryimage\"},\"image\":{\"@id\":\"https:\/\/portalararasdenoticias.com.br\/?p=5017#primaryimage\"},\"thumbnailUrl\":\"https:\/\/portalararasdenoticias.com.br\/wp-content\/uploads\/2023\/10\/foto_Saiba-quem-era-a-segunda-brasileira-encontrada-morta-em-Israel-960x640-1.webp\",\"datePublished\":\"2023-10-11T04:06:26+00:00\",\"dateModified\":\"2023-10-11T04:07:32+00:00\",\"author\":{\"@id\":\"https:\/\/portalararasdenoticias.com.br\/#\/schema\/person\/a6190507efe29dea1049d60d05ed5c0a\"},\"breadcrumb\":{\"@id\":\"https:\/\/portalararasdenoticias.com.br\/?p=5017#breadcrumb\"},\"inLanguage\":\"pt-BR\",\"potentialAction\":[{\"@type\":\"ReadAction\",\"target\":[\"https:\/\/portalararasdenoticias.com.br\/?p=5017\"]}]},{\"@type\":\"ImageObject\",\"inLanguage\":\"pt-BR\",\"@id\":\"https:\/\/portalararasdenoticias.com.br\/?p=5017#primaryimage\",\"url\":\"https:\/\/portalararasdenoticias.com.br\/wp-content\/uploads\/2023\/10\/foto_Saiba-quem-era-a-segunda-brasileira-encontrada-morta-em-Israel-960x640-1.webp\",\"contentUrl\":\"https:\/\/portalararasdenoticias.com.br\/wp-content\/uploads\/2023\/10\/foto_Saiba-quem-era-a-segunda-brasileira-encontrada-morta-em-Israel-960x640-1.webp\",\"width\":960,\"height\":640},{\"@type\":\"BreadcrumbList\",\"@id\":\"https:\/\/portalararasdenoticias.com.br\/?p=5017#breadcrumb\",\"itemListElement\":[{\"@type\":\"ListItem\",\"position\":1,\"name\":\"In\u00edcio\",\"item\":\"https:\/\/portalararasdenoticias.com.br\/\"},{\"@type\":\"ListItem\",\"position\":2,\"name\":\"Uma brasileira segue desaparecida.\"}]},{\"@type\":\"WebSite\",\"@id\":\"https:\/\/portalararasdenoticias.com.br\/#website\",\"url\":\"https:\/\/portalararasdenoticias.com.br\/\",\"name\":\"Portal Araras de Not\u00edcias\",\"description\":\"O Seu Portal de Not\u00edcias\",\"potentialAction\":[{\"@type\":\"SearchAction\",\"target\":{\"@type\":\"EntryPoint\",\"urlTemplate\":\"https:\/\/portalararasdenoticias.com.br\/?s={search_term_string}\"},\"query-input\":{\"@type\":\"PropertyValueSpecification\",\"valueRequired\":true,\"valueName\":\"search_term_string\"}}],\"inLanguage\":\"pt-BR\"},{\"@type\":\"Person\",\"@id\":\"https:\/\/portalararasdenoticias.com.br\/#\/schema\/person\/a6190507efe29dea1049d60d05ed5c0a\",\"name\":\"Portal Araras de Noticias\",\"image\":{\"@type\":\"ImageObject\",\"inLanguage\":\"pt-BR\",\"@id\":\"https:\/\/portalararasdenoticias.com.br\/#\/schema\/person\/image\/\",\"url\":\"https:\/\/secure.gravatar.com\/avatar\/4df7c42bc08e78bc9b6e13086fafc161bdf01220657cd93de3d828ab6c60d469?s=96&d=mm&r=g\",\"contentUrl\":\"https:\/\/secure.gravatar.com\/avatar\/4df7c42bc08e78bc9b6e13086fafc161bdf01220657cd93de3d828ab6c60d469?s=96&d=mm&r=g\",\"caption\":\"Portal Araras de Noticias\"},\"sameAs\":[\"https:\/\/portalararasdenoticias.com.br\/\"],\"url\":\"https:\/\/portalararasdenoticias.com.br\/?author=5\"}]}<\/script>\n<!-- \/ Yoast SEO plugin. -->","yoast_head_json":{"title":"Uma brasileira segue desaparecida. - Portal Araras de Not\u00edcias","robots":{"index":"index","follow":"follow","max-snippet":"max-snippet:-1","max-image-preview":"max-image-preview:large","max-video-preview":"max-video-preview:-1"},"canonical":"https:\/\/portalararasdenoticias.com.br\/?p=5017","og_locale":"pt_BR","og_type":"article","og_title":"Uma brasileira segue desaparecida. - Portal Araras de Not\u00edcias","og_description":"\u00daltima brasileira identificada, Karla Stelzer Mendes, de 41 anos, segue desaparecida. Ela tamb\u00e9m participava do festival de m\u00fasica, e seu sumi\u00e7o chega ao quarto dia nesta ter\u00e7a-feira. O evento onde elas estavam, intitulado Universo Paralello, foi alvo do ataque do Hamas no \u00faltimo s\u00e1bado. Desde ent\u00e3o, Karla n\u00e3o deu not\u00edcias.Karla tamb\u00e9m tem nacionalidade israelense. A [&hellip;]","og_url":"https:\/\/portalararasdenoticias.com.br\/?p=5017","og_site_name":"Portal Araras de Not\u00edcias","article_published_time":"2023-10-11T04:06:26+00:00","article_modified_time":"2023-10-11T04:07:32+00:00","og_image":[{"width":960,"height":640,"url":"https:\/\/portalararasdenoticias.com.br\/wp-content\/uploads\/2023\/10\/foto_Saiba-quem-era-a-segunda-brasileira-encontrada-morta-em-Israel-960x640-1.webp","type":"image\/webp"}],"author":"Portal Araras de Noticias","twitter_card":"summary_large_image","twitter_misc":{"Escrito por":"Portal Araras de Noticias","Est. tempo de leitura":"1 minuto"},"schema":{"@context":"https:\/\/schema.org","@graph":[{"@type":"Article","@id":"https:\/\/portalararasdenoticias.com.br\/?p=5017#article","isPartOf":{"@id":"https:\/\/portalararasdenoticias.com.br\/?p=5017"},"author":{"name":"Portal Araras de Noticias","@id":"https:\/\/portalararasdenoticias.com.br\/#\/schema\/person\/a6190507efe29dea1049d60d05ed5c0a"},"headline":"Uma brasileira segue desaparecida.","datePublished":"2023-10-11T04:06:26+00:00","dateModified":"2023-10-11T04:07:32+00:00","mainEntityOfPage":{"@id":"https:\/\/portalararasdenoticias.com.br\/?p=5017"},"wordCount":176,"commentCount":0,"image":{"@id":"https:\/\/portalararasdenoticias.com.br\/?p=5017#primaryimage"},"thumbnailUrl":"https:\/\/portalararasdenoticias.com.br\/wp-content\/uploads\/2023\/10\/foto_Saiba-quem-era-a-segunda-brasileira-encontrada-morta-em-Israel-960x640-1.webp","articleSection":["jornalismo"],"inLanguage":"pt-BR","potentialAction":[{"@type":"CommentAction","name":"Comment","target":["https:\/\/portalararasdenoticias.com.br\/?p=5017#respond"]}]},{"@type":"WebPage","@id":"https:\/\/portalararasdenoticias.com.br\/?p=5017","url":"https:\/\/portalararasdenoticias.com.br\/?p=5017","name":"Uma brasileira segue desaparecida. - Portal Araras de Not\u00edcias","isPartOf":{"@id":"https:\/\/portalararasdenoticias.com.br\/#website"},"primaryImageOfPage":{"@id":"https:\/\/portalararasdenoticias.com.br\/?p=5017#primaryimage"},"image":{"@id":"https:\/\/portalararasdenoticias.com.br\/?p=5017#primaryimage"},"thumbnailUrl":"https:\/\/portalararasdenoticias.com.br\/wp-content\/uploads\/2023\/10\/foto_Saiba-quem-era-a-segunda-brasileira-encontrada-morta-em-Israel-960x640-1.webp","datePublished":"2023-10-11T04:06:26+00:00","dateModified":"2023-10-11T04:07:32+00:00","author":{"@id":"https:\/\/portalararasdenoticias.com.br\/#\/schema\/person\/a6190507efe29dea1049d60d05ed5c0a"},"breadcrumb":{"@id":"https:\/\/portalararasdenoticias.com.br\/?p=5017#breadcrumb"},"inLanguage":"pt-BR","potentialAction":[{"@type":"ReadAction","target":["https:\/\/portalararasdenoticias.com.br\/?p=5017"]}]},{"@type":"ImageObject","inLanguage":"pt-BR","@id":"https:\/\/portalararasdenoticias.com.br\/?p=5017#primaryimage","url":"https:\/\/portalararasdenoticias.com.br\/wp-content\/uploads\/2023\/10\/foto_Saiba-quem-era-a-segunda-brasileira-encontrada-morta-em-Israel-960x640-1.webp","contentUrl":"https:\/\/portalararasdenoticias.com.br\/wp-content\/uploads\/2023\/10\/foto_Saiba-quem-era-a-segunda-brasileira-encontrada-morta-em-Israel-960x640-1.webp","width":960,"height":640},{"@type":"BreadcrumbList","@id":"https:\/\/portalararasdenoticias.com.br\/?p=5017#breadcrumb","itemListElement":[{"@type":"ListItem","position":1,"name":"In\u00edcio","item":"https:\/\/portalararasdenoticias.com.br\/"},{"@type":"ListItem","position":2,"name":"Uma brasileira segue desaparecida."}]},{"@type":"WebSite","@id":"https:\/\/portalararasdenoticias.com.br\/#website","url":"https:\/\/portalararasdenoticias.com.br\/","name":"Portal Araras de Not\u00edcias","description":"O Seu Portal de Not\u00edcias","potentialAction":[{"@type":"SearchAction","target":{"@type":"EntryPoint","urlTemplate":"https:\/\/portalararasdenoticias.com.br\/?s={search_term_string}"},"query-input":{"@type":"PropertyValueSpecification","valueRequired":true,"valueName":"search_term_string"}}],"inLanguage":"pt-BR"},{"@type":"Person","@id":"https:\/\/portalararasdenoticias.com.br\/#\/schema\/person\/a6190507efe29dea1049d60d05ed5c0a","name":"Portal Araras de Noticias","image":{"@type":"ImageObject","inLanguage":"pt-BR","@id":"https:\/\/portalararasdenoticias.com.br\/#\/schema\/person\/image\/","url":"https:\/\/secure.gravatar.com\/avatar\/4df7c42bc08e78bc9b6e13086fafc161bdf01220657cd93de3d828ab6c60d469?s=96&d=mm&r=g","contentUrl":"https:\/\/secure.gravatar.com\/avatar\/4df7c42bc08e78bc9b6e13086fafc161bdf01220657cd93de3d828ab6c60d469?s=96&d=mm&r=g","caption":"Portal Araras de Noticias"},"sameAs":["https:\/\/portalararasdenoticias.com.br\/"],"url":"https:\/\/portalararasdenoticias.com.br\/?author=5"}]}},"_links":{"self":[{"href":"https:\/\/portalararasdenoticias.com.br\/index.php?rest_route=\/wp\/v2\/posts\/5017","targetHints":{"allow":["GET"]}}],"collection":[{"href":"https:\/\/portalararasdenoticias.com.br\/index.php?rest_route=\/wp\/v2\/posts"}],"about":[{"href":"https:\/\/portalararasdenoticias.com.br\/index.php?rest_route=\/wp\/v2\/types\/post"}],"author":[{"embeddable":true,"href":"https:\/\/portalararasdenoticias.com.br\/index.php?rest_route=\/wp\/v2\/users\/5"}],"replies":[{"embeddable":true,"href":"https:\/\/portalararasdenoticias.com.br\/index.php?rest_route=%2Fwp%2Fv2%2Fcomments&post=5017"}],"version-history":[{"count":1,"href":"https:\/\/portalararasdenoticias.com.br\/index.php?rest_route=\/wp\/v2\/posts\/5017\/revisions"}],"predecessor-version":[{"id":5020,"href":"https:\/\/portalararasdenoticias.com.br\/index.php?rest_route=\/wp\/v2\/posts\/5017\/revisions\/5020"}],"wp:featuredmedia":[{"embeddable":true,"href":"https:\/\/portalararasdenoticias.com.br\/index.php?rest_route=\/wp\/v2\/media\/5018"}],"wp:attachment":[{"href":"https:\/\/portalararasdenoticias.com.br\/index.php?rest_route=%2Fwp%2Fv2%2Fmedia&parent=5017"}],"wp:term":[{"taxonomy":"category","embeddable":true,"href":"https:\/\/portalararasdenoticias.com.br\/index.php?rest_route=%2Fwp%2Fv2%2Fcategories&post=5017"},{"taxonomy":"post_tag","embeddable":true,"href":"https:\/\/portalararasdenoticias.com.br\/index.php?rest_route=%2Fwp%2Fv2%2Ftags&post=5017"}],"curies":[{"name":"wp","href":"https:\/\/api.w.org\/{rel}","templated":true}]}}