{"id":5021,"date":"2023-10-11T01:19:37","date_gmt":"2023-10-11T04:19:37","guid":{"rendered":"https:\/\/portalararasdenoticias.com.br\/?p=5021"},"modified":"2023-10-11T01:20:43","modified_gmt":"2023-10-11T04:20:43","slug":"gaucho-tambem-foi-morto","status":"publish","type":"post","link":"https:\/\/portalararasdenoticias.com.br\/?p=5021","title":{"rendered":"Ga\u00facho tamb\u00e9m foi morto."},"content":{"rendered":"\n<p>O brasileiro-israelense Ranani Nidejelski Glazer, de 23 anos, tamb\u00e9m teve morte confirmada<\/p>\n\n\n\n<figure class=\"wp-block-image size-full\"><img loading=\"lazy\" decoding=\"async\" width=\"672\" height=\"372\" src=\"https:\/\/portalararasdenoticias.com.br\/wp-content\/uploads\/2023\/10\/g1-3-672x372-1.webp\" alt=\"\" class=\"wp-image-5025\" srcset=\"https:\/\/portalararasdenoticias.com.br\/wp-content\/uploads\/2023\/10\/g1-3-672x372-1.webp 672w, https:\/\/portalararasdenoticias.com.br\/wp-content\/uploads\/2023\/10\/g1-3-672x372-1-300x166.webp 300w\" sizes=\"auto, (max-width: 672px) 100vw, 672px\" \/><\/figure>\n\n\n\n<figure class=\"wp-block-image size-full\"><img loading=\"lazy\" decoding=\"async\" width=\"627\" height=\"493\" src=\"https:\/\/portalararasdenoticias.com.br\/wp-content\/uploads\/2023\/10\/20231009230255547178e.webp\" alt=\"\" class=\"wp-image-5026\" srcset=\"https:\/\/portalararasdenoticias.com.br\/wp-content\/uploads\/2023\/10\/20231009230255547178e.webp 627w, https:\/\/portalararasdenoticias.com.br\/wp-content\/uploads\/2023\/10\/20231009230255547178e-300x236.webp 300w\" sizes=\"auto, (max-width: 627px) 100vw, 627px\" \/><\/figure>\n\n\n\n<p><\/p>\n\n\n\n<p>O brasileiro-israelense Ranani Nidejelski Glazer, de 23 anos, tamb\u00e9m teve morte confirmada por parentes na noite desta segunda-feira. Ele era natural do Rio Grande do Sul, mas morava em Israel h\u00e1 sete anos e chegou a prestar servi\u00e7o militar no pa\u00eds.<br>Glazer tamb\u00e9m estava na rave Universo Paralello. O acontecia no deserto de Negev, perto de Re-im, no sul de Israel, a menos de 20 quil\u00f4metros da Faixa de Gaza.<br>O Ex\u00e9rcito de Israel foi at\u00e9 a casa do meu irm\u00e3o, pai do Ranani, que tamb\u00e9m mora em Israel. \u00c9 tudo o que sabemos. N\u00e3o temos informa\u00e7\u00f5es de como e onde (o corpo foi encontrado) \u2014 conta Karen Glazer, tia de Ranani.<br>Nos \u00faltimos dias, Glazer havia feito uma s\u00e9rie de publica\u00e7\u00f5es em suas redes sociais de eventos em Tel Aviv, capital de Israel. Em seu perfil no Instagram, h\u00e1 postagens recentes nos stories em que ele compartilhou v\u00eddeos da rave da qual participava, marcando a localiza\u00e7\u00e3o, Gaza. Pouco tempo depois, haveria a invas\u00e3o ao local, com um tiroteio que causou correria e fuga das pessoas presentes ao evento.<\/p>\n","protected":false},"excerpt":{"rendered":"<p>O brasileiro-israelense Ranani Nidejelski Glazer, de 23 anos, tamb\u00e9m teve morte confirmada O brasileiro-israelense Ranani Nidejelski Glazer, de 23 anos, tamb\u00e9m teve morte confirmada por parentes na noite desta segunda-feira. Ele era natural do Rio Grande do Sul, mas morava em Israel h\u00e1 sete anos e chegou a prestar servi\u00e7o militar no pa\u00eds.Glazer tamb\u00e9m estava [&hellip;]<\/p>\n","protected":false},"author":5,"featured_media":5024,"comment_status":"open","ping_status":"open","sticky":true,"template":"","format":"standard","meta":{"footnotes":""},"categories":[34],"tags":[],"class_list":["post-5021","post","type-post","status-publish","format-standard","has-post-thumbnail","hentry","category-jornalismo"],"yoast_head":"<!-- This site is optimized with the Yoast SEO plugin v27.0 - https:\/\/yoast.com\/product\/yoast-seo-wordpress\/ -->\n<title>Ga\u00facho tamb\u00e9m foi morto. - Portal Araras de Not\u00edcias<\/title>\n<meta name=\"robots\" content=\"index, follow, max-snippet:-1, max-image-preview:large, max-video-preview:-1\" \/>\n<link rel=\"canonical\" href=\"https:\/\/portalararasdenoticias.com.br\/?p=5021\" \/>\n<meta property=\"og:locale\" content=\"pt_BR\" \/>\n<meta property=\"og:type\" content=\"article\" \/>\n<meta property=\"og:title\" content=\"Ga\u00facho tamb\u00e9m foi morto. - Portal Araras de Not\u00edcias\" \/>\n<meta property=\"og:description\" content=\"O brasileiro-israelense Ranani Nidejelski Glazer, de 23 anos, tamb\u00e9m teve morte confirmada O brasileiro-israelense Ranani Nidejelski Glazer, de 23 anos, tamb\u00e9m teve morte confirmada por parentes na noite desta segunda-feira. Ele era natural do Rio Grande do Sul, mas morava em Israel h\u00e1 sete anos e chegou a prestar servi\u00e7o militar no pa\u00eds.Glazer tamb\u00e9m estava [&hellip;]\" \/>\n<meta property=\"og:url\" content=\"https:\/\/portalararasdenoticias.com.br\/?p=5021\" \/>\n<meta property=\"og:site_name\" content=\"Portal Araras de Not\u00edcias\" \/>\n<meta property=\"article:published_time\" content=\"2023-10-11T04:19:37+00:00\" \/>\n<meta property=\"article:modified_time\" content=\"2023-10-11T04:20:43+00:00\" \/>\n<meta property=\"og:image\" content=\"https:\/\/portalararasdenoticias.com.br\/wp-content\/uploads\/2023\/10\/Ranani-Nidejelski-Glazer.webp\" \/>\n\t<meta property=\"og:image:width\" content=\"1200\" \/>\n\t<meta property=\"og:image:height\" content=\"852\" \/>\n\t<meta property=\"og:image:type\" content=\"image\/webp\" \/>\n<meta name=\"author\" content=\"Portal Araras de Noticias\" \/>\n<meta name=\"twitter:card\" content=\"summary_large_image\" \/>\n<meta name=\"twitter:label1\" content=\"Escrito por\" \/>\n\t<meta name=\"twitter:data1\" content=\"Portal Araras de Noticias\" \/>\n\t<meta name=\"twitter:label2\" content=\"Est. tempo de leitura\" \/>\n\t<meta name=\"twitter:data2\" content=\"1 minuto\" \/>\n<script type=\"application\/ld+json\" class=\"yoast-schema-graph\">{\"@context\":\"https:\/\/schema.org\",\"@graph\":[{\"@type\":\"Article\",\"@id\":\"https:\/\/portalararasdenoticias.com.br\/?p=5021#article\",\"isPartOf\":{\"@id\":\"https:\/\/portalararasdenoticias.com.br\/?p=5021\"},\"author\":{\"name\":\"Portal Araras de Noticias\",\"@id\":\"https:\/\/portalararasdenoticias.com.br\/#\/schema\/person\/a6190507efe29dea1049d60d05ed5c0a\"},\"headline\":\"Ga\u00facho tamb\u00e9m foi morto.\",\"datePublished\":\"2023-10-11T04:19:37+00:00\",\"dateModified\":\"2023-10-11T04:20:43+00:00\",\"mainEntityOfPage\":{\"@id\":\"https:\/\/portalararasdenoticias.com.br\/?p=5021\"},\"wordCount\":208,\"commentCount\":0,\"image\":{\"@id\":\"https:\/\/portalararasdenoticias.com.br\/?p=5021#primaryimage\"},\"thumbnailUrl\":\"https:\/\/portalararasdenoticias.com.br\/wp-content\/uploads\/2023\/10\/Ranani-Nidejelski-Glazer.webp\",\"articleSection\":[\"jornalismo\"],\"inLanguage\":\"pt-BR\",\"potentialAction\":[{\"@type\":\"CommentAction\",\"name\":\"Comment\",\"target\":[\"https:\/\/portalararasdenoticias.com.br\/?p=5021#respond\"]}]},{\"@type\":\"WebPage\",\"@id\":\"https:\/\/portalararasdenoticias.com.br\/?p=5021\",\"url\":\"https:\/\/portalararasdenoticias.com.br\/?p=5021\",\"name\":\"Ga\u00facho tamb\u00e9m foi morto. - Portal Araras de Not\u00edcias\",\"isPartOf\":{\"@id\":\"https:\/\/portalararasdenoticias.com.br\/#website\"},\"primaryImageOfPage\":{\"@id\":\"https:\/\/portalararasdenoticias.com.br\/?p=5021#primaryimage\"},\"image\":{\"@id\":\"https:\/\/portalararasdenoticias.com.br\/?p=5021#primaryimage\"},\"thumbnailUrl\":\"https:\/\/portalararasdenoticias.com.br\/wp-content\/uploads\/2023\/10\/Ranani-Nidejelski-Glazer.webp\",\"datePublished\":\"2023-10-11T04:19:37+00:00\",\"dateModified\":\"2023-10-11T04:20:43+00:00\",\"author\":{\"@id\":\"https:\/\/portalararasdenoticias.com.br\/#\/schema\/person\/a6190507efe29dea1049d60d05ed5c0a\"},\"breadcrumb\":{\"@id\":\"https:\/\/portalararasdenoticias.com.br\/?p=5021#breadcrumb\"},\"inLanguage\":\"pt-BR\",\"potentialAction\":[{\"@type\":\"ReadAction\",\"target\":[\"https:\/\/portalararasdenoticias.com.br\/?p=5021\"]}]},{\"@type\":\"ImageObject\",\"inLanguage\":\"pt-BR\",\"@id\":\"https:\/\/portalararasdenoticias.com.br\/?p=5021#primaryimage\",\"url\":\"https:\/\/portalararasdenoticias.com.br\/wp-content\/uploads\/2023\/10\/Ranani-Nidejelski-Glazer.webp\",\"contentUrl\":\"https:\/\/portalararasdenoticias.com.br\/wp-content\/uploads\/2023\/10\/Ranani-Nidejelski-Glazer.webp\",\"width\":1200,\"height\":852},{\"@type\":\"BreadcrumbList\",\"@id\":\"https:\/\/portalararasdenoticias.com.br\/?p=5021#breadcrumb\",\"itemListElement\":[{\"@type\":\"ListItem\",\"position\":1,\"name\":\"In\u00edcio\",\"item\":\"https:\/\/portalararasdenoticias.com.br\/\"},{\"@type\":\"ListItem\",\"position\":2,\"name\":\"Ga\u00facho tamb\u00e9m foi morto.\"}]},{\"@type\":\"WebSite\",\"@id\":\"https:\/\/portalararasdenoticias.com.br\/#website\",\"url\":\"https:\/\/portalararasdenoticias.com.br\/\",\"name\":\"Portal Araras de Not\u00edcias\",\"description\":\"O Seu Portal de Not\u00edcias\",\"potentialAction\":[{\"@type\":\"SearchAction\",\"target\":{\"@type\":\"EntryPoint\",\"urlTemplate\":\"https:\/\/portalararasdenoticias.com.br\/?s={search_term_string}\"},\"query-input\":{\"@type\":\"PropertyValueSpecification\",\"valueRequired\":true,\"valueName\":\"search_term_string\"}}],\"inLanguage\":\"pt-BR\"},{\"@type\":\"Person\",\"@id\":\"https:\/\/portalararasdenoticias.com.br\/#\/schema\/person\/a6190507efe29dea1049d60d05ed5c0a\",\"name\":\"Portal Araras de Noticias\",\"image\":{\"@type\":\"ImageObject\",\"inLanguage\":\"pt-BR\",\"@id\":\"https:\/\/portalararasdenoticias.com.br\/#\/schema\/person\/image\/\",\"url\":\"https:\/\/secure.gravatar.com\/avatar\/4df7c42bc08e78bc9b6e13086fafc161bdf01220657cd93de3d828ab6c60d469?s=96&d=mm&r=g\",\"contentUrl\":\"https:\/\/secure.gravatar.com\/avatar\/4df7c42bc08e78bc9b6e13086fafc161bdf01220657cd93de3d828ab6c60d469?s=96&d=mm&r=g\",\"caption\":\"Portal Araras de Noticias\"},\"sameAs\":[\"https:\/\/portalararasdenoticias.com.br\/\"],\"url\":\"https:\/\/portalararasdenoticias.com.br\/?author=5\"}]}<\/script>\n<!-- \/ Yoast SEO plugin. -->","yoast_head_json":{"title":"Ga\u00facho tamb\u00e9m foi morto. - Portal Araras de Not\u00edcias","robots":{"index":"index","follow":"follow","max-snippet":"max-snippet:-1","max-image-preview":"max-image-preview:large","max-video-preview":"max-video-preview:-1"},"canonical":"https:\/\/portalararasdenoticias.com.br\/?p=5021","og_locale":"pt_BR","og_type":"article","og_title":"Ga\u00facho tamb\u00e9m foi morto. - Portal Araras de Not\u00edcias","og_description":"O brasileiro-israelense Ranani Nidejelski Glazer, de 23 anos, tamb\u00e9m teve morte confirmada O brasileiro-israelense Ranani Nidejelski Glazer, de 23 anos, tamb\u00e9m teve morte confirmada por parentes na noite desta segunda-feira. Ele era natural do Rio Grande do Sul, mas morava em Israel h\u00e1 sete anos e chegou a prestar servi\u00e7o militar no pa\u00eds.Glazer tamb\u00e9m estava [&hellip;]","og_url":"https:\/\/portalararasdenoticias.com.br\/?p=5021","og_site_name":"Portal Araras de Not\u00edcias","article_published_time":"2023-10-11T04:19:37+00:00","article_modified_time":"2023-10-11T04:20:43+00:00","og_image":[{"width":1200,"height":852,"url":"https:\/\/portalararasdenoticias.com.br\/wp-content\/uploads\/2023\/10\/Ranani-Nidejelski-Glazer.webp","type":"image\/webp"}],"author":"Portal Araras de Noticias","twitter_card":"summary_large_image","twitter_misc":{"Escrito por":"Portal Araras de Noticias","Est. tempo de leitura":"1 minuto"},"schema":{"@context":"https:\/\/schema.org","@graph":[{"@type":"Article","@id":"https:\/\/portalararasdenoticias.com.br\/?p=5021#article","isPartOf":{"@id":"https:\/\/portalararasdenoticias.com.br\/?p=5021"},"author":{"name":"Portal Araras de Noticias","@id":"https:\/\/portalararasdenoticias.com.br\/#\/schema\/person\/a6190507efe29dea1049d60d05ed5c0a"},"headline":"Ga\u00facho tamb\u00e9m foi morto.","datePublished":"2023-10-11T04:19:37+00:00","dateModified":"2023-10-11T04:20:43+00:00","mainEntityOfPage":{"@id":"https:\/\/portalararasdenoticias.com.br\/?p=5021"},"wordCount":208,"commentCount":0,"image":{"@id":"https:\/\/portalararasdenoticias.com.br\/?p=5021#primaryimage"},"thumbnailUrl":"https:\/\/portalararasdenoticias.com.br\/wp-content\/uploads\/2023\/10\/Ranani-Nidejelski-Glazer.webp","articleSection":["jornalismo"],"inLanguage":"pt-BR","potentialAction":[{"@type":"CommentAction","name":"Comment","target":["https:\/\/portalararasdenoticias.com.br\/?p=5021#respond"]}]},{"@type":"WebPage","@id":"https:\/\/portalararasdenoticias.com.br\/?p=5021","url":"https:\/\/portalararasdenoticias.com.br\/?p=5021","name":"Ga\u00facho tamb\u00e9m foi morto. - Portal Araras de Not\u00edcias","isPartOf":{"@id":"https:\/\/portalararasdenoticias.com.br\/#website"},"primaryImageOfPage":{"@id":"https:\/\/portalararasdenoticias.com.br\/?p=5021#primaryimage"},"image":{"@id":"https:\/\/portalararasdenoticias.com.br\/?p=5021#primaryimage"},"thumbnailUrl":"https:\/\/portalararasdenoticias.com.br\/wp-content\/uploads\/2023\/10\/Ranani-Nidejelski-Glazer.webp","datePublished":"2023-10-11T04:19:37+00:00","dateModified":"2023-10-11T04:20:43+00:00","author":{"@id":"https:\/\/portalararasdenoticias.com.br\/#\/schema\/person\/a6190507efe29dea1049d60d05ed5c0a"},"breadcrumb":{"@id":"https:\/\/portalararasdenoticias.com.br\/?p=5021#breadcrumb"},"inLanguage":"pt-BR","potentialAction":[{"@type":"ReadAction","target":["https:\/\/portalararasdenoticias.com.br\/?p=5021"]}]},{"@type":"ImageObject","inLanguage":"pt-BR","@id":"https:\/\/portalararasdenoticias.com.br\/?p=5021#primaryimage","url":"https:\/\/portalararasdenoticias.com.br\/wp-content\/uploads\/2023\/10\/Ranani-Nidejelski-Glazer.webp","contentUrl":"https:\/\/portalararasdenoticias.com.br\/wp-content\/uploads\/2023\/10\/Ranani-Nidejelski-Glazer.webp","width":1200,"height":852},{"@type":"BreadcrumbList","@id":"https:\/\/portalararasdenoticias.com.br\/?p=5021#breadcrumb","itemListElement":[{"@type":"ListItem","position":1,"name":"In\u00edcio","item":"https:\/\/portalararasdenoticias.com.br\/"},{"@type":"ListItem","position":2,"name":"Ga\u00facho tamb\u00e9m foi morto."}]},{"@type":"WebSite","@id":"https:\/\/portalararasdenoticias.com.br\/#website","url":"https:\/\/portalararasdenoticias.com.br\/","name":"Portal Araras de Not\u00edcias","description":"O Seu Portal de Not\u00edcias","potentialAction":[{"@type":"SearchAction","target":{"@type":"EntryPoint","urlTemplate":"https:\/\/portalararasdenoticias.com.br\/?s={search_term_string}"},"query-input":{"@type":"PropertyValueSpecification","valueRequired":true,"valueName":"search_term_string"}}],"inLanguage":"pt-BR"},{"@type":"Person","@id":"https:\/\/portalararasdenoticias.com.br\/#\/schema\/person\/a6190507efe29dea1049d60d05ed5c0a","name":"Portal Araras de Noticias","image":{"@type":"ImageObject","inLanguage":"pt-BR","@id":"https:\/\/portalararasdenoticias.com.br\/#\/schema\/person\/image\/","url":"https:\/\/secure.gravatar.com\/avatar\/4df7c42bc08e78bc9b6e13086fafc161bdf01220657cd93de3d828ab6c60d469?s=96&d=mm&r=g","contentUrl":"https:\/\/secure.gravatar.com\/avatar\/4df7c42bc08e78bc9b6e13086fafc161bdf01220657cd93de3d828ab6c60d469?s=96&d=mm&r=g","caption":"Portal Araras de Noticias"},"sameAs":["https:\/\/portalararasdenoticias.com.br\/"],"url":"https:\/\/portalararasdenoticias.com.br\/?author=5"}]}},"_links":{"self":[{"href":"https:\/\/portalararasdenoticias.com.br\/index.php?rest_route=\/wp\/v2\/posts\/5021","targetHints":{"allow":["GET"]}}],"collection":[{"href":"https:\/\/portalararasdenoticias.com.br\/index.php?rest_route=\/wp\/v2\/posts"}],"about":[{"href":"https:\/\/portalararasdenoticias.com.br\/index.php?rest_route=\/wp\/v2\/types\/post"}],"author":[{"embeddable":true,"href":"https:\/\/portalararasdenoticias.com.br\/index.php?rest_route=\/wp\/v2\/users\/5"}],"replies":[{"embeddable":true,"href":"https:\/\/portalararasdenoticias.com.br\/index.php?rest_route=%2Fwp%2Fv2%2Fcomments&post=5021"}],"version-history":[{"count":1,"href":"https:\/\/portalararasdenoticias.com.br\/index.php?rest_route=\/wp\/v2\/posts\/5021\/revisions"}],"predecessor-version":[{"id":5027,"href":"https:\/\/portalararasdenoticias.com.br\/index.php?rest_route=\/wp\/v2\/posts\/5021\/revisions\/5027"}],"wp:featuredmedia":[{"embeddable":true,"href":"https:\/\/portalararasdenoticias.com.br\/index.php?rest_route=\/wp\/v2\/media\/5024"}],"wp:attachment":[{"href":"https:\/\/portalararasdenoticias.com.br\/index.php?rest_route=%2Fwp%2Fv2%2Fmedia&parent=5021"}],"wp:term":[{"taxonomy":"category","embeddable":true,"href":"https:\/\/portalararasdenoticias.com.br\/index.php?rest_route=%2Fwp%2Fv2%2Fcategories&post=5021"},{"taxonomy":"post_tag","embeddable":true,"href":"https:\/\/portalararasdenoticias.com.br\/index.php?rest_route=%2Fwp%2Fv2%2Ftags&post=5021"}],"curies":[{"name":"wp","href":"https:\/\/api.w.org\/{rel}","templated":true}]}}