{"id":5089,"date":"2023-12-10T09:07:52","date_gmt":"2023-12-10T12:07:52","guid":{"rendered":"https:\/\/portalararasdenoticias.com.br\/?p=5089"},"modified":"2023-12-10T09:08:58","modified_gmt":"2023-12-10T12:08:58","slug":"jogo-dos-famosos-movimentou-arena-da-amazonia-ontem-sabado-duelo-entre-amazonas-fc-x-time-das-estrelas-reuniu-nomes-como-petkovic-e-jose-aldo","status":"publish","type":"post","link":"https:\/\/portalararasdenoticias.com.br\/?p=5089","title":{"rendered":"\u2018Jogo dos Famosos\u2019 movimentou Arena da Amaz\u00f4nia ontem s\u00e1bado Duelo entre Amazonas FC x Time das Estrelas reuniu nomes como Petkovic e Jos\u00e9 Aldo."},"content":{"rendered":"\n<p>Manaus \u2013 A Arena da Amaz\u00f4nia recebeu, ontem  s\u00e1bado (9), \u00e0s 18h, o jogo solid\u00e1rio entre Amazonas FC x Time das Estrelas.representando as mulhesres estava no time a influencer ednara ribeirinha que deu um show no gramado da Arena da Amazonia ,  O atacante Sass\u00e1, o meia Rafael Tavares e o lateral-direito Patric s\u00e3o nomes confirmados e vestiram o manto aurinegro mais uma vez em 2023. Do outro lado, convidados como os ex-atacantes Edilson e Luiz\u00e3o, pentacampe\u00f5es mundiais com a sele\u00e7\u00e3o brasileira em 2002, representaram os famosos.<\/p>\n\n\n\n<p>\u201cfoi uma grande festa. O objetivo principal dessa partida \u00e9ra arrecadar alimentos para os amazonenses afetados pela estiagem, muito severa nesse ano. tamb\u00e9m comemoramos , mais uma vez, a in\u00e9dita conquista do t\u00edtulo brasileiro do Amazonas FC, com jogadores que fizeram parte da campanha e, claro, com a ta\u00e7a\u201d, explicou Rafael Pina, organizador do evento.<\/p>\n\n\n\n<p>Al\u00e9m de Sass\u00e1, Tavares e Patric, o time aurinegro contar\u00e1 com o ex-volante Ibson, com o ex-goleiro Rascifran, com atletas da base e alguns outros que fizeram parte do elenco nesta temporada. No Time das Estrelas, o s\u00e9rvio Petkovic, os lutadores Jos\u00e9 Aldo e Acelino Freitas, o Pop\u00f3, e o ex-atacante T\u00falio Maravilha s\u00e3o os famosos que que  fizeram  frente \u00e0 On\u00e7a-pintada.<\/p>\n\n\n\n<p>Fonte: D24am. <\/p>\n\n\n\n<figure class=\"wp-block-gallery has-nested-images columns-default is-cropped wp-block-gallery-1 is-layout-flex wp-block-gallery-is-layout-flex\">\n<figure class=\"wp-block-image size-large\"><img loading=\"lazy\" decoding=\"async\" width=\"622\" height=\"350\" data-id=\"5090\" src=\"https:\/\/portalararasdenoticias.com.br\/wp-content\/uploads\/2023\/12\/622_e09ac70a-fa83-35b6-a54b-f7251d12241a.jpg\" alt=\"\" class=\"wp-image-5090\" srcset=\"https:\/\/portalararasdenoticias.com.br\/wp-content\/uploads\/2023\/12\/622_e09ac70a-fa83-35b6-a54b-f7251d12241a.jpg 622w, https:\/\/portalararasdenoticias.com.br\/wp-content\/uploads\/2023\/12\/622_e09ac70a-fa83-35b6-a54b-f7251d12241a-300x169.jpg 300w\" sizes=\"auto, (max-width: 622px) 100vw, 622px\" \/><\/figure>\n<\/figure>\n\n\n\n<figure class=\"wp-block-gallery has-nested-images columns-default is-cropped wp-block-gallery-2 is-layout-flex wp-block-gallery-is-layout-flex\">\n<figure class=\"wp-block-image size-large\"><img loading=\"lazy\" decoding=\"async\" width=\"1024\" height=\"576\" data-id=\"5091\" src=\"https:\/\/portalararasdenoticias.com.br\/wp-content\/uploads\/2023\/12\/Jose-Aldo-enfrenta-sua-pior-sequencia-de-derrotas-de-sua-carreira-1024x576.webp\" alt=\"\" class=\"wp-image-5091\" srcset=\"https:\/\/portalararasdenoticias.com.br\/wp-content\/uploads\/2023\/12\/Jose-Aldo-enfrenta-sua-pior-sequencia-de-derrotas-de-sua-carreira-1024x576.webp 1024w, https:\/\/portalararasdenoticias.com.br\/wp-content\/uploads\/2023\/12\/Jose-Aldo-enfrenta-sua-pior-sequencia-de-derrotas-de-sua-carreira-300x169.webp 300w, https:\/\/portalararasdenoticias.com.br\/wp-content\/uploads\/2023\/12\/Jose-Aldo-enfrenta-sua-pior-sequencia-de-derrotas-de-sua-carreira-768x432.webp 768w, https:\/\/portalararasdenoticias.com.br\/wp-content\/uploads\/2023\/12\/Jose-Aldo-enfrenta-sua-pior-sequencia-de-derrotas-de-sua-carreira.webp 1279w\" sizes=\"auto, (max-width: 1024px) 100vw, 1024px\" \/><\/figure>\n<\/figure>\n\n\n\n<figure class=\"wp-block-gallery has-nested-images columns-default is-cropped wp-block-gallery-3 is-layout-flex wp-block-gallery-is-layout-flex\">\n<figure class=\"wp-block-image size-large\"><img loading=\"lazy\" decoding=\"async\" width=\"400\" height=\"474\" data-id=\"5092\" src=\"https:\/\/portalararasdenoticias.com.br\/wp-content\/uploads\/2023\/12\/t-amp-uacute-lio-maravilha_20082019_170621-G.jpg\" alt=\"\" class=\"wp-image-5092\" srcset=\"https:\/\/portalararasdenoticias.com.br\/wp-content\/uploads\/2023\/12\/t-amp-uacute-lio-maravilha_20082019_170621-G.jpg 400w, https:\/\/portalararasdenoticias.com.br\/wp-content\/uploads\/2023\/12\/t-amp-uacute-lio-maravilha_20082019_170621-G-253x300.jpg 253w\" sizes=\"auto, (max-width: 400px) 100vw, 400px\" \/><\/figure>\n<\/figure>\n\n\n\n<figure class=\"wp-block-gallery has-nested-images columns-default is-cropped wp-block-gallery-4 is-layout-flex wp-block-gallery-is-layout-flex\">\n<figure class=\"wp-block-image size-large\"><img loading=\"lazy\" decoding=\"async\" width=\"272\" height=\"185\" data-id=\"5093\" src=\"https:\/\/portalararasdenoticias.com.br\/wp-content\/uploads\/2023\/12\/images-1.jpg\" alt=\"\" class=\"wp-image-5093\"\/><\/figure>\n<\/figure>\n\n\n\n<figure class=\"wp-block-gallery has-nested-images columns-default is-cropped wp-block-gallery-5 is-layout-flex wp-block-gallery-is-layout-flex\">\n<figure class=\"wp-block-image size-large\"><img loading=\"lazy\" decoding=\"async\" width=\"275\" height=\"183\" data-id=\"5094\" src=\"https:\/\/portalararasdenoticias.com.br\/wp-content\/uploads\/2023\/12\/download-1.jpg\" alt=\"\" class=\"wp-image-5094\"\/><\/figure>\n<\/figure>\n","protected":false},"excerpt":{"rendered":"<p>Manaus \u2013 A Arena da Amaz\u00f4nia recebeu, ontem s\u00e1bado (9), \u00e0s 18h, o jogo solid\u00e1rio entre Amazonas FC x Time das Estrelas.representando as mulhesres estava no time a influencer ednara ribeirinha que deu um show no gramado da Arena da Amazonia , O atacante Sass\u00e1, o meia Rafael Tavares e o lateral-direito Patric s\u00e3o nomes [&hellip;]<\/p>\n","protected":false},"author":5,"featured_media":5043,"comment_status":"open","ping_status":"open","sticky":true,"template":"","format":"standard","meta":{"footnotes":""},"categories":[34],"tags":[],"class_list":["post-5089","post","type-post","status-publish","format-standard","has-post-thumbnail","hentry","category-jornalismo"],"yoast_head":"<!-- This site is optimized with the Yoast SEO plugin v27.0 - https:\/\/yoast.com\/product\/yoast-seo-wordpress\/ -->\n<title>\u2018Jogo dos Famosos\u2019 movimentou Arena da Amaz\u00f4nia ontem s\u00e1bado Duelo entre Amazonas FC x Time das Estrelas reuniu nomes como Petkovic e Jos\u00e9 Aldo. - Portal Araras de Not\u00edcias<\/title>\n<meta name=\"robots\" content=\"index, follow, max-snippet:-1, max-image-preview:large, max-video-preview:-1\" \/>\n<link rel=\"canonical\" href=\"https:\/\/portalararasdenoticias.com.br\/?p=5089\" \/>\n<meta property=\"og:locale\" content=\"pt_BR\" \/>\n<meta property=\"og:type\" content=\"article\" \/>\n<meta property=\"og:title\" content=\"\u2018Jogo dos Famosos\u2019 movimentou Arena da Amaz\u00f4nia ontem s\u00e1bado Duelo entre Amazonas FC x Time das Estrelas reuniu nomes como Petkovic e Jos\u00e9 Aldo. - Portal Araras de Not\u00edcias\" \/>\n<meta property=\"og:description\" content=\"Manaus \u2013 A Arena da Amaz\u00f4nia recebeu, ontem s\u00e1bado (9), \u00e0s 18h, o jogo solid\u00e1rio entre Amazonas FC x Time das Estrelas.representando as mulhesres estava no time a influencer ednara ribeirinha que deu um show no gramado da Arena da Amazonia , O atacante Sass\u00e1, o meia Rafael Tavares e o lateral-direito Patric s\u00e3o nomes [&hellip;]\" \/>\n<meta property=\"og:url\" content=\"https:\/\/portalararasdenoticias.com.br\/?p=5089\" \/>\n<meta property=\"og:site_name\" content=\"Portal Araras de Not\u00edcias\" \/>\n<meta property=\"article:published_time\" content=\"2023-12-10T12:07:52+00:00\" \/>\n<meta property=\"article:modified_time\" content=\"2023-12-10T12:08:58+00:00\" \/>\n<meta property=\"og:image\" content=\"https:\/\/portalararasdenoticias.com.br\/wp-content\/uploads\/2023\/11\/03-uPg3W_400x400-1.jpg\" \/>\n\t<meta property=\"og:image:width\" content=\"400\" \/>\n\t<meta property=\"og:image:height\" content=\"400\" \/>\n\t<meta property=\"og:image:type\" content=\"image\/jpeg\" \/>\n<meta name=\"author\" content=\"Portal Araras de Noticias\" \/>\n<meta name=\"twitter:card\" content=\"summary_large_image\" \/>\n<meta name=\"twitter:label1\" content=\"Escrito por\" \/>\n\t<meta name=\"twitter:data1\" content=\"Portal Araras de Noticias\" \/>\n\t<meta name=\"twitter:label2\" content=\"Est. tempo de leitura\" \/>\n\t<meta name=\"twitter:data2\" content=\"1 minuto\" \/>\n<script type=\"application\/ld+json\" class=\"yoast-schema-graph\">{\"@context\":\"https:\/\/schema.org\",\"@graph\":[{\"@type\":\"Article\",\"@id\":\"https:\/\/portalararasdenoticias.com.br\/?p=5089#article\",\"isPartOf\":{\"@id\":\"https:\/\/portalararasdenoticias.com.br\/?p=5089\"},\"author\":{\"name\":\"Portal Araras de Noticias\",\"@id\":\"https:\/\/portalararasdenoticias.com.br\/#\/schema\/person\/a6190507efe29dea1049d60d05ed5c0a\"},\"headline\":\"\u2018Jogo dos Famosos\u2019 movimentou Arena da Amaz\u00f4nia ontem s\u00e1bado Duelo entre Amazonas FC x Time das Estrelas reuniu nomes como Petkovic e Jos\u00e9 Aldo.\",\"datePublished\":\"2023-12-10T12:07:52+00:00\",\"dateModified\":\"2023-12-10T12:08:58+00:00\",\"mainEntityOfPage\":{\"@id\":\"https:\/\/portalararasdenoticias.com.br\/?p=5089\"},\"wordCount\":243,\"commentCount\":0,\"image\":{\"@id\":\"https:\/\/portalararasdenoticias.com.br\/?p=5089#primaryimage\"},\"thumbnailUrl\":\"https:\/\/portalararasdenoticias.com.br\/wp-content\/uploads\/2023\/11\/03-uPg3W_400x400-1.jpg\",\"articleSection\":[\"jornalismo\"],\"inLanguage\":\"pt-BR\",\"potentialAction\":[{\"@type\":\"CommentAction\",\"name\":\"Comment\",\"target\":[\"https:\/\/portalararasdenoticias.com.br\/?p=5089#respond\"]}]},{\"@type\":\"WebPage\",\"@id\":\"https:\/\/portalararasdenoticias.com.br\/?p=5089\",\"url\":\"https:\/\/portalararasdenoticias.com.br\/?p=5089\",\"name\":\"\u2018Jogo dos Famosos\u2019 movimentou Arena da Amaz\u00f4nia ontem s\u00e1bado Duelo entre Amazonas FC x Time das Estrelas reuniu nomes como Petkovic e Jos\u00e9 Aldo. - Portal Araras de Not\u00edcias\",\"isPartOf\":{\"@id\":\"https:\/\/portalararasdenoticias.com.br\/#website\"},\"primaryImageOfPage\":{\"@id\":\"https:\/\/portalararasdenoticias.com.br\/?p=5089#primaryimage\"},\"image\":{\"@id\":\"https:\/\/portalararasdenoticias.com.br\/?p=5089#primaryimage\"},\"thumbnailUrl\":\"https:\/\/portalararasdenoticias.com.br\/wp-content\/uploads\/2023\/11\/03-uPg3W_400x400-1.jpg\",\"datePublished\":\"2023-12-10T12:07:52+00:00\",\"dateModified\":\"2023-12-10T12:08:58+00:00\",\"author\":{\"@id\":\"https:\/\/portalararasdenoticias.com.br\/#\/schema\/person\/a6190507efe29dea1049d60d05ed5c0a\"},\"breadcrumb\":{\"@id\":\"https:\/\/portalararasdenoticias.com.br\/?p=5089#breadcrumb\"},\"inLanguage\":\"pt-BR\",\"potentialAction\":[{\"@type\":\"ReadAction\",\"target\":[\"https:\/\/portalararasdenoticias.com.br\/?p=5089\"]}]},{\"@type\":\"ImageObject\",\"inLanguage\":\"pt-BR\",\"@id\":\"https:\/\/portalararasdenoticias.com.br\/?p=5089#primaryimage\",\"url\":\"https:\/\/portalararasdenoticias.com.br\/wp-content\/uploads\/2023\/11\/03-uPg3W_400x400-1.jpg\",\"contentUrl\":\"https:\/\/portalararasdenoticias.com.br\/wp-content\/uploads\/2023\/11\/03-uPg3W_400x400-1.jpg\",\"width\":400,\"height\":400},{\"@type\":\"BreadcrumbList\",\"@id\":\"https:\/\/portalararasdenoticias.com.br\/?p=5089#breadcrumb\",\"itemListElement\":[{\"@type\":\"ListItem\",\"position\":1,\"name\":\"In\u00edcio\",\"item\":\"https:\/\/portalararasdenoticias.com.br\/\"},{\"@type\":\"ListItem\",\"position\":2,\"name\":\"\u2018Jogo dos Famosos\u2019 movimentou Arena da Amaz\u00f4nia ontem s\u00e1bado Duelo entre Amazonas FC x Time das Estrelas reuniu nomes como Petkovic e Jos\u00e9 Aldo.\"}]},{\"@type\":\"WebSite\",\"@id\":\"https:\/\/portalararasdenoticias.com.br\/#website\",\"url\":\"https:\/\/portalararasdenoticias.com.br\/\",\"name\":\"Portal Araras de Not\u00edcias\",\"description\":\"O Seu Portal de Not\u00edcias\",\"potentialAction\":[{\"@type\":\"SearchAction\",\"target\":{\"@type\":\"EntryPoint\",\"urlTemplate\":\"https:\/\/portalararasdenoticias.com.br\/?s={search_term_string}\"},\"query-input\":{\"@type\":\"PropertyValueSpecification\",\"valueRequired\":true,\"valueName\":\"search_term_string\"}}],\"inLanguage\":\"pt-BR\"},{\"@type\":\"Person\",\"@id\":\"https:\/\/portalararasdenoticias.com.br\/#\/schema\/person\/a6190507efe29dea1049d60d05ed5c0a\",\"name\":\"Portal Araras de Noticias\",\"image\":{\"@type\":\"ImageObject\",\"inLanguage\":\"pt-BR\",\"@id\":\"https:\/\/portalararasdenoticias.com.br\/#\/schema\/person\/image\/\",\"url\":\"https:\/\/secure.gravatar.com\/avatar\/4df7c42bc08e78bc9b6e13086fafc161bdf01220657cd93de3d828ab6c60d469?s=96&d=mm&r=g\",\"contentUrl\":\"https:\/\/secure.gravatar.com\/avatar\/4df7c42bc08e78bc9b6e13086fafc161bdf01220657cd93de3d828ab6c60d469?s=96&d=mm&r=g\",\"caption\":\"Portal Araras de Noticias\"},\"sameAs\":[\"https:\/\/portalararasdenoticias.com.br\/\"],\"url\":\"https:\/\/portalararasdenoticias.com.br\/?author=5\"}]}<\/script>\n<!-- \/ Yoast SEO plugin. -->","yoast_head_json":{"title":"\u2018Jogo dos Famosos\u2019 movimentou Arena da Amaz\u00f4nia ontem s\u00e1bado Duelo entre Amazonas FC x Time das Estrelas reuniu nomes como Petkovic e Jos\u00e9 Aldo. - Portal Araras de Not\u00edcias","robots":{"index":"index","follow":"follow","max-snippet":"max-snippet:-1","max-image-preview":"max-image-preview:large","max-video-preview":"max-video-preview:-1"},"canonical":"https:\/\/portalararasdenoticias.com.br\/?p=5089","og_locale":"pt_BR","og_type":"article","og_title":"\u2018Jogo dos Famosos\u2019 movimentou Arena da Amaz\u00f4nia ontem s\u00e1bado Duelo entre Amazonas FC x Time das Estrelas reuniu nomes como Petkovic e Jos\u00e9 Aldo. - Portal Araras de Not\u00edcias","og_description":"Manaus \u2013 A Arena da Amaz\u00f4nia recebeu, ontem s\u00e1bado (9), \u00e0s 18h, o jogo solid\u00e1rio entre Amazonas FC x Time das Estrelas.representando as mulhesres estava no time a influencer ednara ribeirinha que deu um show no gramado da Arena da Amazonia , O atacante Sass\u00e1, o meia Rafael Tavares e o lateral-direito Patric s\u00e3o nomes [&hellip;]","og_url":"https:\/\/portalararasdenoticias.com.br\/?p=5089","og_site_name":"Portal Araras de Not\u00edcias","article_published_time":"2023-12-10T12:07:52+00:00","article_modified_time":"2023-12-10T12:08:58+00:00","og_image":[{"width":400,"height":400,"url":"https:\/\/portalararasdenoticias.com.br\/wp-content\/uploads\/2023\/11\/03-uPg3W_400x400-1.jpg","type":"image\/jpeg"}],"author":"Portal Araras de Noticias","twitter_card":"summary_large_image","twitter_misc":{"Escrito por":"Portal Araras de Noticias","Est. tempo de leitura":"1 minuto"},"schema":{"@context":"https:\/\/schema.org","@graph":[{"@type":"Article","@id":"https:\/\/portalararasdenoticias.com.br\/?p=5089#article","isPartOf":{"@id":"https:\/\/portalararasdenoticias.com.br\/?p=5089"},"author":{"name":"Portal Araras de Noticias","@id":"https:\/\/portalararasdenoticias.com.br\/#\/schema\/person\/a6190507efe29dea1049d60d05ed5c0a"},"headline":"\u2018Jogo dos Famosos\u2019 movimentou Arena da Amaz\u00f4nia ontem s\u00e1bado Duelo entre Amazonas FC x Time das Estrelas reuniu nomes como Petkovic e Jos\u00e9 Aldo.","datePublished":"2023-12-10T12:07:52+00:00","dateModified":"2023-12-10T12:08:58+00:00","mainEntityOfPage":{"@id":"https:\/\/portalararasdenoticias.com.br\/?p=5089"},"wordCount":243,"commentCount":0,"image":{"@id":"https:\/\/portalararasdenoticias.com.br\/?p=5089#primaryimage"},"thumbnailUrl":"https:\/\/portalararasdenoticias.com.br\/wp-content\/uploads\/2023\/11\/03-uPg3W_400x400-1.jpg","articleSection":["jornalismo"],"inLanguage":"pt-BR","potentialAction":[{"@type":"CommentAction","name":"Comment","target":["https:\/\/portalararasdenoticias.com.br\/?p=5089#respond"]}]},{"@type":"WebPage","@id":"https:\/\/portalararasdenoticias.com.br\/?p=5089","url":"https:\/\/portalararasdenoticias.com.br\/?p=5089","name":"\u2018Jogo dos Famosos\u2019 movimentou Arena da Amaz\u00f4nia ontem s\u00e1bado Duelo entre Amazonas FC x Time das Estrelas reuniu nomes como Petkovic e Jos\u00e9 Aldo. - Portal Araras de Not\u00edcias","isPartOf":{"@id":"https:\/\/portalararasdenoticias.com.br\/#website"},"primaryImageOfPage":{"@id":"https:\/\/portalararasdenoticias.com.br\/?p=5089#primaryimage"},"image":{"@id":"https:\/\/portalararasdenoticias.com.br\/?p=5089#primaryimage"},"thumbnailUrl":"https:\/\/portalararasdenoticias.com.br\/wp-content\/uploads\/2023\/11\/03-uPg3W_400x400-1.jpg","datePublished":"2023-12-10T12:07:52+00:00","dateModified":"2023-12-10T12:08:58+00:00","author":{"@id":"https:\/\/portalararasdenoticias.com.br\/#\/schema\/person\/a6190507efe29dea1049d60d05ed5c0a"},"breadcrumb":{"@id":"https:\/\/portalararasdenoticias.com.br\/?p=5089#breadcrumb"},"inLanguage":"pt-BR","potentialAction":[{"@type":"ReadAction","target":["https:\/\/portalararasdenoticias.com.br\/?p=5089"]}]},{"@type":"ImageObject","inLanguage":"pt-BR","@id":"https:\/\/portalararasdenoticias.com.br\/?p=5089#primaryimage","url":"https:\/\/portalararasdenoticias.com.br\/wp-content\/uploads\/2023\/11\/03-uPg3W_400x400-1.jpg","contentUrl":"https:\/\/portalararasdenoticias.com.br\/wp-content\/uploads\/2023\/11\/03-uPg3W_400x400-1.jpg","width":400,"height":400},{"@type":"BreadcrumbList","@id":"https:\/\/portalararasdenoticias.com.br\/?p=5089#breadcrumb","itemListElement":[{"@type":"ListItem","position":1,"name":"In\u00edcio","item":"https:\/\/portalararasdenoticias.com.br\/"},{"@type":"ListItem","position":2,"name":"\u2018Jogo dos Famosos\u2019 movimentou Arena da Amaz\u00f4nia ontem s\u00e1bado Duelo entre Amazonas FC x Time das Estrelas reuniu nomes como Petkovic e Jos\u00e9 Aldo."}]},{"@type":"WebSite","@id":"https:\/\/portalararasdenoticias.com.br\/#website","url":"https:\/\/portalararasdenoticias.com.br\/","name":"Portal Araras de Not\u00edcias","description":"O Seu Portal de Not\u00edcias","potentialAction":[{"@type":"SearchAction","target":{"@type":"EntryPoint","urlTemplate":"https:\/\/portalararasdenoticias.com.br\/?s={search_term_string}"},"query-input":{"@type":"PropertyValueSpecification","valueRequired":true,"valueName":"search_term_string"}}],"inLanguage":"pt-BR"},{"@type":"Person","@id":"https:\/\/portalararasdenoticias.com.br\/#\/schema\/person\/a6190507efe29dea1049d60d05ed5c0a","name":"Portal Araras de Noticias","image":{"@type":"ImageObject","inLanguage":"pt-BR","@id":"https:\/\/portalararasdenoticias.com.br\/#\/schema\/person\/image\/","url":"https:\/\/secure.gravatar.com\/avatar\/4df7c42bc08e78bc9b6e13086fafc161bdf01220657cd93de3d828ab6c60d469?s=96&d=mm&r=g","contentUrl":"https:\/\/secure.gravatar.com\/avatar\/4df7c42bc08e78bc9b6e13086fafc161bdf01220657cd93de3d828ab6c60d469?s=96&d=mm&r=g","caption":"Portal Araras de Noticias"},"sameAs":["https:\/\/portalararasdenoticias.com.br\/"],"url":"https:\/\/portalararasdenoticias.com.br\/?author=5"}]}},"_links":{"self":[{"href":"https:\/\/portalararasdenoticias.com.br\/index.php?rest_route=\/wp\/v2\/posts\/5089","targetHints":{"allow":["GET"]}}],"collection":[{"href":"https:\/\/portalararasdenoticias.com.br\/index.php?rest_route=\/wp\/v2\/posts"}],"about":[{"href":"https:\/\/portalararasdenoticias.com.br\/index.php?rest_route=\/wp\/v2\/types\/post"}],"author":[{"embeddable":true,"href":"https:\/\/portalararasdenoticias.com.br\/index.php?rest_route=\/wp\/v2\/users\/5"}],"replies":[{"embeddable":true,"href":"https:\/\/portalararasdenoticias.com.br\/index.php?rest_route=%2Fwp%2Fv2%2Fcomments&post=5089"}],"version-history":[{"count":1,"href":"https:\/\/portalararasdenoticias.com.br\/index.php?rest_route=\/wp\/v2\/posts\/5089\/revisions"}],"predecessor-version":[{"id":5095,"href":"https:\/\/portalararasdenoticias.com.br\/index.php?rest_route=\/wp\/v2\/posts\/5089\/revisions\/5095"}],"wp:featuredmedia":[{"embeddable":true,"href":"https:\/\/portalararasdenoticias.com.br\/index.php?rest_route=\/wp\/v2\/media\/5043"}],"wp:attachment":[{"href":"https:\/\/portalararasdenoticias.com.br\/index.php?rest_route=%2Fwp%2Fv2%2Fmedia&parent=5089"}],"wp:term":[{"taxonomy":"category","embeddable":true,"href":"https:\/\/portalararasdenoticias.com.br\/index.php?rest_route=%2Fwp%2Fv2%2Fcategories&post=5089"},{"taxonomy":"post_tag","embeddable":true,"href":"https:\/\/portalararasdenoticias.com.br\/index.php?rest_route=%2Fwp%2Fv2%2Ftags&post=5089"}],"curies":[{"name":"wp","href":"https:\/\/api.w.org\/{rel}","templated":true}]}}