{"id":5098,"date":"2023-12-15T03:31:53","date_gmt":"2023-12-15T06:31:53","guid":{"rendered":"https:\/\/portalararasdenoticias.com.br\/?p=5098"},"modified":"2023-12-15T03:32:59","modified_gmt":"2023-12-15T06:32:59","slug":"azul-linhas-aereas-e-a-nova-patrocinadora-oficial-do-festival-de-parintins-2024","status":"publish","type":"post","link":"https:\/\/portalararasdenoticias.com.br\/?p=5098","title":{"rendered":"Azul Linhas A\u00e9reas \u00e9 a Nova Patrocinadora Oficial do Festival de Parintins 2024."},"content":{"rendered":"\n<p>A mais recente adi\u00e7\u00e3o aos apoiadores do Festival de Parintins 2024 chega em grande estilo: a Azul Linhas A\u00e9reas. A companhia a\u00e9rea compromete-se a elevar a visibilidade do festival, utilizando uma ampla gama de canais de divulga\u00e7\u00e3o, incluindo avi\u00f5es, \u00f4nibus, TVs de bordo, r\u00e1dio, revistas e muito mais.<br>O patroc\u00ednio dedicado ao Caprichoso e Garantido promete impulsionar os espet\u00e1culos no Bumb\u00f3dromo, proporcionando uma experi\u00eancia \u00fanica aos espectadores. Al\u00e9m disso, a Azul conduzir\u00e1 uma extensa campanha de incentivo para viagens ao Amazonas, beneficiando toda a cadeia tur\u00edstica da regi\u00e3o.<br>A parceria entre a Azul e o Festival de Parintins 2024 promete cativar milh\u00f5es de pessoas que utilizam os servi\u00e7os da companhia a\u00e9rea e da Azul Viagens mensalmente. Uma colabora\u00e7\u00e3o que n\u00e3o apenas fortalece o evento cultural, mas tamb\u00e9m promove a rica heran\u00e7a da Amaz\u00f4nia para um p\u00fablico global.<\/p>\n\n\n\n<figure class=\"wp-block-gallery has-nested-images columns-default is-cropped wp-block-gallery-1 is-layout-flex wp-block-gallery-is-layout-flex\">\n<figure class=\"wp-block-image size-large\"><img loading=\"lazy\" decoding=\"async\" width=\"1024\" height=\"684\" data-id=\"5100\" src=\"https:\/\/portalararasdenoticias.com.br\/wp-content\/uploads\/2023\/12\/E195-Azul-1024x684.jpg\" alt=\"\" class=\"wp-image-5100\" srcset=\"https:\/\/portalararasdenoticias.com.br\/wp-content\/uploads\/2023\/12\/E195-Azul-1024x684.jpg 1024w, https:\/\/portalararasdenoticias.com.br\/wp-content\/uploads\/2023\/12\/E195-Azul-300x200.jpg 300w, https:\/\/portalararasdenoticias.com.br\/wp-content\/uploads\/2023\/12\/E195-Azul-768x513.jpg 768w, https:\/\/portalararasdenoticias.com.br\/wp-content\/uploads\/2023\/12\/E195-Azul.jpg 1200w\" sizes=\"auto, (max-width: 1024px) 100vw, 1024px\" \/><\/figure>\n<\/figure>\n\n\n\n<figure class=\"wp-block-gallery has-nested-images columns-default is-cropped wp-block-gallery-2 is-layout-flex wp-block-gallery-is-layout-flex\">\n<figure class=\"wp-block-image size-large\"><img loading=\"lazy\" decoding=\"async\" width=\"1024\" height=\"645\" data-id=\"5101\" src=\"https:\/\/portalararasdenoticias.com.br\/wp-content\/uploads\/2023\/12\/AMAZONASTUR_BUMBODROMO_FOTO-TACIO-MELO-5-1024x645.jpeg\" alt=\"\" class=\"wp-image-5101\" srcset=\"https:\/\/portalararasdenoticias.com.br\/wp-content\/uploads\/2023\/12\/AMAZONASTUR_BUMBODROMO_FOTO-TACIO-MELO-5-1024x645.jpeg 1024w, https:\/\/portalararasdenoticias.com.br\/wp-content\/uploads\/2023\/12\/AMAZONASTUR_BUMBODROMO_FOTO-TACIO-MELO-5-300x189.jpeg 300w, https:\/\/portalararasdenoticias.com.br\/wp-content\/uploads\/2023\/12\/AMAZONASTUR_BUMBODROMO_FOTO-TACIO-MELO-5-768x484.jpeg 768w, https:\/\/portalararasdenoticias.com.br\/wp-content\/uploads\/2023\/12\/AMAZONASTUR_BUMBODROMO_FOTO-TACIO-MELO-5-1536x968.jpeg 1536w, https:\/\/portalararasdenoticias.com.br\/wp-content\/uploads\/2023\/12\/AMAZONASTUR_BUMBODROMO_FOTO-TACIO-MELO-5.jpeg 1600w\" sizes=\"auto, (max-width: 1024px) 100vw, 1024px\" \/><\/figure>\n<\/figure>\n\n\n\n<figure class=\"wp-block-gallery has-nested-images columns-default is-cropped wp-block-gallery-3 is-layout-flex wp-block-gallery-is-layout-flex\">\n<figure class=\"wp-block-image size-large\"><img loading=\"lazy\" decoding=\"async\" width=\"1024\" height=\"682\" data-id=\"5102\" src=\"https:\/\/portalararasdenoticias.com.br\/wp-content\/uploads\/2023\/12\/IMG-20210802-WA0007-1.webp\" alt=\"\" class=\"wp-image-5102\" srcset=\"https:\/\/portalararasdenoticias.com.br\/wp-content\/uploads\/2023\/12\/IMG-20210802-WA0007-1.webp 1024w, https:\/\/portalararasdenoticias.com.br\/wp-content\/uploads\/2023\/12\/IMG-20210802-WA0007-1-300x200.webp 300w, https:\/\/portalararasdenoticias.com.br\/wp-content\/uploads\/2023\/12\/IMG-20210802-WA0007-1-768x512.webp 768w\" sizes=\"auto, (max-width: 1024px) 100vw, 1024px\" \/><\/figure>\n<\/figure>\n","protected":false},"excerpt":{"rendered":"<p>A mais recente adi\u00e7\u00e3o aos apoiadores do Festival de Parintins 2024 chega em grande estilo: a Azul Linhas A\u00e9reas. A companhia a\u00e9rea compromete-se a elevar a visibilidade do festival, utilizando uma ampla gama de canais de divulga\u00e7\u00e3o, incluindo avi\u00f5es, \u00f4nibus, TVs de bordo, r\u00e1dio, revistas e muito mais.O patroc\u00ednio dedicado ao Caprichoso e Garantido promete [&hellip;]<\/p>\n","protected":false},"author":5,"featured_media":5099,"comment_status":"open","ping_status":"open","sticky":true,"template":"","format":"standard","meta":{"footnotes":""},"categories":[34],"tags":[],"class_list":["post-5098","post","type-post","status-publish","format-standard","has-post-thumbnail","hentry","category-jornalismo"],"yoast_head":"<!-- This site is optimized with the Yoast SEO plugin v27.0 - https:\/\/yoast.com\/product\/yoast-seo-wordpress\/ -->\n<title>Azul Linhas A\u00e9reas \u00e9 a Nova Patrocinadora Oficial do Festival de Parintins 2024. - Portal Araras de Not\u00edcias<\/title>\n<meta name=\"robots\" content=\"index, follow, max-snippet:-1, max-image-preview:large, max-video-preview:-1\" \/>\n<link rel=\"canonical\" href=\"https:\/\/portalararasdenoticias.com.br\/?p=5098\" \/>\n<meta property=\"og:locale\" content=\"pt_BR\" \/>\n<meta property=\"og:type\" content=\"article\" \/>\n<meta property=\"og:title\" content=\"Azul Linhas A\u00e9reas \u00e9 a Nova Patrocinadora Oficial do Festival de Parintins 2024. - Portal Araras de Not\u00edcias\" \/>\n<meta property=\"og:description\" content=\"A mais recente adi\u00e7\u00e3o aos apoiadores do Festival de Parintins 2024 chega em grande estilo: a Azul Linhas A\u00e9reas. A companhia a\u00e9rea compromete-se a elevar a visibilidade do festival, utilizando uma ampla gama de canais de divulga\u00e7\u00e3o, incluindo avi\u00f5es, \u00f4nibus, TVs de bordo, r\u00e1dio, revistas e muito mais.O patroc\u00ednio dedicado ao Caprichoso e Garantido promete [&hellip;]\" \/>\n<meta property=\"og:url\" content=\"https:\/\/portalararasdenoticias.com.br\/?p=5098\" \/>\n<meta property=\"og:site_name\" content=\"Portal Araras de Not\u00edcias\" \/>\n<meta property=\"article:published_time\" content=\"2023-12-15T06:31:53+00:00\" \/>\n<meta property=\"article:modified_time\" content=\"2023-12-15T06:32:59+00:00\" \/>\n<meta property=\"og:image\" content=\"https:\/\/portalararasdenoticias.com.br\/wp-content\/uploads\/2023\/12\/IMG-20210802-WA0007.webp\" \/>\n\t<meta property=\"og:image:width\" content=\"1024\" \/>\n\t<meta property=\"og:image:height\" content=\"682\" \/>\n\t<meta property=\"og:image:type\" content=\"image\/webp\" \/>\n<meta name=\"author\" content=\"Portal Araras de Noticias\" \/>\n<meta name=\"twitter:card\" content=\"summary_large_image\" \/>\n<meta name=\"twitter:label1\" content=\"Escrito por\" \/>\n\t<meta name=\"twitter:data1\" content=\"Portal Araras de Noticias\" \/>\n\t<meta name=\"twitter:label2\" content=\"Est. tempo de leitura\" \/>\n\t<meta name=\"twitter:data2\" content=\"1 minuto\" \/>\n<script type=\"application\/ld+json\" class=\"yoast-schema-graph\">{\"@context\":\"https:\/\/schema.org\",\"@graph\":[{\"@type\":\"Article\",\"@id\":\"https:\/\/portalararasdenoticias.com.br\/?p=5098#article\",\"isPartOf\":{\"@id\":\"https:\/\/portalararasdenoticias.com.br\/?p=5098\"},\"author\":{\"name\":\"Portal Araras de Noticias\",\"@id\":\"https:\/\/portalararasdenoticias.com.br\/#\/schema\/person\/a6190507efe29dea1049d60d05ed5c0a\"},\"headline\":\"Azul Linhas A\u00e9reas \u00e9 a Nova Patrocinadora Oficial do Festival de Parintins 2024.\",\"datePublished\":\"2023-12-15T06:31:53+00:00\",\"dateModified\":\"2023-12-15T06:32:59+00:00\",\"mainEntityOfPage\":{\"@id\":\"https:\/\/portalararasdenoticias.com.br\/?p=5098\"},\"wordCount\":169,\"commentCount\":0,\"image\":{\"@id\":\"https:\/\/portalararasdenoticias.com.br\/?p=5098#primaryimage\"},\"thumbnailUrl\":\"https:\/\/portalararasdenoticias.com.br\/wp-content\/uploads\/2023\/12\/IMG-20210802-WA0007.webp\",\"articleSection\":[\"jornalismo\"],\"inLanguage\":\"pt-BR\",\"potentialAction\":[{\"@type\":\"CommentAction\",\"name\":\"Comment\",\"target\":[\"https:\/\/portalararasdenoticias.com.br\/?p=5098#respond\"]}]},{\"@type\":\"WebPage\",\"@id\":\"https:\/\/portalararasdenoticias.com.br\/?p=5098\",\"url\":\"https:\/\/portalararasdenoticias.com.br\/?p=5098\",\"name\":\"Azul Linhas A\u00e9reas \u00e9 a Nova Patrocinadora Oficial do Festival de Parintins 2024. - Portal Araras de Not\u00edcias\",\"isPartOf\":{\"@id\":\"https:\/\/portalararasdenoticias.com.br\/#website\"},\"primaryImageOfPage\":{\"@id\":\"https:\/\/portalararasdenoticias.com.br\/?p=5098#primaryimage\"},\"image\":{\"@id\":\"https:\/\/portalararasdenoticias.com.br\/?p=5098#primaryimage\"},\"thumbnailUrl\":\"https:\/\/portalararasdenoticias.com.br\/wp-content\/uploads\/2023\/12\/IMG-20210802-WA0007.webp\",\"datePublished\":\"2023-12-15T06:31:53+00:00\",\"dateModified\":\"2023-12-15T06:32:59+00:00\",\"author\":{\"@id\":\"https:\/\/portalararasdenoticias.com.br\/#\/schema\/person\/a6190507efe29dea1049d60d05ed5c0a\"},\"breadcrumb\":{\"@id\":\"https:\/\/portalararasdenoticias.com.br\/?p=5098#breadcrumb\"},\"inLanguage\":\"pt-BR\",\"potentialAction\":[{\"@type\":\"ReadAction\",\"target\":[\"https:\/\/portalararasdenoticias.com.br\/?p=5098\"]}]},{\"@type\":\"ImageObject\",\"inLanguage\":\"pt-BR\",\"@id\":\"https:\/\/portalararasdenoticias.com.br\/?p=5098#primaryimage\",\"url\":\"https:\/\/portalararasdenoticias.com.br\/wp-content\/uploads\/2023\/12\/IMG-20210802-WA0007.webp\",\"contentUrl\":\"https:\/\/portalararasdenoticias.com.br\/wp-content\/uploads\/2023\/12\/IMG-20210802-WA0007.webp\",\"width\":1024,\"height\":682},{\"@type\":\"BreadcrumbList\",\"@id\":\"https:\/\/portalararasdenoticias.com.br\/?p=5098#breadcrumb\",\"itemListElement\":[{\"@type\":\"ListItem\",\"position\":1,\"name\":\"In\u00edcio\",\"item\":\"https:\/\/portalararasdenoticias.com.br\/\"},{\"@type\":\"ListItem\",\"position\":2,\"name\":\"Azul Linhas A\u00e9reas \u00e9 a Nova Patrocinadora Oficial do Festival de Parintins 2024.\"}]},{\"@type\":\"WebSite\",\"@id\":\"https:\/\/portalararasdenoticias.com.br\/#website\",\"url\":\"https:\/\/portalararasdenoticias.com.br\/\",\"name\":\"Portal Araras de Not\u00edcias\",\"description\":\"O Seu Portal de Not\u00edcias\",\"potentialAction\":[{\"@type\":\"SearchAction\",\"target\":{\"@type\":\"EntryPoint\",\"urlTemplate\":\"https:\/\/portalararasdenoticias.com.br\/?s={search_term_string}\"},\"query-input\":{\"@type\":\"PropertyValueSpecification\",\"valueRequired\":true,\"valueName\":\"search_term_string\"}}],\"inLanguage\":\"pt-BR\"},{\"@type\":\"Person\",\"@id\":\"https:\/\/portalararasdenoticias.com.br\/#\/schema\/person\/a6190507efe29dea1049d60d05ed5c0a\",\"name\":\"Portal Araras de Noticias\",\"image\":{\"@type\":\"ImageObject\",\"inLanguage\":\"pt-BR\",\"@id\":\"https:\/\/portalararasdenoticias.com.br\/#\/schema\/person\/image\/\",\"url\":\"https:\/\/secure.gravatar.com\/avatar\/4df7c42bc08e78bc9b6e13086fafc161bdf01220657cd93de3d828ab6c60d469?s=96&d=mm&r=g\",\"contentUrl\":\"https:\/\/secure.gravatar.com\/avatar\/4df7c42bc08e78bc9b6e13086fafc161bdf01220657cd93de3d828ab6c60d469?s=96&d=mm&r=g\",\"caption\":\"Portal Araras de Noticias\"},\"sameAs\":[\"https:\/\/portalararasdenoticias.com.br\/\"],\"url\":\"https:\/\/portalararasdenoticias.com.br\/?author=5\"}]}<\/script>\n<!-- \/ Yoast SEO plugin. -->","yoast_head_json":{"title":"Azul Linhas A\u00e9reas \u00e9 a Nova Patrocinadora Oficial do Festival de Parintins 2024. - Portal Araras de Not\u00edcias","robots":{"index":"index","follow":"follow","max-snippet":"max-snippet:-1","max-image-preview":"max-image-preview:large","max-video-preview":"max-video-preview:-1"},"canonical":"https:\/\/portalararasdenoticias.com.br\/?p=5098","og_locale":"pt_BR","og_type":"article","og_title":"Azul Linhas A\u00e9reas \u00e9 a Nova Patrocinadora Oficial do Festival de Parintins 2024. - Portal Araras de Not\u00edcias","og_description":"A mais recente adi\u00e7\u00e3o aos apoiadores do Festival de Parintins 2024 chega em grande estilo: a Azul Linhas A\u00e9reas. A companhia a\u00e9rea compromete-se a elevar a visibilidade do festival, utilizando uma ampla gama de canais de divulga\u00e7\u00e3o, incluindo avi\u00f5es, \u00f4nibus, TVs de bordo, r\u00e1dio, revistas e muito mais.O patroc\u00ednio dedicado ao Caprichoso e Garantido promete [&hellip;]","og_url":"https:\/\/portalararasdenoticias.com.br\/?p=5098","og_site_name":"Portal Araras de Not\u00edcias","article_published_time":"2023-12-15T06:31:53+00:00","article_modified_time":"2023-12-15T06:32:59+00:00","og_image":[{"width":1024,"height":682,"url":"https:\/\/portalararasdenoticias.com.br\/wp-content\/uploads\/2023\/12\/IMG-20210802-WA0007.webp","type":"image\/webp"}],"author":"Portal Araras de Noticias","twitter_card":"summary_large_image","twitter_misc":{"Escrito por":"Portal Araras de Noticias","Est. tempo de leitura":"1 minuto"},"schema":{"@context":"https:\/\/schema.org","@graph":[{"@type":"Article","@id":"https:\/\/portalararasdenoticias.com.br\/?p=5098#article","isPartOf":{"@id":"https:\/\/portalararasdenoticias.com.br\/?p=5098"},"author":{"name":"Portal Araras de Noticias","@id":"https:\/\/portalararasdenoticias.com.br\/#\/schema\/person\/a6190507efe29dea1049d60d05ed5c0a"},"headline":"Azul Linhas A\u00e9reas \u00e9 a Nova Patrocinadora Oficial do Festival de Parintins 2024.","datePublished":"2023-12-15T06:31:53+00:00","dateModified":"2023-12-15T06:32:59+00:00","mainEntityOfPage":{"@id":"https:\/\/portalararasdenoticias.com.br\/?p=5098"},"wordCount":169,"commentCount":0,"image":{"@id":"https:\/\/portalararasdenoticias.com.br\/?p=5098#primaryimage"},"thumbnailUrl":"https:\/\/portalararasdenoticias.com.br\/wp-content\/uploads\/2023\/12\/IMG-20210802-WA0007.webp","articleSection":["jornalismo"],"inLanguage":"pt-BR","potentialAction":[{"@type":"CommentAction","name":"Comment","target":["https:\/\/portalararasdenoticias.com.br\/?p=5098#respond"]}]},{"@type":"WebPage","@id":"https:\/\/portalararasdenoticias.com.br\/?p=5098","url":"https:\/\/portalararasdenoticias.com.br\/?p=5098","name":"Azul Linhas A\u00e9reas \u00e9 a Nova Patrocinadora Oficial do Festival de Parintins 2024. - Portal Araras de Not\u00edcias","isPartOf":{"@id":"https:\/\/portalararasdenoticias.com.br\/#website"},"primaryImageOfPage":{"@id":"https:\/\/portalararasdenoticias.com.br\/?p=5098#primaryimage"},"image":{"@id":"https:\/\/portalararasdenoticias.com.br\/?p=5098#primaryimage"},"thumbnailUrl":"https:\/\/portalararasdenoticias.com.br\/wp-content\/uploads\/2023\/12\/IMG-20210802-WA0007.webp","datePublished":"2023-12-15T06:31:53+00:00","dateModified":"2023-12-15T06:32:59+00:00","author":{"@id":"https:\/\/portalararasdenoticias.com.br\/#\/schema\/person\/a6190507efe29dea1049d60d05ed5c0a"},"breadcrumb":{"@id":"https:\/\/portalararasdenoticias.com.br\/?p=5098#breadcrumb"},"inLanguage":"pt-BR","potentialAction":[{"@type":"ReadAction","target":["https:\/\/portalararasdenoticias.com.br\/?p=5098"]}]},{"@type":"ImageObject","inLanguage":"pt-BR","@id":"https:\/\/portalararasdenoticias.com.br\/?p=5098#primaryimage","url":"https:\/\/portalararasdenoticias.com.br\/wp-content\/uploads\/2023\/12\/IMG-20210802-WA0007.webp","contentUrl":"https:\/\/portalararasdenoticias.com.br\/wp-content\/uploads\/2023\/12\/IMG-20210802-WA0007.webp","width":1024,"height":682},{"@type":"BreadcrumbList","@id":"https:\/\/portalararasdenoticias.com.br\/?p=5098#breadcrumb","itemListElement":[{"@type":"ListItem","position":1,"name":"In\u00edcio","item":"https:\/\/portalararasdenoticias.com.br\/"},{"@type":"ListItem","position":2,"name":"Azul Linhas A\u00e9reas \u00e9 a Nova Patrocinadora Oficial do Festival de Parintins 2024."}]},{"@type":"WebSite","@id":"https:\/\/portalararasdenoticias.com.br\/#website","url":"https:\/\/portalararasdenoticias.com.br\/","name":"Portal Araras de Not\u00edcias","description":"O Seu Portal de Not\u00edcias","potentialAction":[{"@type":"SearchAction","target":{"@type":"EntryPoint","urlTemplate":"https:\/\/portalararasdenoticias.com.br\/?s={search_term_string}"},"query-input":{"@type":"PropertyValueSpecification","valueRequired":true,"valueName":"search_term_string"}}],"inLanguage":"pt-BR"},{"@type":"Person","@id":"https:\/\/portalararasdenoticias.com.br\/#\/schema\/person\/a6190507efe29dea1049d60d05ed5c0a","name":"Portal Araras de Noticias","image":{"@type":"ImageObject","inLanguage":"pt-BR","@id":"https:\/\/portalararasdenoticias.com.br\/#\/schema\/person\/image\/","url":"https:\/\/secure.gravatar.com\/avatar\/4df7c42bc08e78bc9b6e13086fafc161bdf01220657cd93de3d828ab6c60d469?s=96&d=mm&r=g","contentUrl":"https:\/\/secure.gravatar.com\/avatar\/4df7c42bc08e78bc9b6e13086fafc161bdf01220657cd93de3d828ab6c60d469?s=96&d=mm&r=g","caption":"Portal Araras de Noticias"},"sameAs":["https:\/\/portalararasdenoticias.com.br\/"],"url":"https:\/\/portalararasdenoticias.com.br\/?author=5"}]}},"_links":{"self":[{"href":"https:\/\/portalararasdenoticias.com.br\/index.php?rest_route=\/wp\/v2\/posts\/5098","targetHints":{"allow":["GET"]}}],"collection":[{"href":"https:\/\/portalararasdenoticias.com.br\/index.php?rest_route=\/wp\/v2\/posts"}],"about":[{"href":"https:\/\/portalararasdenoticias.com.br\/index.php?rest_route=\/wp\/v2\/types\/post"}],"author":[{"embeddable":true,"href":"https:\/\/portalararasdenoticias.com.br\/index.php?rest_route=\/wp\/v2\/users\/5"}],"replies":[{"embeddable":true,"href":"https:\/\/portalararasdenoticias.com.br\/index.php?rest_route=%2Fwp%2Fv2%2Fcomments&post=5098"}],"version-history":[{"count":1,"href":"https:\/\/portalararasdenoticias.com.br\/index.php?rest_route=\/wp\/v2\/posts\/5098\/revisions"}],"predecessor-version":[{"id":5103,"href":"https:\/\/portalararasdenoticias.com.br\/index.php?rest_route=\/wp\/v2\/posts\/5098\/revisions\/5103"}],"wp:featuredmedia":[{"embeddable":true,"href":"https:\/\/portalararasdenoticias.com.br\/index.php?rest_route=\/wp\/v2\/media\/5099"}],"wp:attachment":[{"href":"https:\/\/portalararasdenoticias.com.br\/index.php?rest_route=%2Fwp%2Fv2%2Fmedia&parent=5098"}],"wp:term":[{"taxonomy":"category","embeddable":true,"href":"https:\/\/portalararasdenoticias.com.br\/index.php?rest_route=%2Fwp%2Fv2%2Fcategories&post=5098"},{"taxonomy":"post_tag","embeddable":true,"href":"https:\/\/portalararasdenoticias.com.br\/index.php?rest_route=%2Fwp%2Fv2%2Ftags&post=5098"}],"curies":[{"name":"wp","href":"https:\/\/api.w.org\/{rel}","templated":true}]}}