{"id":5124,"date":"2023-12-29T23:01:18","date_gmt":"2023-12-30T02:01:18","guid":{"rendered":"https:\/\/portalararasdenoticias.com.br\/?p=5124"},"modified":"2023-12-29T23:02:24","modified_gmt":"2023-12-30T02:02:24","slug":"suspeito-de-atirar-contra-viatura-da-pm-e-preso-em-beco-da-compensa-em-manaus","status":"publish","type":"post","link":"https:\/\/portalararasdenoticias.com.br\/?p=5124","title":{"rendered":"Suspeito de atirar contra viatura da PM \u00e9 preso em beco da Compensa, em Manaus."},"content":{"rendered":"\n<p>Na noite desta quinta-feira (28), uma opera\u00e7\u00e3o conjunta envolvendo Policiais Militares (PM), Rondas Ostensivas C\u00e2ndido Mariano (ROCAM), Companhia Independente de Policiamento com C\u00e3es (CIPC\u00e3es) e o Batalh\u00e3o de Choque resultou na pris\u00e3o de um dos indiv\u00edduos envolvidos em disparos contra uma viatura da PM. O ataque ocorreu na Avenida Brasil, bairro Compensa 2, na Zona Oeste de Manaus. A pris\u00e3o foi efetuada horas ap\u00f3s o atentado no beco Santa Luzia.<\/p>\n\n\n\n<p>Segundo relatos policiais, por volta das 20:30h, aproximadamente dois criminosos armados sa\u00edram a p\u00e9 de um beco e realizaram disparos, atingindo a viatura com tr\u00eas tiros, enquanto os demais atingiram uma parada de \u00f4nibus, deixando-a completamente destru\u00edda. Apesar dos danos materiais, os policiais que estavam na viatura n\u00e3o sofreram ferimentos.<\/p>\n\n\n\n<p>Ap\u00f3s a a\u00e7\u00e3o criminosa, a opera\u00e7\u00e3o conjunta foi acionada e resultou na pris\u00e3o de um dos suspeitos, que, durante a abordagem, forneceu informa\u00e7\u00f5es sobre seu comparsa. O segundo envolvido foi indicado como participante do ataque, e os policiais realizaram buscas na \u00e1rea indicada, por\u00e9m, at\u00e9 o momento, ele n\u00e3o foi capturado.<\/p>\n\n\n\n<p><\/p>\n\n\n\n<figure class=\"wp-block-gallery has-nested-images columns-default is-cropped wp-block-gallery-1 is-layout-flex wp-block-gallery-is-layout-flex\">\n<figure class=\"wp-block-image size-large\"><img loading=\"lazy\" decoding=\"async\" width=\"600\" height=\"455\" data-id=\"5126\" src=\"https:\/\/portalararasdenoticias.com.br\/wp-content\/uploads\/2023\/12\/WhatsApp-Image-2023-12-29-at-07.15.52-e1703853532884.jpeg\" alt=\"\" class=\"wp-image-5126\" srcset=\"https:\/\/portalararasdenoticias.com.br\/wp-content\/uploads\/2023\/12\/WhatsApp-Image-2023-12-29-at-07.15.52-e1703853532884.jpeg 600w, https:\/\/portalararasdenoticias.com.br\/wp-content\/uploads\/2023\/12\/WhatsApp-Image-2023-12-29-at-07.15.52-e1703853532884-300x228.jpeg 300w\" sizes=\"auto, (max-width: 600px) 100vw, 600px\" \/><\/figure>\n<\/figure>\n\n\n\n<figure class=\"wp-block-gallery has-nested-images columns-default is-cropped wp-block-gallery-2 is-layout-flex wp-block-gallery-is-layout-flex\">\n<figure class=\"wp-block-image size-large\"><img loading=\"lazy\" decoding=\"async\" width=\"275\" height=\"183\" data-id=\"5127\" src=\"https:\/\/portalararasdenoticias.com.br\/wp-content\/uploads\/2023\/12\/download.jpg\" alt=\"\" class=\"wp-image-5127\"\/><\/figure>\n<\/figure>\n\n\n\n<figure class=\"wp-block-gallery has-nested-images columns-default is-cropped wp-block-gallery-3 is-layout-flex wp-block-gallery-is-layout-flex\">\n<figure class=\"wp-block-image size-large\"><img loading=\"lazy\" decoding=\"async\" width=\"1024\" height=\"577\" data-id=\"5129\" src=\"https:\/\/portalararasdenoticias.com.br\/wp-content\/uploads\/2023\/12\/image-1-1-1024x577.jpg\" alt=\"\" class=\"wp-image-5129\" srcset=\"https:\/\/portalararasdenoticias.com.br\/wp-content\/uploads\/2023\/12\/image-1-1-1024x577.jpg 1024w, https:\/\/portalararasdenoticias.com.br\/wp-content\/uploads\/2023\/12\/image-1-1-300x169.jpg 300w, https:\/\/portalararasdenoticias.com.br\/wp-content\/uploads\/2023\/12\/image-1-1-768x433.jpg 768w, https:\/\/portalararasdenoticias.com.br\/wp-content\/uploads\/2023\/12\/image-1-1.jpg 1200w\" sizes=\"auto, (max-width: 1024px) 100vw, 1024px\" \/><\/figure>\n<\/figure>\n","protected":false},"excerpt":{"rendered":"<p>Na noite desta quinta-feira (28), uma opera\u00e7\u00e3o conjunta envolvendo Policiais Militares (PM), Rondas Ostensivas C\u00e2ndido Mariano (ROCAM), Companhia Independente de Policiamento com C\u00e3es (CIPC\u00e3es) e o Batalh\u00e3o de Choque resultou na pris\u00e3o de um dos indiv\u00edduos envolvidos em disparos contra uma viatura da PM. O ataque ocorreu na Avenida Brasil, bairro Compensa 2, na Zona [&hellip;]<\/p>\n","protected":false},"author":5,"featured_media":5125,"comment_status":"open","ping_status":"open","sticky":true,"template":"","format":"standard","meta":{"footnotes":""},"categories":[34],"tags":[],"class_list":["post-5124","post","type-post","status-publish","format-standard","has-post-thumbnail","hentry","category-jornalismo"],"yoast_head":"<!-- This site is optimized with the Yoast SEO plugin v27.0 - https:\/\/yoast.com\/product\/yoast-seo-wordpress\/ -->\n<title>Suspeito de atirar contra viatura da PM \u00e9 preso em beco da Compensa, em Manaus. - Portal Araras de Not\u00edcias<\/title>\n<meta name=\"robots\" content=\"index, follow, max-snippet:-1, max-image-preview:large, max-video-preview:-1\" \/>\n<link rel=\"canonical\" href=\"https:\/\/portalararasdenoticias.com.br\/?p=5124\" \/>\n<meta property=\"og:locale\" content=\"pt_BR\" \/>\n<meta property=\"og:type\" content=\"article\" \/>\n<meta property=\"og:title\" content=\"Suspeito de atirar contra viatura da PM \u00e9 preso em beco da Compensa, em Manaus. - Portal Araras de Not\u00edcias\" \/>\n<meta property=\"og:description\" content=\"Na noite desta quinta-feira (28), uma opera\u00e7\u00e3o conjunta envolvendo Policiais Militares (PM), Rondas Ostensivas C\u00e2ndido Mariano (ROCAM), Companhia Independente de Policiamento com C\u00e3es (CIPC\u00e3es) e o Batalh\u00e3o de Choque resultou na pris\u00e3o de um dos indiv\u00edduos envolvidos em disparos contra uma viatura da PM. O ataque ocorreu na Avenida Brasil, bairro Compensa 2, na Zona [&hellip;]\" \/>\n<meta property=\"og:url\" content=\"https:\/\/portalararasdenoticias.com.br\/?p=5124\" \/>\n<meta property=\"og:site_name\" content=\"Portal Araras de Not\u00edcias\" \/>\n<meta property=\"article:published_time\" content=\"2023-12-30T02:01:18+00:00\" \/>\n<meta property=\"article:modified_time\" content=\"2023-12-30T02:02:24+00:00\" \/>\n<meta property=\"og:image\" content=\"https:\/\/portalararasdenoticias.com.br\/wp-content\/uploads\/2023\/12\/image-1.jpg\" \/>\n\t<meta property=\"og:image:width\" content=\"1200\" \/>\n\t<meta property=\"og:image:height\" content=\"676\" \/>\n\t<meta property=\"og:image:type\" content=\"image\/jpeg\" \/>\n<meta name=\"author\" content=\"Portal Araras de Noticias\" \/>\n<meta name=\"twitter:card\" content=\"summary_large_image\" \/>\n<meta name=\"twitter:label1\" content=\"Escrito por\" \/>\n\t<meta name=\"twitter:data1\" content=\"Portal Araras de Noticias\" \/>\n\t<meta name=\"twitter:label2\" content=\"Est. tempo de leitura\" \/>\n\t<meta name=\"twitter:data2\" content=\"1 minuto\" \/>\n<script type=\"application\/ld+json\" class=\"yoast-schema-graph\">{\"@context\":\"https:\/\/schema.org\",\"@graph\":[{\"@type\":\"Article\",\"@id\":\"https:\/\/portalararasdenoticias.com.br\/?p=5124#article\",\"isPartOf\":{\"@id\":\"https:\/\/portalararasdenoticias.com.br\/?p=5124\"},\"author\":{\"name\":\"Portal Araras de Noticias\",\"@id\":\"https:\/\/portalararasdenoticias.com.br\/#\/schema\/person\/a6190507efe29dea1049d60d05ed5c0a\"},\"headline\":\"Suspeito de atirar contra viatura da PM \u00e9 preso em beco da Compensa, em Manaus.\",\"datePublished\":\"2023-12-30T02:01:18+00:00\",\"dateModified\":\"2023-12-30T02:02:24+00:00\",\"mainEntityOfPage\":{\"@id\":\"https:\/\/portalararasdenoticias.com.br\/?p=5124\"},\"wordCount\":203,\"commentCount\":0,\"image\":{\"@id\":\"https:\/\/portalararasdenoticias.com.br\/?p=5124#primaryimage\"},\"thumbnailUrl\":\"https:\/\/portalararasdenoticias.com.br\/wp-content\/uploads\/2023\/12\/image-1.jpg\",\"articleSection\":[\"jornalismo\"],\"inLanguage\":\"pt-BR\",\"potentialAction\":[{\"@type\":\"CommentAction\",\"name\":\"Comment\",\"target\":[\"https:\/\/portalararasdenoticias.com.br\/?p=5124#respond\"]}]},{\"@type\":\"WebPage\",\"@id\":\"https:\/\/portalararasdenoticias.com.br\/?p=5124\",\"url\":\"https:\/\/portalararasdenoticias.com.br\/?p=5124\",\"name\":\"Suspeito de atirar contra viatura da PM \u00e9 preso em beco da Compensa, em Manaus. - Portal Araras de Not\u00edcias\",\"isPartOf\":{\"@id\":\"https:\/\/portalararasdenoticias.com.br\/#website\"},\"primaryImageOfPage\":{\"@id\":\"https:\/\/portalararasdenoticias.com.br\/?p=5124#primaryimage\"},\"image\":{\"@id\":\"https:\/\/portalararasdenoticias.com.br\/?p=5124#primaryimage\"},\"thumbnailUrl\":\"https:\/\/portalararasdenoticias.com.br\/wp-content\/uploads\/2023\/12\/image-1.jpg\",\"datePublished\":\"2023-12-30T02:01:18+00:00\",\"dateModified\":\"2023-12-30T02:02:24+00:00\",\"author\":{\"@id\":\"https:\/\/portalararasdenoticias.com.br\/#\/schema\/person\/a6190507efe29dea1049d60d05ed5c0a\"},\"breadcrumb\":{\"@id\":\"https:\/\/portalararasdenoticias.com.br\/?p=5124#breadcrumb\"},\"inLanguage\":\"pt-BR\",\"potentialAction\":[{\"@type\":\"ReadAction\",\"target\":[\"https:\/\/portalararasdenoticias.com.br\/?p=5124\"]}]},{\"@type\":\"ImageObject\",\"inLanguage\":\"pt-BR\",\"@id\":\"https:\/\/portalararasdenoticias.com.br\/?p=5124#primaryimage\",\"url\":\"https:\/\/portalararasdenoticias.com.br\/wp-content\/uploads\/2023\/12\/image-1.jpg\",\"contentUrl\":\"https:\/\/portalararasdenoticias.com.br\/wp-content\/uploads\/2023\/12\/image-1.jpg\",\"width\":1200,\"height\":676},{\"@type\":\"BreadcrumbList\",\"@id\":\"https:\/\/portalararasdenoticias.com.br\/?p=5124#breadcrumb\",\"itemListElement\":[{\"@type\":\"ListItem\",\"position\":1,\"name\":\"In\u00edcio\",\"item\":\"https:\/\/portalararasdenoticias.com.br\/\"},{\"@type\":\"ListItem\",\"position\":2,\"name\":\"Suspeito de atirar contra viatura da PM \u00e9 preso em beco da Compensa, em Manaus.\"}]},{\"@type\":\"WebSite\",\"@id\":\"https:\/\/portalararasdenoticias.com.br\/#website\",\"url\":\"https:\/\/portalararasdenoticias.com.br\/\",\"name\":\"Portal Araras de Not\u00edcias\",\"description\":\"O Seu Portal de Not\u00edcias\",\"potentialAction\":[{\"@type\":\"SearchAction\",\"target\":{\"@type\":\"EntryPoint\",\"urlTemplate\":\"https:\/\/portalararasdenoticias.com.br\/?s={search_term_string}\"},\"query-input\":{\"@type\":\"PropertyValueSpecification\",\"valueRequired\":true,\"valueName\":\"search_term_string\"}}],\"inLanguage\":\"pt-BR\"},{\"@type\":\"Person\",\"@id\":\"https:\/\/portalararasdenoticias.com.br\/#\/schema\/person\/a6190507efe29dea1049d60d05ed5c0a\",\"name\":\"Portal Araras de Noticias\",\"image\":{\"@type\":\"ImageObject\",\"inLanguage\":\"pt-BR\",\"@id\":\"https:\/\/portalararasdenoticias.com.br\/#\/schema\/person\/image\/\",\"url\":\"https:\/\/secure.gravatar.com\/avatar\/4df7c42bc08e78bc9b6e13086fafc161bdf01220657cd93de3d828ab6c60d469?s=96&d=mm&r=g\",\"contentUrl\":\"https:\/\/secure.gravatar.com\/avatar\/4df7c42bc08e78bc9b6e13086fafc161bdf01220657cd93de3d828ab6c60d469?s=96&d=mm&r=g\",\"caption\":\"Portal Araras de Noticias\"},\"sameAs\":[\"https:\/\/portalararasdenoticias.com.br\/\"],\"url\":\"https:\/\/portalararasdenoticias.com.br\/?author=5\"}]}<\/script>\n<!-- \/ Yoast SEO plugin. -->","yoast_head_json":{"title":"Suspeito de atirar contra viatura da PM \u00e9 preso em beco da Compensa, em Manaus. - Portal Araras de Not\u00edcias","robots":{"index":"index","follow":"follow","max-snippet":"max-snippet:-1","max-image-preview":"max-image-preview:large","max-video-preview":"max-video-preview:-1"},"canonical":"https:\/\/portalararasdenoticias.com.br\/?p=5124","og_locale":"pt_BR","og_type":"article","og_title":"Suspeito de atirar contra viatura da PM \u00e9 preso em beco da Compensa, em Manaus. - Portal Araras de Not\u00edcias","og_description":"Na noite desta quinta-feira (28), uma opera\u00e7\u00e3o conjunta envolvendo Policiais Militares (PM), Rondas Ostensivas C\u00e2ndido Mariano (ROCAM), Companhia Independente de Policiamento com C\u00e3es (CIPC\u00e3es) e o Batalh\u00e3o de Choque resultou na pris\u00e3o de um dos indiv\u00edduos envolvidos em disparos contra uma viatura da PM. O ataque ocorreu na Avenida Brasil, bairro Compensa 2, na Zona [&hellip;]","og_url":"https:\/\/portalararasdenoticias.com.br\/?p=5124","og_site_name":"Portal Araras de Not\u00edcias","article_published_time":"2023-12-30T02:01:18+00:00","article_modified_time":"2023-12-30T02:02:24+00:00","og_image":[{"width":1200,"height":676,"url":"https:\/\/portalararasdenoticias.com.br\/wp-content\/uploads\/2023\/12\/image-1.jpg","type":"image\/jpeg"}],"author":"Portal Araras de Noticias","twitter_card":"summary_large_image","twitter_misc":{"Escrito por":"Portal Araras de Noticias","Est. tempo de leitura":"1 minuto"},"schema":{"@context":"https:\/\/schema.org","@graph":[{"@type":"Article","@id":"https:\/\/portalararasdenoticias.com.br\/?p=5124#article","isPartOf":{"@id":"https:\/\/portalararasdenoticias.com.br\/?p=5124"},"author":{"name":"Portal Araras de Noticias","@id":"https:\/\/portalararasdenoticias.com.br\/#\/schema\/person\/a6190507efe29dea1049d60d05ed5c0a"},"headline":"Suspeito de atirar contra viatura da PM \u00e9 preso em beco da Compensa, em Manaus.","datePublished":"2023-12-30T02:01:18+00:00","dateModified":"2023-12-30T02:02:24+00:00","mainEntityOfPage":{"@id":"https:\/\/portalararasdenoticias.com.br\/?p=5124"},"wordCount":203,"commentCount":0,"image":{"@id":"https:\/\/portalararasdenoticias.com.br\/?p=5124#primaryimage"},"thumbnailUrl":"https:\/\/portalararasdenoticias.com.br\/wp-content\/uploads\/2023\/12\/image-1.jpg","articleSection":["jornalismo"],"inLanguage":"pt-BR","potentialAction":[{"@type":"CommentAction","name":"Comment","target":["https:\/\/portalararasdenoticias.com.br\/?p=5124#respond"]}]},{"@type":"WebPage","@id":"https:\/\/portalararasdenoticias.com.br\/?p=5124","url":"https:\/\/portalararasdenoticias.com.br\/?p=5124","name":"Suspeito de atirar contra viatura da PM \u00e9 preso em beco da Compensa, em Manaus. - Portal Araras de Not\u00edcias","isPartOf":{"@id":"https:\/\/portalararasdenoticias.com.br\/#website"},"primaryImageOfPage":{"@id":"https:\/\/portalararasdenoticias.com.br\/?p=5124#primaryimage"},"image":{"@id":"https:\/\/portalararasdenoticias.com.br\/?p=5124#primaryimage"},"thumbnailUrl":"https:\/\/portalararasdenoticias.com.br\/wp-content\/uploads\/2023\/12\/image-1.jpg","datePublished":"2023-12-30T02:01:18+00:00","dateModified":"2023-12-30T02:02:24+00:00","author":{"@id":"https:\/\/portalararasdenoticias.com.br\/#\/schema\/person\/a6190507efe29dea1049d60d05ed5c0a"},"breadcrumb":{"@id":"https:\/\/portalararasdenoticias.com.br\/?p=5124#breadcrumb"},"inLanguage":"pt-BR","potentialAction":[{"@type":"ReadAction","target":["https:\/\/portalararasdenoticias.com.br\/?p=5124"]}]},{"@type":"ImageObject","inLanguage":"pt-BR","@id":"https:\/\/portalararasdenoticias.com.br\/?p=5124#primaryimage","url":"https:\/\/portalararasdenoticias.com.br\/wp-content\/uploads\/2023\/12\/image-1.jpg","contentUrl":"https:\/\/portalararasdenoticias.com.br\/wp-content\/uploads\/2023\/12\/image-1.jpg","width":1200,"height":676},{"@type":"BreadcrumbList","@id":"https:\/\/portalararasdenoticias.com.br\/?p=5124#breadcrumb","itemListElement":[{"@type":"ListItem","position":1,"name":"In\u00edcio","item":"https:\/\/portalararasdenoticias.com.br\/"},{"@type":"ListItem","position":2,"name":"Suspeito de atirar contra viatura da PM \u00e9 preso em beco da Compensa, em Manaus."}]},{"@type":"WebSite","@id":"https:\/\/portalararasdenoticias.com.br\/#website","url":"https:\/\/portalararasdenoticias.com.br\/","name":"Portal Araras de Not\u00edcias","description":"O Seu Portal de Not\u00edcias","potentialAction":[{"@type":"SearchAction","target":{"@type":"EntryPoint","urlTemplate":"https:\/\/portalararasdenoticias.com.br\/?s={search_term_string}"},"query-input":{"@type":"PropertyValueSpecification","valueRequired":true,"valueName":"search_term_string"}}],"inLanguage":"pt-BR"},{"@type":"Person","@id":"https:\/\/portalararasdenoticias.com.br\/#\/schema\/person\/a6190507efe29dea1049d60d05ed5c0a","name":"Portal Araras de Noticias","image":{"@type":"ImageObject","inLanguage":"pt-BR","@id":"https:\/\/portalararasdenoticias.com.br\/#\/schema\/person\/image\/","url":"https:\/\/secure.gravatar.com\/avatar\/4df7c42bc08e78bc9b6e13086fafc161bdf01220657cd93de3d828ab6c60d469?s=96&d=mm&r=g","contentUrl":"https:\/\/secure.gravatar.com\/avatar\/4df7c42bc08e78bc9b6e13086fafc161bdf01220657cd93de3d828ab6c60d469?s=96&d=mm&r=g","caption":"Portal Araras de Noticias"},"sameAs":["https:\/\/portalararasdenoticias.com.br\/"],"url":"https:\/\/portalararasdenoticias.com.br\/?author=5"}]}},"_links":{"self":[{"href":"https:\/\/portalararasdenoticias.com.br\/index.php?rest_route=\/wp\/v2\/posts\/5124","targetHints":{"allow":["GET"]}}],"collection":[{"href":"https:\/\/portalararasdenoticias.com.br\/index.php?rest_route=\/wp\/v2\/posts"}],"about":[{"href":"https:\/\/portalararasdenoticias.com.br\/index.php?rest_route=\/wp\/v2\/types\/post"}],"author":[{"embeddable":true,"href":"https:\/\/portalararasdenoticias.com.br\/index.php?rest_route=\/wp\/v2\/users\/5"}],"replies":[{"embeddable":true,"href":"https:\/\/portalararasdenoticias.com.br\/index.php?rest_route=%2Fwp%2Fv2%2Fcomments&post=5124"}],"version-history":[{"count":1,"href":"https:\/\/portalararasdenoticias.com.br\/index.php?rest_route=\/wp\/v2\/posts\/5124\/revisions"}],"predecessor-version":[{"id":5130,"href":"https:\/\/portalararasdenoticias.com.br\/index.php?rest_route=\/wp\/v2\/posts\/5124\/revisions\/5130"}],"wp:featuredmedia":[{"embeddable":true,"href":"https:\/\/portalararasdenoticias.com.br\/index.php?rest_route=\/wp\/v2\/media\/5125"}],"wp:attachment":[{"href":"https:\/\/portalararasdenoticias.com.br\/index.php?rest_route=%2Fwp%2Fv2%2Fmedia&parent=5124"}],"wp:term":[{"taxonomy":"category","embeddable":true,"href":"https:\/\/portalararasdenoticias.com.br\/index.php?rest_route=%2Fwp%2Fv2%2Fcategories&post=5124"},{"taxonomy":"post_tag","embeddable":true,"href":"https:\/\/portalararasdenoticias.com.br\/index.php?rest_route=%2Fwp%2Fv2%2Ftags&post=5124"}],"curies":[{"name":"wp","href":"https:\/\/api.w.org\/{rel}","templated":true}]}}