{"id":515,"date":"2019-06-09T23:09:27","date_gmt":"2019-06-10T02:09:27","guid":{"rendered":"http:\/\/portalararasdenoticias.com.br\/?p=515"},"modified":"2019-06-09T23:09:30","modified_gmt":"2019-06-10T02:09:30","slug":"hoteis-e-pousadas-estao-lotados-para-o-festival-de-parintins-2019","status":"publish","type":"post","link":"https:\/\/portalararasdenoticias.com.br\/?p=515","title":{"rendered":"Hot\u00e9is e pousadas est\u00e3o lotados para o Festival de Parintins 2019"},"content":{"rendered":"\n<figure class=\"wp-block-image\"><img loading=\"lazy\" decoding=\"async\" width=\"480\" height=\"360\" src=\"http:\/\/portalararasdenoticias.com.br\/wp-content\/uploads\/2019\/06\/casa_250_m2_manaus_1110008549805904918-1.jpg\" alt=\"\" class=\"wp-image-516\" srcset=\"https:\/\/portalararasdenoticias.com.br\/wp-content\/uploads\/2019\/06\/casa_250_m2_manaus_1110008549805904918-1.jpg 480w, https:\/\/portalararasdenoticias.com.br\/wp-content\/uploads\/2019\/06\/casa_250_m2_manaus_1110008549805904918-1-300x225.jpg 300w\" sizes=\"auto, (max-width: 480px) 100vw, 480px\" \/><\/figure>\n\n\n\n<p><strong>MANAUS \u2013&nbsp;<\/strong>A dois meses da\nrealiza\u00e7\u00e3o do Festival Folcl\u00f3rico de Parintins, que ocorre no \u00faltimo final de\nsemana de junho, na cidade de mesmo nome, as pousadas e hot\u00e9is da cidade j\u00e1\nest\u00e3o com lota\u00e7\u00e3o esgotada. Em 2019, s\u00e3o esperados mais de 70 mil visitantes \u00e0\nilha tupinambarana.<\/p>\n","protected":false},"excerpt":{"rendered":"<p>MANAUS \u2013&nbsp;A dois meses da realiza\u00e7\u00e3o do Festival Folcl\u00f3rico de Parintins, que ocorre no \u00faltimo final de semana de junho, na cidade de mesmo nome, as pousadas e hot\u00e9is da cidade j\u00e1 est\u00e3o com lota\u00e7\u00e3o esgotada. Em 2019, s\u00e3o esperados mais de 70 mil visitantes \u00e0 ilha tupinambarana.<\/p>\n","protected":false},"author":5,"featured_media":516,"comment_status":"open","ping_status":"open","sticky":true,"template":"","format":"standard","meta":{"footnotes":""},"categories":[34],"tags":[],"class_list":["post-515","post","type-post","status-publish","format-standard","has-post-thumbnail","hentry","category-jornalismo"],"yoast_head":"<!-- This site is optimized with the Yoast SEO plugin v27.0 - https:\/\/yoast.com\/product\/yoast-seo-wordpress\/ -->\n<title>Hot\u00e9is e pousadas est\u00e3o lotados para o Festival de Parintins 2019 - Portal Araras de Not\u00edcias<\/title>\n<meta name=\"robots\" content=\"index, follow, max-snippet:-1, max-image-preview:large, max-video-preview:-1\" \/>\n<link rel=\"canonical\" href=\"https:\/\/portalararasdenoticias.com.br\/?p=515\" \/>\n<meta property=\"og:locale\" content=\"pt_BR\" \/>\n<meta property=\"og:type\" content=\"article\" \/>\n<meta property=\"og:title\" content=\"Hot\u00e9is e pousadas est\u00e3o lotados para o Festival de Parintins 2019 - Portal Araras de Not\u00edcias\" \/>\n<meta property=\"og:description\" content=\"MANAUS \u2013&nbsp;A dois meses da realiza\u00e7\u00e3o do Festival Folcl\u00f3rico de Parintins, que ocorre no \u00faltimo final de semana de junho, na cidade de mesmo nome, as pousadas e hot\u00e9is da cidade j\u00e1 est\u00e3o com lota\u00e7\u00e3o esgotada. Em 2019, s\u00e3o esperados mais de 70 mil visitantes \u00e0 ilha tupinambarana.\" \/>\n<meta property=\"og:url\" content=\"https:\/\/portalararasdenoticias.com.br\/?p=515\" \/>\n<meta property=\"og:site_name\" content=\"Portal Araras de Not\u00edcias\" \/>\n<meta property=\"article:published_time\" content=\"2019-06-10T02:09:27+00:00\" \/>\n<meta property=\"article:modified_time\" content=\"2019-06-10T02:09:30+00:00\" \/>\n<meta property=\"og:image\" content=\"https:\/\/portalararasdenoticias.com.br\/wp-content\/uploads\/2019\/06\/casa_250_m2_manaus_1110008549805904918-1.jpg\" \/>\n\t<meta property=\"og:image:width\" content=\"480\" \/>\n\t<meta property=\"og:image:height\" content=\"360\" \/>\n\t<meta property=\"og:image:type\" content=\"image\/jpeg\" \/>\n<meta name=\"author\" content=\"Portal Araras de Noticias\" \/>\n<meta name=\"twitter:card\" content=\"summary_large_image\" \/>\n<meta name=\"twitter:label1\" content=\"Escrito por\" \/>\n\t<meta name=\"twitter:data1\" content=\"Portal Araras de Noticias\" \/>\n<script type=\"application\/ld+json\" class=\"yoast-schema-graph\">{\"@context\":\"https:\/\/schema.org\",\"@graph\":[{\"@type\":\"Article\",\"@id\":\"https:\/\/portalararasdenoticias.com.br\/?p=515#article\",\"isPartOf\":{\"@id\":\"https:\/\/portalararasdenoticias.com.br\/?p=515\"},\"author\":{\"name\":\"Portal Araras de Noticias\",\"@id\":\"https:\/\/portalararasdenoticias.com.br\/#\/schema\/person\/a6190507efe29dea1049d60d05ed5c0a\"},\"headline\":\"Hot\u00e9is e pousadas est\u00e3o lotados para o Festival de Parintins 2019\",\"datePublished\":\"2019-06-10T02:09:27+00:00\",\"dateModified\":\"2019-06-10T02:09:30+00:00\",\"mainEntityOfPage\":{\"@id\":\"https:\/\/portalararasdenoticias.com.br\/?p=515\"},\"wordCount\":64,\"commentCount\":0,\"image\":{\"@id\":\"https:\/\/portalararasdenoticias.com.br\/?p=515#primaryimage\"},\"thumbnailUrl\":\"https:\/\/portalararasdenoticias.com.br\/wp-content\/uploads\/2019\/06\/casa_250_m2_manaus_1110008549805904918-1.jpg\",\"articleSection\":[\"jornalismo\"],\"inLanguage\":\"pt-BR\",\"potentialAction\":[{\"@type\":\"CommentAction\",\"name\":\"Comment\",\"target\":[\"https:\/\/portalararasdenoticias.com.br\/?p=515#respond\"]}]},{\"@type\":\"WebPage\",\"@id\":\"https:\/\/portalararasdenoticias.com.br\/?p=515\",\"url\":\"https:\/\/portalararasdenoticias.com.br\/?p=515\",\"name\":\"Hot\u00e9is e pousadas est\u00e3o lotados para o Festival de Parintins 2019 - Portal Araras de Not\u00edcias\",\"isPartOf\":{\"@id\":\"https:\/\/portalararasdenoticias.com.br\/#website\"},\"primaryImageOfPage\":{\"@id\":\"https:\/\/portalararasdenoticias.com.br\/?p=515#primaryimage\"},\"image\":{\"@id\":\"https:\/\/portalararasdenoticias.com.br\/?p=515#primaryimage\"},\"thumbnailUrl\":\"https:\/\/portalararasdenoticias.com.br\/wp-content\/uploads\/2019\/06\/casa_250_m2_manaus_1110008549805904918-1.jpg\",\"datePublished\":\"2019-06-10T02:09:27+00:00\",\"dateModified\":\"2019-06-10T02:09:30+00:00\",\"author\":{\"@id\":\"https:\/\/portalararasdenoticias.com.br\/#\/schema\/person\/a6190507efe29dea1049d60d05ed5c0a\"},\"breadcrumb\":{\"@id\":\"https:\/\/portalararasdenoticias.com.br\/?p=515#breadcrumb\"},\"inLanguage\":\"pt-BR\",\"potentialAction\":[{\"@type\":\"ReadAction\",\"target\":[\"https:\/\/portalararasdenoticias.com.br\/?p=515\"]}]},{\"@type\":\"ImageObject\",\"inLanguage\":\"pt-BR\",\"@id\":\"https:\/\/portalararasdenoticias.com.br\/?p=515#primaryimage\",\"url\":\"https:\/\/portalararasdenoticias.com.br\/wp-content\/uploads\/2019\/06\/casa_250_m2_manaus_1110008549805904918-1.jpg\",\"contentUrl\":\"https:\/\/portalararasdenoticias.com.br\/wp-content\/uploads\/2019\/06\/casa_250_m2_manaus_1110008549805904918-1.jpg\",\"width\":480,\"height\":360},{\"@type\":\"BreadcrumbList\",\"@id\":\"https:\/\/portalararasdenoticias.com.br\/?p=515#breadcrumb\",\"itemListElement\":[{\"@type\":\"ListItem\",\"position\":1,\"name\":\"In\u00edcio\",\"item\":\"https:\/\/portalararasdenoticias.com.br\/\"},{\"@type\":\"ListItem\",\"position\":2,\"name\":\"Hot\u00e9is e pousadas est\u00e3o lotados para o Festival de Parintins 2019\"}]},{\"@type\":\"WebSite\",\"@id\":\"https:\/\/portalararasdenoticias.com.br\/#website\",\"url\":\"https:\/\/portalararasdenoticias.com.br\/\",\"name\":\"Portal Araras de Not\u00edcias\",\"description\":\"O Seu Portal de Not\u00edcias\",\"potentialAction\":[{\"@type\":\"SearchAction\",\"target\":{\"@type\":\"EntryPoint\",\"urlTemplate\":\"https:\/\/portalararasdenoticias.com.br\/?s={search_term_string}\"},\"query-input\":{\"@type\":\"PropertyValueSpecification\",\"valueRequired\":true,\"valueName\":\"search_term_string\"}}],\"inLanguage\":\"pt-BR\"},{\"@type\":\"Person\",\"@id\":\"https:\/\/portalararasdenoticias.com.br\/#\/schema\/person\/a6190507efe29dea1049d60d05ed5c0a\",\"name\":\"Portal Araras de Noticias\",\"image\":{\"@type\":\"ImageObject\",\"inLanguage\":\"pt-BR\",\"@id\":\"https:\/\/portalararasdenoticias.com.br\/#\/schema\/person\/image\/\",\"url\":\"https:\/\/secure.gravatar.com\/avatar\/4df7c42bc08e78bc9b6e13086fafc161bdf01220657cd93de3d828ab6c60d469?s=96&d=mm&r=g\",\"contentUrl\":\"https:\/\/secure.gravatar.com\/avatar\/4df7c42bc08e78bc9b6e13086fafc161bdf01220657cd93de3d828ab6c60d469?s=96&d=mm&r=g\",\"caption\":\"Portal Araras de Noticias\"},\"sameAs\":[\"https:\/\/portalararasdenoticias.com.br\/\"],\"url\":\"https:\/\/portalararasdenoticias.com.br\/?author=5\"}]}<\/script>\n<!-- \/ Yoast SEO plugin. -->","yoast_head_json":{"title":"Hot\u00e9is e pousadas est\u00e3o lotados para o Festival de Parintins 2019 - Portal Araras de Not\u00edcias","robots":{"index":"index","follow":"follow","max-snippet":"max-snippet:-1","max-image-preview":"max-image-preview:large","max-video-preview":"max-video-preview:-1"},"canonical":"https:\/\/portalararasdenoticias.com.br\/?p=515","og_locale":"pt_BR","og_type":"article","og_title":"Hot\u00e9is e pousadas est\u00e3o lotados para o Festival de Parintins 2019 - Portal Araras de Not\u00edcias","og_description":"MANAUS \u2013&nbsp;A dois meses da realiza\u00e7\u00e3o do Festival Folcl\u00f3rico de Parintins, que ocorre no \u00faltimo final de semana de junho, na cidade de mesmo nome, as pousadas e hot\u00e9is da cidade j\u00e1 est\u00e3o com lota\u00e7\u00e3o esgotada. Em 2019, s\u00e3o esperados mais de 70 mil visitantes \u00e0 ilha tupinambarana.","og_url":"https:\/\/portalararasdenoticias.com.br\/?p=515","og_site_name":"Portal Araras de Not\u00edcias","article_published_time":"2019-06-10T02:09:27+00:00","article_modified_time":"2019-06-10T02:09:30+00:00","og_image":[{"width":480,"height":360,"url":"https:\/\/portalararasdenoticias.com.br\/wp-content\/uploads\/2019\/06\/casa_250_m2_manaus_1110008549805904918-1.jpg","type":"image\/jpeg"}],"author":"Portal Araras de Noticias","twitter_card":"summary_large_image","twitter_misc":{"Escrito por":"Portal Araras de Noticias"},"schema":{"@context":"https:\/\/schema.org","@graph":[{"@type":"Article","@id":"https:\/\/portalararasdenoticias.com.br\/?p=515#article","isPartOf":{"@id":"https:\/\/portalararasdenoticias.com.br\/?p=515"},"author":{"name":"Portal Araras de Noticias","@id":"https:\/\/portalararasdenoticias.com.br\/#\/schema\/person\/a6190507efe29dea1049d60d05ed5c0a"},"headline":"Hot\u00e9is e pousadas est\u00e3o lotados para o Festival de Parintins 2019","datePublished":"2019-06-10T02:09:27+00:00","dateModified":"2019-06-10T02:09:30+00:00","mainEntityOfPage":{"@id":"https:\/\/portalararasdenoticias.com.br\/?p=515"},"wordCount":64,"commentCount":0,"image":{"@id":"https:\/\/portalararasdenoticias.com.br\/?p=515#primaryimage"},"thumbnailUrl":"https:\/\/portalararasdenoticias.com.br\/wp-content\/uploads\/2019\/06\/casa_250_m2_manaus_1110008549805904918-1.jpg","articleSection":["jornalismo"],"inLanguage":"pt-BR","potentialAction":[{"@type":"CommentAction","name":"Comment","target":["https:\/\/portalararasdenoticias.com.br\/?p=515#respond"]}]},{"@type":"WebPage","@id":"https:\/\/portalararasdenoticias.com.br\/?p=515","url":"https:\/\/portalararasdenoticias.com.br\/?p=515","name":"Hot\u00e9is e pousadas est\u00e3o lotados para o Festival de Parintins 2019 - Portal Araras de Not\u00edcias","isPartOf":{"@id":"https:\/\/portalararasdenoticias.com.br\/#website"},"primaryImageOfPage":{"@id":"https:\/\/portalararasdenoticias.com.br\/?p=515#primaryimage"},"image":{"@id":"https:\/\/portalararasdenoticias.com.br\/?p=515#primaryimage"},"thumbnailUrl":"https:\/\/portalararasdenoticias.com.br\/wp-content\/uploads\/2019\/06\/casa_250_m2_manaus_1110008549805904918-1.jpg","datePublished":"2019-06-10T02:09:27+00:00","dateModified":"2019-06-10T02:09:30+00:00","author":{"@id":"https:\/\/portalararasdenoticias.com.br\/#\/schema\/person\/a6190507efe29dea1049d60d05ed5c0a"},"breadcrumb":{"@id":"https:\/\/portalararasdenoticias.com.br\/?p=515#breadcrumb"},"inLanguage":"pt-BR","potentialAction":[{"@type":"ReadAction","target":["https:\/\/portalararasdenoticias.com.br\/?p=515"]}]},{"@type":"ImageObject","inLanguage":"pt-BR","@id":"https:\/\/portalararasdenoticias.com.br\/?p=515#primaryimage","url":"https:\/\/portalararasdenoticias.com.br\/wp-content\/uploads\/2019\/06\/casa_250_m2_manaus_1110008549805904918-1.jpg","contentUrl":"https:\/\/portalararasdenoticias.com.br\/wp-content\/uploads\/2019\/06\/casa_250_m2_manaus_1110008549805904918-1.jpg","width":480,"height":360},{"@type":"BreadcrumbList","@id":"https:\/\/portalararasdenoticias.com.br\/?p=515#breadcrumb","itemListElement":[{"@type":"ListItem","position":1,"name":"In\u00edcio","item":"https:\/\/portalararasdenoticias.com.br\/"},{"@type":"ListItem","position":2,"name":"Hot\u00e9is e pousadas est\u00e3o lotados para o Festival de Parintins 2019"}]},{"@type":"WebSite","@id":"https:\/\/portalararasdenoticias.com.br\/#website","url":"https:\/\/portalararasdenoticias.com.br\/","name":"Portal Araras de Not\u00edcias","description":"O Seu Portal de Not\u00edcias","potentialAction":[{"@type":"SearchAction","target":{"@type":"EntryPoint","urlTemplate":"https:\/\/portalararasdenoticias.com.br\/?s={search_term_string}"},"query-input":{"@type":"PropertyValueSpecification","valueRequired":true,"valueName":"search_term_string"}}],"inLanguage":"pt-BR"},{"@type":"Person","@id":"https:\/\/portalararasdenoticias.com.br\/#\/schema\/person\/a6190507efe29dea1049d60d05ed5c0a","name":"Portal Araras de Noticias","image":{"@type":"ImageObject","inLanguage":"pt-BR","@id":"https:\/\/portalararasdenoticias.com.br\/#\/schema\/person\/image\/","url":"https:\/\/secure.gravatar.com\/avatar\/4df7c42bc08e78bc9b6e13086fafc161bdf01220657cd93de3d828ab6c60d469?s=96&d=mm&r=g","contentUrl":"https:\/\/secure.gravatar.com\/avatar\/4df7c42bc08e78bc9b6e13086fafc161bdf01220657cd93de3d828ab6c60d469?s=96&d=mm&r=g","caption":"Portal Araras de Noticias"},"sameAs":["https:\/\/portalararasdenoticias.com.br\/"],"url":"https:\/\/portalararasdenoticias.com.br\/?author=5"}]}},"_links":{"self":[{"href":"https:\/\/portalararasdenoticias.com.br\/index.php?rest_route=\/wp\/v2\/posts\/515","targetHints":{"allow":["GET"]}}],"collection":[{"href":"https:\/\/portalararasdenoticias.com.br\/index.php?rest_route=\/wp\/v2\/posts"}],"about":[{"href":"https:\/\/portalararasdenoticias.com.br\/index.php?rest_route=\/wp\/v2\/types\/post"}],"author":[{"embeddable":true,"href":"https:\/\/portalararasdenoticias.com.br\/index.php?rest_route=\/wp\/v2\/users\/5"}],"replies":[{"embeddable":true,"href":"https:\/\/portalararasdenoticias.com.br\/index.php?rest_route=%2Fwp%2Fv2%2Fcomments&post=515"}],"version-history":[{"count":1,"href":"https:\/\/portalararasdenoticias.com.br\/index.php?rest_route=\/wp\/v2\/posts\/515\/revisions"}],"predecessor-version":[{"id":517,"href":"https:\/\/portalararasdenoticias.com.br\/index.php?rest_route=\/wp\/v2\/posts\/515\/revisions\/517"}],"wp:featuredmedia":[{"embeddable":true,"href":"https:\/\/portalararasdenoticias.com.br\/index.php?rest_route=\/wp\/v2\/media\/516"}],"wp:attachment":[{"href":"https:\/\/portalararasdenoticias.com.br\/index.php?rest_route=%2Fwp%2Fv2%2Fmedia&parent=515"}],"wp:term":[{"taxonomy":"category","embeddable":true,"href":"https:\/\/portalararasdenoticias.com.br\/index.php?rest_route=%2Fwp%2Fv2%2Fcategories&post=515"},{"taxonomy":"post_tag","embeddable":true,"href":"https:\/\/portalararasdenoticias.com.br\/index.php?rest_route=%2Fwp%2Fv2%2Ftags&post=515"}],"curies":[{"name":"wp","href":"https:\/\/api.w.org\/{rel}","templated":true}]}}