{"id":518,"date":"2019-06-09T23:12:39","date_gmt":"2019-06-10T02:12:39","guid":{"rendered":"http:\/\/portalararasdenoticias.com.br\/?p=518"},"modified":"2019-06-09T23:12:41","modified_gmt":"2019-06-10T02:12:41","slug":"anitta-confirma-show-na-festa-dos-visitantes-de-parintins","status":"publish","type":"post","link":"https:\/\/portalararasdenoticias.com.br\/?p=518","title":{"rendered":"Anitta confirma show na Festa dos Visitantes de Parintins"},"content":{"rendered":"\n<figure class=\"wp-block-image\"><img loading=\"lazy\" decoding=\"async\" width=\"1024\" height=\"682\" src=\"http:\/\/portalararasdenoticias.com.br\/wp-content\/uploads\/2019\/06\/ANITA-1024x682.jpg\" alt=\"\" class=\"wp-image-519\" srcset=\"https:\/\/portalararasdenoticias.com.br\/wp-content\/uploads\/2019\/06\/ANITA-1024x682.jpg 1024w, https:\/\/portalararasdenoticias.com.br\/wp-content\/uploads\/2019\/06\/ANITA-300x200.jpg 300w, https:\/\/portalararasdenoticias.com.br\/wp-content\/uploads\/2019\/06\/ANITA-768x512.jpg 768w, https:\/\/portalararasdenoticias.com.br\/wp-content\/uploads\/2019\/06\/ANITA.jpg 1280w\" sizes=\"auto, (max-width: 1024px) 100vw, 1024px\" \/><\/figure>\n\n\n\n<p>A cantora Anitta confirmou\nem um post na sua conta do Twitter que ir\u00e1 se apresentar&nbsp;na Festa dos\nVisitantes, no dia 27 de junho, em Parintins. Este ser\u00e1 o segundo show da\ncantora no tradicional evento de boas-vindas aos turistas que prestigiam o Festival\nFolcl\u00f3rico de Parintins.<\/p>\n\n\n\n<p>O evento \u00e9 uma esp\u00e9cie de esquenta para os turistas que\nprestigiam o Festival Folcl\u00f3rico de Parintins. A festa est\u00e1 marcada para dia 27\nde junho, no Planeta Boi, e ter\u00e1 a cantora Anitta como atra\u00e7\u00e3o confirmada.<\/p>\n","protected":false},"excerpt":{"rendered":"<p>A cantora Anitta confirmou em um post na sua conta do Twitter que ir\u00e1 se apresentar&nbsp;na Festa dos Visitantes, no dia 27 de junho, em Parintins. Este ser\u00e1 o segundo show da cantora no tradicional evento de boas-vindas aos turistas que prestigiam o Festival Folcl\u00f3rico de Parintins. O evento \u00e9 uma esp\u00e9cie de esquenta para [&hellip;]<\/p>\n","protected":false},"author":5,"featured_media":519,"comment_status":"open","ping_status":"open","sticky":true,"template":"","format":"standard","meta":{"footnotes":""},"categories":[34],"tags":[],"class_list":["post-518","post","type-post","status-publish","format-standard","has-post-thumbnail","hentry","category-jornalismo"],"yoast_head":"<!-- This site is optimized with the Yoast SEO plugin v27.0 - https:\/\/yoast.com\/product\/yoast-seo-wordpress\/ -->\n<title>Anitta confirma show na Festa dos Visitantes de Parintins - Portal Araras de Not\u00edcias<\/title>\n<meta name=\"robots\" content=\"index, follow, max-snippet:-1, max-image-preview:large, max-video-preview:-1\" \/>\n<link rel=\"canonical\" href=\"https:\/\/portalararasdenoticias.com.br\/?p=518\" \/>\n<meta property=\"og:locale\" content=\"pt_BR\" \/>\n<meta property=\"og:type\" content=\"article\" \/>\n<meta property=\"og:title\" content=\"Anitta confirma show na Festa dos Visitantes de Parintins - Portal Araras de Not\u00edcias\" \/>\n<meta property=\"og:description\" content=\"A cantora Anitta confirmou em um post na sua conta do Twitter que ir\u00e1 se apresentar&nbsp;na Festa dos Visitantes, no dia 27 de junho, em Parintins. Este ser\u00e1 o segundo show da cantora no tradicional evento de boas-vindas aos turistas que prestigiam o Festival Folcl\u00f3rico de Parintins. O evento \u00e9 uma esp\u00e9cie de esquenta para [&hellip;]\" \/>\n<meta property=\"og:url\" content=\"https:\/\/portalararasdenoticias.com.br\/?p=518\" \/>\n<meta property=\"og:site_name\" content=\"Portal Araras de Not\u00edcias\" \/>\n<meta property=\"article:published_time\" content=\"2019-06-10T02:12:39+00:00\" \/>\n<meta property=\"article:modified_time\" content=\"2019-06-10T02:12:41+00:00\" \/>\n<meta property=\"og:image\" content=\"https:\/\/portalararasdenoticias.com.br\/wp-content\/uploads\/2019\/06\/ANITA.jpg\" \/>\n\t<meta property=\"og:image:width\" content=\"1280\" \/>\n\t<meta property=\"og:image:height\" content=\"853\" \/>\n\t<meta property=\"og:image:type\" content=\"image\/jpeg\" \/>\n<meta name=\"author\" content=\"Portal Araras de Noticias\" \/>\n<meta name=\"twitter:card\" content=\"summary_large_image\" \/>\n<meta name=\"twitter:label1\" content=\"Escrito por\" \/>\n\t<meta name=\"twitter:data1\" content=\"Portal Araras de Noticias\" \/>\n<script type=\"application\/ld+json\" class=\"yoast-schema-graph\">{\"@context\":\"https:\/\/schema.org\",\"@graph\":[{\"@type\":\"Article\",\"@id\":\"https:\/\/portalararasdenoticias.com.br\/?p=518#article\",\"isPartOf\":{\"@id\":\"https:\/\/portalararasdenoticias.com.br\/?p=518\"},\"author\":{\"name\":\"Portal Araras de Noticias\",\"@id\":\"https:\/\/portalararasdenoticias.com.br\/#\/schema\/person\/a6190507efe29dea1049d60d05ed5c0a\"},\"headline\":\"Anitta confirma show na Festa dos Visitantes de Parintins\",\"datePublished\":\"2019-06-10T02:12:39+00:00\",\"dateModified\":\"2019-06-10T02:12:41+00:00\",\"mainEntityOfPage\":{\"@id\":\"https:\/\/portalararasdenoticias.com.br\/?p=518\"},\"wordCount\":96,\"commentCount\":0,\"image\":{\"@id\":\"https:\/\/portalararasdenoticias.com.br\/?p=518#primaryimage\"},\"thumbnailUrl\":\"https:\/\/portalararasdenoticias.com.br\/wp-content\/uploads\/2019\/06\/ANITA.jpg\",\"articleSection\":[\"jornalismo\"],\"inLanguage\":\"pt-BR\",\"potentialAction\":[{\"@type\":\"CommentAction\",\"name\":\"Comment\",\"target\":[\"https:\/\/portalararasdenoticias.com.br\/?p=518#respond\"]}]},{\"@type\":\"WebPage\",\"@id\":\"https:\/\/portalararasdenoticias.com.br\/?p=518\",\"url\":\"https:\/\/portalararasdenoticias.com.br\/?p=518\",\"name\":\"Anitta confirma show na Festa dos Visitantes de Parintins - Portal Araras de Not\u00edcias\",\"isPartOf\":{\"@id\":\"https:\/\/portalararasdenoticias.com.br\/#website\"},\"primaryImageOfPage\":{\"@id\":\"https:\/\/portalararasdenoticias.com.br\/?p=518#primaryimage\"},\"image\":{\"@id\":\"https:\/\/portalararasdenoticias.com.br\/?p=518#primaryimage\"},\"thumbnailUrl\":\"https:\/\/portalararasdenoticias.com.br\/wp-content\/uploads\/2019\/06\/ANITA.jpg\",\"datePublished\":\"2019-06-10T02:12:39+00:00\",\"dateModified\":\"2019-06-10T02:12:41+00:00\",\"author\":{\"@id\":\"https:\/\/portalararasdenoticias.com.br\/#\/schema\/person\/a6190507efe29dea1049d60d05ed5c0a\"},\"breadcrumb\":{\"@id\":\"https:\/\/portalararasdenoticias.com.br\/?p=518#breadcrumb\"},\"inLanguage\":\"pt-BR\",\"potentialAction\":[{\"@type\":\"ReadAction\",\"target\":[\"https:\/\/portalararasdenoticias.com.br\/?p=518\"]}]},{\"@type\":\"ImageObject\",\"inLanguage\":\"pt-BR\",\"@id\":\"https:\/\/portalararasdenoticias.com.br\/?p=518#primaryimage\",\"url\":\"https:\/\/portalararasdenoticias.com.br\/wp-content\/uploads\/2019\/06\/ANITA.jpg\",\"contentUrl\":\"https:\/\/portalararasdenoticias.com.br\/wp-content\/uploads\/2019\/06\/ANITA.jpg\",\"width\":1280,\"height\":853},{\"@type\":\"BreadcrumbList\",\"@id\":\"https:\/\/portalararasdenoticias.com.br\/?p=518#breadcrumb\",\"itemListElement\":[{\"@type\":\"ListItem\",\"position\":1,\"name\":\"In\u00edcio\",\"item\":\"https:\/\/portalararasdenoticias.com.br\/\"},{\"@type\":\"ListItem\",\"position\":2,\"name\":\"Anitta confirma show na Festa dos Visitantes de Parintins\"}]},{\"@type\":\"WebSite\",\"@id\":\"https:\/\/portalararasdenoticias.com.br\/#website\",\"url\":\"https:\/\/portalararasdenoticias.com.br\/\",\"name\":\"Portal Araras de Not\u00edcias\",\"description\":\"O Seu Portal de Not\u00edcias\",\"potentialAction\":[{\"@type\":\"SearchAction\",\"target\":{\"@type\":\"EntryPoint\",\"urlTemplate\":\"https:\/\/portalararasdenoticias.com.br\/?s={search_term_string}\"},\"query-input\":{\"@type\":\"PropertyValueSpecification\",\"valueRequired\":true,\"valueName\":\"search_term_string\"}}],\"inLanguage\":\"pt-BR\"},{\"@type\":\"Person\",\"@id\":\"https:\/\/portalararasdenoticias.com.br\/#\/schema\/person\/a6190507efe29dea1049d60d05ed5c0a\",\"name\":\"Portal Araras de Noticias\",\"image\":{\"@type\":\"ImageObject\",\"inLanguage\":\"pt-BR\",\"@id\":\"https:\/\/portalararasdenoticias.com.br\/#\/schema\/person\/image\/\",\"url\":\"https:\/\/secure.gravatar.com\/avatar\/4df7c42bc08e78bc9b6e13086fafc161bdf01220657cd93de3d828ab6c60d469?s=96&d=mm&r=g\",\"contentUrl\":\"https:\/\/secure.gravatar.com\/avatar\/4df7c42bc08e78bc9b6e13086fafc161bdf01220657cd93de3d828ab6c60d469?s=96&d=mm&r=g\",\"caption\":\"Portal Araras de Noticias\"},\"sameAs\":[\"https:\/\/portalararasdenoticias.com.br\/\"],\"url\":\"https:\/\/portalararasdenoticias.com.br\/?author=5\"}]}<\/script>\n<!-- \/ Yoast SEO plugin. -->","yoast_head_json":{"title":"Anitta confirma show na Festa dos Visitantes de Parintins - Portal Araras de Not\u00edcias","robots":{"index":"index","follow":"follow","max-snippet":"max-snippet:-1","max-image-preview":"max-image-preview:large","max-video-preview":"max-video-preview:-1"},"canonical":"https:\/\/portalararasdenoticias.com.br\/?p=518","og_locale":"pt_BR","og_type":"article","og_title":"Anitta confirma show na Festa dos Visitantes de Parintins - Portal Araras de Not\u00edcias","og_description":"A cantora Anitta confirmou em um post na sua conta do Twitter que ir\u00e1 se apresentar&nbsp;na Festa dos Visitantes, no dia 27 de junho, em Parintins. Este ser\u00e1 o segundo show da cantora no tradicional evento de boas-vindas aos turistas que prestigiam o Festival Folcl\u00f3rico de Parintins. O evento \u00e9 uma esp\u00e9cie de esquenta para [&hellip;]","og_url":"https:\/\/portalararasdenoticias.com.br\/?p=518","og_site_name":"Portal Araras de Not\u00edcias","article_published_time":"2019-06-10T02:12:39+00:00","article_modified_time":"2019-06-10T02:12:41+00:00","og_image":[{"width":1280,"height":853,"url":"https:\/\/portalararasdenoticias.com.br\/wp-content\/uploads\/2019\/06\/ANITA.jpg","type":"image\/jpeg"}],"author":"Portal Araras de Noticias","twitter_card":"summary_large_image","twitter_misc":{"Escrito por":"Portal Araras de Noticias"},"schema":{"@context":"https:\/\/schema.org","@graph":[{"@type":"Article","@id":"https:\/\/portalararasdenoticias.com.br\/?p=518#article","isPartOf":{"@id":"https:\/\/portalararasdenoticias.com.br\/?p=518"},"author":{"name":"Portal Araras de Noticias","@id":"https:\/\/portalararasdenoticias.com.br\/#\/schema\/person\/a6190507efe29dea1049d60d05ed5c0a"},"headline":"Anitta confirma show na Festa dos Visitantes de Parintins","datePublished":"2019-06-10T02:12:39+00:00","dateModified":"2019-06-10T02:12:41+00:00","mainEntityOfPage":{"@id":"https:\/\/portalararasdenoticias.com.br\/?p=518"},"wordCount":96,"commentCount":0,"image":{"@id":"https:\/\/portalararasdenoticias.com.br\/?p=518#primaryimage"},"thumbnailUrl":"https:\/\/portalararasdenoticias.com.br\/wp-content\/uploads\/2019\/06\/ANITA.jpg","articleSection":["jornalismo"],"inLanguage":"pt-BR","potentialAction":[{"@type":"CommentAction","name":"Comment","target":["https:\/\/portalararasdenoticias.com.br\/?p=518#respond"]}]},{"@type":"WebPage","@id":"https:\/\/portalararasdenoticias.com.br\/?p=518","url":"https:\/\/portalararasdenoticias.com.br\/?p=518","name":"Anitta confirma show na Festa dos Visitantes de Parintins - Portal Araras de Not\u00edcias","isPartOf":{"@id":"https:\/\/portalararasdenoticias.com.br\/#website"},"primaryImageOfPage":{"@id":"https:\/\/portalararasdenoticias.com.br\/?p=518#primaryimage"},"image":{"@id":"https:\/\/portalararasdenoticias.com.br\/?p=518#primaryimage"},"thumbnailUrl":"https:\/\/portalararasdenoticias.com.br\/wp-content\/uploads\/2019\/06\/ANITA.jpg","datePublished":"2019-06-10T02:12:39+00:00","dateModified":"2019-06-10T02:12:41+00:00","author":{"@id":"https:\/\/portalararasdenoticias.com.br\/#\/schema\/person\/a6190507efe29dea1049d60d05ed5c0a"},"breadcrumb":{"@id":"https:\/\/portalararasdenoticias.com.br\/?p=518#breadcrumb"},"inLanguage":"pt-BR","potentialAction":[{"@type":"ReadAction","target":["https:\/\/portalararasdenoticias.com.br\/?p=518"]}]},{"@type":"ImageObject","inLanguage":"pt-BR","@id":"https:\/\/portalararasdenoticias.com.br\/?p=518#primaryimage","url":"https:\/\/portalararasdenoticias.com.br\/wp-content\/uploads\/2019\/06\/ANITA.jpg","contentUrl":"https:\/\/portalararasdenoticias.com.br\/wp-content\/uploads\/2019\/06\/ANITA.jpg","width":1280,"height":853},{"@type":"BreadcrumbList","@id":"https:\/\/portalararasdenoticias.com.br\/?p=518#breadcrumb","itemListElement":[{"@type":"ListItem","position":1,"name":"In\u00edcio","item":"https:\/\/portalararasdenoticias.com.br\/"},{"@type":"ListItem","position":2,"name":"Anitta confirma show na Festa dos Visitantes de Parintins"}]},{"@type":"WebSite","@id":"https:\/\/portalararasdenoticias.com.br\/#website","url":"https:\/\/portalararasdenoticias.com.br\/","name":"Portal Araras de Not\u00edcias","description":"O Seu Portal de Not\u00edcias","potentialAction":[{"@type":"SearchAction","target":{"@type":"EntryPoint","urlTemplate":"https:\/\/portalararasdenoticias.com.br\/?s={search_term_string}"},"query-input":{"@type":"PropertyValueSpecification","valueRequired":true,"valueName":"search_term_string"}}],"inLanguage":"pt-BR"},{"@type":"Person","@id":"https:\/\/portalararasdenoticias.com.br\/#\/schema\/person\/a6190507efe29dea1049d60d05ed5c0a","name":"Portal Araras de Noticias","image":{"@type":"ImageObject","inLanguage":"pt-BR","@id":"https:\/\/portalararasdenoticias.com.br\/#\/schema\/person\/image\/","url":"https:\/\/secure.gravatar.com\/avatar\/4df7c42bc08e78bc9b6e13086fafc161bdf01220657cd93de3d828ab6c60d469?s=96&d=mm&r=g","contentUrl":"https:\/\/secure.gravatar.com\/avatar\/4df7c42bc08e78bc9b6e13086fafc161bdf01220657cd93de3d828ab6c60d469?s=96&d=mm&r=g","caption":"Portal Araras de Noticias"},"sameAs":["https:\/\/portalararasdenoticias.com.br\/"],"url":"https:\/\/portalararasdenoticias.com.br\/?author=5"}]}},"_links":{"self":[{"href":"https:\/\/portalararasdenoticias.com.br\/index.php?rest_route=\/wp\/v2\/posts\/518","targetHints":{"allow":["GET"]}}],"collection":[{"href":"https:\/\/portalararasdenoticias.com.br\/index.php?rest_route=\/wp\/v2\/posts"}],"about":[{"href":"https:\/\/portalararasdenoticias.com.br\/index.php?rest_route=\/wp\/v2\/types\/post"}],"author":[{"embeddable":true,"href":"https:\/\/portalararasdenoticias.com.br\/index.php?rest_route=\/wp\/v2\/users\/5"}],"replies":[{"embeddable":true,"href":"https:\/\/portalararasdenoticias.com.br\/index.php?rest_route=%2Fwp%2Fv2%2Fcomments&post=518"}],"version-history":[{"count":1,"href":"https:\/\/portalararasdenoticias.com.br\/index.php?rest_route=\/wp\/v2\/posts\/518\/revisions"}],"predecessor-version":[{"id":520,"href":"https:\/\/portalararasdenoticias.com.br\/index.php?rest_route=\/wp\/v2\/posts\/518\/revisions\/520"}],"wp:featuredmedia":[{"embeddable":true,"href":"https:\/\/portalararasdenoticias.com.br\/index.php?rest_route=\/wp\/v2\/media\/519"}],"wp:attachment":[{"href":"https:\/\/portalararasdenoticias.com.br\/index.php?rest_route=%2Fwp%2Fv2%2Fmedia&parent=518"}],"wp:term":[{"taxonomy":"category","embeddable":true,"href":"https:\/\/portalararasdenoticias.com.br\/index.php?rest_route=%2Fwp%2Fv2%2Fcategories&post=518"},{"taxonomy":"post_tag","embeddable":true,"href":"https:\/\/portalararasdenoticias.com.br\/index.php?rest_route=%2Fwp%2Fv2%2Ftags&post=518"}],"curies":[{"name":"wp","href":"https:\/\/api.w.org\/{rel}","templated":true}]}}