{"id":5395,"date":"2024-03-11T02:31:00","date_gmt":"2024-03-11T05:31:00","guid":{"rendered":"https:\/\/portalararasdenoticias.com.br\/?p=5395"},"modified":"2024-03-11T02:31:00","modified_gmt":"2024-03-11T05:31:00","slug":"comissao-de-escolha-dos-jurados-para-o-57o-festival-folclorico-de-parintins-2024-esta-definida","status":"publish","type":"post","link":"https:\/\/portalararasdenoticias.com.br\/?p=5395","title":{"rendered":"Comiss\u00e3o de Escolha dos Jurados para o 57\u00ba Festival Folcl\u00f3rico de Parintins 2024 est\u00e1 definida."},"content":{"rendered":"\n<p>A Prefeitura de Parintins nomeou os membros da Comiss\u00e3o de Escolha dos Jurados para o 57\u00ba Festival Folcl\u00f3rico de Parintins, por meio do Decreto n\u00b0 014\/2024 \u2013 PGMP.<br>A Comiss\u00e3o, presidida por Hudson Correa Lopes e composta por Joel dos Santos Braga e Wanderley Ribeiro Pantoja, tem como miss\u00e3o fortalecer o Festival nos aspectos sociais, folcl\u00f3ricos, culturais, tur\u00edsticos e financeiros. O decreto destaca a preocupa\u00e7\u00e3o do Poder Executivo municipal em garantir a credibilidade e seriedade na organiza\u00e7\u00e3o e julgamento do evento<br>A equipe ter\u00e1 a responsabilidade de selecionar os jurados e garantir o suporte log\u00edstico necess\u00e1rio durante a realiza\u00e7\u00e3o do festival, agendado para o \u00faltimo fim de semana de junho.<br>O decreto foi publicado no Di\u00e1rio Oficial dos munic\u00edpios em 06 de mar\u00e7o de 2024.<\/p>\n\n\n\n<figure class=\"wp-block-gallery has-nested-images columns-default is-cropped wp-block-gallery-1 is-layout-flex wp-block-gallery-is-layout-flex\">\n<figure class=\"wp-block-image size-large\"><img loading=\"lazy\" decoding=\"async\" width=\"518\" height=\"336\" data-id=\"5396\" src=\"https:\/\/portalararasdenoticias.com.br\/wp-content\/uploads\/2024\/03\/431821672_7999440690071988_953969330121756027_n.jpg\" alt=\"\" class=\"wp-image-5396\" srcset=\"https:\/\/portalararasdenoticias.com.br\/wp-content\/uploads\/2024\/03\/431821672_7999440690071988_953969330121756027_n.jpg 518w, https:\/\/portalararasdenoticias.com.br\/wp-content\/uploads\/2024\/03\/431821672_7999440690071988_953969330121756027_n-300x195.jpg 300w\" sizes=\"auto, (max-width: 518px) 100vw, 518px\" \/><\/figure>\n\n\n\n<figure class=\"wp-block-image size-large\"><img loading=\"lazy\" decoding=\"async\" width=\"1024\" height=\"683\" data-id=\"5397\" src=\"https:\/\/portalararasdenoticias.com.br\/wp-content\/uploads\/2024\/03\/432410999_7999440800071977_997358998367455382_n.jpg\" alt=\"\" class=\"wp-image-5397\" srcset=\"https:\/\/portalararasdenoticias.com.br\/wp-content\/uploads\/2024\/03\/432410999_7999440800071977_997358998367455382_n.jpg 1024w, https:\/\/portalararasdenoticias.com.br\/wp-content\/uploads\/2024\/03\/432410999_7999440800071977_997358998367455382_n-300x200.jpg 300w, https:\/\/portalararasdenoticias.com.br\/wp-content\/uploads\/2024\/03\/432410999_7999440800071977_997358998367455382_n-768x512.jpg 768w\" sizes=\"auto, (max-width: 1024px) 100vw, 1024px\" \/><\/figure>\n<\/figure>\n","protected":false},"excerpt":{"rendered":"<p>A Prefeitura de Parintins nomeou os membros da Comiss\u00e3o de Escolha dos Jurados para o 57\u00ba Festival Folcl\u00f3rico de Parintins, por meio do Decreto n\u00b0 014\/2024 \u2013 PGMP.A Comiss\u00e3o, presidida por Hudson Correa Lopes e composta por Joel dos Santos Braga e Wanderley Ribeiro Pantoja, tem como miss\u00e3o fortalecer o Festival nos aspectos sociais, folcl\u00f3ricos, [&hellip;]<\/p>\n","protected":false},"author":5,"featured_media":5398,"comment_status":"open","ping_status":"open","sticky":true,"template":"","format":"standard","meta":{"footnotes":""},"categories":[34],"tags":[],"class_list":["post-5395","post","type-post","status-publish","format-standard","has-post-thumbnail","hentry","category-jornalismo"],"yoast_head":"<!-- This site is optimized with the Yoast SEO plugin v27.0 - https:\/\/yoast.com\/product\/yoast-seo-wordpress\/ -->\n<title>Comiss\u00e3o de Escolha dos Jurados para o 57\u00ba Festival Folcl\u00f3rico de Parintins 2024 est\u00e1 definida. - Portal Araras de Not\u00edcias<\/title>\n<meta name=\"robots\" content=\"index, follow, max-snippet:-1, max-image-preview:large, max-video-preview:-1\" \/>\n<link rel=\"canonical\" href=\"https:\/\/portalararasdenoticias.com.br\/?p=5395\" \/>\n<meta property=\"og:locale\" content=\"pt_BR\" \/>\n<meta property=\"og:type\" content=\"article\" \/>\n<meta property=\"og:title\" content=\"Comiss\u00e3o de Escolha dos Jurados para o 57\u00ba Festival Folcl\u00f3rico de Parintins 2024 est\u00e1 definida. - Portal Araras de Not\u00edcias\" \/>\n<meta property=\"og:description\" content=\"A Prefeitura de Parintins nomeou os membros da Comiss\u00e3o de Escolha dos Jurados para o 57\u00ba Festival Folcl\u00f3rico de Parintins, por meio do Decreto n\u00b0 014\/2024 \u2013 PGMP.A Comiss\u00e3o, presidida por Hudson Correa Lopes e composta por Joel dos Santos Braga e Wanderley Ribeiro Pantoja, tem como miss\u00e3o fortalecer o Festival nos aspectos sociais, folcl\u00f3ricos, [&hellip;]\" \/>\n<meta property=\"og:url\" content=\"https:\/\/portalararasdenoticias.com.br\/?p=5395\" \/>\n<meta property=\"og:site_name\" content=\"Portal Araras de Not\u00edcias\" \/>\n<meta property=\"article:published_time\" content=\"2024-03-11T05:31:00+00:00\" \/>\n<meta property=\"og:image\" content=\"https:\/\/portalararasdenoticias.com.br\/wp-content\/uploads\/2024\/03\/431821672_7999440690071988_953969330121756027_n-1.jpg\" \/>\n\t<meta property=\"og:image:width\" content=\"518\" \/>\n\t<meta property=\"og:image:height\" content=\"336\" \/>\n\t<meta property=\"og:image:type\" content=\"image\/jpeg\" \/>\n<meta name=\"author\" content=\"Portal Araras de Noticias\" \/>\n<meta name=\"twitter:card\" content=\"summary_large_image\" \/>\n<meta name=\"twitter:label1\" content=\"Escrito por\" \/>\n\t<meta name=\"twitter:data1\" content=\"Portal Araras de Noticias\" \/>\n\t<meta name=\"twitter:label2\" content=\"Est. tempo de leitura\" \/>\n\t<meta name=\"twitter:data2\" content=\"1 minuto\" \/>\n<script type=\"application\/ld+json\" class=\"yoast-schema-graph\">{\"@context\":\"https:\/\/schema.org\",\"@graph\":[{\"@type\":\"Article\",\"@id\":\"https:\/\/portalararasdenoticias.com.br\/?p=5395#article\",\"isPartOf\":{\"@id\":\"https:\/\/portalararasdenoticias.com.br\/?p=5395\"},\"author\":{\"name\":\"Portal Araras de Noticias\",\"@id\":\"https:\/\/portalararasdenoticias.com.br\/#\/schema\/person\/a6190507efe29dea1049d60d05ed5c0a\"},\"headline\":\"Comiss\u00e3o de Escolha dos Jurados para o 57\u00ba Festival Folcl\u00f3rico de Parintins 2024 est\u00e1 definida.\",\"datePublished\":\"2024-03-11T05:31:00+00:00\",\"mainEntityOfPage\":{\"@id\":\"https:\/\/portalararasdenoticias.com.br\/?p=5395\"},\"wordCount\":148,\"commentCount\":0,\"image\":{\"@id\":\"https:\/\/portalararasdenoticias.com.br\/?p=5395#primaryimage\"},\"thumbnailUrl\":\"https:\/\/portalararasdenoticias.com.br\/wp-content\/uploads\/2024\/03\/431821672_7999440690071988_953969330121756027_n-1.jpg\",\"articleSection\":[\"jornalismo\"],\"inLanguage\":\"pt-BR\",\"potentialAction\":[{\"@type\":\"CommentAction\",\"name\":\"Comment\",\"target\":[\"https:\/\/portalararasdenoticias.com.br\/?p=5395#respond\"]}]},{\"@type\":\"WebPage\",\"@id\":\"https:\/\/portalararasdenoticias.com.br\/?p=5395\",\"url\":\"https:\/\/portalararasdenoticias.com.br\/?p=5395\",\"name\":\"Comiss\u00e3o de Escolha dos Jurados para o 57\u00ba Festival Folcl\u00f3rico de Parintins 2024 est\u00e1 definida. - Portal Araras de Not\u00edcias\",\"isPartOf\":{\"@id\":\"https:\/\/portalararasdenoticias.com.br\/#website\"},\"primaryImageOfPage\":{\"@id\":\"https:\/\/portalararasdenoticias.com.br\/?p=5395#primaryimage\"},\"image\":{\"@id\":\"https:\/\/portalararasdenoticias.com.br\/?p=5395#primaryimage\"},\"thumbnailUrl\":\"https:\/\/portalararasdenoticias.com.br\/wp-content\/uploads\/2024\/03\/431821672_7999440690071988_953969330121756027_n-1.jpg\",\"datePublished\":\"2024-03-11T05:31:00+00:00\",\"author\":{\"@id\":\"https:\/\/portalararasdenoticias.com.br\/#\/schema\/person\/a6190507efe29dea1049d60d05ed5c0a\"},\"breadcrumb\":{\"@id\":\"https:\/\/portalararasdenoticias.com.br\/?p=5395#breadcrumb\"},\"inLanguage\":\"pt-BR\",\"potentialAction\":[{\"@type\":\"ReadAction\",\"target\":[\"https:\/\/portalararasdenoticias.com.br\/?p=5395\"]}]},{\"@type\":\"ImageObject\",\"inLanguage\":\"pt-BR\",\"@id\":\"https:\/\/portalararasdenoticias.com.br\/?p=5395#primaryimage\",\"url\":\"https:\/\/portalararasdenoticias.com.br\/wp-content\/uploads\/2024\/03\/431821672_7999440690071988_953969330121756027_n-1.jpg\",\"contentUrl\":\"https:\/\/portalararasdenoticias.com.br\/wp-content\/uploads\/2024\/03\/431821672_7999440690071988_953969330121756027_n-1.jpg\",\"width\":518,\"height\":336},{\"@type\":\"BreadcrumbList\",\"@id\":\"https:\/\/portalararasdenoticias.com.br\/?p=5395#breadcrumb\",\"itemListElement\":[{\"@type\":\"ListItem\",\"position\":1,\"name\":\"In\u00edcio\",\"item\":\"https:\/\/portalararasdenoticias.com.br\/\"},{\"@type\":\"ListItem\",\"position\":2,\"name\":\"Comiss\u00e3o de Escolha dos Jurados para o 57\u00ba Festival Folcl\u00f3rico de Parintins 2024 est\u00e1 definida.\"}]},{\"@type\":\"WebSite\",\"@id\":\"https:\/\/portalararasdenoticias.com.br\/#website\",\"url\":\"https:\/\/portalararasdenoticias.com.br\/\",\"name\":\"Portal Araras de Not\u00edcias\",\"description\":\"O Seu Portal de Not\u00edcias\",\"potentialAction\":[{\"@type\":\"SearchAction\",\"target\":{\"@type\":\"EntryPoint\",\"urlTemplate\":\"https:\/\/portalararasdenoticias.com.br\/?s={search_term_string}\"},\"query-input\":{\"@type\":\"PropertyValueSpecification\",\"valueRequired\":true,\"valueName\":\"search_term_string\"}}],\"inLanguage\":\"pt-BR\"},{\"@type\":\"Person\",\"@id\":\"https:\/\/portalararasdenoticias.com.br\/#\/schema\/person\/a6190507efe29dea1049d60d05ed5c0a\",\"name\":\"Portal Araras de Noticias\",\"image\":{\"@type\":\"ImageObject\",\"inLanguage\":\"pt-BR\",\"@id\":\"https:\/\/portalararasdenoticias.com.br\/#\/schema\/person\/image\/\",\"url\":\"https:\/\/secure.gravatar.com\/avatar\/4df7c42bc08e78bc9b6e13086fafc161bdf01220657cd93de3d828ab6c60d469?s=96&d=mm&r=g\",\"contentUrl\":\"https:\/\/secure.gravatar.com\/avatar\/4df7c42bc08e78bc9b6e13086fafc161bdf01220657cd93de3d828ab6c60d469?s=96&d=mm&r=g\",\"caption\":\"Portal Araras de Noticias\"},\"sameAs\":[\"https:\/\/portalararasdenoticias.com.br\/\"],\"url\":\"https:\/\/portalararasdenoticias.com.br\/?author=5\"}]}<\/script>\n<!-- \/ Yoast SEO plugin. -->","yoast_head_json":{"title":"Comiss\u00e3o de Escolha dos Jurados para o 57\u00ba Festival Folcl\u00f3rico de Parintins 2024 est\u00e1 definida. - Portal Araras de Not\u00edcias","robots":{"index":"index","follow":"follow","max-snippet":"max-snippet:-1","max-image-preview":"max-image-preview:large","max-video-preview":"max-video-preview:-1"},"canonical":"https:\/\/portalararasdenoticias.com.br\/?p=5395","og_locale":"pt_BR","og_type":"article","og_title":"Comiss\u00e3o de Escolha dos Jurados para o 57\u00ba Festival Folcl\u00f3rico de Parintins 2024 est\u00e1 definida. - Portal Araras de Not\u00edcias","og_description":"A Prefeitura de Parintins nomeou os membros da Comiss\u00e3o de Escolha dos Jurados para o 57\u00ba Festival Folcl\u00f3rico de Parintins, por meio do Decreto n\u00b0 014\/2024 \u2013 PGMP.A Comiss\u00e3o, presidida por Hudson Correa Lopes e composta por Joel dos Santos Braga e Wanderley Ribeiro Pantoja, tem como miss\u00e3o fortalecer o Festival nos aspectos sociais, folcl\u00f3ricos, [&hellip;]","og_url":"https:\/\/portalararasdenoticias.com.br\/?p=5395","og_site_name":"Portal Araras de Not\u00edcias","article_published_time":"2024-03-11T05:31:00+00:00","og_image":[{"width":518,"height":336,"url":"https:\/\/portalararasdenoticias.com.br\/wp-content\/uploads\/2024\/03\/431821672_7999440690071988_953969330121756027_n-1.jpg","type":"image\/jpeg"}],"author":"Portal Araras de Noticias","twitter_card":"summary_large_image","twitter_misc":{"Escrito por":"Portal Araras de Noticias","Est. tempo de leitura":"1 minuto"},"schema":{"@context":"https:\/\/schema.org","@graph":[{"@type":"Article","@id":"https:\/\/portalararasdenoticias.com.br\/?p=5395#article","isPartOf":{"@id":"https:\/\/portalararasdenoticias.com.br\/?p=5395"},"author":{"name":"Portal Araras de Noticias","@id":"https:\/\/portalararasdenoticias.com.br\/#\/schema\/person\/a6190507efe29dea1049d60d05ed5c0a"},"headline":"Comiss\u00e3o de Escolha dos Jurados para o 57\u00ba Festival Folcl\u00f3rico de Parintins 2024 est\u00e1 definida.","datePublished":"2024-03-11T05:31:00+00:00","mainEntityOfPage":{"@id":"https:\/\/portalararasdenoticias.com.br\/?p=5395"},"wordCount":148,"commentCount":0,"image":{"@id":"https:\/\/portalararasdenoticias.com.br\/?p=5395#primaryimage"},"thumbnailUrl":"https:\/\/portalararasdenoticias.com.br\/wp-content\/uploads\/2024\/03\/431821672_7999440690071988_953969330121756027_n-1.jpg","articleSection":["jornalismo"],"inLanguage":"pt-BR","potentialAction":[{"@type":"CommentAction","name":"Comment","target":["https:\/\/portalararasdenoticias.com.br\/?p=5395#respond"]}]},{"@type":"WebPage","@id":"https:\/\/portalararasdenoticias.com.br\/?p=5395","url":"https:\/\/portalararasdenoticias.com.br\/?p=5395","name":"Comiss\u00e3o de Escolha dos Jurados para o 57\u00ba Festival Folcl\u00f3rico de Parintins 2024 est\u00e1 definida. - Portal Araras de Not\u00edcias","isPartOf":{"@id":"https:\/\/portalararasdenoticias.com.br\/#website"},"primaryImageOfPage":{"@id":"https:\/\/portalararasdenoticias.com.br\/?p=5395#primaryimage"},"image":{"@id":"https:\/\/portalararasdenoticias.com.br\/?p=5395#primaryimage"},"thumbnailUrl":"https:\/\/portalararasdenoticias.com.br\/wp-content\/uploads\/2024\/03\/431821672_7999440690071988_953969330121756027_n-1.jpg","datePublished":"2024-03-11T05:31:00+00:00","author":{"@id":"https:\/\/portalararasdenoticias.com.br\/#\/schema\/person\/a6190507efe29dea1049d60d05ed5c0a"},"breadcrumb":{"@id":"https:\/\/portalararasdenoticias.com.br\/?p=5395#breadcrumb"},"inLanguage":"pt-BR","potentialAction":[{"@type":"ReadAction","target":["https:\/\/portalararasdenoticias.com.br\/?p=5395"]}]},{"@type":"ImageObject","inLanguage":"pt-BR","@id":"https:\/\/portalararasdenoticias.com.br\/?p=5395#primaryimage","url":"https:\/\/portalararasdenoticias.com.br\/wp-content\/uploads\/2024\/03\/431821672_7999440690071988_953969330121756027_n-1.jpg","contentUrl":"https:\/\/portalararasdenoticias.com.br\/wp-content\/uploads\/2024\/03\/431821672_7999440690071988_953969330121756027_n-1.jpg","width":518,"height":336},{"@type":"BreadcrumbList","@id":"https:\/\/portalararasdenoticias.com.br\/?p=5395#breadcrumb","itemListElement":[{"@type":"ListItem","position":1,"name":"In\u00edcio","item":"https:\/\/portalararasdenoticias.com.br\/"},{"@type":"ListItem","position":2,"name":"Comiss\u00e3o de Escolha dos Jurados para o 57\u00ba Festival Folcl\u00f3rico de Parintins 2024 est\u00e1 definida."}]},{"@type":"WebSite","@id":"https:\/\/portalararasdenoticias.com.br\/#website","url":"https:\/\/portalararasdenoticias.com.br\/","name":"Portal Araras de Not\u00edcias","description":"O Seu Portal de Not\u00edcias","potentialAction":[{"@type":"SearchAction","target":{"@type":"EntryPoint","urlTemplate":"https:\/\/portalararasdenoticias.com.br\/?s={search_term_string}"},"query-input":{"@type":"PropertyValueSpecification","valueRequired":true,"valueName":"search_term_string"}}],"inLanguage":"pt-BR"},{"@type":"Person","@id":"https:\/\/portalararasdenoticias.com.br\/#\/schema\/person\/a6190507efe29dea1049d60d05ed5c0a","name":"Portal Araras de Noticias","image":{"@type":"ImageObject","inLanguage":"pt-BR","@id":"https:\/\/portalararasdenoticias.com.br\/#\/schema\/person\/image\/","url":"https:\/\/secure.gravatar.com\/avatar\/4df7c42bc08e78bc9b6e13086fafc161bdf01220657cd93de3d828ab6c60d469?s=96&d=mm&r=g","contentUrl":"https:\/\/secure.gravatar.com\/avatar\/4df7c42bc08e78bc9b6e13086fafc161bdf01220657cd93de3d828ab6c60d469?s=96&d=mm&r=g","caption":"Portal Araras de Noticias"},"sameAs":["https:\/\/portalararasdenoticias.com.br\/"],"url":"https:\/\/portalararasdenoticias.com.br\/?author=5"}]}},"_links":{"self":[{"href":"https:\/\/portalararasdenoticias.com.br\/index.php?rest_route=\/wp\/v2\/posts\/5395","targetHints":{"allow":["GET"]}}],"collection":[{"href":"https:\/\/portalararasdenoticias.com.br\/index.php?rest_route=\/wp\/v2\/posts"}],"about":[{"href":"https:\/\/portalararasdenoticias.com.br\/index.php?rest_route=\/wp\/v2\/types\/post"}],"author":[{"embeddable":true,"href":"https:\/\/portalararasdenoticias.com.br\/index.php?rest_route=\/wp\/v2\/users\/5"}],"replies":[{"embeddable":true,"href":"https:\/\/portalararasdenoticias.com.br\/index.php?rest_route=%2Fwp%2Fv2%2Fcomments&post=5395"}],"version-history":[{"count":1,"href":"https:\/\/portalararasdenoticias.com.br\/index.php?rest_route=\/wp\/v2\/posts\/5395\/revisions"}],"predecessor-version":[{"id":5399,"href":"https:\/\/portalararasdenoticias.com.br\/index.php?rest_route=\/wp\/v2\/posts\/5395\/revisions\/5399"}],"wp:featuredmedia":[{"embeddable":true,"href":"https:\/\/portalararasdenoticias.com.br\/index.php?rest_route=\/wp\/v2\/media\/5398"}],"wp:attachment":[{"href":"https:\/\/portalararasdenoticias.com.br\/index.php?rest_route=%2Fwp%2Fv2%2Fmedia&parent=5395"}],"wp:term":[{"taxonomy":"category","embeddable":true,"href":"https:\/\/portalararasdenoticias.com.br\/index.php?rest_route=%2Fwp%2Fv2%2Fcategories&post=5395"},{"taxonomy":"post_tag","embeddable":true,"href":"https:\/\/portalararasdenoticias.com.br\/index.php?rest_route=%2Fwp%2Fv2%2Ftags&post=5395"}],"curies":[{"name":"wp","href":"https:\/\/api.w.org\/{rel}","templated":true}]}}