{"id":5421,"date":"2024-03-28T00:42:43","date_gmt":"2024-03-28T03:42:43","guid":{"rendered":"https:\/\/portalararasdenoticias.com.br\/?p=5421"},"modified":"2024-03-28T00:43:49","modified_gmt":"2024-03-28T03:43:49","slug":"operacao-inicia-retirada-de-flutuantes-abandonados-no-taruma-acu-em-manaus","status":"publish","type":"post","link":"https:\/\/portalararasdenoticias.com.br\/?p=5421","title":{"rendered":"Opera\u00e7\u00e3o inicia retirada de flutuantes &#8216;abandonados&#8217; no Tarum\u00e3-A\u00e7u em Manaus."},"content":{"rendered":"\n<p>A Semmas clima, refor\u00e7a que nesta fase inicial, ser\u00e3o removidos apenas os flutuantes previamente identificados como abandonados.Come\u00e7ou, na manh\u00e3 desta ter\u00e7a-feira (26\/3), a opera\u00e7\u00e3o de retirada dos flutuantes das \u00e1guas do Tarum\u00e3-A\u00e7\u00fa. A previs\u00e3o \u00e9 de que os trabalhos no local se estendam por at\u00e9 cinco dias.A <a><\/a>a\u00e7\u00e3o, coordenada pela Secretaria Municipal de Meio Ambiente, Sustentabilidade e Mudan\u00e7a do Clima (Semmasclima), prev\u00ea tirar do local 20 flutuantes considerados \u201cabandonados\u201d, seguindo o que diz a liminar vigente no processo n\u00b0 0056323-55.2010.8.04.0012Os flutuantes que s\u00e3o alvo da a\u00e7\u00e3o ser\u00e3o colocados dentro de uma balsa ap\u00f3s o desmonte. Segundo a Prefeitura, a a\u00e7\u00e3o vai contar com o suporte de um caminh\u00e3o limpa-fossa para o esgotamento sanit\u00e1rio para que n\u00e3o fique qualquer res\u00edduo no espelho d\u2019\u00e1gua.O que for poss\u00edvel reutilizar ser\u00e1 direcionado para obras p\u00fablicas, a\u00e7\u00f5es e interven\u00e7\u00f5es que ser\u00e3o feitas pela prefeitura. No entanto, moradores do local j\u00e1 t\u00eam relatado que pregos, parafusos e outros materiais menores est\u00e3o indo para o leito do rio e questionam qual o crit\u00e9rio que a Prefeitura est\u00e1 utilizando para considerar um flutuante, de fato, abandonado.A indaga\u00e7\u00e3o dos moradores \u00e9 pertinente porque, anterior \u00e0 liminar vigente, a Justi\u00e7a do Amazonas havia elencado a demoli\u00e7\u00e3o seguindo a crit\u00e9rios que tipificam as estruturas flutuantes do n\u00famero 1 ao 6 e previa a retirada inicial dos tipos 1, 2 e 3. Estes crit\u00e9rios podem ser vistos.Participam dessa opera\u00e7\u00e3o diversos \u00f3rg\u00e3os municipais e estaduais. Entre eles est\u00e3o:Centro de Coopera\u00e7\u00e3o da Cidade (CCC);As secretarias municipais de Limpeza Urbana (Semulsp), Infraestrutura (Seminf), da Mulher, Assist\u00eancia Social e Cidadania (Semasc), Seguran\u00e7a P\u00fablica e Defesa Social (Semseg) e de Finan\u00e7as e Tecnologia da Informa\u00e7\u00e3o (Semef);Procuradoria Geral do Munic\u00edpio (PGM);Pol\u00edcia Militar do Amazonas (PMAM);Batalh\u00e3o Ambiental;Marinha do Brasil.<\/p>\n\n\n\n<figure class=\"wp-block-gallery has-nested-images columns-default is-cropped wp-block-gallery-1 is-layout-flex wp-block-gallery-is-layout-flex\">\n<figure class=\"wp-block-image size-large\"><img loading=\"lazy\" decoding=\"async\" width=\"984\" height=\"656\" data-id=\"5425\" src=\"https:\/\/portalararasdenoticias.com.br\/wp-content\/uploads\/2024\/03\/434242371_8062891357060254_2863221510795732400_n-1.jpg\" alt=\"\" class=\"wp-image-5425\" srcset=\"https:\/\/portalararasdenoticias.com.br\/wp-content\/uploads\/2024\/03\/434242371_8062891357060254_2863221510795732400_n-1.jpg 984w, https:\/\/portalararasdenoticias.com.br\/wp-content\/uploads\/2024\/03\/434242371_8062891357060254_2863221510795732400_n-1-300x200.jpg 300w, https:\/\/portalararasdenoticias.com.br\/wp-content\/uploads\/2024\/03\/434242371_8062891357060254_2863221510795732400_n-1-768x512.jpg 768w\" sizes=\"auto, (max-width: 984px) 100vw, 984px\" \/><\/figure>\n\n\n\n<figure class=\"wp-block-image size-large\"><img loading=\"lazy\" decoding=\"async\" width=\"800\" height=\"450\" data-id=\"5424\" src=\"https:\/\/portalararasdenoticias.com.br\/wp-content\/uploads\/2024\/03\/434244386_8062891267060263_4737714681432133215_n-1.jpg\" alt=\"\" class=\"wp-image-5424\" srcset=\"https:\/\/portalararasdenoticias.com.br\/wp-content\/uploads\/2024\/03\/434244386_8062891267060263_4737714681432133215_n-1.jpg 800w, https:\/\/portalararasdenoticias.com.br\/wp-content\/uploads\/2024\/03\/434244386_8062891267060263_4737714681432133215_n-1-300x169.jpg 300w, https:\/\/portalararasdenoticias.com.br\/wp-content\/uploads\/2024\/03\/434244386_8062891267060263_4737714681432133215_n-1-768x432.jpg 768w\" sizes=\"auto, (max-width: 800px) 100vw, 800px\" \/><\/figure>\n<\/figure>\n","protected":false},"excerpt":{"rendered":"<p>A Semmas clima, refor\u00e7a que nesta fase inicial, ser\u00e3o removidos apenas os flutuantes previamente identificados como abandonados.Come\u00e7ou, na manh\u00e3 desta ter\u00e7a-feira (26\/3), a opera\u00e7\u00e3o de retirada dos flutuantes das \u00e1guas do Tarum\u00e3-A\u00e7\u00fa. A previs\u00e3o \u00e9 de que os trabalhos no local se estendam por at\u00e9 cinco dias.A a\u00e7\u00e3o, coordenada pela Secretaria Municipal de Meio Ambiente, [&hellip;]<\/p>\n","protected":false},"author":5,"featured_media":5422,"comment_status":"open","ping_status":"open","sticky":true,"template":"","format":"standard","meta":{"footnotes":""},"categories":[34],"tags":[],"class_list":["post-5421","post","type-post","status-publish","format-standard","has-post-thumbnail","hentry","category-jornalismo"],"yoast_head":"<!-- This site is optimized with the Yoast SEO plugin v27.0 - https:\/\/yoast.com\/product\/yoast-seo-wordpress\/ -->\n<title>Opera\u00e7\u00e3o inicia retirada de flutuantes &#039;abandonados&#039; no Tarum\u00e3-A\u00e7u em Manaus. - Portal Araras de Not\u00edcias<\/title>\n<meta name=\"robots\" content=\"index, follow, max-snippet:-1, max-image-preview:large, max-video-preview:-1\" \/>\n<link rel=\"canonical\" href=\"https:\/\/portalararasdenoticias.com.br\/?p=5421\" \/>\n<meta property=\"og:locale\" content=\"pt_BR\" \/>\n<meta property=\"og:type\" content=\"article\" \/>\n<meta property=\"og:title\" content=\"Opera\u00e7\u00e3o inicia retirada de flutuantes &#039;abandonados&#039; no Tarum\u00e3-A\u00e7u em Manaus. - Portal Araras de Not\u00edcias\" \/>\n<meta property=\"og:description\" content=\"A Semmas clima, refor\u00e7a que nesta fase inicial, ser\u00e3o removidos apenas os flutuantes previamente identificados como abandonados.Come\u00e7ou, na manh\u00e3 desta ter\u00e7a-feira (26\/3), a opera\u00e7\u00e3o de retirada dos flutuantes das \u00e1guas do Tarum\u00e3-A\u00e7\u00fa. A previs\u00e3o \u00e9 de que os trabalhos no local se estendam por at\u00e9 cinco dias.A a\u00e7\u00e3o, coordenada pela Secretaria Municipal de Meio Ambiente, [&hellip;]\" \/>\n<meta property=\"og:url\" content=\"https:\/\/portalararasdenoticias.com.br\/?p=5421\" \/>\n<meta property=\"og:site_name\" content=\"Portal Araras de Not\u00edcias\" \/>\n<meta property=\"article:published_time\" content=\"2024-03-28T03:42:43+00:00\" \/>\n<meta property=\"article:modified_time\" content=\"2024-03-28T03:43:49+00:00\" \/>\n<meta property=\"og:image\" content=\"https:\/\/portalararasdenoticias.com.br\/wp-content\/uploads\/2024\/03\/434242371_8062891357060254_2863221510795732400_n.jpg\" \/>\n\t<meta property=\"og:image:width\" content=\"984\" \/>\n\t<meta property=\"og:image:height\" content=\"656\" \/>\n\t<meta property=\"og:image:type\" content=\"image\/jpeg\" \/>\n<meta name=\"author\" content=\"Portal Araras de Noticias\" \/>\n<meta name=\"twitter:card\" content=\"summary_large_image\" \/>\n<meta name=\"twitter:label1\" content=\"Escrito por\" \/>\n\t<meta name=\"twitter:data1\" content=\"Portal Araras de Noticias\" \/>\n\t<meta name=\"twitter:label2\" content=\"Est. tempo de leitura\" \/>\n\t<meta name=\"twitter:data2\" content=\"2 minutos\" \/>\n<script type=\"application\/ld+json\" class=\"yoast-schema-graph\">{\"@context\":\"https:\/\/schema.org\",\"@graph\":[{\"@type\":\"Article\",\"@id\":\"https:\/\/portalararasdenoticias.com.br\/?p=5421#article\",\"isPartOf\":{\"@id\":\"https:\/\/portalararasdenoticias.com.br\/?p=5421\"},\"author\":{\"name\":\"Portal Araras de Noticias\",\"@id\":\"https:\/\/portalararasdenoticias.com.br\/#\/schema\/person\/a6190507efe29dea1049d60d05ed5c0a\"},\"headline\":\"Opera\u00e7\u00e3o inicia retirada de flutuantes &#8216;abandonados&#8217; no Tarum\u00e3-A\u00e7u em Manaus.\",\"datePublished\":\"2024-03-28T03:42:43+00:00\",\"dateModified\":\"2024-03-28T03:43:49+00:00\",\"mainEntityOfPage\":{\"@id\":\"https:\/\/portalararasdenoticias.com.br\/?p=5421\"},\"wordCount\":340,\"commentCount\":0,\"image\":{\"@id\":\"https:\/\/portalararasdenoticias.com.br\/?p=5421#primaryimage\"},\"thumbnailUrl\":\"https:\/\/portalararasdenoticias.com.br\/wp-content\/uploads\/2024\/03\/434242371_8062891357060254_2863221510795732400_n.jpg\",\"articleSection\":[\"jornalismo\"],\"inLanguage\":\"pt-BR\",\"potentialAction\":[{\"@type\":\"CommentAction\",\"name\":\"Comment\",\"target\":[\"https:\/\/portalararasdenoticias.com.br\/?p=5421#respond\"]}]},{\"@type\":\"WebPage\",\"@id\":\"https:\/\/portalararasdenoticias.com.br\/?p=5421\",\"url\":\"https:\/\/portalararasdenoticias.com.br\/?p=5421\",\"name\":\"Opera\u00e7\u00e3o inicia retirada de flutuantes 'abandonados' no Tarum\u00e3-A\u00e7u em Manaus. - Portal Araras de Not\u00edcias\",\"isPartOf\":{\"@id\":\"https:\/\/portalararasdenoticias.com.br\/#website\"},\"primaryImageOfPage\":{\"@id\":\"https:\/\/portalararasdenoticias.com.br\/?p=5421#primaryimage\"},\"image\":{\"@id\":\"https:\/\/portalararasdenoticias.com.br\/?p=5421#primaryimage\"},\"thumbnailUrl\":\"https:\/\/portalararasdenoticias.com.br\/wp-content\/uploads\/2024\/03\/434242371_8062891357060254_2863221510795732400_n.jpg\",\"datePublished\":\"2024-03-28T03:42:43+00:00\",\"dateModified\":\"2024-03-28T03:43:49+00:00\",\"author\":{\"@id\":\"https:\/\/portalararasdenoticias.com.br\/#\/schema\/person\/a6190507efe29dea1049d60d05ed5c0a\"},\"breadcrumb\":{\"@id\":\"https:\/\/portalararasdenoticias.com.br\/?p=5421#breadcrumb\"},\"inLanguage\":\"pt-BR\",\"potentialAction\":[{\"@type\":\"ReadAction\",\"target\":[\"https:\/\/portalararasdenoticias.com.br\/?p=5421\"]}]},{\"@type\":\"ImageObject\",\"inLanguage\":\"pt-BR\",\"@id\":\"https:\/\/portalararasdenoticias.com.br\/?p=5421#primaryimage\",\"url\":\"https:\/\/portalararasdenoticias.com.br\/wp-content\/uploads\/2024\/03\/434242371_8062891357060254_2863221510795732400_n.jpg\",\"contentUrl\":\"https:\/\/portalararasdenoticias.com.br\/wp-content\/uploads\/2024\/03\/434242371_8062891357060254_2863221510795732400_n.jpg\",\"width\":984,\"height\":656},{\"@type\":\"BreadcrumbList\",\"@id\":\"https:\/\/portalararasdenoticias.com.br\/?p=5421#breadcrumb\",\"itemListElement\":[{\"@type\":\"ListItem\",\"position\":1,\"name\":\"In\u00edcio\",\"item\":\"https:\/\/portalararasdenoticias.com.br\/\"},{\"@type\":\"ListItem\",\"position\":2,\"name\":\"Opera\u00e7\u00e3o inicia retirada de flutuantes &#8216;abandonados&#8217; no Tarum\u00e3-A\u00e7u em Manaus.\"}]},{\"@type\":\"WebSite\",\"@id\":\"https:\/\/portalararasdenoticias.com.br\/#website\",\"url\":\"https:\/\/portalararasdenoticias.com.br\/\",\"name\":\"Portal Araras de Not\u00edcias\",\"description\":\"O Seu Portal de Not\u00edcias\",\"potentialAction\":[{\"@type\":\"SearchAction\",\"target\":{\"@type\":\"EntryPoint\",\"urlTemplate\":\"https:\/\/portalararasdenoticias.com.br\/?s={search_term_string}\"},\"query-input\":{\"@type\":\"PropertyValueSpecification\",\"valueRequired\":true,\"valueName\":\"search_term_string\"}}],\"inLanguage\":\"pt-BR\"},{\"@type\":\"Person\",\"@id\":\"https:\/\/portalararasdenoticias.com.br\/#\/schema\/person\/a6190507efe29dea1049d60d05ed5c0a\",\"name\":\"Portal Araras de Noticias\",\"image\":{\"@type\":\"ImageObject\",\"inLanguage\":\"pt-BR\",\"@id\":\"https:\/\/portalararasdenoticias.com.br\/#\/schema\/person\/image\/\",\"url\":\"https:\/\/secure.gravatar.com\/avatar\/4df7c42bc08e78bc9b6e13086fafc161bdf01220657cd93de3d828ab6c60d469?s=96&d=mm&r=g\",\"contentUrl\":\"https:\/\/secure.gravatar.com\/avatar\/4df7c42bc08e78bc9b6e13086fafc161bdf01220657cd93de3d828ab6c60d469?s=96&d=mm&r=g\",\"caption\":\"Portal Araras de Noticias\"},\"sameAs\":[\"https:\/\/portalararasdenoticias.com.br\/\"],\"url\":\"https:\/\/portalararasdenoticias.com.br\/?author=5\"}]}<\/script>\n<!-- \/ Yoast SEO plugin. -->","yoast_head_json":{"title":"Opera\u00e7\u00e3o inicia retirada de flutuantes 'abandonados' no Tarum\u00e3-A\u00e7u em Manaus. - Portal Araras de Not\u00edcias","robots":{"index":"index","follow":"follow","max-snippet":"max-snippet:-1","max-image-preview":"max-image-preview:large","max-video-preview":"max-video-preview:-1"},"canonical":"https:\/\/portalararasdenoticias.com.br\/?p=5421","og_locale":"pt_BR","og_type":"article","og_title":"Opera\u00e7\u00e3o inicia retirada de flutuantes 'abandonados' no Tarum\u00e3-A\u00e7u em Manaus. - Portal Araras de Not\u00edcias","og_description":"A Semmas clima, refor\u00e7a que nesta fase inicial, ser\u00e3o removidos apenas os flutuantes previamente identificados como abandonados.Come\u00e7ou, na manh\u00e3 desta ter\u00e7a-feira (26\/3), a opera\u00e7\u00e3o de retirada dos flutuantes das \u00e1guas do Tarum\u00e3-A\u00e7\u00fa. A previs\u00e3o \u00e9 de que os trabalhos no local se estendam por at\u00e9 cinco dias.A a\u00e7\u00e3o, coordenada pela Secretaria Municipal de Meio Ambiente, [&hellip;]","og_url":"https:\/\/portalararasdenoticias.com.br\/?p=5421","og_site_name":"Portal Araras de Not\u00edcias","article_published_time":"2024-03-28T03:42:43+00:00","article_modified_time":"2024-03-28T03:43:49+00:00","og_image":[{"width":984,"height":656,"url":"https:\/\/portalararasdenoticias.com.br\/wp-content\/uploads\/2024\/03\/434242371_8062891357060254_2863221510795732400_n.jpg","type":"image\/jpeg"}],"author":"Portal Araras de Noticias","twitter_card":"summary_large_image","twitter_misc":{"Escrito por":"Portal Araras de Noticias","Est. tempo de leitura":"2 minutos"},"schema":{"@context":"https:\/\/schema.org","@graph":[{"@type":"Article","@id":"https:\/\/portalararasdenoticias.com.br\/?p=5421#article","isPartOf":{"@id":"https:\/\/portalararasdenoticias.com.br\/?p=5421"},"author":{"name":"Portal Araras de Noticias","@id":"https:\/\/portalararasdenoticias.com.br\/#\/schema\/person\/a6190507efe29dea1049d60d05ed5c0a"},"headline":"Opera\u00e7\u00e3o inicia retirada de flutuantes &#8216;abandonados&#8217; no Tarum\u00e3-A\u00e7u em Manaus.","datePublished":"2024-03-28T03:42:43+00:00","dateModified":"2024-03-28T03:43:49+00:00","mainEntityOfPage":{"@id":"https:\/\/portalararasdenoticias.com.br\/?p=5421"},"wordCount":340,"commentCount":0,"image":{"@id":"https:\/\/portalararasdenoticias.com.br\/?p=5421#primaryimage"},"thumbnailUrl":"https:\/\/portalararasdenoticias.com.br\/wp-content\/uploads\/2024\/03\/434242371_8062891357060254_2863221510795732400_n.jpg","articleSection":["jornalismo"],"inLanguage":"pt-BR","potentialAction":[{"@type":"CommentAction","name":"Comment","target":["https:\/\/portalararasdenoticias.com.br\/?p=5421#respond"]}]},{"@type":"WebPage","@id":"https:\/\/portalararasdenoticias.com.br\/?p=5421","url":"https:\/\/portalararasdenoticias.com.br\/?p=5421","name":"Opera\u00e7\u00e3o inicia retirada de flutuantes 'abandonados' no Tarum\u00e3-A\u00e7u em Manaus. - Portal Araras de Not\u00edcias","isPartOf":{"@id":"https:\/\/portalararasdenoticias.com.br\/#website"},"primaryImageOfPage":{"@id":"https:\/\/portalararasdenoticias.com.br\/?p=5421#primaryimage"},"image":{"@id":"https:\/\/portalararasdenoticias.com.br\/?p=5421#primaryimage"},"thumbnailUrl":"https:\/\/portalararasdenoticias.com.br\/wp-content\/uploads\/2024\/03\/434242371_8062891357060254_2863221510795732400_n.jpg","datePublished":"2024-03-28T03:42:43+00:00","dateModified":"2024-03-28T03:43:49+00:00","author":{"@id":"https:\/\/portalararasdenoticias.com.br\/#\/schema\/person\/a6190507efe29dea1049d60d05ed5c0a"},"breadcrumb":{"@id":"https:\/\/portalararasdenoticias.com.br\/?p=5421#breadcrumb"},"inLanguage":"pt-BR","potentialAction":[{"@type":"ReadAction","target":["https:\/\/portalararasdenoticias.com.br\/?p=5421"]}]},{"@type":"ImageObject","inLanguage":"pt-BR","@id":"https:\/\/portalararasdenoticias.com.br\/?p=5421#primaryimage","url":"https:\/\/portalararasdenoticias.com.br\/wp-content\/uploads\/2024\/03\/434242371_8062891357060254_2863221510795732400_n.jpg","contentUrl":"https:\/\/portalararasdenoticias.com.br\/wp-content\/uploads\/2024\/03\/434242371_8062891357060254_2863221510795732400_n.jpg","width":984,"height":656},{"@type":"BreadcrumbList","@id":"https:\/\/portalararasdenoticias.com.br\/?p=5421#breadcrumb","itemListElement":[{"@type":"ListItem","position":1,"name":"In\u00edcio","item":"https:\/\/portalararasdenoticias.com.br\/"},{"@type":"ListItem","position":2,"name":"Opera\u00e7\u00e3o inicia retirada de flutuantes &#8216;abandonados&#8217; no Tarum\u00e3-A\u00e7u em Manaus."}]},{"@type":"WebSite","@id":"https:\/\/portalararasdenoticias.com.br\/#website","url":"https:\/\/portalararasdenoticias.com.br\/","name":"Portal Araras de Not\u00edcias","description":"O Seu Portal de Not\u00edcias","potentialAction":[{"@type":"SearchAction","target":{"@type":"EntryPoint","urlTemplate":"https:\/\/portalararasdenoticias.com.br\/?s={search_term_string}"},"query-input":{"@type":"PropertyValueSpecification","valueRequired":true,"valueName":"search_term_string"}}],"inLanguage":"pt-BR"},{"@type":"Person","@id":"https:\/\/portalararasdenoticias.com.br\/#\/schema\/person\/a6190507efe29dea1049d60d05ed5c0a","name":"Portal Araras de Noticias","image":{"@type":"ImageObject","inLanguage":"pt-BR","@id":"https:\/\/portalararasdenoticias.com.br\/#\/schema\/person\/image\/","url":"https:\/\/secure.gravatar.com\/avatar\/4df7c42bc08e78bc9b6e13086fafc161bdf01220657cd93de3d828ab6c60d469?s=96&d=mm&r=g","contentUrl":"https:\/\/secure.gravatar.com\/avatar\/4df7c42bc08e78bc9b6e13086fafc161bdf01220657cd93de3d828ab6c60d469?s=96&d=mm&r=g","caption":"Portal Araras de Noticias"},"sameAs":["https:\/\/portalararasdenoticias.com.br\/"],"url":"https:\/\/portalararasdenoticias.com.br\/?author=5"}]}},"_links":{"self":[{"href":"https:\/\/portalararasdenoticias.com.br\/index.php?rest_route=\/wp\/v2\/posts\/5421","targetHints":{"allow":["GET"]}}],"collection":[{"href":"https:\/\/portalararasdenoticias.com.br\/index.php?rest_route=\/wp\/v2\/posts"}],"about":[{"href":"https:\/\/portalararasdenoticias.com.br\/index.php?rest_route=\/wp\/v2\/types\/post"}],"author":[{"embeddable":true,"href":"https:\/\/portalararasdenoticias.com.br\/index.php?rest_route=\/wp\/v2\/users\/5"}],"replies":[{"embeddable":true,"href":"https:\/\/portalararasdenoticias.com.br\/index.php?rest_route=%2Fwp%2Fv2%2Fcomments&post=5421"}],"version-history":[{"count":1,"href":"https:\/\/portalararasdenoticias.com.br\/index.php?rest_route=\/wp\/v2\/posts\/5421\/revisions"}],"predecessor-version":[{"id":5426,"href":"https:\/\/portalararasdenoticias.com.br\/index.php?rest_route=\/wp\/v2\/posts\/5421\/revisions\/5426"}],"wp:featuredmedia":[{"embeddable":true,"href":"https:\/\/portalararasdenoticias.com.br\/index.php?rest_route=\/wp\/v2\/media\/5422"}],"wp:attachment":[{"href":"https:\/\/portalararasdenoticias.com.br\/index.php?rest_route=%2Fwp%2Fv2%2Fmedia&parent=5421"}],"wp:term":[{"taxonomy":"category","embeddable":true,"href":"https:\/\/portalararasdenoticias.com.br\/index.php?rest_route=%2Fwp%2Fv2%2Fcategories&post=5421"},{"taxonomy":"post_tag","embeddable":true,"href":"https:\/\/portalararasdenoticias.com.br\/index.php?rest_route=%2Fwp%2Fv2%2Ftags&post=5421"}],"curies":[{"name":"wp","href":"https:\/\/api.w.org\/{rel}","templated":true}]}}