{"id":5431,"date":"2024-03-28T01:00:28","date_gmt":"2024-03-28T04:00:28","guid":{"rendered":"https:\/\/portalararasdenoticias.com.br\/?p=5431"},"modified":"2024-03-28T01:01:35","modified_gmt":"2024-03-28T04:01:35","slug":"curitiba-para-emocionada-e-canta-meu-coracao-e-vermelho-como-se-tivesse-no-bumbodromo-de-parintins-no-am","status":"publish","type":"post","link":"https:\/\/portalararasdenoticias.com.br\/?p=5431","title":{"rendered":"Curitiba para emocionada e canta \u201cmeu cora\u00e7\u00e3o \u00e9 vermelho\u201d como se tivesse no bumb\u00f3dromo de Parintins no AM."},"content":{"rendered":"\n<p>Apresenta\u00e7\u00e3o do Boi Garantido no Festival de Cultura emocionou os paranaenses, mas tamb\u00e9m os nossos artistas, pela incr\u00edvel recep\u00e7\u00e3o de todosO Boi Garantido entrou no meio do p\u00fablico que se mostrou surpreso e emocionado, fazendo a multid\u00e3o receber, com carinho de crian\u00e7a, o boizinho todo branco branco, que s\u00f3 na testa tem vermelho. A cena com o povo acariciando o boi, conduzido pelo tripa <a><\/a>Batista Silva, e depois cantando em uma s\u00f3 voz o refr\u00e3o de \u201cVermelho\u201d, de Chico da Silva, resume o sucesso que a apresenta\u00e7\u00e3o do Garantido alcan\u00e7ou no show de abertura do 32\u00ba Festival de Curitiba, na noite desta segunda-feira (25), na capital paranaense.Curitiba para emocionada e canta \u201cmeu cora\u00e7\u00e3o \u00e9 vermelho\u201d como se tivesse no bumb\u00f3dromo26 de mar\u00e7o de 2024Apresenta\u00e7\u00e3o do Boi Garantido no Festival de Cultura emocionou os paranaenses, mas tamb\u00e9m os nossos artistas, pela incr\u00edvel recep\u00e7\u00e3o de todosO Boi Garantido entrou no meio do p\u00fablico que se mostrou surpreso e emocionado, fazendo a multid\u00e3o receber, com carinho de crian\u00e7a, o boizinho todo branco branco, que s\u00f3 na testa tem vermelho. A cena com o povo acariciando o boi, conduzido pelo tripa Batista Silva, e depois cantando em uma s\u00f3 voz o refr\u00e3o de \u201cVermelho\u201d, de Chico da Silva, resume o sucesso que a apresenta\u00e7\u00e3o do Garantido alcan\u00e7ou no show de abertura do 32\u00ba Festival de Curitiba, na noite desta segunda-feira (25), na capital paranaense.\u201c\u00c9 respeito, \u00e9 amor, \u00e9 dedica\u00e7\u00e3o a essa grande festa que acontece na cidade de Curitiba. Mas se fosse uma noite de bumb\u00f3dromo, sem d\u00favida, a primeira noite j\u00e1 seria nossa. Quero parabenizar todos itens do Garantido. Nosso apresentador, nosso levantador, as nossas meninas. Os bailarinos do Garantido Show, o nosso paj\u00e9. Foi uma apresenta\u00e7\u00e3o memor\u00e1vel, digna de respeito. Valorizando o que temos de melhor, o Festival Folcl\u00f3rico de Parintins. Trazer para o Sul do Pa\u00eds, \u00e9 dizer aqui est\u00e1 a maior representa\u00e7\u00e3o folcl\u00f3rico da Amaz\u00f4nia\u201d, afirmou Rivaldo Pereira, diretor de eventos do Garantido e diretor da apresenta\u00e7\u00e3o em Curitiba.Itens e plateia emocionados.Junto com o boi Contr\u00e1rio, o Garantido abriu o evento, que vai at\u00e9 o dia 7 de abril, na condi\u00e7\u00e3o de convidado especial e atra\u00e7\u00e3o principal da abertura. O show, batizado de \u201cDuelo da Amaz\u00f4nia\u201d uniu um repert\u00f3rio de toadas antol\u00f3gicas e sucessos recentes, como Treme Terra (2023) e Tic-Tic-Tac (1996). O que fez a plateia se animar, aplaudir, filmar e fazer selfies como se tivesse no bumb\u00f3dromo de Parintins. A recep\u00e7\u00e3o do povo sulista deixou emocionada a equipe perrech\u00e9.\u201cEstou de alma lavada. Depois do primeiro grande show, do nosso amado Boi Garantido. Estou impressionado com tanta energia, com tanta vibra\u00e7\u00e3o, dessa galera vermelha e branca, do Paran\u00e1 e do Brasil, que cantou as nossas toadas do in\u00edcio ao fim. Todos n\u00f3s, itens, estamos emocionados\u201d, afirmou Israel Paulain.Torcida encarnada.Sob o comando inigual\u00e1vel de Israel Paulain, nossas cunh\u00e3s, representando cada item do festival, dominaram o palco do Viasoft Experience, o centro de conven\u00e7\u00f5es preparado para o espet\u00e1culo musical dos bumb\u00e1s. O espa\u00e7o foi organizado pela produ\u00e7\u00e3o do festival como se fosse a arena do bumb\u00f3dromo. Lado encarnado contra o lado contr\u00e1rio, com bandeiras e painel de led cada um. Centenas de pequenas luzes acesas, os celulares tentavam n\u00e3o perder os momentos. Edilene Tavares foi recebida com gritos da plateia, ao som de Diva Rainha, toada totalmente casada com o sucesso da rainha do Folclore encarnada no palco. \u201cQue espet\u00e1culo, o nosso boi fez aqui, em Curitiba, e que recep\u00e7\u00e3o maravilhosa foi a recep\u00e7\u00e3o do povo aqui, de Curitiba. Em plena segunda-feira, o povo lotando a casa e cantando as nossas toadas\u201d, afirmou Edilene Tavares.<a href=\"https:\/\/www.facebook.com\/photo\/?fbid=930983249031973&amp;set=pcb.930983289031969&amp;__cft__[0]=AZUg4EjaNfAMyu8-rBdqoc6fo8XvaZN1xF-wm6u059ImKsBKfj7U8G9_jeL4i0SIHXJPmoMpr3B0F5jOMBLKnX9kjbYdWymAORID6yanGxRNMxSuMWaqW-jat9pganIlIVYF0wHxEHqn22eCqy6ECyX9S0VcvT9AGqrycpJB2jGC_nx3NN_B4mfi1nXuqlmDQVegerbFpxxG2F1sbsOPWx-7&amp;__tn__=*bH-R\"><\/a><a href=\"https:\/\/www.facebook.com\/photo\/?fbid=930983252365306&amp;set=pcb.930983289031969&amp;__cft__[0]=AZUg4EjaNfAMyu8-rBdqoc6fo8XvaZN1xF-wm6u059ImKsBKfj7U8G9_jeL4i0SIHXJPmoMpr3B0F5jOMBLKnX9kjbYdWymAORID6yanGxRNMxSuMWaqW-jat9pganIlIVYF0wHxEHqn22eCqy6ECyX9S0VcvT9AGqrycpJB2jGC_nx3NN_B4mfi1nXuqlmDQVegerbFpxxG2F1sbsOPWx-7&amp;__tn__=*bH-R\"><\/a>Ver insights e an\u00fancios<a href=\"https:\/\/www.facebook.com\/ad_center\/create\/boostpost\/?entry_point=www_profile_plus_timeline&amp;page_id=1751172691848943&amp;target_id=930983289031969&amp;__cft__[0]=AZUg4EjaNfAMyu8-rBdqoc6fo8XvaZN1xF-wm6u059ImKsBKfj7U8G9_jeL4i0SIHXJPmoMpr3B0F5jOMBLKnX9kjbYdWymAORID6yanGxRNMxSuMWaqW-jat9pganIlIVYF0wHxEHqn22eCqy6ECyX9S0VcvT9AGqrycpJB2jGC_nx3NN_B4mfi1nXuqlmDQVegerbFpxxG2F1sbsOPWx-7&amp;__tn__=*W-R\">Turbinar publica\u00e7\u00e3o<\/a><\/p>\n\n\n\n<figure class=\"wp-block-image size-full\"><img loading=\"lazy\" decoding=\"async\" width=\"1024\" height=\"768\" src=\"https:\/\/portalararasdenoticias.com.br\/wp-content\/uploads\/2024\/03\/434186985_8061224510560272_388239584440832663_n.jpg\" alt=\"\" class=\"wp-image-5432\" srcset=\"https:\/\/portalararasdenoticias.com.br\/wp-content\/uploads\/2024\/03\/434186985_8061224510560272_388239584440832663_n.jpg 1024w, https:\/\/portalararasdenoticias.com.br\/wp-content\/uploads\/2024\/03\/434186985_8061224510560272_388239584440832663_n-300x225.jpg 300w, https:\/\/portalararasdenoticias.com.br\/wp-content\/uploads\/2024\/03\/434186985_8061224510560272_388239584440832663_n-768x576.jpg 768w\" sizes=\"auto, (max-width: 1024px) 100vw, 1024px\" \/><\/figure>\n\n\n\n<figure class=\"wp-block-gallery has-nested-images columns-default is-cropped wp-block-gallery-1 is-layout-flex wp-block-gallery-is-layout-flex\">\n<figure class=\"wp-block-image size-large\"><img loading=\"lazy\" decoding=\"async\" width=\"1024\" height=\"768\" data-id=\"5433\" src=\"https:\/\/portalararasdenoticias.com.br\/wp-content\/uploads\/2024\/03\/434186985_8061224510560272_388239584440832663_n-1.jpg\" alt=\"\" class=\"wp-image-5433\" srcset=\"https:\/\/portalararasdenoticias.com.br\/wp-content\/uploads\/2024\/03\/434186985_8061224510560272_388239584440832663_n-1.jpg 1024w, https:\/\/portalararasdenoticias.com.br\/wp-content\/uploads\/2024\/03\/434186985_8061224510560272_388239584440832663_n-1-300x225.jpg 300w, https:\/\/portalararasdenoticias.com.br\/wp-content\/uploads\/2024\/03\/434186985_8061224510560272_388239584440832663_n-1-768x576.jpg 768w\" sizes=\"auto, (max-width: 1024px) 100vw, 1024px\" \/><\/figure>\n\n\n\n<figure class=\"wp-block-image size-large\"><img loading=\"lazy\" decoding=\"async\" width=\"696\" height=\"392\" data-id=\"5434\" src=\"https:\/\/portalararasdenoticias.com.br\/wp-content\/uploads\/2024\/03\/434262312_8061224390560284_7615989183919202414_n.jpg\" alt=\"\" class=\"wp-image-5434\" srcset=\"https:\/\/portalararasdenoticias.com.br\/wp-content\/uploads\/2024\/03\/434262312_8061224390560284_7615989183919202414_n.jpg 696w, https:\/\/portalararasdenoticias.com.br\/wp-content\/uploads\/2024\/03\/434262312_8061224390560284_7615989183919202414_n-300x169.jpg 300w\" sizes=\"auto, (max-width: 696px) 100vw, 696px\" \/><\/figure>\n<\/figure>\n\n\n\n<p>Todas as rea\u00e7\u00f5es:1212<\/p>\n","protected":false},"excerpt":{"rendered":"<p>Apresenta\u00e7\u00e3o do Boi Garantido no Festival de Cultura emocionou os paranaenses, mas tamb\u00e9m os nossos artistas, pela incr\u00edvel recep\u00e7\u00e3o de todosO Boi Garantido entrou no meio do p\u00fablico que se mostrou surpreso e emocionado, fazendo a multid\u00e3o receber, com carinho de crian\u00e7a, o boizinho todo branco branco, que s\u00f3 na testa tem vermelho. A cena [&hellip;]<\/p>\n","protected":false},"author":5,"featured_media":5435,"comment_status":"open","ping_status":"open","sticky":true,"template":"","format":"standard","meta":{"footnotes":""},"categories":[34],"tags":[],"class_list":["post-5431","post","type-post","status-publish","format-standard","has-post-thumbnail","hentry","category-jornalismo"],"yoast_head":"<!-- This site is optimized with the Yoast SEO plugin v27.0 - https:\/\/yoast.com\/product\/yoast-seo-wordpress\/ -->\n<title>Curitiba para emocionada e canta \u201cmeu cora\u00e7\u00e3o \u00e9 vermelho\u201d como se tivesse no bumb\u00f3dromo de Parintins no AM. - Portal Araras de Not\u00edcias<\/title>\n<meta name=\"robots\" content=\"index, follow, max-snippet:-1, max-image-preview:large, max-video-preview:-1\" \/>\n<link rel=\"canonical\" href=\"https:\/\/portalararasdenoticias.com.br\/?p=5431\" \/>\n<meta property=\"og:locale\" content=\"pt_BR\" \/>\n<meta property=\"og:type\" content=\"article\" \/>\n<meta property=\"og:title\" content=\"Curitiba para emocionada e canta \u201cmeu cora\u00e7\u00e3o \u00e9 vermelho\u201d como se tivesse no bumb\u00f3dromo de Parintins no AM. - Portal Araras de Not\u00edcias\" \/>\n<meta property=\"og:description\" content=\"Apresenta\u00e7\u00e3o do Boi Garantido no Festival de Cultura emocionou os paranaenses, mas tamb\u00e9m os nossos artistas, pela incr\u00edvel recep\u00e7\u00e3o de todosO Boi Garantido entrou no meio do p\u00fablico que se mostrou surpreso e emocionado, fazendo a multid\u00e3o receber, com carinho de crian\u00e7a, o boizinho todo branco branco, que s\u00f3 na testa tem vermelho. A cena [&hellip;]\" \/>\n<meta property=\"og:url\" content=\"https:\/\/portalararasdenoticias.com.br\/?p=5431\" \/>\n<meta property=\"og:site_name\" content=\"Portal Araras de Not\u00edcias\" \/>\n<meta property=\"article:published_time\" content=\"2024-03-28T04:00:28+00:00\" \/>\n<meta property=\"article:modified_time\" content=\"2024-03-28T04:01:35+00:00\" \/>\n<meta property=\"og:image\" content=\"https:\/\/portalararasdenoticias.com.br\/wp-content\/uploads\/2024\/03\/434186985_8061224510560272_388239584440832663_n-2.jpg\" \/>\n\t<meta property=\"og:image:width\" content=\"1024\" \/>\n\t<meta property=\"og:image:height\" content=\"768\" \/>\n\t<meta property=\"og:image:type\" content=\"image\/jpeg\" \/>\n<meta name=\"author\" content=\"Portal Araras de Noticias\" \/>\n<meta name=\"twitter:card\" content=\"summary_large_image\" \/>\n<meta name=\"twitter:label1\" content=\"Escrito por\" \/>\n\t<meta name=\"twitter:data1\" content=\"Portal Araras de Noticias\" \/>\n\t<meta name=\"twitter:label2\" content=\"Est. tempo de leitura\" \/>\n\t<meta name=\"twitter:data2\" content=\"3 minutos\" \/>\n<script type=\"application\/ld+json\" class=\"yoast-schema-graph\">{\"@context\":\"https:\/\/schema.org\",\"@graph\":[{\"@type\":\"Article\",\"@id\":\"https:\/\/portalararasdenoticias.com.br\/?p=5431#article\",\"isPartOf\":{\"@id\":\"https:\/\/portalararasdenoticias.com.br\/?p=5431\"},\"author\":{\"name\":\"Portal Araras de Noticias\",\"@id\":\"https:\/\/portalararasdenoticias.com.br\/#\/schema\/person\/a6190507efe29dea1049d60d05ed5c0a\"},\"headline\":\"Curitiba para emocionada e canta \u201cmeu cora\u00e7\u00e3o \u00e9 vermelho\u201d como se tivesse no bumb\u00f3dromo de Parintins no AM.\",\"datePublished\":\"2024-03-28T04:00:28+00:00\",\"dateModified\":\"2024-03-28T04:01:35+00:00\",\"mainEntityOfPage\":{\"@id\":\"https:\/\/portalararasdenoticias.com.br\/?p=5431\"},\"wordCount\":677,\"commentCount\":0,\"image\":{\"@id\":\"https:\/\/portalararasdenoticias.com.br\/?p=5431#primaryimage\"},\"thumbnailUrl\":\"https:\/\/portalararasdenoticias.com.br\/wp-content\/uploads\/2024\/03\/434186985_8061224510560272_388239584440832663_n-2.jpg\",\"articleSection\":[\"jornalismo\"],\"inLanguage\":\"pt-BR\",\"potentialAction\":[{\"@type\":\"CommentAction\",\"name\":\"Comment\",\"target\":[\"https:\/\/portalararasdenoticias.com.br\/?p=5431#respond\"]}]},{\"@type\":\"WebPage\",\"@id\":\"https:\/\/portalararasdenoticias.com.br\/?p=5431\",\"url\":\"https:\/\/portalararasdenoticias.com.br\/?p=5431\",\"name\":\"Curitiba para emocionada e canta \u201cmeu cora\u00e7\u00e3o \u00e9 vermelho\u201d como se tivesse no bumb\u00f3dromo de Parintins no AM. - Portal Araras de Not\u00edcias\",\"isPartOf\":{\"@id\":\"https:\/\/portalararasdenoticias.com.br\/#website\"},\"primaryImageOfPage\":{\"@id\":\"https:\/\/portalararasdenoticias.com.br\/?p=5431#primaryimage\"},\"image\":{\"@id\":\"https:\/\/portalararasdenoticias.com.br\/?p=5431#primaryimage\"},\"thumbnailUrl\":\"https:\/\/portalararasdenoticias.com.br\/wp-content\/uploads\/2024\/03\/434186985_8061224510560272_388239584440832663_n-2.jpg\",\"datePublished\":\"2024-03-28T04:00:28+00:00\",\"dateModified\":\"2024-03-28T04:01:35+00:00\",\"author\":{\"@id\":\"https:\/\/portalararasdenoticias.com.br\/#\/schema\/person\/a6190507efe29dea1049d60d05ed5c0a\"},\"breadcrumb\":{\"@id\":\"https:\/\/portalararasdenoticias.com.br\/?p=5431#breadcrumb\"},\"inLanguage\":\"pt-BR\",\"potentialAction\":[{\"@type\":\"ReadAction\",\"target\":[\"https:\/\/portalararasdenoticias.com.br\/?p=5431\"]}]},{\"@type\":\"ImageObject\",\"inLanguage\":\"pt-BR\",\"@id\":\"https:\/\/portalararasdenoticias.com.br\/?p=5431#primaryimage\",\"url\":\"https:\/\/portalararasdenoticias.com.br\/wp-content\/uploads\/2024\/03\/434186985_8061224510560272_388239584440832663_n-2.jpg\",\"contentUrl\":\"https:\/\/portalararasdenoticias.com.br\/wp-content\/uploads\/2024\/03\/434186985_8061224510560272_388239584440832663_n-2.jpg\",\"width\":1024,\"height\":768},{\"@type\":\"BreadcrumbList\",\"@id\":\"https:\/\/portalararasdenoticias.com.br\/?p=5431#breadcrumb\",\"itemListElement\":[{\"@type\":\"ListItem\",\"position\":1,\"name\":\"In\u00edcio\",\"item\":\"https:\/\/portalararasdenoticias.com.br\/\"},{\"@type\":\"ListItem\",\"position\":2,\"name\":\"Curitiba para emocionada e canta \u201cmeu cora\u00e7\u00e3o \u00e9 vermelho\u201d como se tivesse no bumb\u00f3dromo de Parintins no AM.\"}]},{\"@type\":\"WebSite\",\"@id\":\"https:\/\/portalararasdenoticias.com.br\/#website\",\"url\":\"https:\/\/portalararasdenoticias.com.br\/\",\"name\":\"Portal Araras de Not\u00edcias\",\"description\":\"O Seu Portal de Not\u00edcias\",\"potentialAction\":[{\"@type\":\"SearchAction\",\"target\":{\"@type\":\"EntryPoint\",\"urlTemplate\":\"https:\/\/portalararasdenoticias.com.br\/?s={search_term_string}\"},\"query-input\":{\"@type\":\"PropertyValueSpecification\",\"valueRequired\":true,\"valueName\":\"search_term_string\"}}],\"inLanguage\":\"pt-BR\"},{\"@type\":\"Person\",\"@id\":\"https:\/\/portalararasdenoticias.com.br\/#\/schema\/person\/a6190507efe29dea1049d60d05ed5c0a\",\"name\":\"Portal Araras de Noticias\",\"image\":{\"@type\":\"ImageObject\",\"inLanguage\":\"pt-BR\",\"@id\":\"https:\/\/portalararasdenoticias.com.br\/#\/schema\/person\/image\/\",\"url\":\"https:\/\/secure.gravatar.com\/avatar\/4df7c42bc08e78bc9b6e13086fafc161bdf01220657cd93de3d828ab6c60d469?s=96&d=mm&r=g\",\"contentUrl\":\"https:\/\/secure.gravatar.com\/avatar\/4df7c42bc08e78bc9b6e13086fafc161bdf01220657cd93de3d828ab6c60d469?s=96&d=mm&r=g\",\"caption\":\"Portal Araras de Noticias\"},\"sameAs\":[\"https:\/\/portalararasdenoticias.com.br\/\"],\"url\":\"https:\/\/portalararasdenoticias.com.br\/?author=5\"}]}<\/script>\n<!-- \/ Yoast SEO plugin. -->","yoast_head_json":{"title":"Curitiba para emocionada e canta \u201cmeu cora\u00e7\u00e3o \u00e9 vermelho\u201d como se tivesse no bumb\u00f3dromo de Parintins no AM. - Portal Araras de Not\u00edcias","robots":{"index":"index","follow":"follow","max-snippet":"max-snippet:-1","max-image-preview":"max-image-preview:large","max-video-preview":"max-video-preview:-1"},"canonical":"https:\/\/portalararasdenoticias.com.br\/?p=5431","og_locale":"pt_BR","og_type":"article","og_title":"Curitiba para emocionada e canta \u201cmeu cora\u00e7\u00e3o \u00e9 vermelho\u201d como se tivesse no bumb\u00f3dromo de Parintins no AM. - Portal Araras de Not\u00edcias","og_description":"Apresenta\u00e7\u00e3o do Boi Garantido no Festival de Cultura emocionou os paranaenses, mas tamb\u00e9m os nossos artistas, pela incr\u00edvel recep\u00e7\u00e3o de todosO Boi Garantido entrou no meio do p\u00fablico que se mostrou surpreso e emocionado, fazendo a multid\u00e3o receber, com carinho de crian\u00e7a, o boizinho todo branco branco, que s\u00f3 na testa tem vermelho. A cena [&hellip;]","og_url":"https:\/\/portalararasdenoticias.com.br\/?p=5431","og_site_name":"Portal Araras de Not\u00edcias","article_published_time":"2024-03-28T04:00:28+00:00","article_modified_time":"2024-03-28T04:01:35+00:00","og_image":[{"width":1024,"height":768,"url":"https:\/\/portalararasdenoticias.com.br\/wp-content\/uploads\/2024\/03\/434186985_8061224510560272_388239584440832663_n-2.jpg","type":"image\/jpeg"}],"author":"Portal Araras de Noticias","twitter_card":"summary_large_image","twitter_misc":{"Escrito por":"Portal Araras de Noticias","Est. tempo de leitura":"3 minutos"},"schema":{"@context":"https:\/\/schema.org","@graph":[{"@type":"Article","@id":"https:\/\/portalararasdenoticias.com.br\/?p=5431#article","isPartOf":{"@id":"https:\/\/portalararasdenoticias.com.br\/?p=5431"},"author":{"name":"Portal Araras de Noticias","@id":"https:\/\/portalararasdenoticias.com.br\/#\/schema\/person\/a6190507efe29dea1049d60d05ed5c0a"},"headline":"Curitiba para emocionada e canta \u201cmeu cora\u00e7\u00e3o \u00e9 vermelho\u201d como se tivesse no bumb\u00f3dromo de Parintins no AM.","datePublished":"2024-03-28T04:00:28+00:00","dateModified":"2024-03-28T04:01:35+00:00","mainEntityOfPage":{"@id":"https:\/\/portalararasdenoticias.com.br\/?p=5431"},"wordCount":677,"commentCount":0,"image":{"@id":"https:\/\/portalararasdenoticias.com.br\/?p=5431#primaryimage"},"thumbnailUrl":"https:\/\/portalararasdenoticias.com.br\/wp-content\/uploads\/2024\/03\/434186985_8061224510560272_388239584440832663_n-2.jpg","articleSection":["jornalismo"],"inLanguage":"pt-BR","potentialAction":[{"@type":"CommentAction","name":"Comment","target":["https:\/\/portalararasdenoticias.com.br\/?p=5431#respond"]}]},{"@type":"WebPage","@id":"https:\/\/portalararasdenoticias.com.br\/?p=5431","url":"https:\/\/portalararasdenoticias.com.br\/?p=5431","name":"Curitiba para emocionada e canta \u201cmeu cora\u00e7\u00e3o \u00e9 vermelho\u201d como se tivesse no bumb\u00f3dromo de Parintins no AM. - Portal Araras de Not\u00edcias","isPartOf":{"@id":"https:\/\/portalararasdenoticias.com.br\/#website"},"primaryImageOfPage":{"@id":"https:\/\/portalararasdenoticias.com.br\/?p=5431#primaryimage"},"image":{"@id":"https:\/\/portalararasdenoticias.com.br\/?p=5431#primaryimage"},"thumbnailUrl":"https:\/\/portalararasdenoticias.com.br\/wp-content\/uploads\/2024\/03\/434186985_8061224510560272_388239584440832663_n-2.jpg","datePublished":"2024-03-28T04:00:28+00:00","dateModified":"2024-03-28T04:01:35+00:00","author":{"@id":"https:\/\/portalararasdenoticias.com.br\/#\/schema\/person\/a6190507efe29dea1049d60d05ed5c0a"},"breadcrumb":{"@id":"https:\/\/portalararasdenoticias.com.br\/?p=5431#breadcrumb"},"inLanguage":"pt-BR","potentialAction":[{"@type":"ReadAction","target":["https:\/\/portalararasdenoticias.com.br\/?p=5431"]}]},{"@type":"ImageObject","inLanguage":"pt-BR","@id":"https:\/\/portalararasdenoticias.com.br\/?p=5431#primaryimage","url":"https:\/\/portalararasdenoticias.com.br\/wp-content\/uploads\/2024\/03\/434186985_8061224510560272_388239584440832663_n-2.jpg","contentUrl":"https:\/\/portalararasdenoticias.com.br\/wp-content\/uploads\/2024\/03\/434186985_8061224510560272_388239584440832663_n-2.jpg","width":1024,"height":768},{"@type":"BreadcrumbList","@id":"https:\/\/portalararasdenoticias.com.br\/?p=5431#breadcrumb","itemListElement":[{"@type":"ListItem","position":1,"name":"In\u00edcio","item":"https:\/\/portalararasdenoticias.com.br\/"},{"@type":"ListItem","position":2,"name":"Curitiba para emocionada e canta \u201cmeu cora\u00e7\u00e3o \u00e9 vermelho\u201d como se tivesse no bumb\u00f3dromo de Parintins no AM."}]},{"@type":"WebSite","@id":"https:\/\/portalararasdenoticias.com.br\/#website","url":"https:\/\/portalararasdenoticias.com.br\/","name":"Portal Araras de Not\u00edcias","description":"O Seu Portal de Not\u00edcias","potentialAction":[{"@type":"SearchAction","target":{"@type":"EntryPoint","urlTemplate":"https:\/\/portalararasdenoticias.com.br\/?s={search_term_string}"},"query-input":{"@type":"PropertyValueSpecification","valueRequired":true,"valueName":"search_term_string"}}],"inLanguage":"pt-BR"},{"@type":"Person","@id":"https:\/\/portalararasdenoticias.com.br\/#\/schema\/person\/a6190507efe29dea1049d60d05ed5c0a","name":"Portal Araras de Noticias","image":{"@type":"ImageObject","inLanguage":"pt-BR","@id":"https:\/\/portalararasdenoticias.com.br\/#\/schema\/person\/image\/","url":"https:\/\/secure.gravatar.com\/avatar\/4df7c42bc08e78bc9b6e13086fafc161bdf01220657cd93de3d828ab6c60d469?s=96&d=mm&r=g","contentUrl":"https:\/\/secure.gravatar.com\/avatar\/4df7c42bc08e78bc9b6e13086fafc161bdf01220657cd93de3d828ab6c60d469?s=96&d=mm&r=g","caption":"Portal Araras de Noticias"},"sameAs":["https:\/\/portalararasdenoticias.com.br\/"],"url":"https:\/\/portalararasdenoticias.com.br\/?author=5"}]}},"_links":{"self":[{"href":"https:\/\/portalararasdenoticias.com.br\/index.php?rest_route=\/wp\/v2\/posts\/5431","targetHints":{"allow":["GET"]}}],"collection":[{"href":"https:\/\/portalararasdenoticias.com.br\/index.php?rest_route=\/wp\/v2\/posts"}],"about":[{"href":"https:\/\/portalararasdenoticias.com.br\/index.php?rest_route=\/wp\/v2\/types\/post"}],"author":[{"embeddable":true,"href":"https:\/\/portalararasdenoticias.com.br\/index.php?rest_route=\/wp\/v2\/users\/5"}],"replies":[{"embeddable":true,"href":"https:\/\/portalararasdenoticias.com.br\/index.php?rest_route=%2Fwp%2Fv2%2Fcomments&post=5431"}],"version-history":[{"count":1,"href":"https:\/\/portalararasdenoticias.com.br\/index.php?rest_route=\/wp\/v2\/posts\/5431\/revisions"}],"predecessor-version":[{"id":5436,"href":"https:\/\/portalararasdenoticias.com.br\/index.php?rest_route=\/wp\/v2\/posts\/5431\/revisions\/5436"}],"wp:featuredmedia":[{"embeddable":true,"href":"https:\/\/portalararasdenoticias.com.br\/index.php?rest_route=\/wp\/v2\/media\/5435"}],"wp:attachment":[{"href":"https:\/\/portalararasdenoticias.com.br\/index.php?rest_route=%2Fwp%2Fv2%2Fmedia&parent=5431"}],"wp:term":[{"taxonomy":"category","embeddable":true,"href":"https:\/\/portalararasdenoticias.com.br\/index.php?rest_route=%2Fwp%2Fv2%2Fcategories&post=5431"},{"taxonomy":"post_tag","embeddable":true,"href":"https:\/\/portalararasdenoticias.com.br\/index.php?rest_route=%2Fwp%2Fv2%2Ftags&post=5431"}],"curies":[{"name":"wp","href":"https:\/\/api.w.org\/{rel}","templated":true}]}}