{"id":5474,"date":"2024-04-23T01:35:01","date_gmt":"2024-04-23T04:35:01","guid":{"rendered":"https:\/\/portalararasdenoticias.com.br\/?p=5474"},"modified":"2024-04-23T01:35:01","modified_gmt":"2024-04-23T04:35:01","slug":"a-cunha-isabellenogueiraoficial-volta-ao-seu-povo","status":"publish","type":"post","link":"https:\/\/portalararasdenoticias.com.br\/?p=5474","title":{"rendered":"A Cunh\u00e3 @isabellenogueiraoficial volta ao seu povo!"},"content":{"rendered":"\n<p>No Cidade Garantido em Parintins.<\/p>\n\n\n\n<p>Por anos admiramos a linda arte estampada no Bumbodromo\u2026<br>Uma mulher exaltando @boigarantido e @boicaprichoso na nossa maior festa folcl\u00f3rica.<br>Por anos essa arte n\u00e3o teve rosto, mas hoje com essa representa\u00e7\u00e3o art\u00edstica, por um capricho do destino, ela tem nome e sobrenome @isabellenogueiraoficial . O feminino pulsando, vibrante e representativo \u00e9 a cunh\u00e3 do Brasil, gratid\u00e3o Isa a Bela, por tudo!!!<\/p>\n\n\n\n<figure class=\"wp-block-gallery has-nested-images columns-default is-cropped wp-block-gallery-1 is-layout-flex wp-block-gallery-is-layout-flex\">\n<figure class=\"wp-block-image size-large\"><img loading=\"lazy\" decoding=\"async\" width=\"694\" height=\"694\" data-id=\"5476\" src=\"https:\/\/portalararasdenoticias.com.br\/wp-content\/uploads\/2024\/04\/437947121_933222675476658_440134681789504068_n.jpg\" alt=\"\" class=\"wp-image-5476\" srcset=\"https:\/\/portalararasdenoticias.com.br\/wp-content\/uploads\/2024\/04\/437947121_933222675476658_440134681789504068_n.jpg 694w, https:\/\/portalararasdenoticias.com.br\/wp-content\/uploads\/2024\/04\/437947121_933222675476658_440134681789504068_n-300x300.jpg 300w, https:\/\/portalararasdenoticias.com.br\/wp-content\/uploads\/2024\/04\/437947121_933222675476658_440134681789504068_n-150x150.jpg 150w\" sizes=\"auto, (max-width: 694px) 100vw, 694px\" \/><\/figure>\n\n\n\n<figure class=\"wp-block-image size-large\"><img loading=\"lazy\" decoding=\"async\" width=\"694\" height=\"694\" data-id=\"5477\" src=\"https:\/\/portalararasdenoticias.com.br\/wp-content\/uploads\/2024\/04\/437965295_933222672143325_7216774496465037450_n-1.jpg\" alt=\"\" class=\"wp-image-5477\" srcset=\"https:\/\/portalararasdenoticias.com.br\/wp-content\/uploads\/2024\/04\/437965295_933222672143325_7216774496465037450_n-1.jpg 694w, https:\/\/portalararasdenoticias.com.br\/wp-content\/uploads\/2024\/04\/437965295_933222672143325_7216774496465037450_n-1-300x300.jpg 300w, https:\/\/portalararasdenoticias.com.br\/wp-content\/uploads\/2024\/04\/437965295_933222672143325_7216774496465037450_n-1-150x150.jpg 150w\" sizes=\"auto, (max-width: 694px) 100vw, 694px\" \/><\/figure>\n<\/figure>\n\n\n\n<figure class=\"wp-block-gallery has-nested-images columns-default is-cropped wp-block-gallery-2 is-layout-flex wp-block-gallery-is-layout-flex\">\n<figure class=\"wp-block-image size-large\"><img loading=\"lazy\" decoding=\"async\" width=\"918\" height=\"918\" data-id=\"5478\" src=\"https:\/\/portalararasdenoticias.com.br\/wp-content\/uploads\/2024\/04\/438759027_933222668809992_3767329682351293502_n.jpg\" alt=\"\" class=\"wp-image-5478\" srcset=\"https:\/\/portalararasdenoticias.com.br\/wp-content\/uploads\/2024\/04\/438759027_933222668809992_3767329682351293502_n.jpg 918w, https:\/\/portalararasdenoticias.com.br\/wp-content\/uploads\/2024\/04\/438759027_933222668809992_3767329682351293502_n-300x300.jpg 300w, https:\/\/portalararasdenoticias.com.br\/wp-content\/uploads\/2024\/04\/438759027_933222668809992_3767329682351293502_n-150x150.jpg 150w, https:\/\/portalararasdenoticias.com.br\/wp-content\/uploads\/2024\/04\/438759027_933222668809992_3767329682351293502_n-768x768.jpg 768w\" sizes=\"auto, (max-width: 918px) 100vw, 918px\" \/><\/figure>\n<\/figure>\n","protected":false},"excerpt":{"rendered":"<p>No Cidade Garantido em Parintins. Por anos admiramos a linda arte estampada no Bumbodromo\u2026Uma mulher exaltando @boigarantido e @boicaprichoso na nossa maior festa folcl\u00f3rica.Por anos essa arte n\u00e3o teve rosto, mas hoje com essa representa\u00e7\u00e3o art\u00edstica, por um capricho do destino, ela tem nome e sobrenome @isabellenogueiraoficial . O feminino pulsando, vibrante e representativo \u00e9 [&hellip;]<\/p>\n","protected":false},"author":5,"featured_media":5475,"comment_status":"open","ping_status":"open","sticky":true,"template":"","format":"standard","meta":{"footnotes":""},"categories":[34],"tags":[],"class_list":["post-5474","post","type-post","status-publish","format-standard","has-post-thumbnail","hentry","category-jornalismo"],"yoast_head":"<!-- This site is optimized with the Yoast SEO plugin v27.0 - https:\/\/yoast.com\/product\/yoast-seo-wordpress\/ -->\n<title>A Cunh\u00e3 @isabellenogueiraoficial volta ao seu povo! - Portal Araras de Not\u00edcias<\/title>\n<meta name=\"robots\" content=\"index, follow, max-snippet:-1, max-image-preview:large, max-video-preview:-1\" \/>\n<link rel=\"canonical\" href=\"https:\/\/portalararasdenoticias.com.br\/?p=5474\" \/>\n<meta property=\"og:locale\" content=\"pt_BR\" \/>\n<meta property=\"og:type\" content=\"article\" \/>\n<meta property=\"og:title\" content=\"A Cunh\u00e3 @isabellenogueiraoficial volta ao seu povo! - Portal Araras de Not\u00edcias\" \/>\n<meta property=\"og:description\" content=\"No Cidade Garantido em Parintins. Por anos admiramos a linda arte estampada no Bumbodromo\u2026Uma mulher exaltando @boigarantido e @boicaprichoso na nossa maior festa folcl\u00f3rica.Por anos essa arte n\u00e3o teve rosto, mas hoje com essa representa\u00e7\u00e3o art\u00edstica, por um capricho do destino, ela tem nome e sobrenome @isabellenogueiraoficial . O feminino pulsando, vibrante e representativo \u00e9 [&hellip;]\" \/>\n<meta property=\"og:url\" content=\"https:\/\/portalararasdenoticias.com.br\/?p=5474\" \/>\n<meta property=\"og:site_name\" content=\"Portal Araras de Not\u00edcias\" \/>\n<meta property=\"article:published_time\" content=\"2024-04-23T04:35:01+00:00\" \/>\n<meta property=\"og:image\" content=\"https:\/\/portalararasdenoticias.com.br\/wp-content\/uploads\/2024\/04\/437965295_933222672143325_7216774496465037450_n.jpg\" \/>\n\t<meta property=\"og:image:width\" content=\"694\" \/>\n\t<meta property=\"og:image:height\" content=\"694\" \/>\n\t<meta property=\"og:image:type\" content=\"image\/jpeg\" \/>\n<meta name=\"author\" content=\"Portal Araras de Noticias\" \/>\n<meta name=\"twitter:card\" content=\"summary_large_image\" \/>\n<meta name=\"twitter:label1\" content=\"Escrito por\" \/>\n\t<meta name=\"twitter:data1\" content=\"Portal Araras de Noticias\" \/>\n<script type=\"application\/ld+json\" class=\"yoast-schema-graph\">{\"@context\":\"https:\/\/schema.org\",\"@graph\":[{\"@type\":\"Article\",\"@id\":\"https:\/\/portalararasdenoticias.com.br\/?p=5474#article\",\"isPartOf\":{\"@id\":\"https:\/\/portalararasdenoticias.com.br\/?p=5474\"},\"author\":{\"name\":\"Portal Araras de Noticias\",\"@id\":\"https:\/\/portalararasdenoticias.com.br\/#\/schema\/person\/a6190507efe29dea1049d60d05ed5c0a\"},\"headline\":\"A Cunh\u00e3 @isabellenogueiraoficial volta ao seu povo!\",\"datePublished\":\"2024-04-23T04:35:01+00:00\",\"mainEntityOfPage\":{\"@id\":\"https:\/\/portalararasdenoticias.com.br\/?p=5474\"},\"wordCount\":77,\"commentCount\":0,\"image\":{\"@id\":\"https:\/\/portalararasdenoticias.com.br\/?p=5474#primaryimage\"},\"thumbnailUrl\":\"https:\/\/portalararasdenoticias.com.br\/wp-content\/uploads\/2024\/04\/437965295_933222672143325_7216774496465037450_n.jpg\",\"articleSection\":[\"jornalismo\"],\"inLanguage\":\"pt-BR\",\"potentialAction\":[{\"@type\":\"CommentAction\",\"name\":\"Comment\",\"target\":[\"https:\/\/portalararasdenoticias.com.br\/?p=5474#respond\"]}]},{\"@type\":\"WebPage\",\"@id\":\"https:\/\/portalararasdenoticias.com.br\/?p=5474\",\"url\":\"https:\/\/portalararasdenoticias.com.br\/?p=5474\",\"name\":\"A Cunh\u00e3 @isabellenogueiraoficial volta ao seu povo! - Portal Araras de Not\u00edcias\",\"isPartOf\":{\"@id\":\"https:\/\/portalararasdenoticias.com.br\/#website\"},\"primaryImageOfPage\":{\"@id\":\"https:\/\/portalararasdenoticias.com.br\/?p=5474#primaryimage\"},\"image\":{\"@id\":\"https:\/\/portalararasdenoticias.com.br\/?p=5474#primaryimage\"},\"thumbnailUrl\":\"https:\/\/portalararasdenoticias.com.br\/wp-content\/uploads\/2024\/04\/437965295_933222672143325_7216774496465037450_n.jpg\",\"datePublished\":\"2024-04-23T04:35:01+00:00\",\"author\":{\"@id\":\"https:\/\/portalararasdenoticias.com.br\/#\/schema\/person\/a6190507efe29dea1049d60d05ed5c0a\"},\"breadcrumb\":{\"@id\":\"https:\/\/portalararasdenoticias.com.br\/?p=5474#breadcrumb\"},\"inLanguage\":\"pt-BR\",\"potentialAction\":[{\"@type\":\"ReadAction\",\"target\":[\"https:\/\/portalararasdenoticias.com.br\/?p=5474\"]}]},{\"@type\":\"ImageObject\",\"inLanguage\":\"pt-BR\",\"@id\":\"https:\/\/portalararasdenoticias.com.br\/?p=5474#primaryimage\",\"url\":\"https:\/\/portalararasdenoticias.com.br\/wp-content\/uploads\/2024\/04\/437965295_933222672143325_7216774496465037450_n.jpg\",\"contentUrl\":\"https:\/\/portalararasdenoticias.com.br\/wp-content\/uploads\/2024\/04\/437965295_933222672143325_7216774496465037450_n.jpg\",\"width\":694,\"height\":694},{\"@type\":\"BreadcrumbList\",\"@id\":\"https:\/\/portalararasdenoticias.com.br\/?p=5474#breadcrumb\",\"itemListElement\":[{\"@type\":\"ListItem\",\"position\":1,\"name\":\"In\u00edcio\",\"item\":\"https:\/\/portalararasdenoticias.com.br\/\"},{\"@type\":\"ListItem\",\"position\":2,\"name\":\"A Cunh\u00e3 @isabellenogueiraoficial volta ao seu povo!\"}]},{\"@type\":\"WebSite\",\"@id\":\"https:\/\/portalararasdenoticias.com.br\/#website\",\"url\":\"https:\/\/portalararasdenoticias.com.br\/\",\"name\":\"Portal Araras de Not\u00edcias\",\"description\":\"O Seu Portal de Not\u00edcias\",\"potentialAction\":[{\"@type\":\"SearchAction\",\"target\":{\"@type\":\"EntryPoint\",\"urlTemplate\":\"https:\/\/portalararasdenoticias.com.br\/?s={search_term_string}\"},\"query-input\":{\"@type\":\"PropertyValueSpecification\",\"valueRequired\":true,\"valueName\":\"search_term_string\"}}],\"inLanguage\":\"pt-BR\"},{\"@type\":\"Person\",\"@id\":\"https:\/\/portalararasdenoticias.com.br\/#\/schema\/person\/a6190507efe29dea1049d60d05ed5c0a\",\"name\":\"Portal Araras de Noticias\",\"image\":{\"@type\":\"ImageObject\",\"inLanguage\":\"pt-BR\",\"@id\":\"https:\/\/portalararasdenoticias.com.br\/#\/schema\/person\/image\/\",\"url\":\"https:\/\/secure.gravatar.com\/avatar\/4df7c42bc08e78bc9b6e13086fafc161bdf01220657cd93de3d828ab6c60d469?s=96&d=mm&r=g\",\"contentUrl\":\"https:\/\/secure.gravatar.com\/avatar\/4df7c42bc08e78bc9b6e13086fafc161bdf01220657cd93de3d828ab6c60d469?s=96&d=mm&r=g\",\"caption\":\"Portal Araras de Noticias\"},\"sameAs\":[\"https:\/\/portalararasdenoticias.com.br\/\"],\"url\":\"https:\/\/portalararasdenoticias.com.br\/?author=5\"}]}<\/script>\n<!-- \/ Yoast SEO plugin. -->","yoast_head_json":{"title":"A Cunh\u00e3 @isabellenogueiraoficial volta ao seu povo! - Portal Araras de Not\u00edcias","robots":{"index":"index","follow":"follow","max-snippet":"max-snippet:-1","max-image-preview":"max-image-preview:large","max-video-preview":"max-video-preview:-1"},"canonical":"https:\/\/portalararasdenoticias.com.br\/?p=5474","og_locale":"pt_BR","og_type":"article","og_title":"A Cunh\u00e3 @isabellenogueiraoficial volta ao seu povo! - Portal Araras de Not\u00edcias","og_description":"No Cidade Garantido em Parintins. Por anos admiramos a linda arte estampada no Bumbodromo\u2026Uma mulher exaltando @boigarantido e @boicaprichoso na nossa maior festa folcl\u00f3rica.Por anos essa arte n\u00e3o teve rosto, mas hoje com essa representa\u00e7\u00e3o art\u00edstica, por um capricho do destino, ela tem nome e sobrenome @isabellenogueiraoficial . O feminino pulsando, vibrante e representativo \u00e9 [&hellip;]","og_url":"https:\/\/portalararasdenoticias.com.br\/?p=5474","og_site_name":"Portal Araras de Not\u00edcias","article_published_time":"2024-04-23T04:35:01+00:00","og_image":[{"width":694,"height":694,"url":"https:\/\/portalararasdenoticias.com.br\/wp-content\/uploads\/2024\/04\/437965295_933222672143325_7216774496465037450_n.jpg","type":"image\/jpeg"}],"author":"Portal Araras de Noticias","twitter_card":"summary_large_image","twitter_misc":{"Escrito por":"Portal Araras de Noticias"},"schema":{"@context":"https:\/\/schema.org","@graph":[{"@type":"Article","@id":"https:\/\/portalararasdenoticias.com.br\/?p=5474#article","isPartOf":{"@id":"https:\/\/portalararasdenoticias.com.br\/?p=5474"},"author":{"name":"Portal Araras de Noticias","@id":"https:\/\/portalararasdenoticias.com.br\/#\/schema\/person\/a6190507efe29dea1049d60d05ed5c0a"},"headline":"A Cunh\u00e3 @isabellenogueiraoficial volta ao seu povo!","datePublished":"2024-04-23T04:35:01+00:00","mainEntityOfPage":{"@id":"https:\/\/portalararasdenoticias.com.br\/?p=5474"},"wordCount":77,"commentCount":0,"image":{"@id":"https:\/\/portalararasdenoticias.com.br\/?p=5474#primaryimage"},"thumbnailUrl":"https:\/\/portalararasdenoticias.com.br\/wp-content\/uploads\/2024\/04\/437965295_933222672143325_7216774496465037450_n.jpg","articleSection":["jornalismo"],"inLanguage":"pt-BR","potentialAction":[{"@type":"CommentAction","name":"Comment","target":["https:\/\/portalararasdenoticias.com.br\/?p=5474#respond"]}]},{"@type":"WebPage","@id":"https:\/\/portalararasdenoticias.com.br\/?p=5474","url":"https:\/\/portalararasdenoticias.com.br\/?p=5474","name":"A Cunh\u00e3 @isabellenogueiraoficial volta ao seu povo! - Portal Araras de Not\u00edcias","isPartOf":{"@id":"https:\/\/portalararasdenoticias.com.br\/#website"},"primaryImageOfPage":{"@id":"https:\/\/portalararasdenoticias.com.br\/?p=5474#primaryimage"},"image":{"@id":"https:\/\/portalararasdenoticias.com.br\/?p=5474#primaryimage"},"thumbnailUrl":"https:\/\/portalararasdenoticias.com.br\/wp-content\/uploads\/2024\/04\/437965295_933222672143325_7216774496465037450_n.jpg","datePublished":"2024-04-23T04:35:01+00:00","author":{"@id":"https:\/\/portalararasdenoticias.com.br\/#\/schema\/person\/a6190507efe29dea1049d60d05ed5c0a"},"breadcrumb":{"@id":"https:\/\/portalararasdenoticias.com.br\/?p=5474#breadcrumb"},"inLanguage":"pt-BR","potentialAction":[{"@type":"ReadAction","target":["https:\/\/portalararasdenoticias.com.br\/?p=5474"]}]},{"@type":"ImageObject","inLanguage":"pt-BR","@id":"https:\/\/portalararasdenoticias.com.br\/?p=5474#primaryimage","url":"https:\/\/portalararasdenoticias.com.br\/wp-content\/uploads\/2024\/04\/437965295_933222672143325_7216774496465037450_n.jpg","contentUrl":"https:\/\/portalararasdenoticias.com.br\/wp-content\/uploads\/2024\/04\/437965295_933222672143325_7216774496465037450_n.jpg","width":694,"height":694},{"@type":"BreadcrumbList","@id":"https:\/\/portalararasdenoticias.com.br\/?p=5474#breadcrumb","itemListElement":[{"@type":"ListItem","position":1,"name":"In\u00edcio","item":"https:\/\/portalararasdenoticias.com.br\/"},{"@type":"ListItem","position":2,"name":"A Cunh\u00e3 @isabellenogueiraoficial volta ao seu povo!"}]},{"@type":"WebSite","@id":"https:\/\/portalararasdenoticias.com.br\/#website","url":"https:\/\/portalararasdenoticias.com.br\/","name":"Portal Araras de Not\u00edcias","description":"O Seu Portal de Not\u00edcias","potentialAction":[{"@type":"SearchAction","target":{"@type":"EntryPoint","urlTemplate":"https:\/\/portalararasdenoticias.com.br\/?s={search_term_string}"},"query-input":{"@type":"PropertyValueSpecification","valueRequired":true,"valueName":"search_term_string"}}],"inLanguage":"pt-BR"},{"@type":"Person","@id":"https:\/\/portalararasdenoticias.com.br\/#\/schema\/person\/a6190507efe29dea1049d60d05ed5c0a","name":"Portal Araras de Noticias","image":{"@type":"ImageObject","inLanguage":"pt-BR","@id":"https:\/\/portalararasdenoticias.com.br\/#\/schema\/person\/image\/","url":"https:\/\/secure.gravatar.com\/avatar\/4df7c42bc08e78bc9b6e13086fafc161bdf01220657cd93de3d828ab6c60d469?s=96&d=mm&r=g","contentUrl":"https:\/\/secure.gravatar.com\/avatar\/4df7c42bc08e78bc9b6e13086fafc161bdf01220657cd93de3d828ab6c60d469?s=96&d=mm&r=g","caption":"Portal Araras de Noticias"},"sameAs":["https:\/\/portalararasdenoticias.com.br\/"],"url":"https:\/\/portalararasdenoticias.com.br\/?author=5"}]}},"_links":{"self":[{"href":"https:\/\/portalararasdenoticias.com.br\/index.php?rest_route=\/wp\/v2\/posts\/5474","targetHints":{"allow":["GET"]}}],"collection":[{"href":"https:\/\/portalararasdenoticias.com.br\/index.php?rest_route=\/wp\/v2\/posts"}],"about":[{"href":"https:\/\/portalararasdenoticias.com.br\/index.php?rest_route=\/wp\/v2\/types\/post"}],"author":[{"embeddable":true,"href":"https:\/\/portalararasdenoticias.com.br\/index.php?rest_route=\/wp\/v2\/users\/5"}],"replies":[{"embeddable":true,"href":"https:\/\/portalararasdenoticias.com.br\/index.php?rest_route=%2Fwp%2Fv2%2Fcomments&post=5474"}],"version-history":[{"count":1,"href":"https:\/\/portalararasdenoticias.com.br\/index.php?rest_route=\/wp\/v2\/posts\/5474\/revisions"}],"predecessor-version":[{"id":5479,"href":"https:\/\/portalararasdenoticias.com.br\/index.php?rest_route=\/wp\/v2\/posts\/5474\/revisions\/5479"}],"wp:featuredmedia":[{"embeddable":true,"href":"https:\/\/portalararasdenoticias.com.br\/index.php?rest_route=\/wp\/v2\/media\/5475"}],"wp:attachment":[{"href":"https:\/\/portalararasdenoticias.com.br\/index.php?rest_route=%2Fwp%2Fv2%2Fmedia&parent=5474"}],"wp:term":[{"taxonomy":"category","embeddable":true,"href":"https:\/\/portalararasdenoticias.com.br\/index.php?rest_route=%2Fwp%2Fv2%2Fcategories&post=5474"},{"taxonomy":"post_tag","embeddable":true,"href":"https:\/\/portalararasdenoticias.com.br\/index.php?rest_route=%2Fwp%2Fv2%2Ftags&post=5474"}],"curies":[{"name":"wp","href":"https:\/\/api.w.org\/{rel}","templated":true}]}}