{"id":5798,"date":"2024-08-17T23:11:56","date_gmt":"2024-08-18T02:11:56","guid":{"rendered":"https:\/\/portalararasdenoticias.com.br\/?p=5798"},"modified":"2024-08-17T23:12:10","modified_gmt":"2024-08-18T02:12:10","slug":"morre-silvio-santos-o-maior-nome-da-historia-da-tv-brasileira-relembre-sua-trajetoria","status":"publish","type":"post","link":"https:\/\/portalararasdenoticias.com.br\/?p=5798","title":{"rendered":"Morre Silvio Santos, o maior nome da hist\u00f3ria da TV brasileira, relembre sua trajet\u00f3ria."},"content":{"rendered":"\n<p>Apresentador fundador do SBT tinha 93 anos e estava internado desde o in\u00edcio de agosto; ao longo da carreira tamb\u00e9m trabalhou em emissoras como Tupi, Globo e Record.<br>Senor Abravanel, mais conhecido como Silvio Santos, um dos maiores nomes da hist\u00f3ria da TV brasileira, morreu neste s\u00e1bado, 17, aos 93 anos. A informa\u00e7\u00e3o foi confirmada pelo SBT no X (antigo Twitter). Apresentador e empres\u00e1rio, foi o fundador do SBT, emissora em que trabalhou ao longo das \u00faltimas quatro d\u00e9cadas, e tamb\u00e9m de diversas empresas do Grupo Silvio Santos, como o Ba\u00fa da Felicidade.<br>Ao longo das d\u00e9cadas, passou pelas principais emissoras de TV, como Tupi, Globo, Record e, o pr\u00f3prio SBT (anteriormente TVS). Fez parte do cotidiano dos brasileiros em diversos programas de audit\u00f3rio, como nos infind\u00e1veis quadros do Programa Silvio Santos, as perguntas e respostas do Show do Milh\u00e3o, a jun\u00e7\u00e3o de casais no Em Nome do Amor, a \u2018vida real\u2019 dos famosos do reality A Casa dos Artistas, a realiza\u00e7\u00e3o de sonhos na Porta da Esperan\u00e7a ou a ajuda financeira no Topa Tudo Por Dinheiro e no Roda a Roda, entre tantos outros.<br>\u00c9 raro encontrar quem jamais tenha ouvido algum de seus bord\u00f5es, como \u201cM\u00e1 \u00f4e!\u201d, \u201cQuem quer dinheiro?\u201d, \u201c\u00c9 namoro ou amizade?\u201d, \u201cVoc\u00ea est\u00e1 certo disso?\u201d, ou a letra de m\u00fasicas como Ritmo de Festa ou Silvio Santos Vem A\u00ed! (Ol\u00ea, ol\u00ea, ol\u00e1!).<br>No fim dos anos 1980, chegou a anunciar planos para se afastar da TV, elegendo Gugu Liberato como substituto. A ideia, por\u00e9m, n\u00e3o foi \u00e0 frente, e manteve-se em atividade por mais algumas d\u00e9cadas. Na mesma \u00e9poca, tamb\u00e9m explicitou pretens\u00f5es pol\u00edticas, com planos por um cargo executivo nas elei\u00e7\u00f5es.<br>tentativa mais famosa e que mais se aproximou de ocorrer foi na disputa presidencial de 1989, quando chegou a fazer uma breve e atabalhoada campanha pelo Partido Municipalista Brasileiro, no lugar de Armando Corr\u00eaa, cujo nome j\u00e1 estava impresso nas c\u00e9dulas. Silvio liderou pesquisas de inten\u00e7\u00e3o de voto contra Collor e Lula. O TSE, por\u00e9m, indeferiu a candidatura antes do pleito.<br>Silvio Santos foi casado com Maria Aparecida Vieira Abravanel, a Cidinha, que morreu de c\u00e2ncer quando ainda era jovem. Posteriormente, teve um segundo casamento com \u00cdris Abravanel. Dos relacionamentos, vieram suas seis filhas: Cintia, Silvia, Daniela, Patr\u00edcia, Rebeca e Renata. \u00c0 exce\u00e7\u00e3o de Daniela, que usa o sobrenome Beyruti, todas s\u00e3o conhecidas pelo sobrenome do pai, Abravanel.<br>Alguns dos principais problemas de sa\u00fade come\u00e7aram a surgir quando j\u00e1 tinha mais de 60 anos de idade, como no joelho, cora\u00e7\u00e3o e pr\u00f3stata. Na d\u00e9cada de 1980, foi aos Estados Unidos para uma cirurgia e tratamento na garganta, e posteriormente precisou se curar de um tumor na regi\u00e3o da p\u00e1lpebra de seu olho. Ao longo da vida, tamb\u00e9m apresentou uma conhecida alergia a perfumes.<br>Relembre abaixo a trajet\u00f3ria e o legado de Silvio Santos at\u00e9 se tornar o principal apresentador de televis\u00e3o do Brasil.<br>In\u00edcio como camel\u00f4<br>Silvio Santos nasceu no Rio de Janeiro, ent\u00e3o capital do Brasil, como Senor Abravanel, em 12 de dezembro de 1930, filho do grego Alberto Abravanel e sua mulher, Rebeca Caro. Ele teve cinco irm\u00e3os: Henrique, Leon, Beatriz, Perla e Sara.<br>O apresentador puxou o lado vendedor de seu pai que, ainda jovem, fugiu da regi\u00e3o de Sal\u00f4nica para n\u00e3o servir ao ex\u00e9rcito, se tornando jornaleiro em Atenas. Na sequ\u00eancia, foi para Marselha, na Fran\u00e7a, vender pistache e amendoim na rua, o que era proibido. Preso e expulso do pa\u00eds, foi de navio para o Rio de Janeiro, onde trabalhou no porto como int\u00e9rprete e guia de turistas para juntar dinheiro e abrir uma loja.<\/p>\n\n\n\n<figure class=\"wp-block-gallery has-nested-images columns-default is-cropped wp-block-gallery-1 is-layout-flex wp-block-gallery-is-layout-flex\">\n<figure class=\"wp-block-image size-large\"><img loading=\"lazy\" decoding=\"async\" width=\"1024\" height=\"640\" data-id=\"5802\" src=\"https:\/\/portalararasdenoticias.com.br\/wp-content\/uploads\/2024\/08\/455344115_8805373949478654_2147098328662352644_n-1024x640.jpg\" alt=\"\" class=\"wp-image-5802\" srcset=\"https:\/\/portalararasdenoticias.com.br\/wp-content\/uploads\/2024\/08\/455344115_8805373949478654_2147098328662352644_n-1024x640.jpg 1024w, https:\/\/portalararasdenoticias.com.br\/wp-content\/uploads\/2024\/08\/455344115_8805373949478654_2147098328662352644_n-300x188.jpg 300w, https:\/\/portalararasdenoticias.com.br\/wp-content\/uploads\/2024\/08\/455344115_8805373949478654_2147098328662352644_n-768x480.jpg 768w, https:\/\/portalararasdenoticias.com.br\/wp-content\/uploads\/2024\/08\/455344115_8805373949478654_2147098328662352644_n-1536x960.jpg 1536w, https:\/\/portalararasdenoticias.com.br\/wp-content\/uploads\/2024\/08\/455344115_8805373949478654_2147098328662352644_n-464x290.jpg 464w, https:\/\/portalararasdenoticias.com.br\/wp-content\/uploads\/2024\/08\/455344115_8805373949478654_2147098328662352644_n.jpg 2048w\" sizes=\"auto, (max-width: 1024px) 100vw, 1024px\" \/><\/figure>\n\n\n\n<figure class=\"wp-block-image size-large\"><img loading=\"lazy\" decoding=\"async\" width=\"1024\" height=\"638\" data-id=\"5803\" src=\"https:\/\/portalararasdenoticias.com.br\/wp-content\/uploads\/2024\/08\/455673262_8805374119478637_5567587892626135465_n-1024x638.jpg\" alt=\"\" class=\"wp-image-5803\" srcset=\"https:\/\/portalararasdenoticias.com.br\/wp-content\/uploads\/2024\/08\/455673262_8805374119478637_5567587892626135465_n-1024x638.jpg 1024w, https:\/\/portalararasdenoticias.com.br\/wp-content\/uploads\/2024\/08\/455673262_8805374119478637_5567587892626135465_n-300x187.jpg 300w, https:\/\/portalararasdenoticias.com.br\/wp-content\/uploads\/2024\/08\/455673262_8805374119478637_5567587892626135465_n-768x478.jpg 768w, https:\/\/portalararasdenoticias.com.br\/wp-content\/uploads\/2024\/08\/455673262_8805374119478637_5567587892626135465_n-1536x957.jpg 1536w, https:\/\/portalararasdenoticias.com.br\/wp-content\/uploads\/2024\/08\/455673262_8805374119478637_5567587892626135465_n-464x290.jpg 464w, https:\/\/portalararasdenoticias.com.br\/wp-content\/uploads\/2024\/08\/455673262_8805374119478637_5567587892626135465_n.jpg 1920w\" sizes=\"auto, (max-width: 1024px) 100vw, 1024px\" \/><\/figure>\n\n\n\n<figure class=\"wp-block-image size-large\"><img loading=\"lazy\" decoding=\"async\" width=\"502\" height=\"500\" data-id=\"5800\" src=\"https:\/\/portalararasdenoticias.com.br\/wp-content\/uploads\/2024\/08\/455778172_8805373226145393_7407783494508426156_n-1.jpg\" alt=\"\" class=\"wp-image-5800\" srcset=\"https:\/\/portalararasdenoticias.com.br\/wp-content\/uploads\/2024\/08\/455778172_8805373226145393_7407783494508426156_n-1.jpg 502w, https:\/\/portalararasdenoticias.com.br\/wp-content\/uploads\/2024\/08\/455778172_8805373226145393_7407783494508426156_n-1-300x300.jpg 300w, https:\/\/portalararasdenoticias.com.br\/wp-content\/uploads\/2024\/08\/455778172_8805373226145393_7407783494508426156_n-1-150x150.jpg 150w\" sizes=\"auto, (max-width: 502px) 100vw, 502px\" \/><\/figure>\n\n\n\n<figure class=\"wp-block-image size-large\"><img loading=\"lazy\" decoding=\"async\" width=\"774\" height=\"455\" data-id=\"5801\" src=\"https:\/\/portalararasdenoticias.com.br\/wp-content\/uploads\/2024\/08\/455779751_8805373549478694_948883683354141610_n.jpg\" alt=\"\" class=\"wp-image-5801\" srcset=\"https:\/\/portalararasdenoticias.com.br\/wp-content\/uploads\/2024\/08\/455779751_8805373549478694_948883683354141610_n.jpg 774w, https:\/\/portalararasdenoticias.com.br\/wp-content\/uploads\/2024\/08\/455779751_8805373549478694_948883683354141610_n-300x176.jpg 300w, https:\/\/portalararasdenoticias.com.br\/wp-content\/uploads\/2024\/08\/455779751_8805373549478694_948883683354141610_n-768x451.jpg 768w\" sizes=\"auto, (max-width: 774px) 100vw, 774px\" \/><\/figure>\n<\/figure>\n","protected":false},"excerpt":{"rendered":"<p>Apresentador fundador do SBT tinha 93 anos e estava internado desde o in\u00edcio de agosto; ao longo da carreira tamb\u00e9m trabalhou em emissoras como Tupi, Globo e Record.Senor Abravanel, mais conhecido como Silvio Santos, um dos maiores nomes da hist\u00f3ria da TV brasileira, morreu neste s\u00e1bado, 17, aos 93 anos. A informa\u00e7\u00e3o foi confirmada pelo [&hellip;]<\/p>\n","protected":false},"author":5,"featured_media":5799,"comment_status":"open","ping_status":"open","sticky":true,"template":"","format":"standard","meta":{"footnotes":""},"categories":[34],"tags":[],"class_list":["post-5798","post","type-post","status-publish","format-standard","has-post-thumbnail","hentry","category-jornalismo"],"yoast_head":"<!-- This site is optimized with the Yoast SEO plugin v27.0 - https:\/\/yoast.com\/product\/yoast-seo-wordpress\/ -->\n<title>Morre Silvio Santos, o maior nome da hist\u00f3ria da TV brasileira, relembre sua trajet\u00f3ria. - Portal Araras de Not\u00edcias<\/title>\n<meta name=\"robots\" content=\"index, follow, max-snippet:-1, max-image-preview:large, max-video-preview:-1\" \/>\n<link rel=\"canonical\" href=\"https:\/\/portalararasdenoticias.com.br\/?p=5798\" \/>\n<meta property=\"og:locale\" content=\"pt_BR\" \/>\n<meta property=\"og:type\" content=\"article\" \/>\n<meta property=\"og:title\" content=\"Morre Silvio Santos, o maior nome da hist\u00f3ria da TV brasileira, relembre sua trajet\u00f3ria. - Portal Araras de Not\u00edcias\" \/>\n<meta property=\"og:description\" content=\"Apresentador fundador do SBT tinha 93 anos e estava internado desde o in\u00edcio de agosto; ao longo da carreira tamb\u00e9m trabalhou em emissoras como Tupi, Globo e Record.Senor Abravanel, mais conhecido como Silvio Santos, um dos maiores nomes da hist\u00f3ria da TV brasileira, morreu neste s\u00e1bado, 17, aos 93 anos. A informa\u00e7\u00e3o foi confirmada pelo [&hellip;]\" \/>\n<meta property=\"og:url\" content=\"https:\/\/portalararasdenoticias.com.br\/?p=5798\" \/>\n<meta property=\"og:site_name\" content=\"Portal Araras de Not\u00edcias\" \/>\n<meta property=\"article:published_time\" content=\"2024-08-18T02:11:56+00:00\" \/>\n<meta property=\"article:modified_time\" content=\"2024-08-18T02:12:10+00:00\" \/>\n<meta property=\"og:image\" content=\"https:\/\/portalararasdenoticias.com.br\/wp-content\/uploads\/2024\/08\/455778172_8805373226145393_7407783494508426156_n.jpg\" \/>\n\t<meta property=\"og:image:width\" content=\"502\" \/>\n\t<meta property=\"og:image:height\" content=\"500\" \/>\n\t<meta property=\"og:image:type\" content=\"image\/jpeg\" \/>\n<meta name=\"author\" content=\"Portal Araras de Noticias\" \/>\n<meta name=\"twitter:card\" content=\"summary_large_image\" \/>\n<meta name=\"twitter:label1\" content=\"Escrito por\" \/>\n\t<meta name=\"twitter:data1\" content=\"Portal Araras de Noticias\" \/>\n\t<meta name=\"twitter:label2\" content=\"Est. tempo de leitura\" \/>\n\t<meta name=\"twitter:data2\" content=\"3 minutos\" \/>\n<script type=\"application\/ld+json\" class=\"yoast-schema-graph\">{\"@context\":\"https:\/\/schema.org\",\"@graph\":[{\"@type\":\"Article\",\"@id\":\"https:\/\/portalararasdenoticias.com.br\/?p=5798#article\",\"isPartOf\":{\"@id\":\"https:\/\/portalararasdenoticias.com.br\/?p=5798\"},\"author\":{\"name\":\"Portal Araras de Noticias\",\"@id\":\"https:\/\/portalararasdenoticias.com.br\/#\/schema\/person\/a6190507efe29dea1049d60d05ed5c0a\"},\"headline\":\"Morre Silvio Santos, o maior nome da hist\u00f3ria da TV brasileira, relembre sua trajet\u00f3ria.\",\"datePublished\":\"2024-08-18T02:11:56+00:00\",\"dateModified\":\"2024-08-18T02:12:10+00:00\",\"mainEntityOfPage\":{\"@id\":\"https:\/\/portalararasdenoticias.com.br\/?p=5798\"},\"wordCount\":653,\"commentCount\":0,\"image\":{\"@id\":\"https:\/\/portalararasdenoticias.com.br\/?p=5798#primaryimage\"},\"thumbnailUrl\":\"https:\/\/portalararasdenoticias.com.br\/wp-content\/uploads\/2024\/08\/455778172_8805373226145393_7407783494508426156_n.jpg\",\"articleSection\":[\"jornalismo\"],\"inLanguage\":\"pt-BR\",\"potentialAction\":[{\"@type\":\"CommentAction\",\"name\":\"Comment\",\"target\":[\"https:\/\/portalararasdenoticias.com.br\/?p=5798#respond\"]}]},{\"@type\":\"WebPage\",\"@id\":\"https:\/\/portalararasdenoticias.com.br\/?p=5798\",\"url\":\"https:\/\/portalararasdenoticias.com.br\/?p=5798\",\"name\":\"Morre Silvio Santos, o maior nome da hist\u00f3ria da TV brasileira, relembre sua trajet\u00f3ria. - Portal Araras de Not\u00edcias\",\"isPartOf\":{\"@id\":\"https:\/\/portalararasdenoticias.com.br\/#website\"},\"primaryImageOfPage\":{\"@id\":\"https:\/\/portalararasdenoticias.com.br\/?p=5798#primaryimage\"},\"image\":{\"@id\":\"https:\/\/portalararasdenoticias.com.br\/?p=5798#primaryimage\"},\"thumbnailUrl\":\"https:\/\/portalararasdenoticias.com.br\/wp-content\/uploads\/2024\/08\/455778172_8805373226145393_7407783494508426156_n.jpg\",\"datePublished\":\"2024-08-18T02:11:56+00:00\",\"dateModified\":\"2024-08-18T02:12:10+00:00\",\"author\":{\"@id\":\"https:\/\/portalararasdenoticias.com.br\/#\/schema\/person\/a6190507efe29dea1049d60d05ed5c0a\"},\"breadcrumb\":{\"@id\":\"https:\/\/portalararasdenoticias.com.br\/?p=5798#breadcrumb\"},\"inLanguage\":\"pt-BR\",\"potentialAction\":[{\"@type\":\"ReadAction\",\"target\":[\"https:\/\/portalararasdenoticias.com.br\/?p=5798\"]}]},{\"@type\":\"ImageObject\",\"inLanguage\":\"pt-BR\",\"@id\":\"https:\/\/portalararasdenoticias.com.br\/?p=5798#primaryimage\",\"url\":\"https:\/\/portalararasdenoticias.com.br\/wp-content\/uploads\/2024\/08\/455778172_8805373226145393_7407783494508426156_n.jpg\",\"contentUrl\":\"https:\/\/portalararasdenoticias.com.br\/wp-content\/uploads\/2024\/08\/455778172_8805373226145393_7407783494508426156_n.jpg\",\"width\":502,\"height\":500},{\"@type\":\"BreadcrumbList\",\"@id\":\"https:\/\/portalararasdenoticias.com.br\/?p=5798#breadcrumb\",\"itemListElement\":[{\"@type\":\"ListItem\",\"position\":1,\"name\":\"In\u00edcio\",\"item\":\"https:\/\/portalararasdenoticias.com.br\/\"},{\"@type\":\"ListItem\",\"position\":2,\"name\":\"Morre Silvio Santos, o maior nome da hist\u00f3ria da TV brasileira, relembre sua trajet\u00f3ria.\"}]},{\"@type\":\"WebSite\",\"@id\":\"https:\/\/portalararasdenoticias.com.br\/#website\",\"url\":\"https:\/\/portalararasdenoticias.com.br\/\",\"name\":\"Portal Araras de Not\u00edcias\",\"description\":\"O Seu Portal de Not\u00edcias\",\"potentialAction\":[{\"@type\":\"SearchAction\",\"target\":{\"@type\":\"EntryPoint\",\"urlTemplate\":\"https:\/\/portalararasdenoticias.com.br\/?s={search_term_string}\"},\"query-input\":{\"@type\":\"PropertyValueSpecification\",\"valueRequired\":true,\"valueName\":\"search_term_string\"}}],\"inLanguage\":\"pt-BR\"},{\"@type\":\"Person\",\"@id\":\"https:\/\/portalararasdenoticias.com.br\/#\/schema\/person\/a6190507efe29dea1049d60d05ed5c0a\",\"name\":\"Portal Araras de Noticias\",\"image\":{\"@type\":\"ImageObject\",\"inLanguage\":\"pt-BR\",\"@id\":\"https:\/\/portalararasdenoticias.com.br\/#\/schema\/person\/image\/\",\"url\":\"https:\/\/secure.gravatar.com\/avatar\/4df7c42bc08e78bc9b6e13086fafc161bdf01220657cd93de3d828ab6c60d469?s=96&d=mm&r=g\",\"contentUrl\":\"https:\/\/secure.gravatar.com\/avatar\/4df7c42bc08e78bc9b6e13086fafc161bdf01220657cd93de3d828ab6c60d469?s=96&d=mm&r=g\",\"caption\":\"Portal Araras de Noticias\"},\"sameAs\":[\"https:\/\/portalararasdenoticias.com.br\/\"],\"url\":\"https:\/\/portalararasdenoticias.com.br\/?author=5\"}]}<\/script>\n<!-- \/ Yoast SEO plugin. -->","yoast_head_json":{"title":"Morre Silvio Santos, o maior nome da hist\u00f3ria da TV brasileira, relembre sua trajet\u00f3ria. - Portal Araras de Not\u00edcias","robots":{"index":"index","follow":"follow","max-snippet":"max-snippet:-1","max-image-preview":"max-image-preview:large","max-video-preview":"max-video-preview:-1"},"canonical":"https:\/\/portalararasdenoticias.com.br\/?p=5798","og_locale":"pt_BR","og_type":"article","og_title":"Morre Silvio Santos, o maior nome da hist\u00f3ria da TV brasileira, relembre sua trajet\u00f3ria. - Portal Araras de Not\u00edcias","og_description":"Apresentador fundador do SBT tinha 93 anos e estava internado desde o in\u00edcio de agosto; ao longo da carreira tamb\u00e9m trabalhou em emissoras como Tupi, Globo e Record.Senor Abravanel, mais conhecido como Silvio Santos, um dos maiores nomes da hist\u00f3ria da TV brasileira, morreu neste s\u00e1bado, 17, aos 93 anos. A informa\u00e7\u00e3o foi confirmada pelo [&hellip;]","og_url":"https:\/\/portalararasdenoticias.com.br\/?p=5798","og_site_name":"Portal Araras de Not\u00edcias","article_published_time":"2024-08-18T02:11:56+00:00","article_modified_time":"2024-08-18T02:12:10+00:00","og_image":[{"width":502,"height":500,"url":"https:\/\/portalararasdenoticias.com.br\/wp-content\/uploads\/2024\/08\/455778172_8805373226145393_7407783494508426156_n.jpg","type":"image\/jpeg"}],"author":"Portal Araras de Noticias","twitter_card":"summary_large_image","twitter_misc":{"Escrito por":"Portal Araras de Noticias","Est. tempo de leitura":"3 minutos"},"schema":{"@context":"https:\/\/schema.org","@graph":[{"@type":"Article","@id":"https:\/\/portalararasdenoticias.com.br\/?p=5798#article","isPartOf":{"@id":"https:\/\/portalararasdenoticias.com.br\/?p=5798"},"author":{"name":"Portal Araras de Noticias","@id":"https:\/\/portalararasdenoticias.com.br\/#\/schema\/person\/a6190507efe29dea1049d60d05ed5c0a"},"headline":"Morre Silvio Santos, o maior nome da hist\u00f3ria da TV brasileira, relembre sua trajet\u00f3ria.","datePublished":"2024-08-18T02:11:56+00:00","dateModified":"2024-08-18T02:12:10+00:00","mainEntityOfPage":{"@id":"https:\/\/portalararasdenoticias.com.br\/?p=5798"},"wordCount":653,"commentCount":0,"image":{"@id":"https:\/\/portalararasdenoticias.com.br\/?p=5798#primaryimage"},"thumbnailUrl":"https:\/\/portalararasdenoticias.com.br\/wp-content\/uploads\/2024\/08\/455778172_8805373226145393_7407783494508426156_n.jpg","articleSection":["jornalismo"],"inLanguage":"pt-BR","potentialAction":[{"@type":"CommentAction","name":"Comment","target":["https:\/\/portalararasdenoticias.com.br\/?p=5798#respond"]}]},{"@type":"WebPage","@id":"https:\/\/portalararasdenoticias.com.br\/?p=5798","url":"https:\/\/portalararasdenoticias.com.br\/?p=5798","name":"Morre Silvio Santos, o maior nome da hist\u00f3ria da TV brasileira, relembre sua trajet\u00f3ria. - Portal Araras de Not\u00edcias","isPartOf":{"@id":"https:\/\/portalararasdenoticias.com.br\/#website"},"primaryImageOfPage":{"@id":"https:\/\/portalararasdenoticias.com.br\/?p=5798#primaryimage"},"image":{"@id":"https:\/\/portalararasdenoticias.com.br\/?p=5798#primaryimage"},"thumbnailUrl":"https:\/\/portalararasdenoticias.com.br\/wp-content\/uploads\/2024\/08\/455778172_8805373226145393_7407783494508426156_n.jpg","datePublished":"2024-08-18T02:11:56+00:00","dateModified":"2024-08-18T02:12:10+00:00","author":{"@id":"https:\/\/portalararasdenoticias.com.br\/#\/schema\/person\/a6190507efe29dea1049d60d05ed5c0a"},"breadcrumb":{"@id":"https:\/\/portalararasdenoticias.com.br\/?p=5798#breadcrumb"},"inLanguage":"pt-BR","potentialAction":[{"@type":"ReadAction","target":["https:\/\/portalararasdenoticias.com.br\/?p=5798"]}]},{"@type":"ImageObject","inLanguage":"pt-BR","@id":"https:\/\/portalararasdenoticias.com.br\/?p=5798#primaryimage","url":"https:\/\/portalararasdenoticias.com.br\/wp-content\/uploads\/2024\/08\/455778172_8805373226145393_7407783494508426156_n.jpg","contentUrl":"https:\/\/portalararasdenoticias.com.br\/wp-content\/uploads\/2024\/08\/455778172_8805373226145393_7407783494508426156_n.jpg","width":502,"height":500},{"@type":"BreadcrumbList","@id":"https:\/\/portalararasdenoticias.com.br\/?p=5798#breadcrumb","itemListElement":[{"@type":"ListItem","position":1,"name":"In\u00edcio","item":"https:\/\/portalararasdenoticias.com.br\/"},{"@type":"ListItem","position":2,"name":"Morre Silvio Santos, o maior nome da hist\u00f3ria da TV brasileira, relembre sua trajet\u00f3ria."}]},{"@type":"WebSite","@id":"https:\/\/portalararasdenoticias.com.br\/#website","url":"https:\/\/portalararasdenoticias.com.br\/","name":"Portal Araras de Not\u00edcias","description":"O Seu Portal de Not\u00edcias","potentialAction":[{"@type":"SearchAction","target":{"@type":"EntryPoint","urlTemplate":"https:\/\/portalararasdenoticias.com.br\/?s={search_term_string}"},"query-input":{"@type":"PropertyValueSpecification","valueRequired":true,"valueName":"search_term_string"}}],"inLanguage":"pt-BR"},{"@type":"Person","@id":"https:\/\/portalararasdenoticias.com.br\/#\/schema\/person\/a6190507efe29dea1049d60d05ed5c0a","name":"Portal Araras de Noticias","image":{"@type":"ImageObject","inLanguage":"pt-BR","@id":"https:\/\/portalararasdenoticias.com.br\/#\/schema\/person\/image\/","url":"https:\/\/secure.gravatar.com\/avatar\/4df7c42bc08e78bc9b6e13086fafc161bdf01220657cd93de3d828ab6c60d469?s=96&d=mm&r=g","contentUrl":"https:\/\/secure.gravatar.com\/avatar\/4df7c42bc08e78bc9b6e13086fafc161bdf01220657cd93de3d828ab6c60d469?s=96&d=mm&r=g","caption":"Portal Araras de Noticias"},"sameAs":["https:\/\/portalararasdenoticias.com.br\/"],"url":"https:\/\/portalararasdenoticias.com.br\/?author=5"}]}},"_links":{"self":[{"href":"https:\/\/portalararasdenoticias.com.br\/index.php?rest_route=\/wp\/v2\/posts\/5798","targetHints":{"allow":["GET"]}}],"collection":[{"href":"https:\/\/portalararasdenoticias.com.br\/index.php?rest_route=\/wp\/v2\/posts"}],"about":[{"href":"https:\/\/portalararasdenoticias.com.br\/index.php?rest_route=\/wp\/v2\/types\/post"}],"author":[{"embeddable":true,"href":"https:\/\/portalararasdenoticias.com.br\/index.php?rest_route=\/wp\/v2\/users\/5"}],"replies":[{"embeddable":true,"href":"https:\/\/portalararasdenoticias.com.br\/index.php?rest_route=%2Fwp%2Fv2%2Fcomments&post=5798"}],"version-history":[{"count":1,"href":"https:\/\/portalararasdenoticias.com.br\/index.php?rest_route=\/wp\/v2\/posts\/5798\/revisions"}],"predecessor-version":[{"id":5804,"href":"https:\/\/portalararasdenoticias.com.br\/index.php?rest_route=\/wp\/v2\/posts\/5798\/revisions\/5804"}],"wp:featuredmedia":[{"embeddable":true,"href":"https:\/\/portalararasdenoticias.com.br\/index.php?rest_route=\/wp\/v2\/media\/5799"}],"wp:attachment":[{"href":"https:\/\/portalararasdenoticias.com.br\/index.php?rest_route=%2Fwp%2Fv2%2Fmedia&parent=5798"}],"wp:term":[{"taxonomy":"category","embeddable":true,"href":"https:\/\/portalararasdenoticias.com.br\/index.php?rest_route=%2Fwp%2Fv2%2Fcategories&post=5798"},{"taxonomy":"post_tag","embeddable":true,"href":"https:\/\/portalararasdenoticias.com.br\/index.php?rest_route=%2Fwp%2Fv2%2Ftags&post=5798"}],"curies":[{"name":"wp","href":"https:\/\/api.w.org\/{rel}","templated":true}]}}