{"id":5995,"date":"2024-10-24T16:57:39","date_gmt":"2024-10-24T19:57:39","guid":{"rendered":"https:\/\/portalararasdenoticias.com.br\/?p=5995"},"modified":"2024-10-24T16:57:52","modified_gmt":"2024-10-24T19:57:52","slug":"parabens-manaus-pelos-355-anos-de-historia","status":"publish","type":"post","link":"https:\/\/portalararasdenoticias.com.br\/?p=5995","title":{"rendered":"Parabens Manaus pelos 355 anos de Historia."},"content":{"rendered":"\n<p>Manaus, capital do Amazonas, celebra nesta quinta-feira, 24 de outubro, 355 anos de funda\u00e7\u00e3o, marco significativo em sua trajet\u00f3ria como centro cultural, econ\u00f4mico e hist\u00f3rico da Amaz\u00f4nia.<br>Fundada em 1669, com a constru\u00e7\u00e3o do Forte de S\u00e3o Jos\u00e9 da Barra do Rio Negro, a cidade se tornou ao longo dos s\u00e9culos um ponto estrat\u00e9gico no desenvolvimento da regi\u00e3o, especialmente durante o Ciclo da Borracha no final do s\u00e9culo XIX e in\u00edcio do s\u00e9culo XX. A fase proporcionou um per\u00edodo de prosperidade, refletido na arquitetura de \u00edcones como o Teatro Amazonas e o Pal\u00e1cio Rio Negro, que representam o esplendor de uma era de crescimento acelerado.<br>Culturalmente, Manaus se destaca pelas tradi\u00e7\u00f5es que refletem a alma do povo amazonense. Al\u00e9m disso, a cultura e a tradi\u00e7\u00e3o tamb\u00e9m se expressam de forma vibrante em nosso setor gastron\u00f4mico, com sabores \u00fanicos que misturam ingredientes regionais e influ\u00eancias multiculturais, atraindo tanto moradores quanto turistas.<br>Manaus \u00e9 uma das capitais mais bonitas do nosso pa\u00eds, dentro do Estado mais bonito do pa\u00eds, que \u00e9 o Amazonas, com extens\u00e3o geogr\u00e1fica e log\u00edstica gigante. Morar no Amazonas n\u00e3o \u00e9 morar no Centro-Sul, n\u00e3o \u00e9 morar em S\u00e3o Paulo, Rio de Janeiro, Minas Gerais, que voc\u00ea percorre tudo isso de carro, aqui \u00e9 uma log\u00edstica muito grande. Manaus \u00e9 a mola propulsora de todo o Amazonas, ent\u00e3o quero parabenizar por mais uma passagem do seu anivers\u00e1rio. Que Deus possa cobrir Manaus e os manauaras de alegria, de esperan\u00e7a e que dias melhores ter\u00e3o para todos n\u00f3s.<\/p>\n\n\n\n<p><\/p>\n\n\n\n<figure class=\"wp-block-gallery has-nested-images columns-default is-cropped wp-block-gallery-1 is-layout-flex wp-block-gallery-is-layout-flex\">\n<figure class=\"wp-block-image size-large\"><img loading=\"lazy\" decoding=\"async\" width=\"1000\" height=\"667\" data-id=\"5998\" src=\"https:\/\/portalararasdenoticias.com.br\/wp-content\/uploads\/2024\/10\/Juarez-Lima-354-anos-de-Manaus-2-1.jpg\" alt=\"\" class=\"wp-image-5998\" srcset=\"https:\/\/portalararasdenoticias.com.br\/wp-content\/uploads\/2024\/10\/Juarez-Lima-354-anos-de-Manaus-2-1.jpg 1000w, https:\/\/portalararasdenoticias.com.br\/wp-content\/uploads\/2024\/10\/Juarez-Lima-354-anos-de-Manaus-2-1-300x200.jpg 300w, https:\/\/portalararasdenoticias.com.br\/wp-content\/uploads\/2024\/10\/Juarez-Lima-354-anos-de-Manaus-2-1-768x512.jpg 768w\" sizes=\"auto, (max-width: 1000px) 100vw, 1000px\" \/><\/figure>\n\n\n\n<figure class=\"wp-block-image size-large\"><img loading=\"lazy\" decoding=\"async\" width=\"670\" height=\"447\" data-id=\"5997\" src=\"https:\/\/portalararasdenoticias.com.br\/wp-content\/uploads\/2024\/10\/MANAUS-e1603462539693.jpg\" alt=\"\" class=\"wp-image-5997\" srcset=\"https:\/\/portalararasdenoticias.com.br\/wp-content\/uploads\/2024\/10\/MANAUS-e1603462539693.jpg 670w, https:\/\/portalararasdenoticias.com.br\/wp-content\/uploads\/2024\/10\/MANAUS-e1603462539693-300x200.jpg 300w\" sizes=\"auto, (max-width: 670px) 100vw, 670px\" \/><\/figure>\n<\/figure>\n","protected":false},"excerpt":{"rendered":"<p>Manaus, capital do Amazonas, celebra nesta quinta-feira, 24 de outubro, 355 anos de funda\u00e7\u00e3o, marco significativo em sua trajet\u00f3ria como centro cultural, econ\u00f4mico e hist\u00f3rico da Amaz\u00f4nia.Fundada em 1669, com a constru\u00e7\u00e3o do Forte de S\u00e3o Jos\u00e9 da Barra do Rio Negro, a cidade se tornou ao longo dos s\u00e9culos um ponto estrat\u00e9gico no desenvolvimento [&hellip;]<\/p>\n","protected":false},"author":5,"featured_media":5996,"comment_status":"open","ping_status":"open","sticky":true,"template":"","format":"standard","meta":{"footnotes":""},"categories":[34],"tags":[],"class_list":["post-5995","post","type-post","status-publish","format-standard","has-post-thumbnail","hentry","category-jornalismo"],"yoast_head":"<!-- This site is optimized with the Yoast SEO plugin v27.0 - https:\/\/yoast.com\/product\/yoast-seo-wordpress\/ -->\n<title>Parabens Manaus pelos 355 anos de Historia. - Portal Araras de Not\u00edcias<\/title>\n<meta name=\"robots\" content=\"index, follow, max-snippet:-1, max-image-preview:large, max-video-preview:-1\" \/>\n<link rel=\"canonical\" href=\"https:\/\/portalararasdenoticias.com.br\/?p=5995\" \/>\n<meta property=\"og:locale\" content=\"pt_BR\" \/>\n<meta property=\"og:type\" content=\"article\" \/>\n<meta property=\"og:title\" content=\"Parabens Manaus pelos 355 anos de Historia. - Portal Araras de Not\u00edcias\" \/>\n<meta property=\"og:description\" content=\"Manaus, capital do Amazonas, celebra nesta quinta-feira, 24 de outubro, 355 anos de funda\u00e7\u00e3o, marco significativo em sua trajet\u00f3ria como centro cultural, econ\u00f4mico e hist\u00f3rico da Amaz\u00f4nia.Fundada em 1669, com a constru\u00e7\u00e3o do Forte de S\u00e3o Jos\u00e9 da Barra do Rio Negro, a cidade se tornou ao longo dos s\u00e9culos um ponto estrat\u00e9gico no desenvolvimento [&hellip;]\" \/>\n<meta property=\"og:url\" content=\"https:\/\/portalararasdenoticias.com.br\/?p=5995\" \/>\n<meta property=\"og:site_name\" content=\"Portal Araras de Not\u00edcias\" \/>\n<meta property=\"article:published_time\" content=\"2024-10-24T19:57:39+00:00\" \/>\n<meta property=\"article:modified_time\" content=\"2024-10-24T19:57:52+00:00\" \/>\n<meta property=\"og:image\" content=\"https:\/\/portalararasdenoticias.com.br\/wp-content\/uploads\/2024\/10\/Juarez-Lima-354-anos-de-Manaus-2.jpg\" \/>\n\t<meta property=\"og:image:width\" content=\"1000\" \/>\n\t<meta property=\"og:image:height\" content=\"667\" \/>\n\t<meta property=\"og:image:type\" content=\"image\/jpeg\" \/>\n<meta name=\"author\" content=\"Portal Araras de Noticias\" \/>\n<meta name=\"twitter:card\" content=\"summary_large_image\" \/>\n<meta name=\"twitter:label1\" content=\"Escrito por\" \/>\n\t<meta name=\"twitter:data1\" content=\"Portal Araras de Noticias\" \/>\n\t<meta name=\"twitter:label2\" content=\"Est. tempo de leitura\" \/>\n\t<meta name=\"twitter:data2\" content=\"1 minuto\" \/>\n<script type=\"application\/ld+json\" class=\"yoast-schema-graph\">{\"@context\":\"https:\/\/schema.org\",\"@graph\":[{\"@type\":\"Article\",\"@id\":\"https:\/\/portalararasdenoticias.com.br\/?p=5995#article\",\"isPartOf\":{\"@id\":\"https:\/\/portalararasdenoticias.com.br\/?p=5995\"},\"author\":{\"name\":\"Portal Araras de Noticias\",\"@id\":\"https:\/\/portalararasdenoticias.com.br\/#\/schema\/person\/a6190507efe29dea1049d60d05ed5c0a\"},\"headline\":\"Parabens Manaus pelos 355 anos de Historia.\",\"datePublished\":\"2024-10-24T19:57:39+00:00\",\"dateModified\":\"2024-10-24T19:57:52+00:00\",\"mainEntityOfPage\":{\"@id\":\"https:\/\/portalararasdenoticias.com.br\/?p=5995\"},\"wordCount\":280,\"commentCount\":0,\"image\":{\"@id\":\"https:\/\/portalararasdenoticias.com.br\/?p=5995#primaryimage\"},\"thumbnailUrl\":\"https:\/\/portalararasdenoticias.com.br\/wp-content\/uploads\/2024\/10\/Juarez-Lima-354-anos-de-Manaus-2.jpg\",\"articleSection\":[\"jornalismo\"],\"inLanguage\":\"pt-BR\",\"potentialAction\":[{\"@type\":\"CommentAction\",\"name\":\"Comment\",\"target\":[\"https:\/\/portalararasdenoticias.com.br\/?p=5995#respond\"]}]},{\"@type\":\"WebPage\",\"@id\":\"https:\/\/portalararasdenoticias.com.br\/?p=5995\",\"url\":\"https:\/\/portalararasdenoticias.com.br\/?p=5995\",\"name\":\"Parabens Manaus pelos 355 anos de Historia. - Portal Araras de Not\u00edcias\",\"isPartOf\":{\"@id\":\"https:\/\/portalararasdenoticias.com.br\/#website\"},\"primaryImageOfPage\":{\"@id\":\"https:\/\/portalararasdenoticias.com.br\/?p=5995#primaryimage\"},\"image\":{\"@id\":\"https:\/\/portalararasdenoticias.com.br\/?p=5995#primaryimage\"},\"thumbnailUrl\":\"https:\/\/portalararasdenoticias.com.br\/wp-content\/uploads\/2024\/10\/Juarez-Lima-354-anos-de-Manaus-2.jpg\",\"datePublished\":\"2024-10-24T19:57:39+00:00\",\"dateModified\":\"2024-10-24T19:57:52+00:00\",\"author\":{\"@id\":\"https:\/\/portalararasdenoticias.com.br\/#\/schema\/person\/a6190507efe29dea1049d60d05ed5c0a\"},\"breadcrumb\":{\"@id\":\"https:\/\/portalararasdenoticias.com.br\/?p=5995#breadcrumb\"},\"inLanguage\":\"pt-BR\",\"potentialAction\":[{\"@type\":\"ReadAction\",\"target\":[\"https:\/\/portalararasdenoticias.com.br\/?p=5995\"]}]},{\"@type\":\"ImageObject\",\"inLanguage\":\"pt-BR\",\"@id\":\"https:\/\/portalararasdenoticias.com.br\/?p=5995#primaryimage\",\"url\":\"https:\/\/portalararasdenoticias.com.br\/wp-content\/uploads\/2024\/10\/Juarez-Lima-354-anos-de-Manaus-2.jpg\",\"contentUrl\":\"https:\/\/portalararasdenoticias.com.br\/wp-content\/uploads\/2024\/10\/Juarez-Lima-354-anos-de-Manaus-2.jpg\",\"width\":1000,\"height\":667},{\"@type\":\"BreadcrumbList\",\"@id\":\"https:\/\/portalararasdenoticias.com.br\/?p=5995#breadcrumb\",\"itemListElement\":[{\"@type\":\"ListItem\",\"position\":1,\"name\":\"In\u00edcio\",\"item\":\"https:\/\/portalararasdenoticias.com.br\/\"},{\"@type\":\"ListItem\",\"position\":2,\"name\":\"Parabens Manaus pelos 355 anos de Historia.\"}]},{\"@type\":\"WebSite\",\"@id\":\"https:\/\/portalararasdenoticias.com.br\/#website\",\"url\":\"https:\/\/portalararasdenoticias.com.br\/\",\"name\":\"Portal Araras de Not\u00edcias\",\"description\":\"O Seu Portal de Not\u00edcias\",\"potentialAction\":[{\"@type\":\"SearchAction\",\"target\":{\"@type\":\"EntryPoint\",\"urlTemplate\":\"https:\/\/portalararasdenoticias.com.br\/?s={search_term_string}\"},\"query-input\":{\"@type\":\"PropertyValueSpecification\",\"valueRequired\":true,\"valueName\":\"search_term_string\"}}],\"inLanguage\":\"pt-BR\"},{\"@type\":\"Person\",\"@id\":\"https:\/\/portalararasdenoticias.com.br\/#\/schema\/person\/a6190507efe29dea1049d60d05ed5c0a\",\"name\":\"Portal Araras de Noticias\",\"image\":{\"@type\":\"ImageObject\",\"inLanguage\":\"pt-BR\",\"@id\":\"https:\/\/portalararasdenoticias.com.br\/#\/schema\/person\/image\/\",\"url\":\"https:\/\/secure.gravatar.com\/avatar\/4df7c42bc08e78bc9b6e13086fafc161bdf01220657cd93de3d828ab6c60d469?s=96&d=mm&r=g\",\"contentUrl\":\"https:\/\/secure.gravatar.com\/avatar\/4df7c42bc08e78bc9b6e13086fafc161bdf01220657cd93de3d828ab6c60d469?s=96&d=mm&r=g\",\"caption\":\"Portal Araras de Noticias\"},\"sameAs\":[\"https:\/\/portalararasdenoticias.com.br\/\"],\"url\":\"https:\/\/portalararasdenoticias.com.br\/?author=5\"}]}<\/script>\n<!-- \/ Yoast SEO plugin. -->","yoast_head_json":{"title":"Parabens Manaus pelos 355 anos de Historia. - Portal Araras de Not\u00edcias","robots":{"index":"index","follow":"follow","max-snippet":"max-snippet:-1","max-image-preview":"max-image-preview:large","max-video-preview":"max-video-preview:-1"},"canonical":"https:\/\/portalararasdenoticias.com.br\/?p=5995","og_locale":"pt_BR","og_type":"article","og_title":"Parabens Manaus pelos 355 anos de Historia. - Portal Araras de Not\u00edcias","og_description":"Manaus, capital do Amazonas, celebra nesta quinta-feira, 24 de outubro, 355 anos de funda\u00e7\u00e3o, marco significativo em sua trajet\u00f3ria como centro cultural, econ\u00f4mico e hist\u00f3rico da Amaz\u00f4nia.Fundada em 1669, com a constru\u00e7\u00e3o do Forte de S\u00e3o Jos\u00e9 da Barra do Rio Negro, a cidade se tornou ao longo dos s\u00e9culos um ponto estrat\u00e9gico no desenvolvimento [&hellip;]","og_url":"https:\/\/portalararasdenoticias.com.br\/?p=5995","og_site_name":"Portal Araras de Not\u00edcias","article_published_time":"2024-10-24T19:57:39+00:00","article_modified_time":"2024-10-24T19:57:52+00:00","og_image":[{"width":1000,"height":667,"url":"https:\/\/portalararasdenoticias.com.br\/wp-content\/uploads\/2024\/10\/Juarez-Lima-354-anos-de-Manaus-2.jpg","type":"image\/jpeg"}],"author":"Portal Araras de Noticias","twitter_card":"summary_large_image","twitter_misc":{"Escrito por":"Portal Araras de Noticias","Est. tempo de leitura":"1 minuto"},"schema":{"@context":"https:\/\/schema.org","@graph":[{"@type":"Article","@id":"https:\/\/portalararasdenoticias.com.br\/?p=5995#article","isPartOf":{"@id":"https:\/\/portalararasdenoticias.com.br\/?p=5995"},"author":{"name":"Portal Araras de Noticias","@id":"https:\/\/portalararasdenoticias.com.br\/#\/schema\/person\/a6190507efe29dea1049d60d05ed5c0a"},"headline":"Parabens Manaus pelos 355 anos de Historia.","datePublished":"2024-10-24T19:57:39+00:00","dateModified":"2024-10-24T19:57:52+00:00","mainEntityOfPage":{"@id":"https:\/\/portalararasdenoticias.com.br\/?p=5995"},"wordCount":280,"commentCount":0,"image":{"@id":"https:\/\/portalararasdenoticias.com.br\/?p=5995#primaryimage"},"thumbnailUrl":"https:\/\/portalararasdenoticias.com.br\/wp-content\/uploads\/2024\/10\/Juarez-Lima-354-anos-de-Manaus-2.jpg","articleSection":["jornalismo"],"inLanguage":"pt-BR","potentialAction":[{"@type":"CommentAction","name":"Comment","target":["https:\/\/portalararasdenoticias.com.br\/?p=5995#respond"]}]},{"@type":"WebPage","@id":"https:\/\/portalararasdenoticias.com.br\/?p=5995","url":"https:\/\/portalararasdenoticias.com.br\/?p=5995","name":"Parabens Manaus pelos 355 anos de Historia. - Portal Araras de Not\u00edcias","isPartOf":{"@id":"https:\/\/portalararasdenoticias.com.br\/#website"},"primaryImageOfPage":{"@id":"https:\/\/portalararasdenoticias.com.br\/?p=5995#primaryimage"},"image":{"@id":"https:\/\/portalararasdenoticias.com.br\/?p=5995#primaryimage"},"thumbnailUrl":"https:\/\/portalararasdenoticias.com.br\/wp-content\/uploads\/2024\/10\/Juarez-Lima-354-anos-de-Manaus-2.jpg","datePublished":"2024-10-24T19:57:39+00:00","dateModified":"2024-10-24T19:57:52+00:00","author":{"@id":"https:\/\/portalararasdenoticias.com.br\/#\/schema\/person\/a6190507efe29dea1049d60d05ed5c0a"},"breadcrumb":{"@id":"https:\/\/portalararasdenoticias.com.br\/?p=5995#breadcrumb"},"inLanguage":"pt-BR","potentialAction":[{"@type":"ReadAction","target":["https:\/\/portalararasdenoticias.com.br\/?p=5995"]}]},{"@type":"ImageObject","inLanguage":"pt-BR","@id":"https:\/\/portalararasdenoticias.com.br\/?p=5995#primaryimage","url":"https:\/\/portalararasdenoticias.com.br\/wp-content\/uploads\/2024\/10\/Juarez-Lima-354-anos-de-Manaus-2.jpg","contentUrl":"https:\/\/portalararasdenoticias.com.br\/wp-content\/uploads\/2024\/10\/Juarez-Lima-354-anos-de-Manaus-2.jpg","width":1000,"height":667},{"@type":"BreadcrumbList","@id":"https:\/\/portalararasdenoticias.com.br\/?p=5995#breadcrumb","itemListElement":[{"@type":"ListItem","position":1,"name":"In\u00edcio","item":"https:\/\/portalararasdenoticias.com.br\/"},{"@type":"ListItem","position":2,"name":"Parabens Manaus pelos 355 anos de Historia."}]},{"@type":"WebSite","@id":"https:\/\/portalararasdenoticias.com.br\/#website","url":"https:\/\/portalararasdenoticias.com.br\/","name":"Portal Araras de Not\u00edcias","description":"O Seu Portal de Not\u00edcias","potentialAction":[{"@type":"SearchAction","target":{"@type":"EntryPoint","urlTemplate":"https:\/\/portalararasdenoticias.com.br\/?s={search_term_string}"},"query-input":{"@type":"PropertyValueSpecification","valueRequired":true,"valueName":"search_term_string"}}],"inLanguage":"pt-BR"},{"@type":"Person","@id":"https:\/\/portalararasdenoticias.com.br\/#\/schema\/person\/a6190507efe29dea1049d60d05ed5c0a","name":"Portal Araras de Noticias","image":{"@type":"ImageObject","inLanguage":"pt-BR","@id":"https:\/\/portalararasdenoticias.com.br\/#\/schema\/person\/image\/","url":"https:\/\/secure.gravatar.com\/avatar\/4df7c42bc08e78bc9b6e13086fafc161bdf01220657cd93de3d828ab6c60d469?s=96&d=mm&r=g","contentUrl":"https:\/\/secure.gravatar.com\/avatar\/4df7c42bc08e78bc9b6e13086fafc161bdf01220657cd93de3d828ab6c60d469?s=96&d=mm&r=g","caption":"Portal Araras de Noticias"},"sameAs":["https:\/\/portalararasdenoticias.com.br\/"],"url":"https:\/\/portalararasdenoticias.com.br\/?author=5"}]}},"_links":{"self":[{"href":"https:\/\/portalararasdenoticias.com.br\/index.php?rest_route=\/wp\/v2\/posts\/5995","targetHints":{"allow":["GET"]}}],"collection":[{"href":"https:\/\/portalararasdenoticias.com.br\/index.php?rest_route=\/wp\/v2\/posts"}],"about":[{"href":"https:\/\/portalararasdenoticias.com.br\/index.php?rest_route=\/wp\/v2\/types\/post"}],"author":[{"embeddable":true,"href":"https:\/\/portalararasdenoticias.com.br\/index.php?rest_route=\/wp\/v2\/users\/5"}],"replies":[{"embeddable":true,"href":"https:\/\/portalararasdenoticias.com.br\/index.php?rest_route=%2Fwp%2Fv2%2Fcomments&post=5995"}],"version-history":[{"count":1,"href":"https:\/\/portalararasdenoticias.com.br\/index.php?rest_route=\/wp\/v2\/posts\/5995\/revisions"}],"predecessor-version":[{"id":5999,"href":"https:\/\/portalararasdenoticias.com.br\/index.php?rest_route=\/wp\/v2\/posts\/5995\/revisions\/5999"}],"wp:featuredmedia":[{"embeddable":true,"href":"https:\/\/portalararasdenoticias.com.br\/index.php?rest_route=\/wp\/v2\/media\/5996"}],"wp:attachment":[{"href":"https:\/\/portalararasdenoticias.com.br\/index.php?rest_route=%2Fwp%2Fv2%2Fmedia&parent=5995"}],"wp:term":[{"taxonomy":"category","embeddable":true,"href":"https:\/\/portalararasdenoticias.com.br\/index.php?rest_route=%2Fwp%2Fv2%2Fcategories&post=5995"},{"taxonomy":"post_tag","embeddable":true,"href":"https:\/\/portalararasdenoticias.com.br\/index.php?rest_route=%2Fwp%2Fv2%2Ftags&post=5995"}],"curies":[{"name":"wp","href":"https:\/\/api.w.org\/{rel}","templated":true}]}}