{"id":6025,"date":"2024-11-05T21:30:21","date_gmt":"2024-11-06T00:30:21","guid":{"rendered":"https:\/\/portalararasdenoticias.com.br\/?p=6025"},"modified":"2024-11-05T21:30:35","modified_gmt":"2024-11-06T00:30:35","slug":"video-mostra-pm-morto-e-suspeito-juntos-em-posto-de-combustiveis-de-manaus-antes-do-crime","status":"publish","type":"post","link":"https:\/\/portalararasdenoticias.com.br\/?p=6025","title":{"rendered":"V\u00eddeo mostra PM morto e suspeito juntos em posto de combust\u00edveis de Manaus antes do crime"},"content":{"rendered":"\n<h2 class=\"wp-block-heading\">Posto foi o ponto de embarque para a corrida de aplicativo em que o sargento Elizeu foi baleado por Mayc, nas proximidades do bairro da Paz, na madrugada de segunda-feira (4). V\u00edtima morreu nesta ter\u00e7a (5).<\/h2>\n\n\n\n<p><\/p>\n\n\n\n<p>Um v\u00eddeo de c\u00e2meras de seguran\u00e7a mostra Mayc Parede e o policial militar Elizeu da Paz caminhando juntos por um posto de combust\u00edveis em Manaus. O local foi o ponto de embarque para a&nbsp;<a class=\"\" href=\"https:\/\/g1.globo.com\/am\/amazonas\/noticia\/2024\/11\/04\/ex-pm-envolvido-no-caso-flavio-e-baleado-na-cabeca-durante-corrida-por-aplicativo-em-manaus.ghtml\">corrida de aplicativo em que o sargento Elizeu teria sido baleado por Mayc,&nbsp;<\/a>na madrugada de segunda-feira (4), no bairro da Paz, Zona Centro-Oeste da cidade. A v\u00edtima<a class=\"\" href=\"https:\/\/g1.globo.com\/am\/amazonas\/noticia\/2024\/11\/05\/pm-envolvido-no-caso-flavio-morre-no-hospital-apos-ser-baleado-na-cabeca.ghtml\">&nbsp;n\u00e3o resistiu aos ferimentos e faleceu nesta ter\u00e7a-feira (5)<\/a>.<\/p>\n\n\n\n<p>Horas ap\u00f3s o crime,\u00a0<a class=\"\" href=\"https:\/\/g1.globo.com\/am\/amazonas\/noticia\/2024\/11\/05\/mayc-parede-e-preso-suspeito-de-assassinar-sargento-da-pm-ambos-sao-reus-do-caso-flavio.ghtml\">Mayc Parede se apresentou \u00e0 Delegacia Especializada em Homic\u00eddios e Sequestros (DEHS)<\/a>. Tanto a v\u00edtima quanto o suspeito s\u00e3o acusados de envolvimento na\u00a0<a class=\"\" href=\"https:\/\/g1.globo.com\/am\/amazonas\/noticia\/2019\/09\/30\/homem-e-encontrado-morto-apos-festa-em-condominio-de-luxo-na-zona-oeste-de-manaus.ghtml\">morte do engenheiro Fl\u00e1vio Rodrigues, ocorrida em setembro de 2019<\/a>.<\/p>\n\n\n\n<p>egundo a delegada adjunta da DEHS, Mar\u00edlia Campello, as imagens mostram que Elizeu parecia estar sob efeito de \u00e1lcool enquanto Mayc portava a arma do sargento, o que, de acordo com a filha da v\u00edtima, era uma pr\u00e1tica comum quando o policial estava embriagado e confiava a arma ao amigo.<\/p>\n\n\n\n<blockquote class=\"wp-block-quote is-layout-flow wp-block-quote-is-layout-flow\"><p>&#8220;Nas imagens, parece claramente que o Elizeu da Paz, que \u00e9 a v\u00edtima nesse caso, ele estava sob efeito de \u00e1lcool, estava meio cambaleando. O Mayc Vin\u00edcius estava portando a arma do Elizeu na cintura. \u00c9 poss\u00edvel a gente verificar pelas imagens que ele porta esse armamento&#8221;, declarou.<\/p><\/blockquote>\n\n\n\n<p>Os dois homens eram amigos de longa data, mas haviam se afastado recentemente devido a uma briga, motivada por um poss\u00edvel envolvimento amoroso de Mayc, segundo relato de uma testemunha \u00e0 pol\u00edcia. Apesar do afastamento tempor\u00e1rio, eles retomaram contato pouco antes do ocorrido.<\/p>\n\n\n\n<blockquote class=\"wp-block-quote is-layout-flow wp-block-quote-is-layout-flow\"><p>&#8220;Foram alguns meses afastados, embora sejam muitos amigos e \u00e9 uma amizade de extrema confian\u00e7a, eles haviam brigado e estariam sem se falar h\u00e1 algum tempo. Retornaram h\u00e1 pouco tempo&#8221;, disse Campello.<\/p><\/blockquote>\n\n\n\n<p>A delegada Mar\u00edlia Campello informou ainda que a pol\u00edcia continua investigando a motiva\u00e7\u00e3o do crime e est\u00e1 \u00e0 procura da arma utilizada, que foi descartada por Mayc ao fugir do local. Ele responder\u00e1 por homic\u00eddio e permanece \u00e0 disposi\u00e7\u00e3o da Justi\u00e7a.<\/p>\n\n\n\n<figure class=\"wp-block-gallery has-nested-images columns-default is-cropped wp-block-gallery-1 is-layout-flex wp-block-gallery-is-layout-flex\">\n<figure class=\"wp-block-image size-large\"><img loading=\"lazy\" decoding=\"async\" width=\"696\" height=\"435\" data-id=\"6027\" src=\"https:\/\/portalararasdenoticias.com.br\/wp-content\/uploads\/2024\/11\/WhatsApp-Image-2024-11-05-at-10.12.41-696x435-2.jpeg\" alt=\"\" class=\"wp-image-6027\" srcset=\"https:\/\/portalararasdenoticias.com.br\/wp-content\/uploads\/2024\/11\/WhatsApp-Image-2024-11-05-at-10.12.41-696x435-2.jpeg 696w, https:\/\/portalararasdenoticias.com.br\/wp-content\/uploads\/2024\/11\/WhatsApp-Image-2024-11-05-at-10.12.41-696x435-2-300x188.jpeg 300w, https:\/\/portalararasdenoticias.com.br\/wp-content\/uploads\/2024\/11\/WhatsApp-Image-2024-11-05-at-10.12.41-696x435-2-464x290.jpeg 464w\" sizes=\"auto, (max-width: 696px) 100vw, 696px\" \/><\/figure>\n<\/figure>\n\n\n\n<figure class=\"wp-block-gallery has-nested-images columns-default is-cropped wp-block-gallery-2 is-layout-flex wp-block-gallery-is-layout-flex\">\n<figure class=\"wp-block-image size-large\"><img loading=\"lazy\" decoding=\"async\" width=\"800\" height=\"533\" data-id=\"6030\" src=\"https:\/\/portalararasdenoticias.com.br\/wp-content\/uploads\/2024\/11\/465222607_1099019842228312_4271373047960463518_n-1.jpg\" alt=\"\" class=\"wp-image-6030\" srcset=\"https:\/\/portalararasdenoticias.com.br\/wp-content\/uploads\/2024\/11\/465222607_1099019842228312_4271373047960463518_n-1.jpg 800w, https:\/\/portalararasdenoticias.com.br\/wp-content\/uploads\/2024\/11\/465222607_1099019842228312_4271373047960463518_n-1-300x200.jpg 300w, https:\/\/portalararasdenoticias.com.br\/wp-content\/uploads\/2024\/11\/465222607_1099019842228312_4271373047960463518_n-1-768x512.jpg 768w\" sizes=\"auto, (max-width: 800px) 100vw, 800px\" \/><\/figure>\n\n\n\n<figure class=\"wp-block-image size-large\"><img loading=\"lazy\" decoding=\"async\" width=\"800\" height=\"450\" data-id=\"6028\" src=\"https:\/\/portalararasdenoticias.com.br\/wp-content\/uploads\/2024\/11\/465403062_1099020548894908_4605973724689873672_n-3.jpg\" alt=\"\" class=\"wp-image-6028\" srcset=\"https:\/\/portalararasdenoticias.com.br\/wp-content\/uploads\/2024\/11\/465403062_1099020548894908_4605973724689873672_n-3.jpg 800w, https:\/\/portalararasdenoticias.com.br\/wp-content\/uploads\/2024\/11\/465403062_1099020548894908_4605973724689873672_n-3-300x169.jpg 300w, https:\/\/portalararasdenoticias.com.br\/wp-content\/uploads\/2024\/11\/465403062_1099020548894908_4605973724689873672_n-3-768x432.jpg 768w\" sizes=\"auto, (max-width: 800px) 100vw, 800px\" \/><\/figure>\n\n\n\n<figure class=\"wp-block-image size-large\"><img loading=\"lazy\" decoding=\"async\" width=\"1024\" height=\"576\" data-id=\"6031\" src=\"https:\/\/portalararasdenoticias.com.br\/wp-content\/uploads\/2024\/11\/Materia-do-policial-baleado-2-1024x576.jpg\" alt=\"\" class=\"wp-image-6031\" srcset=\"https:\/\/portalararasdenoticias.com.br\/wp-content\/uploads\/2024\/11\/Materia-do-policial-baleado-2-1024x576.jpg 1024w, https:\/\/portalararasdenoticias.com.br\/wp-content\/uploads\/2024\/11\/Materia-do-policial-baleado-2-300x169.jpg 300w, https:\/\/portalararasdenoticias.com.br\/wp-content\/uploads\/2024\/11\/Materia-do-policial-baleado-2-768x432.jpg 768w, https:\/\/portalararasdenoticias.com.br\/wp-content\/uploads\/2024\/11\/Materia-do-policial-baleado-2.jpg 1280w\" sizes=\"auto, (max-width: 1024px) 100vw, 1024px\" \/><\/figure>\n\n\n\n<figure class=\"wp-block-image size-large\"><img loading=\"lazy\" decoding=\"async\" width=\"305\" height=\"183\" data-id=\"6029\" src=\"https:\/\/portalararasdenoticias.com.br\/wp-content\/uploads\/2024\/11\/portaldoholanda-984196-imagem-2.jpg\" alt=\"\" class=\"wp-image-6029\" srcset=\"https:\/\/portalararasdenoticias.com.br\/wp-content\/uploads\/2024\/11\/portaldoholanda-984196-imagem-2.jpg 305w, https:\/\/portalararasdenoticias.com.br\/wp-content\/uploads\/2024\/11\/portaldoholanda-984196-imagem-2-300x180.jpg 300w\" sizes=\"auto, (max-width: 305px) 100vw, 305px\" \/><\/figure>\n<\/figure>\n","protected":false},"excerpt":{"rendered":"<p>Posto foi o ponto de embarque para a corrida de aplicativo em que o sargento Elizeu foi baleado por Mayc, nas proximidades do bairro da Paz, na madrugada de segunda-feira (4). V\u00edtima morreu nesta ter\u00e7a (5). Um v\u00eddeo de c\u00e2meras de seguran\u00e7a mostra Mayc Parede e o policial militar Elizeu da Paz caminhando juntos por [&hellip;]<\/p>\n","protected":false},"author":5,"featured_media":6026,"comment_status":"open","ping_status":"open","sticky":true,"template":"","format":"standard","meta":{"footnotes":""},"categories":[34],"tags":[],"class_list":["post-6025","post","type-post","status-publish","format-standard","has-post-thumbnail","hentry","category-jornalismo"],"yoast_head":"<!-- This site is optimized with the Yoast SEO plugin v27.0 - https:\/\/yoast.com\/product\/yoast-seo-wordpress\/ -->\n<title>V\u00eddeo mostra PM morto e suspeito juntos em posto de combust\u00edveis de Manaus antes do crime - Portal Araras de Not\u00edcias<\/title>\n<meta name=\"robots\" content=\"index, follow, max-snippet:-1, max-image-preview:large, max-video-preview:-1\" \/>\n<link rel=\"canonical\" href=\"https:\/\/portalararasdenoticias.com.br\/?p=6025\" \/>\n<meta property=\"og:locale\" content=\"pt_BR\" \/>\n<meta property=\"og:type\" content=\"article\" \/>\n<meta property=\"og:title\" content=\"V\u00eddeo mostra PM morto e suspeito juntos em posto de combust\u00edveis de Manaus antes do crime - Portal Araras de Not\u00edcias\" \/>\n<meta property=\"og:description\" content=\"Posto foi o ponto de embarque para a corrida de aplicativo em que o sargento Elizeu foi baleado por Mayc, nas proximidades do bairro da Paz, na madrugada de segunda-feira (4). V\u00edtima morreu nesta ter\u00e7a (5). Um v\u00eddeo de c\u00e2meras de seguran\u00e7a mostra Mayc Parede e o policial militar Elizeu da Paz caminhando juntos por [&hellip;]\" \/>\n<meta property=\"og:url\" content=\"https:\/\/portalararasdenoticias.com.br\/?p=6025\" \/>\n<meta property=\"og:site_name\" content=\"Portal Araras de Not\u00edcias\" \/>\n<meta property=\"article:published_time\" content=\"2024-11-06T00:30:21+00:00\" \/>\n<meta property=\"article:modified_time\" content=\"2024-11-06T00:30:35+00:00\" \/>\n<meta property=\"og:image\" content=\"https:\/\/portalararasdenoticias.com.br\/wp-content\/uploads\/2024\/11\/WhatsApp-Image-2024-11-05-at-10.12.41-696x435-1.jpeg\" \/>\n\t<meta property=\"og:image:width\" content=\"696\" \/>\n\t<meta property=\"og:image:height\" content=\"435\" \/>\n\t<meta property=\"og:image:type\" content=\"image\/jpeg\" \/>\n<meta name=\"author\" content=\"Portal Araras de Noticias\" \/>\n<meta name=\"twitter:card\" content=\"summary_large_image\" \/>\n<meta name=\"twitter:label1\" content=\"Escrito por\" \/>\n\t<meta name=\"twitter:data1\" content=\"Portal Araras de Noticias\" \/>\n\t<meta name=\"twitter:label2\" content=\"Est. tempo de leitura\" \/>\n\t<meta name=\"twitter:data2\" content=\"2 minutos\" \/>\n<script type=\"application\/ld+json\" class=\"yoast-schema-graph\">{\"@context\":\"https:\/\/schema.org\",\"@graph\":[{\"@type\":\"Article\",\"@id\":\"https:\/\/portalararasdenoticias.com.br\/?p=6025#article\",\"isPartOf\":{\"@id\":\"https:\/\/portalararasdenoticias.com.br\/?p=6025\"},\"author\":{\"name\":\"Portal Araras de Noticias\",\"@id\":\"https:\/\/portalararasdenoticias.com.br\/#\/schema\/person\/a6190507efe29dea1049d60d05ed5c0a\"},\"headline\":\"V\u00eddeo mostra PM morto e suspeito juntos em posto de combust\u00edveis de Manaus antes do crime\",\"datePublished\":\"2024-11-06T00:30:21+00:00\",\"dateModified\":\"2024-11-06T00:30:35+00:00\",\"mainEntityOfPage\":{\"@id\":\"https:\/\/portalararasdenoticias.com.br\/?p=6025\"},\"wordCount\":397,\"commentCount\":0,\"image\":{\"@id\":\"https:\/\/portalararasdenoticias.com.br\/?p=6025#primaryimage\"},\"thumbnailUrl\":\"https:\/\/portalararasdenoticias.com.br\/wp-content\/uploads\/2024\/11\/WhatsApp-Image-2024-11-05-at-10.12.41-696x435-1.jpeg\",\"articleSection\":[\"jornalismo\"],\"inLanguage\":\"pt-BR\",\"potentialAction\":[{\"@type\":\"CommentAction\",\"name\":\"Comment\",\"target\":[\"https:\/\/portalararasdenoticias.com.br\/?p=6025#respond\"]}]},{\"@type\":\"WebPage\",\"@id\":\"https:\/\/portalararasdenoticias.com.br\/?p=6025\",\"url\":\"https:\/\/portalararasdenoticias.com.br\/?p=6025\",\"name\":\"V\u00eddeo mostra PM morto e suspeito juntos em posto de combust\u00edveis de Manaus antes do crime - Portal Araras de Not\u00edcias\",\"isPartOf\":{\"@id\":\"https:\/\/portalararasdenoticias.com.br\/#website\"},\"primaryImageOfPage\":{\"@id\":\"https:\/\/portalararasdenoticias.com.br\/?p=6025#primaryimage\"},\"image\":{\"@id\":\"https:\/\/portalararasdenoticias.com.br\/?p=6025#primaryimage\"},\"thumbnailUrl\":\"https:\/\/portalararasdenoticias.com.br\/wp-content\/uploads\/2024\/11\/WhatsApp-Image-2024-11-05-at-10.12.41-696x435-1.jpeg\",\"datePublished\":\"2024-11-06T00:30:21+00:00\",\"dateModified\":\"2024-11-06T00:30:35+00:00\",\"author\":{\"@id\":\"https:\/\/portalararasdenoticias.com.br\/#\/schema\/person\/a6190507efe29dea1049d60d05ed5c0a\"},\"breadcrumb\":{\"@id\":\"https:\/\/portalararasdenoticias.com.br\/?p=6025#breadcrumb\"},\"inLanguage\":\"pt-BR\",\"potentialAction\":[{\"@type\":\"ReadAction\",\"target\":[\"https:\/\/portalararasdenoticias.com.br\/?p=6025\"]}]},{\"@type\":\"ImageObject\",\"inLanguage\":\"pt-BR\",\"@id\":\"https:\/\/portalararasdenoticias.com.br\/?p=6025#primaryimage\",\"url\":\"https:\/\/portalararasdenoticias.com.br\/wp-content\/uploads\/2024\/11\/WhatsApp-Image-2024-11-05-at-10.12.41-696x435-1.jpeg\",\"contentUrl\":\"https:\/\/portalararasdenoticias.com.br\/wp-content\/uploads\/2024\/11\/WhatsApp-Image-2024-11-05-at-10.12.41-696x435-1.jpeg\",\"width\":696,\"height\":435},{\"@type\":\"BreadcrumbList\",\"@id\":\"https:\/\/portalararasdenoticias.com.br\/?p=6025#breadcrumb\",\"itemListElement\":[{\"@type\":\"ListItem\",\"position\":1,\"name\":\"In\u00edcio\",\"item\":\"https:\/\/portalararasdenoticias.com.br\/\"},{\"@type\":\"ListItem\",\"position\":2,\"name\":\"V\u00eddeo mostra PM morto e suspeito juntos em posto de combust\u00edveis de Manaus antes do crime\"}]},{\"@type\":\"WebSite\",\"@id\":\"https:\/\/portalararasdenoticias.com.br\/#website\",\"url\":\"https:\/\/portalararasdenoticias.com.br\/\",\"name\":\"Portal Araras de Not\u00edcias\",\"description\":\"O Seu Portal de Not\u00edcias\",\"potentialAction\":[{\"@type\":\"SearchAction\",\"target\":{\"@type\":\"EntryPoint\",\"urlTemplate\":\"https:\/\/portalararasdenoticias.com.br\/?s={search_term_string}\"},\"query-input\":{\"@type\":\"PropertyValueSpecification\",\"valueRequired\":true,\"valueName\":\"search_term_string\"}}],\"inLanguage\":\"pt-BR\"},{\"@type\":\"Person\",\"@id\":\"https:\/\/portalararasdenoticias.com.br\/#\/schema\/person\/a6190507efe29dea1049d60d05ed5c0a\",\"name\":\"Portal Araras de Noticias\",\"image\":{\"@type\":\"ImageObject\",\"inLanguage\":\"pt-BR\",\"@id\":\"https:\/\/portalararasdenoticias.com.br\/#\/schema\/person\/image\/\",\"url\":\"https:\/\/secure.gravatar.com\/avatar\/4df7c42bc08e78bc9b6e13086fafc161bdf01220657cd93de3d828ab6c60d469?s=96&d=mm&r=g\",\"contentUrl\":\"https:\/\/secure.gravatar.com\/avatar\/4df7c42bc08e78bc9b6e13086fafc161bdf01220657cd93de3d828ab6c60d469?s=96&d=mm&r=g\",\"caption\":\"Portal Araras de Noticias\"},\"sameAs\":[\"https:\/\/portalararasdenoticias.com.br\/\"],\"url\":\"https:\/\/portalararasdenoticias.com.br\/?author=5\"}]}<\/script>\n<!-- \/ Yoast SEO plugin. -->","yoast_head_json":{"title":"V\u00eddeo mostra PM morto e suspeito juntos em posto de combust\u00edveis de Manaus antes do crime - Portal Araras de Not\u00edcias","robots":{"index":"index","follow":"follow","max-snippet":"max-snippet:-1","max-image-preview":"max-image-preview:large","max-video-preview":"max-video-preview:-1"},"canonical":"https:\/\/portalararasdenoticias.com.br\/?p=6025","og_locale":"pt_BR","og_type":"article","og_title":"V\u00eddeo mostra PM morto e suspeito juntos em posto de combust\u00edveis de Manaus antes do crime - Portal Araras de Not\u00edcias","og_description":"Posto foi o ponto de embarque para a corrida de aplicativo em que o sargento Elizeu foi baleado por Mayc, nas proximidades do bairro da Paz, na madrugada de segunda-feira (4). V\u00edtima morreu nesta ter\u00e7a (5). Um v\u00eddeo de c\u00e2meras de seguran\u00e7a mostra Mayc Parede e o policial militar Elizeu da Paz caminhando juntos por [&hellip;]","og_url":"https:\/\/portalararasdenoticias.com.br\/?p=6025","og_site_name":"Portal Araras de Not\u00edcias","article_published_time":"2024-11-06T00:30:21+00:00","article_modified_time":"2024-11-06T00:30:35+00:00","og_image":[{"width":696,"height":435,"url":"https:\/\/portalararasdenoticias.com.br\/wp-content\/uploads\/2024\/11\/WhatsApp-Image-2024-11-05-at-10.12.41-696x435-1.jpeg","type":"image\/jpeg"}],"author":"Portal Araras de Noticias","twitter_card":"summary_large_image","twitter_misc":{"Escrito por":"Portal Araras de Noticias","Est. tempo de leitura":"2 minutos"},"schema":{"@context":"https:\/\/schema.org","@graph":[{"@type":"Article","@id":"https:\/\/portalararasdenoticias.com.br\/?p=6025#article","isPartOf":{"@id":"https:\/\/portalararasdenoticias.com.br\/?p=6025"},"author":{"name":"Portal Araras de Noticias","@id":"https:\/\/portalararasdenoticias.com.br\/#\/schema\/person\/a6190507efe29dea1049d60d05ed5c0a"},"headline":"V\u00eddeo mostra PM morto e suspeito juntos em posto de combust\u00edveis de Manaus antes do crime","datePublished":"2024-11-06T00:30:21+00:00","dateModified":"2024-11-06T00:30:35+00:00","mainEntityOfPage":{"@id":"https:\/\/portalararasdenoticias.com.br\/?p=6025"},"wordCount":397,"commentCount":0,"image":{"@id":"https:\/\/portalararasdenoticias.com.br\/?p=6025#primaryimage"},"thumbnailUrl":"https:\/\/portalararasdenoticias.com.br\/wp-content\/uploads\/2024\/11\/WhatsApp-Image-2024-11-05-at-10.12.41-696x435-1.jpeg","articleSection":["jornalismo"],"inLanguage":"pt-BR","potentialAction":[{"@type":"CommentAction","name":"Comment","target":["https:\/\/portalararasdenoticias.com.br\/?p=6025#respond"]}]},{"@type":"WebPage","@id":"https:\/\/portalararasdenoticias.com.br\/?p=6025","url":"https:\/\/portalararasdenoticias.com.br\/?p=6025","name":"V\u00eddeo mostra PM morto e suspeito juntos em posto de combust\u00edveis de Manaus antes do crime - Portal Araras de Not\u00edcias","isPartOf":{"@id":"https:\/\/portalararasdenoticias.com.br\/#website"},"primaryImageOfPage":{"@id":"https:\/\/portalararasdenoticias.com.br\/?p=6025#primaryimage"},"image":{"@id":"https:\/\/portalararasdenoticias.com.br\/?p=6025#primaryimage"},"thumbnailUrl":"https:\/\/portalararasdenoticias.com.br\/wp-content\/uploads\/2024\/11\/WhatsApp-Image-2024-11-05-at-10.12.41-696x435-1.jpeg","datePublished":"2024-11-06T00:30:21+00:00","dateModified":"2024-11-06T00:30:35+00:00","author":{"@id":"https:\/\/portalararasdenoticias.com.br\/#\/schema\/person\/a6190507efe29dea1049d60d05ed5c0a"},"breadcrumb":{"@id":"https:\/\/portalararasdenoticias.com.br\/?p=6025#breadcrumb"},"inLanguage":"pt-BR","potentialAction":[{"@type":"ReadAction","target":["https:\/\/portalararasdenoticias.com.br\/?p=6025"]}]},{"@type":"ImageObject","inLanguage":"pt-BR","@id":"https:\/\/portalararasdenoticias.com.br\/?p=6025#primaryimage","url":"https:\/\/portalararasdenoticias.com.br\/wp-content\/uploads\/2024\/11\/WhatsApp-Image-2024-11-05-at-10.12.41-696x435-1.jpeg","contentUrl":"https:\/\/portalararasdenoticias.com.br\/wp-content\/uploads\/2024\/11\/WhatsApp-Image-2024-11-05-at-10.12.41-696x435-1.jpeg","width":696,"height":435},{"@type":"BreadcrumbList","@id":"https:\/\/portalararasdenoticias.com.br\/?p=6025#breadcrumb","itemListElement":[{"@type":"ListItem","position":1,"name":"In\u00edcio","item":"https:\/\/portalararasdenoticias.com.br\/"},{"@type":"ListItem","position":2,"name":"V\u00eddeo mostra PM morto e suspeito juntos em posto de combust\u00edveis de Manaus antes do crime"}]},{"@type":"WebSite","@id":"https:\/\/portalararasdenoticias.com.br\/#website","url":"https:\/\/portalararasdenoticias.com.br\/","name":"Portal Araras de Not\u00edcias","description":"O Seu Portal de Not\u00edcias","potentialAction":[{"@type":"SearchAction","target":{"@type":"EntryPoint","urlTemplate":"https:\/\/portalararasdenoticias.com.br\/?s={search_term_string}"},"query-input":{"@type":"PropertyValueSpecification","valueRequired":true,"valueName":"search_term_string"}}],"inLanguage":"pt-BR"},{"@type":"Person","@id":"https:\/\/portalararasdenoticias.com.br\/#\/schema\/person\/a6190507efe29dea1049d60d05ed5c0a","name":"Portal Araras de Noticias","image":{"@type":"ImageObject","inLanguage":"pt-BR","@id":"https:\/\/portalararasdenoticias.com.br\/#\/schema\/person\/image\/","url":"https:\/\/secure.gravatar.com\/avatar\/4df7c42bc08e78bc9b6e13086fafc161bdf01220657cd93de3d828ab6c60d469?s=96&d=mm&r=g","contentUrl":"https:\/\/secure.gravatar.com\/avatar\/4df7c42bc08e78bc9b6e13086fafc161bdf01220657cd93de3d828ab6c60d469?s=96&d=mm&r=g","caption":"Portal Araras de Noticias"},"sameAs":["https:\/\/portalararasdenoticias.com.br\/"],"url":"https:\/\/portalararasdenoticias.com.br\/?author=5"}]}},"_links":{"self":[{"href":"https:\/\/portalararasdenoticias.com.br\/index.php?rest_route=\/wp\/v2\/posts\/6025","targetHints":{"allow":["GET"]}}],"collection":[{"href":"https:\/\/portalararasdenoticias.com.br\/index.php?rest_route=\/wp\/v2\/posts"}],"about":[{"href":"https:\/\/portalararasdenoticias.com.br\/index.php?rest_route=\/wp\/v2\/types\/post"}],"author":[{"embeddable":true,"href":"https:\/\/portalararasdenoticias.com.br\/index.php?rest_route=\/wp\/v2\/users\/5"}],"replies":[{"embeddable":true,"href":"https:\/\/portalararasdenoticias.com.br\/index.php?rest_route=%2Fwp%2Fv2%2Fcomments&post=6025"}],"version-history":[{"count":1,"href":"https:\/\/portalararasdenoticias.com.br\/index.php?rest_route=\/wp\/v2\/posts\/6025\/revisions"}],"predecessor-version":[{"id":6032,"href":"https:\/\/portalararasdenoticias.com.br\/index.php?rest_route=\/wp\/v2\/posts\/6025\/revisions\/6032"}],"wp:featuredmedia":[{"embeddable":true,"href":"https:\/\/portalararasdenoticias.com.br\/index.php?rest_route=\/wp\/v2\/media\/6026"}],"wp:attachment":[{"href":"https:\/\/portalararasdenoticias.com.br\/index.php?rest_route=%2Fwp%2Fv2%2Fmedia&parent=6025"}],"wp:term":[{"taxonomy":"category","embeddable":true,"href":"https:\/\/portalararasdenoticias.com.br\/index.php?rest_route=%2Fwp%2Fv2%2Fcategories&post=6025"},{"taxonomy":"post_tag","embeddable":true,"href":"https:\/\/portalararasdenoticias.com.br\/index.php?rest_route=%2Fwp%2Fv2%2Ftags&post=6025"}],"curies":[{"name":"wp","href":"https:\/\/api.w.org\/{rel}","templated":true}]}}