{"id":6128,"date":"2024-12-03T20:06:32","date_gmt":"2024-12-03T23:06:32","guid":{"rendered":"https:\/\/portalararasdenoticias.com.br\/?p=6128"},"modified":"2025-03-24T09:30:24","modified_gmt":"2025-03-24T12:30:24","slug":"caso-julieta-hernandez-segunda-audiencia-ouve-cinco-testemunhas-e-nova-sessao-sera-marcada","status":"publish","type":"post","link":"https:\/\/portalararasdenoticias.com.br\/?p=6128","title":{"rendered":"Caso Julieta Hern\u00e1ndez: segunda audi\u00eancia ouve cinco testemunhas e nova sess\u00e3o ser\u00e1 marcada."},"content":{"rendered":"\n<p><\/p>\n\n\n\n<p>Sess\u00e3o vai ser realizada no munic\u00edpio de Presidente Figueiredo, onde o crime aconteceu. Fam\u00edlia pede que caso seja julgado como feminic\u00eddio.<br>A segunda audi\u00eancia de instru\u00e7\u00e3o do caso Julieta Hern\u00e1ndez, artista venezuelana que foi morta durante passagem pelo interior do estado, no fim do ano passado, foi conclu\u00edda no in\u00edcio da tarde desta ter\u00e7a-feira (3). Na ocasi\u00e3o, cinco testemunhas foram ouvidas presencialmente e uma nova sess\u00e3o deve ser marcada para a continuidade dos trabalhos.<br>Julieta desapareceu no dia 23 de dezembro no interior do estado, e o corpo dela, juntamente com partes da bicicleta que usava, foi encontrado no in\u00edcio de janeiro deste ano nas proximidades de um ref\u00fagio onde ela estava hospedada. Ela morava no Brasil h\u00e1 8 anos e fazia parte do grupo &#8220;P\u00e9 Verm\u00eai&#8221;, composto por artistas e cicloviajantes que percorrem o pa\u00eds.<br>A audi\u00eancia desta ter\u00e7a-feira ocorreu \u00e0 portas fechadas no F\u00f3rum de Justi\u00e7a Desembargadora Nayde Vasconcelos, no munic\u00edpio de Presidente Figueiredo, onde o crime ocorreu. Durante a sess\u00e3o, a defesa de Julieta insistiu em tentar reclassificar o crime como feminic\u00eddio. As cinco testemunhas ouvidas apresentaram novos ind\u00edcios que corroboram esta tese.<br>Uma sexta testemunha era esperada na sess\u00e3o, mas n\u00e3o compareceu. Por este motivo, o juiz respons\u00e1vel pelo caso decidiu por marcar uma nova sess\u00e3o, em data a ser definida, e manter a classifica\u00e7\u00e3o do crime como latroc\u00ednio<\/p>\n\n\n\n<figure class=\"wp-block-gallery has-nested-images columns-default is-cropped wp-block-gallery-1 is-layout-flex wp-block-gallery-is-layout-flex\">\n<figure class=\"wp-block-image size-large\"><img loading=\"lazy\" decoding=\"async\" width=\"599\" height=\"333\" data-id=\"6132\" src=\"https:\/\/portalararasdenoticias.com.br\/wp-content\/uploads\/2024\/12\/468713785_1122079576589005_2051910532065726325_n-1.jpg\" alt=\"\" class=\"wp-image-6132\" srcset=\"https:\/\/portalararasdenoticias.com.br\/wp-content\/uploads\/2024\/12\/468713785_1122079576589005_2051910532065726325_n-1.jpg 599w, https:\/\/portalararasdenoticias.com.br\/wp-content\/uploads\/2024\/12\/468713785_1122079576589005_2051910532065726325_n-1-300x167.jpg 300w\" sizes=\"auto, (max-width: 599px) 100vw, 599px\" \/><\/figure>\n\n\n\n<figure class=\"wp-block-image size-large\"><img loading=\"lazy\" decoding=\"async\" width=\"984\" height=\"923\" data-id=\"6133\" src=\"https:\/\/portalararasdenoticias.com.br\/wp-content\/uploads\/2024\/12\/468959410_1122079879922308_1209070108443490104_n-1.jpg\" alt=\"\" class=\"wp-image-6133\" srcset=\"https:\/\/portalararasdenoticias.com.br\/wp-content\/uploads\/2024\/12\/468959410_1122079879922308_1209070108443490104_n-1.jpg 984w, https:\/\/portalararasdenoticias.com.br\/wp-content\/uploads\/2024\/12\/468959410_1122079879922308_1209070108443490104_n-1-300x281.jpg 300w, https:\/\/portalararasdenoticias.com.br\/wp-content\/uploads\/2024\/12\/468959410_1122079879922308_1209070108443490104_n-1-768x720.jpg 768w\" sizes=\"auto, (max-width: 984px) 100vw, 984px\" \/><\/figure>\n<\/figure>\n","protected":false},"excerpt":{"rendered":"<p>Sess\u00e3o vai ser realizada no munic\u00edpio de Presidente Figueiredo, onde o crime aconteceu. Fam\u00edlia pede que caso seja julgado como feminic\u00eddio.A segunda audi\u00eancia de instru\u00e7\u00e3o do caso Julieta Hern\u00e1ndez, artista venezuelana que foi morta durante passagem pelo interior do estado, no fim do ano passado, foi conclu\u00edda no in\u00edcio da tarde desta ter\u00e7a-feira (3). Na [&hellip;]<\/p>\n","protected":false},"author":5,"featured_media":6129,"comment_status":"open","ping_status":"open","sticky":true,"template":"","format":"standard","meta":{"footnotes":""},"categories":[],"tags":[],"class_list":["post-6128","post","type-post","status-publish","format-standard","has-post-thumbnail","hentry"],"yoast_head":"<!-- This site is optimized with the Yoast SEO plugin v27.0 - https:\/\/yoast.com\/product\/yoast-seo-wordpress\/ -->\n<title>Caso Julieta Hern\u00e1ndez: segunda audi\u00eancia ouve cinco testemunhas e nova sess\u00e3o ser\u00e1 marcada. - Portal Araras de Not\u00edcias<\/title>\n<meta name=\"robots\" content=\"index, follow, max-snippet:-1, max-image-preview:large, max-video-preview:-1\" \/>\n<link rel=\"canonical\" href=\"https:\/\/portalararasdenoticias.com.br\/?p=6128\" \/>\n<meta property=\"og:locale\" content=\"pt_BR\" \/>\n<meta property=\"og:type\" content=\"article\" \/>\n<meta property=\"og:title\" content=\"Caso Julieta Hern\u00e1ndez: segunda audi\u00eancia ouve cinco testemunhas e nova sess\u00e3o ser\u00e1 marcada. - Portal Araras de Not\u00edcias\" \/>\n<meta property=\"og:description\" content=\"Sess\u00e3o vai ser realizada no munic\u00edpio de Presidente Figueiredo, onde o crime aconteceu. Fam\u00edlia pede que caso seja julgado como feminic\u00eddio.A segunda audi\u00eancia de instru\u00e7\u00e3o do caso Julieta Hern\u00e1ndez, artista venezuelana que foi morta durante passagem pelo interior do estado, no fim do ano passado, foi conclu\u00edda no in\u00edcio da tarde desta ter\u00e7a-feira (3). Na [&hellip;]\" \/>\n<meta property=\"og:url\" content=\"https:\/\/portalararasdenoticias.com.br\/?p=6128\" \/>\n<meta property=\"og:site_name\" content=\"Portal Araras de Not\u00edcias\" \/>\n<meta property=\"article:published_time\" content=\"2024-12-03T23:06:32+00:00\" \/>\n<meta property=\"article:modified_time\" content=\"2025-03-24T12:30:24+00:00\" \/>\n<meta property=\"og:image\" content=\"https:\/\/portalararasdenoticias.com.br\/wp-content\/uploads\/2024\/12\/468713785_1122079576589005_2051910532065726325_n.jpg\" \/>\n\t<meta property=\"og:image:width\" content=\"599\" \/>\n\t<meta property=\"og:image:height\" content=\"333\" \/>\n\t<meta property=\"og:image:type\" content=\"image\/jpeg\" \/>\n<meta name=\"author\" content=\"Portal Araras de Noticias\" \/>\n<meta name=\"twitter:card\" content=\"summary_large_image\" \/>\n<meta name=\"twitter:label1\" content=\"Escrito por\" \/>\n\t<meta name=\"twitter:data1\" content=\"Portal Araras de Noticias\" \/>\n\t<meta name=\"twitter:label2\" content=\"Est. tempo de leitura\" \/>\n\t<meta name=\"twitter:data2\" content=\"1 minuto\" \/>\n<script type=\"application\/ld+json\" class=\"yoast-schema-graph\">{\"@context\":\"https:\/\/schema.org\",\"@graph\":[{\"@type\":\"Article\",\"@id\":\"https:\/\/portalararasdenoticias.com.br\/?p=6128#article\",\"isPartOf\":{\"@id\":\"https:\/\/portalararasdenoticias.com.br\/?p=6128\"},\"author\":{\"name\":\"Portal Araras de Noticias\",\"@id\":\"https:\/\/portalararasdenoticias.com.br\/#\/schema\/person\/a6190507efe29dea1049d60d05ed5c0a\"},\"headline\":\"Caso Julieta Hern\u00e1ndez: segunda audi\u00eancia ouve cinco testemunhas e nova sess\u00e3o ser\u00e1 marcada.\",\"datePublished\":\"2024-12-03T23:06:32+00:00\",\"dateModified\":\"2025-03-24T12:30:24+00:00\",\"mainEntityOfPage\":{\"@id\":\"https:\/\/portalararasdenoticias.com.br\/?p=6128\"},\"wordCount\":265,\"commentCount\":0,\"image\":{\"@id\":\"https:\/\/portalararasdenoticias.com.br\/?p=6128#primaryimage\"},\"thumbnailUrl\":\"https:\/\/portalararasdenoticias.com.br\/wp-content\/uploads\/2024\/12\/468713785_1122079576589005_2051910532065726325_n.jpg\",\"inLanguage\":\"pt-BR\",\"potentialAction\":[{\"@type\":\"CommentAction\",\"name\":\"Comment\",\"target\":[\"https:\/\/portalararasdenoticias.com.br\/?p=6128#respond\"]}]},{\"@type\":\"WebPage\",\"@id\":\"https:\/\/portalararasdenoticias.com.br\/?p=6128\",\"url\":\"https:\/\/portalararasdenoticias.com.br\/?p=6128\",\"name\":\"Caso Julieta Hern\u00e1ndez: segunda audi\u00eancia ouve cinco testemunhas e nova sess\u00e3o ser\u00e1 marcada. - Portal Araras de Not\u00edcias\",\"isPartOf\":{\"@id\":\"https:\/\/portalararasdenoticias.com.br\/#website\"},\"primaryImageOfPage\":{\"@id\":\"https:\/\/portalararasdenoticias.com.br\/?p=6128#primaryimage\"},\"image\":{\"@id\":\"https:\/\/portalararasdenoticias.com.br\/?p=6128#primaryimage\"},\"thumbnailUrl\":\"https:\/\/portalararasdenoticias.com.br\/wp-content\/uploads\/2024\/12\/468713785_1122079576589005_2051910532065726325_n.jpg\",\"datePublished\":\"2024-12-03T23:06:32+00:00\",\"dateModified\":\"2025-03-24T12:30:24+00:00\",\"author\":{\"@id\":\"https:\/\/portalararasdenoticias.com.br\/#\/schema\/person\/a6190507efe29dea1049d60d05ed5c0a\"},\"breadcrumb\":{\"@id\":\"https:\/\/portalararasdenoticias.com.br\/?p=6128#breadcrumb\"},\"inLanguage\":\"pt-BR\",\"potentialAction\":[{\"@type\":\"ReadAction\",\"target\":[\"https:\/\/portalararasdenoticias.com.br\/?p=6128\"]}]},{\"@type\":\"ImageObject\",\"inLanguage\":\"pt-BR\",\"@id\":\"https:\/\/portalararasdenoticias.com.br\/?p=6128#primaryimage\",\"url\":\"https:\/\/portalararasdenoticias.com.br\/wp-content\/uploads\/2024\/12\/468713785_1122079576589005_2051910532065726325_n.jpg\",\"contentUrl\":\"https:\/\/portalararasdenoticias.com.br\/wp-content\/uploads\/2024\/12\/468713785_1122079576589005_2051910532065726325_n.jpg\",\"width\":599,\"height\":333},{\"@type\":\"BreadcrumbList\",\"@id\":\"https:\/\/portalararasdenoticias.com.br\/?p=6128#breadcrumb\",\"itemListElement\":[{\"@type\":\"ListItem\",\"position\":1,\"name\":\"In\u00edcio\",\"item\":\"https:\/\/portalararasdenoticias.com.br\/\"},{\"@type\":\"ListItem\",\"position\":2,\"name\":\"Caso Julieta Hern\u00e1ndez: segunda audi\u00eancia ouve cinco testemunhas e nova sess\u00e3o ser\u00e1 marcada.\"}]},{\"@type\":\"WebSite\",\"@id\":\"https:\/\/portalararasdenoticias.com.br\/#website\",\"url\":\"https:\/\/portalararasdenoticias.com.br\/\",\"name\":\"Portal Araras de Not\u00edcias\",\"description\":\"O Seu Portal de Not\u00edcias\",\"potentialAction\":[{\"@type\":\"SearchAction\",\"target\":{\"@type\":\"EntryPoint\",\"urlTemplate\":\"https:\/\/portalararasdenoticias.com.br\/?s={search_term_string}\"},\"query-input\":{\"@type\":\"PropertyValueSpecification\",\"valueRequired\":true,\"valueName\":\"search_term_string\"}}],\"inLanguage\":\"pt-BR\"},{\"@type\":\"Person\",\"@id\":\"https:\/\/portalararasdenoticias.com.br\/#\/schema\/person\/a6190507efe29dea1049d60d05ed5c0a\",\"name\":\"Portal Araras de Noticias\",\"image\":{\"@type\":\"ImageObject\",\"inLanguage\":\"pt-BR\",\"@id\":\"https:\/\/portalararasdenoticias.com.br\/#\/schema\/person\/image\/\",\"url\":\"https:\/\/secure.gravatar.com\/avatar\/4df7c42bc08e78bc9b6e13086fafc161bdf01220657cd93de3d828ab6c60d469?s=96&d=mm&r=g\",\"contentUrl\":\"https:\/\/secure.gravatar.com\/avatar\/4df7c42bc08e78bc9b6e13086fafc161bdf01220657cd93de3d828ab6c60d469?s=96&d=mm&r=g\",\"caption\":\"Portal Araras de Noticias\"},\"sameAs\":[\"https:\/\/portalararasdenoticias.com.br\/\"],\"url\":\"https:\/\/portalararasdenoticias.com.br\/?author=5\"}]}<\/script>\n<!-- \/ Yoast SEO plugin. -->","yoast_head_json":{"title":"Caso Julieta Hern\u00e1ndez: segunda audi\u00eancia ouve cinco testemunhas e nova sess\u00e3o ser\u00e1 marcada. - Portal Araras de Not\u00edcias","robots":{"index":"index","follow":"follow","max-snippet":"max-snippet:-1","max-image-preview":"max-image-preview:large","max-video-preview":"max-video-preview:-1"},"canonical":"https:\/\/portalararasdenoticias.com.br\/?p=6128","og_locale":"pt_BR","og_type":"article","og_title":"Caso Julieta Hern\u00e1ndez: segunda audi\u00eancia ouve cinco testemunhas e nova sess\u00e3o ser\u00e1 marcada. - Portal Araras de Not\u00edcias","og_description":"Sess\u00e3o vai ser realizada no munic\u00edpio de Presidente Figueiredo, onde o crime aconteceu. Fam\u00edlia pede que caso seja julgado como feminic\u00eddio.A segunda audi\u00eancia de instru\u00e7\u00e3o do caso Julieta Hern\u00e1ndez, artista venezuelana que foi morta durante passagem pelo interior do estado, no fim do ano passado, foi conclu\u00edda no in\u00edcio da tarde desta ter\u00e7a-feira (3). Na [&hellip;]","og_url":"https:\/\/portalararasdenoticias.com.br\/?p=6128","og_site_name":"Portal Araras de Not\u00edcias","article_published_time":"2024-12-03T23:06:32+00:00","article_modified_time":"2025-03-24T12:30:24+00:00","og_image":[{"width":599,"height":333,"url":"https:\/\/portalararasdenoticias.com.br\/wp-content\/uploads\/2024\/12\/468713785_1122079576589005_2051910532065726325_n.jpg","type":"image\/jpeg"}],"author":"Portal Araras de Noticias","twitter_card":"summary_large_image","twitter_misc":{"Escrito por":"Portal Araras de Noticias","Est. tempo de leitura":"1 minuto"},"schema":{"@context":"https:\/\/schema.org","@graph":[{"@type":"Article","@id":"https:\/\/portalararasdenoticias.com.br\/?p=6128#article","isPartOf":{"@id":"https:\/\/portalararasdenoticias.com.br\/?p=6128"},"author":{"name":"Portal Araras de Noticias","@id":"https:\/\/portalararasdenoticias.com.br\/#\/schema\/person\/a6190507efe29dea1049d60d05ed5c0a"},"headline":"Caso Julieta Hern\u00e1ndez: segunda audi\u00eancia ouve cinco testemunhas e nova sess\u00e3o ser\u00e1 marcada.","datePublished":"2024-12-03T23:06:32+00:00","dateModified":"2025-03-24T12:30:24+00:00","mainEntityOfPage":{"@id":"https:\/\/portalararasdenoticias.com.br\/?p=6128"},"wordCount":265,"commentCount":0,"image":{"@id":"https:\/\/portalararasdenoticias.com.br\/?p=6128#primaryimage"},"thumbnailUrl":"https:\/\/portalararasdenoticias.com.br\/wp-content\/uploads\/2024\/12\/468713785_1122079576589005_2051910532065726325_n.jpg","inLanguage":"pt-BR","potentialAction":[{"@type":"CommentAction","name":"Comment","target":["https:\/\/portalararasdenoticias.com.br\/?p=6128#respond"]}]},{"@type":"WebPage","@id":"https:\/\/portalararasdenoticias.com.br\/?p=6128","url":"https:\/\/portalararasdenoticias.com.br\/?p=6128","name":"Caso Julieta Hern\u00e1ndez: segunda audi\u00eancia ouve cinco testemunhas e nova sess\u00e3o ser\u00e1 marcada. - Portal Araras de Not\u00edcias","isPartOf":{"@id":"https:\/\/portalararasdenoticias.com.br\/#website"},"primaryImageOfPage":{"@id":"https:\/\/portalararasdenoticias.com.br\/?p=6128#primaryimage"},"image":{"@id":"https:\/\/portalararasdenoticias.com.br\/?p=6128#primaryimage"},"thumbnailUrl":"https:\/\/portalararasdenoticias.com.br\/wp-content\/uploads\/2024\/12\/468713785_1122079576589005_2051910532065726325_n.jpg","datePublished":"2024-12-03T23:06:32+00:00","dateModified":"2025-03-24T12:30:24+00:00","author":{"@id":"https:\/\/portalararasdenoticias.com.br\/#\/schema\/person\/a6190507efe29dea1049d60d05ed5c0a"},"breadcrumb":{"@id":"https:\/\/portalararasdenoticias.com.br\/?p=6128#breadcrumb"},"inLanguage":"pt-BR","potentialAction":[{"@type":"ReadAction","target":["https:\/\/portalararasdenoticias.com.br\/?p=6128"]}]},{"@type":"ImageObject","inLanguage":"pt-BR","@id":"https:\/\/portalararasdenoticias.com.br\/?p=6128#primaryimage","url":"https:\/\/portalararasdenoticias.com.br\/wp-content\/uploads\/2024\/12\/468713785_1122079576589005_2051910532065726325_n.jpg","contentUrl":"https:\/\/portalararasdenoticias.com.br\/wp-content\/uploads\/2024\/12\/468713785_1122079576589005_2051910532065726325_n.jpg","width":599,"height":333},{"@type":"BreadcrumbList","@id":"https:\/\/portalararasdenoticias.com.br\/?p=6128#breadcrumb","itemListElement":[{"@type":"ListItem","position":1,"name":"In\u00edcio","item":"https:\/\/portalararasdenoticias.com.br\/"},{"@type":"ListItem","position":2,"name":"Caso Julieta Hern\u00e1ndez: segunda audi\u00eancia ouve cinco testemunhas e nova sess\u00e3o ser\u00e1 marcada."}]},{"@type":"WebSite","@id":"https:\/\/portalararasdenoticias.com.br\/#website","url":"https:\/\/portalararasdenoticias.com.br\/","name":"Portal Araras de Not\u00edcias","description":"O Seu Portal de Not\u00edcias","potentialAction":[{"@type":"SearchAction","target":{"@type":"EntryPoint","urlTemplate":"https:\/\/portalararasdenoticias.com.br\/?s={search_term_string}"},"query-input":{"@type":"PropertyValueSpecification","valueRequired":true,"valueName":"search_term_string"}}],"inLanguage":"pt-BR"},{"@type":"Person","@id":"https:\/\/portalararasdenoticias.com.br\/#\/schema\/person\/a6190507efe29dea1049d60d05ed5c0a","name":"Portal Araras de Noticias","image":{"@type":"ImageObject","inLanguage":"pt-BR","@id":"https:\/\/portalararasdenoticias.com.br\/#\/schema\/person\/image\/","url":"https:\/\/secure.gravatar.com\/avatar\/4df7c42bc08e78bc9b6e13086fafc161bdf01220657cd93de3d828ab6c60d469?s=96&d=mm&r=g","contentUrl":"https:\/\/secure.gravatar.com\/avatar\/4df7c42bc08e78bc9b6e13086fafc161bdf01220657cd93de3d828ab6c60d469?s=96&d=mm&r=g","caption":"Portal Araras de Noticias"},"sameAs":["https:\/\/portalararasdenoticias.com.br\/"],"url":"https:\/\/portalararasdenoticias.com.br\/?author=5"}]}},"_links":{"self":[{"href":"https:\/\/portalararasdenoticias.com.br\/index.php?rest_route=\/wp\/v2\/posts\/6128","targetHints":{"allow":["GET"]}}],"collection":[{"href":"https:\/\/portalararasdenoticias.com.br\/index.php?rest_route=\/wp\/v2\/posts"}],"about":[{"href":"https:\/\/portalararasdenoticias.com.br\/index.php?rest_route=\/wp\/v2\/types\/post"}],"author":[{"embeddable":true,"href":"https:\/\/portalararasdenoticias.com.br\/index.php?rest_route=\/wp\/v2\/users\/5"}],"replies":[{"embeddable":true,"href":"https:\/\/portalararasdenoticias.com.br\/index.php?rest_route=%2Fwp%2Fv2%2Fcomments&post=6128"}],"version-history":[{"count":1,"href":"https:\/\/portalararasdenoticias.com.br\/index.php?rest_route=\/wp\/v2\/posts\/6128\/revisions"}],"predecessor-version":[{"id":6134,"href":"https:\/\/portalararasdenoticias.com.br\/index.php?rest_route=\/wp\/v2\/posts\/6128\/revisions\/6134"}],"wp:featuredmedia":[{"embeddable":true,"href":"https:\/\/portalararasdenoticias.com.br\/index.php?rest_route=\/wp\/v2\/media\/6129"}],"wp:attachment":[{"href":"https:\/\/portalararasdenoticias.com.br\/index.php?rest_route=%2Fwp%2Fv2%2Fmedia&parent=6128"}],"wp:term":[{"taxonomy":"category","embeddable":true,"href":"https:\/\/portalararasdenoticias.com.br\/index.php?rest_route=%2Fwp%2Fv2%2Fcategories&post=6128"},{"taxonomy":"post_tag","embeddable":true,"href":"https:\/\/portalararasdenoticias.com.br\/index.php?rest_route=%2Fwp%2Fv2%2Ftags&post=6128"}],"curies":[{"name":"wp","href":"https:\/\/api.w.org\/{rel}","templated":true}]}}