{"id":6147,"date":"2024-12-03T20:21:13","date_gmt":"2024-12-03T23:21:13","guid":{"rendered":"https:\/\/portalararasdenoticias.com.br\/?p=6147"},"modified":"2025-03-24T09:29:08","modified_gmt":"2025-03-24T12:29:08","slug":"detento-quebra-a-perna-ao-tentar-fugir-de-audiencia-em-manaus","status":"publish","type":"post","link":"https:\/\/portalararasdenoticias.com.br\/?p=6147","title":{"rendered":"Detento quebra a perna ao tentar fugir de audi\u00eancia em Manaus."},"content":{"rendered":"\n<p>Um detento venezuelano, identificado como Jos\u00e9 Greg\u00f3rio Granadillo Afonso, quebrou a perna na tentativa de fugir do F\u00f3rum de Justi\u00e7a Ministro Henoch Reis, onde participaria de uma audi\u00eancia em Manaus.<br>Durante o incidente, ele tentou fugir do pr\u00e9dio e ao pular do segundo andar, caiu e sofreu uma fratura exposta em uma das pernas.<br>Imagens gravadas por testemunhas mostram o homem ca\u00eddo em uma \u00e1rea que parece ser a parte dos fundos do F\u00f3rum, gritando de dor.<br>Detento tenta fugir em Manaus<br>Em nota, o Tribunal de Justi\u00e7a do Amazonas informou que o detento estava sob cust\u00f3dia e aguardava uma audi\u00eancia, em Manaus.<br>\u201cPor volta das 12h30, registrou-se uma tentativa de fuga de um apenado que estava sob cust\u00f3dia e compareceu ao F\u00f3rum de Justi\u00e7a Ministro Henoch Reis para audi\u00eancia na 2.\u00aa Vara Criminal\u201d, diz a nota.<br>O homem se feriu na tentativa de escapar, sendo imediatamente contido por policiais.<br>Em seguida, ele foi socorrido por uma ambul\u00e2ncia do Servi\u00e7o de Atendimento M\u00f3vel de Urg\u00eancia (SAMU), acionada pelo Coordenador de Seguran\u00e7a Institucional do F\u00f3rum.<\/p>\n\n\n\n<figure class=\"wp-block-gallery has-nested-images columns-default is-cropped wp-block-gallery-1 is-layout-flex wp-block-gallery-is-layout-flex\">\n<figure class=\"wp-block-image size-large\"><img loading=\"lazy\" decoding=\"async\" width=\"675\" height=\"675\" data-id=\"6150\" src=\"https:\/\/portalararasdenoticias.com.br\/wp-content\/uploads\/2024\/12\/468530037_1122065473257082_4529409583656516570_n-1.jpg\" alt=\"\" class=\"wp-image-6150\" srcset=\"https:\/\/portalararasdenoticias.com.br\/wp-content\/uploads\/2024\/12\/468530037_1122065473257082_4529409583656516570_n-1.jpg 675w, https:\/\/portalararasdenoticias.com.br\/wp-content\/uploads\/2024\/12\/468530037_1122065473257082_4529409583656516570_n-1-300x300.jpg 300w, https:\/\/portalararasdenoticias.com.br\/wp-content\/uploads\/2024\/12\/468530037_1122065473257082_4529409583656516570_n-1-150x150.jpg 150w\" sizes=\"auto, (max-width: 675px) 100vw, 675px\" \/><\/figure>\n\n\n\n<figure class=\"wp-block-image size-large\"><img loading=\"lazy\" decoding=\"async\" width=\"800\" height=\"500\" data-id=\"6149\" src=\"https:\/\/portalararasdenoticias.com.br\/wp-content\/uploads\/2024\/12\/468715353_1122065533257076_3392086517227963139_n.jpg\" alt=\"\" class=\"wp-image-6149\" srcset=\"https:\/\/portalararasdenoticias.com.br\/wp-content\/uploads\/2024\/12\/468715353_1122065533257076_3392086517227963139_n.jpg 800w, https:\/\/portalararasdenoticias.com.br\/wp-content\/uploads\/2024\/12\/468715353_1122065533257076_3392086517227963139_n-300x188.jpg 300w, https:\/\/portalararasdenoticias.com.br\/wp-content\/uploads\/2024\/12\/468715353_1122065533257076_3392086517227963139_n-768x480.jpg 768w, https:\/\/portalararasdenoticias.com.br\/wp-content\/uploads\/2024\/12\/468715353_1122065533257076_3392086517227963139_n-464x290.jpg 464w\" sizes=\"auto, (max-width: 800px) 100vw, 800px\" \/><\/figure>\n<\/figure>\n","protected":false},"excerpt":{"rendered":"<p>Um detento venezuelano, identificado como Jos\u00e9 Greg\u00f3rio Granadillo Afonso, quebrou a perna na tentativa de fugir do F\u00f3rum de Justi\u00e7a Ministro Henoch Reis, onde participaria de uma audi\u00eancia em Manaus.Durante o incidente, ele tentou fugir do pr\u00e9dio e ao pular do segundo andar, caiu e sofreu uma fratura exposta em uma das pernas.Imagens gravadas por [&hellip;]<\/p>\n","protected":false},"author":5,"featured_media":6148,"comment_status":"open","ping_status":"open","sticky":true,"template":"","format":"standard","meta":{"footnotes":""},"categories":[],"tags":[],"class_list":["post-6147","post","type-post","status-publish","format-standard","has-post-thumbnail","hentry"],"yoast_head":"<!-- This site is optimized with the Yoast SEO plugin v27.0 - https:\/\/yoast.com\/product\/yoast-seo-wordpress\/ -->\n<title>Detento quebra a perna ao tentar fugir de audi\u00eancia em Manaus. - Portal Araras de Not\u00edcias<\/title>\n<meta name=\"robots\" content=\"index, follow, max-snippet:-1, max-image-preview:large, max-video-preview:-1\" \/>\n<link rel=\"canonical\" href=\"https:\/\/portalararasdenoticias.com.br\/?p=6147\" \/>\n<meta property=\"og:locale\" content=\"pt_BR\" \/>\n<meta property=\"og:type\" content=\"article\" \/>\n<meta property=\"og:title\" content=\"Detento quebra a perna ao tentar fugir de audi\u00eancia em Manaus. - Portal Araras de Not\u00edcias\" \/>\n<meta property=\"og:description\" content=\"Um detento venezuelano, identificado como Jos\u00e9 Greg\u00f3rio Granadillo Afonso, quebrou a perna na tentativa de fugir do F\u00f3rum de Justi\u00e7a Ministro Henoch Reis, onde participaria de uma audi\u00eancia em Manaus.Durante o incidente, ele tentou fugir do pr\u00e9dio e ao pular do segundo andar, caiu e sofreu uma fratura exposta em uma das pernas.Imagens gravadas por [&hellip;]\" \/>\n<meta property=\"og:url\" content=\"https:\/\/portalararasdenoticias.com.br\/?p=6147\" \/>\n<meta property=\"og:site_name\" content=\"Portal Araras de Not\u00edcias\" \/>\n<meta property=\"article:published_time\" content=\"2024-12-03T23:21:13+00:00\" \/>\n<meta property=\"article:modified_time\" content=\"2025-03-24T12:29:08+00:00\" \/>\n<meta property=\"og:image\" content=\"https:\/\/portalararasdenoticias.com.br\/wp-content\/uploads\/2024\/12\/468530037_1122065473257082_4529409583656516570_n.jpg\" \/>\n\t<meta property=\"og:image:width\" content=\"675\" \/>\n\t<meta property=\"og:image:height\" content=\"675\" \/>\n\t<meta property=\"og:image:type\" content=\"image\/jpeg\" \/>\n<meta name=\"author\" content=\"Portal Araras de Noticias\" \/>\n<meta name=\"twitter:card\" content=\"summary_large_image\" \/>\n<meta name=\"twitter:label1\" content=\"Escrito por\" \/>\n\t<meta name=\"twitter:data1\" content=\"Portal Araras de Noticias\" \/>\n\t<meta name=\"twitter:label2\" content=\"Est. tempo de leitura\" \/>\n\t<meta name=\"twitter:data2\" content=\"1 minuto\" \/>\n<script type=\"application\/ld+json\" class=\"yoast-schema-graph\">{\"@context\":\"https:\/\/schema.org\",\"@graph\":[{\"@type\":\"Article\",\"@id\":\"https:\/\/portalararasdenoticias.com.br\/?p=6147#article\",\"isPartOf\":{\"@id\":\"https:\/\/portalararasdenoticias.com.br\/?p=6147\"},\"author\":{\"name\":\"Portal Araras de Noticias\",\"@id\":\"https:\/\/portalararasdenoticias.com.br\/#\/schema\/person\/a6190507efe29dea1049d60d05ed5c0a\"},\"headline\":\"Detento quebra a perna ao tentar fugir de audi\u00eancia em Manaus.\",\"datePublished\":\"2024-12-03T23:21:13+00:00\",\"dateModified\":\"2025-03-24T12:29:08+00:00\",\"mainEntityOfPage\":{\"@id\":\"https:\/\/portalararasdenoticias.com.br\/?p=6147\"},\"wordCount\":204,\"commentCount\":0,\"image\":{\"@id\":\"https:\/\/portalararasdenoticias.com.br\/?p=6147#primaryimage\"},\"thumbnailUrl\":\"https:\/\/portalararasdenoticias.com.br\/wp-content\/uploads\/2024\/12\/468530037_1122065473257082_4529409583656516570_n.jpg\",\"inLanguage\":\"pt-BR\",\"potentialAction\":[{\"@type\":\"CommentAction\",\"name\":\"Comment\",\"target\":[\"https:\/\/portalararasdenoticias.com.br\/?p=6147#respond\"]}]},{\"@type\":\"WebPage\",\"@id\":\"https:\/\/portalararasdenoticias.com.br\/?p=6147\",\"url\":\"https:\/\/portalararasdenoticias.com.br\/?p=6147\",\"name\":\"Detento quebra a perna ao tentar fugir de audi\u00eancia em Manaus. - Portal Araras de Not\u00edcias\",\"isPartOf\":{\"@id\":\"https:\/\/portalararasdenoticias.com.br\/#website\"},\"primaryImageOfPage\":{\"@id\":\"https:\/\/portalararasdenoticias.com.br\/?p=6147#primaryimage\"},\"image\":{\"@id\":\"https:\/\/portalararasdenoticias.com.br\/?p=6147#primaryimage\"},\"thumbnailUrl\":\"https:\/\/portalararasdenoticias.com.br\/wp-content\/uploads\/2024\/12\/468530037_1122065473257082_4529409583656516570_n.jpg\",\"datePublished\":\"2024-12-03T23:21:13+00:00\",\"dateModified\":\"2025-03-24T12:29:08+00:00\",\"author\":{\"@id\":\"https:\/\/portalararasdenoticias.com.br\/#\/schema\/person\/a6190507efe29dea1049d60d05ed5c0a\"},\"breadcrumb\":{\"@id\":\"https:\/\/portalararasdenoticias.com.br\/?p=6147#breadcrumb\"},\"inLanguage\":\"pt-BR\",\"potentialAction\":[{\"@type\":\"ReadAction\",\"target\":[\"https:\/\/portalararasdenoticias.com.br\/?p=6147\"]}]},{\"@type\":\"ImageObject\",\"inLanguage\":\"pt-BR\",\"@id\":\"https:\/\/portalararasdenoticias.com.br\/?p=6147#primaryimage\",\"url\":\"https:\/\/portalararasdenoticias.com.br\/wp-content\/uploads\/2024\/12\/468530037_1122065473257082_4529409583656516570_n.jpg\",\"contentUrl\":\"https:\/\/portalararasdenoticias.com.br\/wp-content\/uploads\/2024\/12\/468530037_1122065473257082_4529409583656516570_n.jpg\",\"width\":675,\"height\":675},{\"@type\":\"BreadcrumbList\",\"@id\":\"https:\/\/portalararasdenoticias.com.br\/?p=6147#breadcrumb\",\"itemListElement\":[{\"@type\":\"ListItem\",\"position\":1,\"name\":\"In\u00edcio\",\"item\":\"https:\/\/portalararasdenoticias.com.br\/\"},{\"@type\":\"ListItem\",\"position\":2,\"name\":\"Detento quebra a perna ao tentar fugir de audi\u00eancia em Manaus.\"}]},{\"@type\":\"WebSite\",\"@id\":\"https:\/\/portalararasdenoticias.com.br\/#website\",\"url\":\"https:\/\/portalararasdenoticias.com.br\/\",\"name\":\"Portal Araras de Not\u00edcias\",\"description\":\"O Seu Portal de Not\u00edcias\",\"potentialAction\":[{\"@type\":\"SearchAction\",\"target\":{\"@type\":\"EntryPoint\",\"urlTemplate\":\"https:\/\/portalararasdenoticias.com.br\/?s={search_term_string}\"},\"query-input\":{\"@type\":\"PropertyValueSpecification\",\"valueRequired\":true,\"valueName\":\"search_term_string\"}}],\"inLanguage\":\"pt-BR\"},{\"@type\":\"Person\",\"@id\":\"https:\/\/portalararasdenoticias.com.br\/#\/schema\/person\/a6190507efe29dea1049d60d05ed5c0a\",\"name\":\"Portal Araras de Noticias\",\"image\":{\"@type\":\"ImageObject\",\"inLanguage\":\"pt-BR\",\"@id\":\"https:\/\/portalararasdenoticias.com.br\/#\/schema\/person\/image\/\",\"url\":\"https:\/\/secure.gravatar.com\/avatar\/4df7c42bc08e78bc9b6e13086fafc161bdf01220657cd93de3d828ab6c60d469?s=96&d=mm&r=g\",\"contentUrl\":\"https:\/\/secure.gravatar.com\/avatar\/4df7c42bc08e78bc9b6e13086fafc161bdf01220657cd93de3d828ab6c60d469?s=96&d=mm&r=g\",\"caption\":\"Portal Araras de Noticias\"},\"sameAs\":[\"https:\/\/portalararasdenoticias.com.br\/\"],\"url\":\"https:\/\/portalararasdenoticias.com.br\/?author=5\"}]}<\/script>\n<!-- \/ Yoast SEO plugin. -->","yoast_head_json":{"title":"Detento quebra a perna ao tentar fugir de audi\u00eancia em Manaus. - Portal Araras de Not\u00edcias","robots":{"index":"index","follow":"follow","max-snippet":"max-snippet:-1","max-image-preview":"max-image-preview:large","max-video-preview":"max-video-preview:-1"},"canonical":"https:\/\/portalararasdenoticias.com.br\/?p=6147","og_locale":"pt_BR","og_type":"article","og_title":"Detento quebra a perna ao tentar fugir de audi\u00eancia em Manaus. - Portal Araras de Not\u00edcias","og_description":"Um detento venezuelano, identificado como Jos\u00e9 Greg\u00f3rio Granadillo Afonso, quebrou a perna na tentativa de fugir do F\u00f3rum de Justi\u00e7a Ministro Henoch Reis, onde participaria de uma audi\u00eancia em Manaus.Durante o incidente, ele tentou fugir do pr\u00e9dio e ao pular do segundo andar, caiu e sofreu uma fratura exposta em uma das pernas.Imagens gravadas por [&hellip;]","og_url":"https:\/\/portalararasdenoticias.com.br\/?p=6147","og_site_name":"Portal Araras de Not\u00edcias","article_published_time":"2024-12-03T23:21:13+00:00","article_modified_time":"2025-03-24T12:29:08+00:00","og_image":[{"width":675,"height":675,"url":"https:\/\/portalararasdenoticias.com.br\/wp-content\/uploads\/2024\/12\/468530037_1122065473257082_4529409583656516570_n.jpg","type":"image\/jpeg"}],"author":"Portal Araras de Noticias","twitter_card":"summary_large_image","twitter_misc":{"Escrito por":"Portal Araras de Noticias","Est. tempo de leitura":"1 minuto"},"schema":{"@context":"https:\/\/schema.org","@graph":[{"@type":"Article","@id":"https:\/\/portalararasdenoticias.com.br\/?p=6147#article","isPartOf":{"@id":"https:\/\/portalararasdenoticias.com.br\/?p=6147"},"author":{"name":"Portal Araras de Noticias","@id":"https:\/\/portalararasdenoticias.com.br\/#\/schema\/person\/a6190507efe29dea1049d60d05ed5c0a"},"headline":"Detento quebra a perna ao tentar fugir de audi\u00eancia em Manaus.","datePublished":"2024-12-03T23:21:13+00:00","dateModified":"2025-03-24T12:29:08+00:00","mainEntityOfPage":{"@id":"https:\/\/portalararasdenoticias.com.br\/?p=6147"},"wordCount":204,"commentCount":0,"image":{"@id":"https:\/\/portalararasdenoticias.com.br\/?p=6147#primaryimage"},"thumbnailUrl":"https:\/\/portalararasdenoticias.com.br\/wp-content\/uploads\/2024\/12\/468530037_1122065473257082_4529409583656516570_n.jpg","inLanguage":"pt-BR","potentialAction":[{"@type":"CommentAction","name":"Comment","target":["https:\/\/portalararasdenoticias.com.br\/?p=6147#respond"]}]},{"@type":"WebPage","@id":"https:\/\/portalararasdenoticias.com.br\/?p=6147","url":"https:\/\/portalararasdenoticias.com.br\/?p=6147","name":"Detento quebra a perna ao tentar fugir de audi\u00eancia em Manaus. - Portal Araras de Not\u00edcias","isPartOf":{"@id":"https:\/\/portalararasdenoticias.com.br\/#website"},"primaryImageOfPage":{"@id":"https:\/\/portalararasdenoticias.com.br\/?p=6147#primaryimage"},"image":{"@id":"https:\/\/portalararasdenoticias.com.br\/?p=6147#primaryimage"},"thumbnailUrl":"https:\/\/portalararasdenoticias.com.br\/wp-content\/uploads\/2024\/12\/468530037_1122065473257082_4529409583656516570_n.jpg","datePublished":"2024-12-03T23:21:13+00:00","dateModified":"2025-03-24T12:29:08+00:00","author":{"@id":"https:\/\/portalararasdenoticias.com.br\/#\/schema\/person\/a6190507efe29dea1049d60d05ed5c0a"},"breadcrumb":{"@id":"https:\/\/portalararasdenoticias.com.br\/?p=6147#breadcrumb"},"inLanguage":"pt-BR","potentialAction":[{"@type":"ReadAction","target":["https:\/\/portalararasdenoticias.com.br\/?p=6147"]}]},{"@type":"ImageObject","inLanguage":"pt-BR","@id":"https:\/\/portalararasdenoticias.com.br\/?p=6147#primaryimage","url":"https:\/\/portalararasdenoticias.com.br\/wp-content\/uploads\/2024\/12\/468530037_1122065473257082_4529409583656516570_n.jpg","contentUrl":"https:\/\/portalararasdenoticias.com.br\/wp-content\/uploads\/2024\/12\/468530037_1122065473257082_4529409583656516570_n.jpg","width":675,"height":675},{"@type":"BreadcrumbList","@id":"https:\/\/portalararasdenoticias.com.br\/?p=6147#breadcrumb","itemListElement":[{"@type":"ListItem","position":1,"name":"In\u00edcio","item":"https:\/\/portalararasdenoticias.com.br\/"},{"@type":"ListItem","position":2,"name":"Detento quebra a perna ao tentar fugir de audi\u00eancia em Manaus."}]},{"@type":"WebSite","@id":"https:\/\/portalararasdenoticias.com.br\/#website","url":"https:\/\/portalararasdenoticias.com.br\/","name":"Portal Araras de Not\u00edcias","description":"O Seu Portal de Not\u00edcias","potentialAction":[{"@type":"SearchAction","target":{"@type":"EntryPoint","urlTemplate":"https:\/\/portalararasdenoticias.com.br\/?s={search_term_string}"},"query-input":{"@type":"PropertyValueSpecification","valueRequired":true,"valueName":"search_term_string"}}],"inLanguage":"pt-BR"},{"@type":"Person","@id":"https:\/\/portalararasdenoticias.com.br\/#\/schema\/person\/a6190507efe29dea1049d60d05ed5c0a","name":"Portal Araras de Noticias","image":{"@type":"ImageObject","inLanguage":"pt-BR","@id":"https:\/\/portalararasdenoticias.com.br\/#\/schema\/person\/image\/","url":"https:\/\/secure.gravatar.com\/avatar\/4df7c42bc08e78bc9b6e13086fafc161bdf01220657cd93de3d828ab6c60d469?s=96&d=mm&r=g","contentUrl":"https:\/\/secure.gravatar.com\/avatar\/4df7c42bc08e78bc9b6e13086fafc161bdf01220657cd93de3d828ab6c60d469?s=96&d=mm&r=g","caption":"Portal Araras de Noticias"},"sameAs":["https:\/\/portalararasdenoticias.com.br\/"],"url":"https:\/\/portalararasdenoticias.com.br\/?author=5"}]}},"_links":{"self":[{"href":"https:\/\/portalararasdenoticias.com.br\/index.php?rest_route=\/wp\/v2\/posts\/6147","targetHints":{"allow":["GET"]}}],"collection":[{"href":"https:\/\/portalararasdenoticias.com.br\/index.php?rest_route=\/wp\/v2\/posts"}],"about":[{"href":"https:\/\/portalararasdenoticias.com.br\/index.php?rest_route=\/wp\/v2\/types\/post"}],"author":[{"embeddable":true,"href":"https:\/\/portalararasdenoticias.com.br\/index.php?rest_route=\/wp\/v2\/users\/5"}],"replies":[{"embeddable":true,"href":"https:\/\/portalararasdenoticias.com.br\/index.php?rest_route=%2Fwp%2Fv2%2Fcomments&post=6147"}],"version-history":[{"count":1,"href":"https:\/\/portalararasdenoticias.com.br\/index.php?rest_route=\/wp\/v2\/posts\/6147\/revisions"}],"predecessor-version":[{"id":6151,"href":"https:\/\/portalararasdenoticias.com.br\/index.php?rest_route=\/wp\/v2\/posts\/6147\/revisions\/6151"}],"wp:featuredmedia":[{"embeddable":true,"href":"https:\/\/portalararasdenoticias.com.br\/index.php?rest_route=\/wp\/v2\/media\/6148"}],"wp:attachment":[{"href":"https:\/\/portalararasdenoticias.com.br\/index.php?rest_route=%2Fwp%2Fv2%2Fmedia&parent=6147"}],"wp:term":[{"taxonomy":"category","embeddable":true,"href":"https:\/\/portalararasdenoticias.com.br\/index.php?rest_route=%2Fwp%2Fv2%2Fcategories&post=6147"},{"taxonomy":"post_tag","embeddable":true,"href":"https:\/\/portalararasdenoticias.com.br\/index.php?rest_route=%2Fwp%2Fv2%2Ftags&post=6147"}],"curies":[{"name":"wp","href":"https:\/\/api.w.org\/{rel}","templated":true}]}}