{"id":6156,"date":"2024-12-03T20:31:16","date_gmt":"2024-12-03T23:31:16","guid":{"rendered":"https:\/\/portalararasdenoticias.com.br\/?p=6156"},"modified":"2025-03-24T09:27:43","modified_gmt":"2025-03-24T12:27:43","slug":"menor-causa-acidente-grave-em-parintins","status":"publish","type":"post","link":"https:\/\/portalararasdenoticias.com.br\/?p=6156","title":{"rendered":"Menor causa acidente grave em Parintins."},"content":{"rendered":"\n<p>Filho do apresentador do Boi Caprichoso causa grave acidente em Parintins e deixa duas jovens gravemente feridas.<br>O adolescente Yonan Oran, de 14 anos, filho do apresentador do Boi Caprichoso, Edmundo Oran, est\u00e1 em estado grave ap\u00f3s se envolver em um acidente de tr\u00e2nsito entre duas motocicletas, em Parintins (AM).<br>De acordo com informa\u00e7\u00f5es do Corpo de Bombeiros Militar do Amazonas (CBM-AM), testemunhas apontaram que Yonan pilotava uma moto em alta velocidade e colidiu com outra, em que estavam as estudantes Gabriel Miquiles, de 24 anos, e Fl\u00e1via Katarina, de 22 anos. As duas ficaram feridas e uma delas est\u00e1 em estado grave.<br>O acidente aconteceu nesse domingo (1\u00ba\/12). O caso foi registrado na Delegacia Interativa de Parintins (DIP).<br>Estado grave<br>Com o impacto da colis\u00e3o, as v\u00edtimas foram arremessadas ao ch\u00e3o. Yonan sofreu contus\u00f5es cerebrais, afundamento no cr\u00e2nio e fraturas na face. A estudante Fl\u00e1via Katarina sofreu m\u00faltiplas fraturas, traumas no abd\u00f4men e traumatismo craniano grave. A terceira v\u00edtima, Gabriela, est\u00e1 est\u00e1vel e n\u00e3o corre risco.<br>Ainda na tarde desse domingo, Yonan Oran foi transferido de aeronave a uma unidade de sa\u00fade na capital do estado. Fl\u00e1via Katarina segue internada em Parintins por n\u00e3o apresentar condi\u00e7\u00f5es de remo\u00e7\u00e3o<\/p>\n\n\n\n<figure class=\"wp-block-gallery has-nested-images columns-default is-cropped wp-block-gallery-1 is-layout-flex wp-block-gallery-is-layout-flex\">\n<figure class=\"wp-block-image size-large\"><img loading=\"lazy\" decoding=\"async\" width=\"600\" height=\"391\" data-id=\"6160\" src=\"https:\/\/portalararasdenoticias.com.br\/wp-content\/uploads\/2024\/12\/468851031_1121189743344655_7722398857225173847_n-1.jpg\" alt=\"\" class=\"wp-image-6160\" srcset=\"https:\/\/portalararasdenoticias.com.br\/wp-content\/uploads\/2024\/12\/468851031_1121189743344655_7722398857225173847_n-1.jpg 600w, https:\/\/portalararasdenoticias.com.br\/wp-content\/uploads\/2024\/12\/468851031_1121189743344655_7722398857225173847_n-1-300x196.jpg 300w\" sizes=\"auto, (max-width: 600px) 100vw, 600px\" \/><\/figure>\n\n\n\n<figure class=\"wp-block-image size-large\"><img loading=\"lazy\" decoding=\"async\" width=\"1024\" height=\"576\" data-id=\"6161\" src=\"https:\/\/portalararasdenoticias.com.br\/wp-content\/uploads\/2024\/12\/468919322_1121189836677979_8840846261691116761_n-1.jpg\" alt=\"\" class=\"wp-image-6161\" srcset=\"https:\/\/portalararasdenoticias.com.br\/wp-content\/uploads\/2024\/12\/468919322_1121189836677979_8840846261691116761_n-1.jpg 1024w, https:\/\/portalararasdenoticias.com.br\/wp-content\/uploads\/2024\/12\/468919322_1121189836677979_8840846261691116761_n-1-300x169.jpg 300w, https:\/\/portalararasdenoticias.com.br\/wp-content\/uploads\/2024\/12\/468919322_1121189836677979_8840846261691116761_n-1-768x432.jpg 768w\" sizes=\"auto, (max-width: 1024px) 100vw, 1024px\" \/><\/figure>\n\n\n\n<figure class=\"wp-block-image size-large\"><img loading=\"lazy\" decoding=\"async\" width=\"664\" height=\"393\" data-id=\"6162\" src=\"https:\/\/portalararasdenoticias.com.br\/wp-content\/uploads\/2024\/12\/468958535_1121189803344649_9175136247588425047_n-1.jpg\" alt=\"\" class=\"wp-image-6162\" srcset=\"https:\/\/portalararasdenoticias.com.br\/wp-content\/uploads\/2024\/12\/468958535_1121189803344649_9175136247588425047_n-1.jpg 664w, https:\/\/portalararasdenoticias.com.br\/wp-content\/uploads\/2024\/12\/468958535_1121189803344649_9175136247588425047_n-1-300x178.jpg 300w\" sizes=\"auto, (max-width: 664px) 100vw, 664px\" \/><\/figure>\n<\/figure>\n","protected":false},"excerpt":{"rendered":"<p>Filho do apresentador do Boi Caprichoso causa grave acidente em Parintins e deixa duas jovens gravemente feridas.O adolescente Yonan Oran, de 14 anos, filho do apresentador do Boi Caprichoso, Edmundo Oran, est\u00e1 em estado grave ap\u00f3s se envolver em um acidente de tr\u00e2nsito entre duas motocicletas, em Parintins (AM).De acordo com informa\u00e7\u00f5es do Corpo de [&hellip;]<\/p>\n","protected":false},"author":5,"featured_media":6157,"comment_status":"open","ping_status":"open","sticky":true,"template":"","format":"standard","meta":{"footnotes":""},"categories":[],"tags":[],"class_list":["post-6156","post","type-post","status-publish","format-standard","has-post-thumbnail","hentry"],"yoast_head":"<!-- This site is optimized with the Yoast SEO plugin v27.0 - https:\/\/yoast.com\/product\/yoast-seo-wordpress\/ -->\n<title>Menor causa acidente grave em Parintins. - Portal Araras de Not\u00edcias<\/title>\n<meta name=\"robots\" content=\"index, follow, max-snippet:-1, max-image-preview:large, max-video-preview:-1\" \/>\n<link rel=\"canonical\" href=\"https:\/\/portalararasdenoticias.com.br\/?p=6156\" \/>\n<meta property=\"og:locale\" content=\"pt_BR\" \/>\n<meta property=\"og:type\" content=\"article\" \/>\n<meta property=\"og:title\" content=\"Menor causa acidente grave em Parintins. - Portal Araras de Not\u00edcias\" \/>\n<meta property=\"og:description\" content=\"Filho do apresentador do Boi Caprichoso causa grave acidente em Parintins e deixa duas jovens gravemente feridas.O adolescente Yonan Oran, de 14 anos, filho do apresentador do Boi Caprichoso, Edmundo Oran, est\u00e1 em estado grave ap\u00f3s se envolver em um acidente de tr\u00e2nsito entre duas motocicletas, em Parintins (AM).De acordo com informa\u00e7\u00f5es do Corpo de [&hellip;]\" \/>\n<meta property=\"og:url\" content=\"https:\/\/portalararasdenoticias.com.br\/?p=6156\" \/>\n<meta property=\"og:site_name\" content=\"Portal Araras de Not\u00edcias\" \/>\n<meta property=\"article:published_time\" content=\"2024-12-03T23:31:16+00:00\" \/>\n<meta property=\"article:modified_time\" content=\"2025-03-24T12:27:43+00:00\" \/>\n<meta property=\"og:image\" content=\"https:\/\/portalararasdenoticias.com.br\/wp-content\/uploads\/2024\/12\/468851031_1121189743344655_7722398857225173847_n.jpg\" \/>\n\t<meta property=\"og:image:width\" content=\"600\" \/>\n\t<meta property=\"og:image:height\" content=\"391\" \/>\n\t<meta property=\"og:image:type\" content=\"image\/jpeg\" \/>\n<meta name=\"author\" content=\"Portal Araras de Noticias\" \/>\n<meta name=\"twitter:card\" content=\"summary_large_image\" \/>\n<meta name=\"twitter:label1\" content=\"Escrito por\" \/>\n\t<meta name=\"twitter:data1\" content=\"Portal Araras de Noticias\" \/>\n\t<meta name=\"twitter:label2\" content=\"Est. tempo de leitura\" \/>\n\t<meta name=\"twitter:data2\" content=\"1 minuto\" \/>\n<script type=\"application\/ld+json\" class=\"yoast-schema-graph\">{\"@context\":\"https:\/\/schema.org\",\"@graph\":[{\"@type\":\"Article\",\"@id\":\"https:\/\/portalararasdenoticias.com.br\/?p=6156#article\",\"isPartOf\":{\"@id\":\"https:\/\/portalararasdenoticias.com.br\/?p=6156\"},\"author\":{\"name\":\"Portal Araras de Noticias\",\"@id\":\"https:\/\/portalararasdenoticias.com.br\/#\/schema\/person\/a6190507efe29dea1049d60d05ed5c0a\"},\"headline\":\"Menor causa acidente grave em Parintins.\",\"datePublished\":\"2024-12-03T23:31:16+00:00\",\"dateModified\":\"2025-03-24T12:27:43+00:00\",\"mainEntityOfPage\":{\"@id\":\"https:\/\/portalararasdenoticias.com.br\/?p=6156\"},\"wordCount\":220,\"commentCount\":0,\"image\":{\"@id\":\"https:\/\/portalararasdenoticias.com.br\/?p=6156#primaryimage\"},\"thumbnailUrl\":\"https:\/\/portalararasdenoticias.com.br\/wp-content\/uploads\/2024\/12\/468851031_1121189743344655_7722398857225173847_n.jpg\",\"inLanguage\":\"pt-BR\",\"potentialAction\":[{\"@type\":\"CommentAction\",\"name\":\"Comment\",\"target\":[\"https:\/\/portalararasdenoticias.com.br\/?p=6156#respond\"]}]},{\"@type\":\"WebPage\",\"@id\":\"https:\/\/portalararasdenoticias.com.br\/?p=6156\",\"url\":\"https:\/\/portalararasdenoticias.com.br\/?p=6156\",\"name\":\"Menor causa acidente grave em Parintins. - Portal Araras de Not\u00edcias\",\"isPartOf\":{\"@id\":\"https:\/\/portalararasdenoticias.com.br\/#website\"},\"primaryImageOfPage\":{\"@id\":\"https:\/\/portalararasdenoticias.com.br\/?p=6156#primaryimage\"},\"image\":{\"@id\":\"https:\/\/portalararasdenoticias.com.br\/?p=6156#primaryimage\"},\"thumbnailUrl\":\"https:\/\/portalararasdenoticias.com.br\/wp-content\/uploads\/2024\/12\/468851031_1121189743344655_7722398857225173847_n.jpg\",\"datePublished\":\"2024-12-03T23:31:16+00:00\",\"dateModified\":\"2025-03-24T12:27:43+00:00\",\"author\":{\"@id\":\"https:\/\/portalararasdenoticias.com.br\/#\/schema\/person\/a6190507efe29dea1049d60d05ed5c0a\"},\"breadcrumb\":{\"@id\":\"https:\/\/portalararasdenoticias.com.br\/?p=6156#breadcrumb\"},\"inLanguage\":\"pt-BR\",\"potentialAction\":[{\"@type\":\"ReadAction\",\"target\":[\"https:\/\/portalararasdenoticias.com.br\/?p=6156\"]}]},{\"@type\":\"ImageObject\",\"inLanguage\":\"pt-BR\",\"@id\":\"https:\/\/portalararasdenoticias.com.br\/?p=6156#primaryimage\",\"url\":\"https:\/\/portalararasdenoticias.com.br\/wp-content\/uploads\/2024\/12\/468851031_1121189743344655_7722398857225173847_n.jpg\",\"contentUrl\":\"https:\/\/portalararasdenoticias.com.br\/wp-content\/uploads\/2024\/12\/468851031_1121189743344655_7722398857225173847_n.jpg\",\"width\":600,\"height\":391},{\"@type\":\"BreadcrumbList\",\"@id\":\"https:\/\/portalararasdenoticias.com.br\/?p=6156#breadcrumb\",\"itemListElement\":[{\"@type\":\"ListItem\",\"position\":1,\"name\":\"In\u00edcio\",\"item\":\"https:\/\/portalararasdenoticias.com.br\/\"},{\"@type\":\"ListItem\",\"position\":2,\"name\":\"Menor causa acidente grave em Parintins.\"}]},{\"@type\":\"WebSite\",\"@id\":\"https:\/\/portalararasdenoticias.com.br\/#website\",\"url\":\"https:\/\/portalararasdenoticias.com.br\/\",\"name\":\"Portal Araras de Not\u00edcias\",\"description\":\"O Seu Portal de Not\u00edcias\",\"potentialAction\":[{\"@type\":\"SearchAction\",\"target\":{\"@type\":\"EntryPoint\",\"urlTemplate\":\"https:\/\/portalararasdenoticias.com.br\/?s={search_term_string}\"},\"query-input\":{\"@type\":\"PropertyValueSpecification\",\"valueRequired\":true,\"valueName\":\"search_term_string\"}}],\"inLanguage\":\"pt-BR\"},{\"@type\":\"Person\",\"@id\":\"https:\/\/portalararasdenoticias.com.br\/#\/schema\/person\/a6190507efe29dea1049d60d05ed5c0a\",\"name\":\"Portal Araras de Noticias\",\"image\":{\"@type\":\"ImageObject\",\"inLanguage\":\"pt-BR\",\"@id\":\"https:\/\/portalararasdenoticias.com.br\/#\/schema\/person\/image\/\",\"url\":\"https:\/\/secure.gravatar.com\/avatar\/4df7c42bc08e78bc9b6e13086fafc161bdf01220657cd93de3d828ab6c60d469?s=96&d=mm&r=g\",\"contentUrl\":\"https:\/\/secure.gravatar.com\/avatar\/4df7c42bc08e78bc9b6e13086fafc161bdf01220657cd93de3d828ab6c60d469?s=96&d=mm&r=g\",\"caption\":\"Portal Araras de Noticias\"},\"sameAs\":[\"https:\/\/portalararasdenoticias.com.br\/\"],\"url\":\"https:\/\/portalararasdenoticias.com.br\/?author=5\"}]}<\/script>\n<!-- \/ Yoast SEO plugin. -->","yoast_head_json":{"title":"Menor causa acidente grave em Parintins. - Portal Araras de Not\u00edcias","robots":{"index":"index","follow":"follow","max-snippet":"max-snippet:-1","max-image-preview":"max-image-preview:large","max-video-preview":"max-video-preview:-1"},"canonical":"https:\/\/portalararasdenoticias.com.br\/?p=6156","og_locale":"pt_BR","og_type":"article","og_title":"Menor causa acidente grave em Parintins. - Portal Araras de Not\u00edcias","og_description":"Filho do apresentador do Boi Caprichoso causa grave acidente em Parintins e deixa duas jovens gravemente feridas.O adolescente Yonan Oran, de 14 anos, filho do apresentador do Boi Caprichoso, Edmundo Oran, est\u00e1 em estado grave ap\u00f3s se envolver em um acidente de tr\u00e2nsito entre duas motocicletas, em Parintins (AM).De acordo com informa\u00e7\u00f5es do Corpo de [&hellip;]","og_url":"https:\/\/portalararasdenoticias.com.br\/?p=6156","og_site_name":"Portal Araras de Not\u00edcias","article_published_time":"2024-12-03T23:31:16+00:00","article_modified_time":"2025-03-24T12:27:43+00:00","og_image":[{"width":600,"height":391,"url":"https:\/\/portalararasdenoticias.com.br\/wp-content\/uploads\/2024\/12\/468851031_1121189743344655_7722398857225173847_n.jpg","type":"image\/jpeg"}],"author":"Portal Araras de Noticias","twitter_card":"summary_large_image","twitter_misc":{"Escrito por":"Portal Araras de Noticias","Est. tempo de leitura":"1 minuto"},"schema":{"@context":"https:\/\/schema.org","@graph":[{"@type":"Article","@id":"https:\/\/portalararasdenoticias.com.br\/?p=6156#article","isPartOf":{"@id":"https:\/\/portalararasdenoticias.com.br\/?p=6156"},"author":{"name":"Portal Araras de Noticias","@id":"https:\/\/portalararasdenoticias.com.br\/#\/schema\/person\/a6190507efe29dea1049d60d05ed5c0a"},"headline":"Menor causa acidente grave em Parintins.","datePublished":"2024-12-03T23:31:16+00:00","dateModified":"2025-03-24T12:27:43+00:00","mainEntityOfPage":{"@id":"https:\/\/portalararasdenoticias.com.br\/?p=6156"},"wordCount":220,"commentCount":0,"image":{"@id":"https:\/\/portalararasdenoticias.com.br\/?p=6156#primaryimage"},"thumbnailUrl":"https:\/\/portalararasdenoticias.com.br\/wp-content\/uploads\/2024\/12\/468851031_1121189743344655_7722398857225173847_n.jpg","inLanguage":"pt-BR","potentialAction":[{"@type":"CommentAction","name":"Comment","target":["https:\/\/portalararasdenoticias.com.br\/?p=6156#respond"]}]},{"@type":"WebPage","@id":"https:\/\/portalararasdenoticias.com.br\/?p=6156","url":"https:\/\/portalararasdenoticias.com.br\/?p=6156","name":"Menor causa acidente grave em Parintins. - Portal Araras de Not\u00edcias","isPartOf":{"@id":"https:\/\/portalararasdenoticias.com.br\/#website"},"primaryImageOfPage":{"@id":"https:\/\/portalararasdenoticias.com.br\/?p=6156#primaryimage"},"image":{"@id":"https:\/\/portalararasdenoticias.com.br\/?p=6156#primaryimage"},"thumbnailUrl":"https:\/\/portalararasdenoticias.com.br\/wp-content\/uploads\/2024\/12\/468851031_1121189743344655_7722398857225173847_n.jpg","datePublished":"2024-12-03T23:31:16+00:00","dateModified":"2025-03-24T12:27:43+00:00","author":{"@id":"https:\/\/portalararasdenoticias.com.br\/#\/schema\/person\/a6190507efe29dea1049d60d05ed5c0a"},"breadcrumb":{"@id":"https:\/\/portalararasdenoticias.com.br\/?p=6156#breadcrumb"},"inLanguage":"pt-BR","potentialAction":[{"@type":"ReadAction","target":["https:\/\/portalararasdenoticias.com.br\/?p=6156"]}]},{"@type":"ImageObject","inLanguage":"pt-BR","@id":"https:\/\/portalararasdenoticias.com.br\/?p=6156#primaryimage","url":"https:\/\/portalararasdenoticias.com.br\/wp-content\/uploads\/2024\/12\/468851031_1121189743344655_7722398857225173847_n.jpg","contentUrl":"https:\/\/portalararasdenoticias.com.br\/wp-content\/uploads\/2024\/12\/468851031_1121189743344655_7722398857225173847_n.jpg","width":600,"height":391},{"@type":"BreadcrumbList","@id":"https:\/\/portalararasdenoticias.com.br\/?p=6156#breadcrumb","itemListElement":[{"@type":"ListItem","position":1,"name":"In\u00edcio","item":"https:\/\/portalararasdenoticias.com.br\/"},{"@type":"ListItem","position":2,"name":"Menor causa acidente grave em Parintins."}]},{"@type":"WebSite","@id":"https:\/\/portalararasdenoticias.com.br\/#website","url":"https:\/\/portalararasdenoticias.com.br\/","name":"Portal Araras de Not\u00edcias","description":"O Seu Portal de Not\u00edcias","potentialAction":[{"@type":"SearchAction","target":{"@type":"EntryPoint","urlTemplate":"https:\/\/portalararasdenoticias.com.br\/?s={search_term_string}"},"query-input":{"@type":"PropertyValueSpecification","valueRequired":true,"valueName":"search_term_string"}}],"inLanguage":"pt-BR"},{"@type":"Person","@id":"https:\/\/portalararasdenoticias.com.br\/#\/schema\/person\/a6190507efe29dea1049d60d05ed5c0a","name":"Portal Araras de Noticias","image":{"@type":"ImageObject","inLanguage":"pt-BR","@id":"https:\/\/portalararasdenoticias.com.br\/#\/schema\/person\/image\/","url":"https:\/\/secure.gravatar.com\/avatar\/4df7c42bc08e78bc9b6e13086fafc161bdf01220657cd93de3d828ab6c60d469?s=96&d=mm&r=g","contentUrl":"https:\/\/secure.gravatar.com\/avatar\/4df7c42bc08e78bc9b6e13086fafc161bdf01220657cd93de3d828ab6c60d469?s=96&d=mm&r=g","caption":"Portal Araras de Noticias"},"sameAs":["https:\/\/portalararasdenoticias.com.br\/"],"url":"https:\/\/portalararasdenoticias.com.br\/?author=5"}]}},"_links":{"self":[{"href":"https:\/\/portalararasdenoticias.com.br\/index.php?rest_route=\/wp\/v2\/posts\/6156","targetHints":{"allow":["GET"]}}],"collection":[{"href":"https:\/\/portalararasdenoticias.com.br\/index.php?rest_route=\/wp\/v2\/posts"}],"about":[{"href":"https:\/\/portalararasdenoticias.com.br\/index.php?rest_route=\/wp\/v2\/types\/post"}],"author":[{"embeddable":true,"href":"https:\/\/portalararasdenoticias.com.br\/index.php?rest_route=\/wp\/v2\/users\/5"}],"replies":[{"embeddable":true,"href":"https:\/\/portalararasdenoticias.com.br\/index.php?rest_route=%2Fwp%2Fv2%2Fcomments&post=6156"}],"version-history":[{"count":1,"href":"https:\/\/portalararasdenoticias.com.br\/index.php?rest_route=\/wp\/v2\/posts\/6156\/revisions"}],"predecessor-version":[{"id":6163,"href":"https:\/\/portalararasdenoticias.com.br\/index.php?rest_route=\/wp\/v2\/posts\/6156\/revisions\/6163"}],"wp:featuredmedia":[{"embeddable":true,"href":"https:\/\/portalararasdenoticias.com.br\/index.php?rest_route=\/wp\/v2\/media\/6157"}],"wp:attachment":[{"href":"https:\/\/portalararasdenoticias.com.br\/index.php?rest_route=%2Fwp%2Fv2%2Fmedia&parent=6156"}],"wp:term":[{"taxonomy":"category","embeddable":true,"href":"https:\/\/portalararasdenoticias.com.br\/index.php?rest_route=%2Fwp%2Fv2%2Fcategories&post=6156"},{"taxonomy":"post_tag","embeddable":true,"href":"https:\/\/portalararasdenoticias.com.br\/index.php?rest_route=%2Fwp%2Fv2%2Ftags&post=6156"}],"curies":[{"name":"wp","href":"https:\/\/api.w.org\/{rel}","templated":true}]}}