{"id":6165,"date":"2024-12-05T14:33:38","date_gmt":"2024-12-05T17:33:38","guid":{"rendered":"https:\/\/portalararasdenoticias.com.br\/?p=6165"},"modified":"2025-03-24T09:27:00","modified_gmt":"2025-03-24T12:27:00","slug":"compositor-amazonense-paulo-onca-e-agredido-durante-briga-de-transito-na-zona-oeste-de-manaus","status":"publish","type":"post","link":"https:\/\/portalararasdenoticias.com.br\/?p=6165","title":{"rendered":"Compositor amazonense Paulo On\u00e7a \u00e9 agredido durante briga de tr\u00e2nsito na Zona Oeste de Manaus."},"content":{"rendered":"\n<p><\/p>\n\n\n\n<p><\/p>\n\n\n\n<p>Caso aconteceu na madrugada desta quinta-feira (5), compositor passou por cirurgia nesta manh\u00e3 no Hospital e Pronto Socorro Dr. Jo\u00e3o L\u00facio Paulo On\u00e7a \u00e9 um famoso sambista do Amazonas.<br>O compositor amazonense Paulo On\u00e7a, de 63 anos, se envolveu em um acidente de tr\u00e2nsito na madrugada desta quinta-feira (5), na rua Major Gabriel, centro de Manaus. De acordo com familiares do m\u00fasico, ele foi agredido pelo outro motorista envolvido no acidente.<br>o filho do compositor, Paulo S\u00e1vio, relatou que houve uma colis\u00e3o entre o ve\u00edculo dirigido pelo pai com o de outro motorista. Ambos discutiram e o compositor foi agredido na regi\u00e3o da cabe\u00e7a at\u00e9 desacordar. O agressor fugiu do local sem prestar socorro e sem ser identificado.<br>Paulo On\u00e7a foi conduzido para o Hospital e Pronto Socorro Dr. Jo\u00e3o L\u00facio, onde passou por cirurgia nesta manh\u00e3. S\u00e1vio relatou que o estado de sa\u00fade do sambista \u00e9 grave.<br>S\u00e1vio informou que a fam\u00edlia procurou o delegado titular do 1\u00ba Distrito Integrado de Pol\u00edcia (DIP), C\u00edcero T\u00falio, para informar sobre o caso e que um Boletim de Ocorr\u00eancia (B.O) ainda ser\u00e1 registrado.<br>o delegado C\u00edcero T\u00falio e a Pol\u00edcia Civil do Amazonas (PC-AM<\/p>\n\n\n\n<figure class=\"wp-block-gallery has-nested-images columns-default is-cropped wp-block-gallery-1 is-layout-flex wp-block-gallery-is-layout-flex\">\n<figure class=\"wp-block-image size-large\"><img loading=\"lazy\" decoding=\"async\" width=\"800\" height=\"480\" data-id=\"6167\" src=\"https:\/\/portalararasdenoticias.com.br\/wp-content\/uploads\/2024\/12\/1500x1000-1500-x-1000-px-23-qy2cgchx34kvu46yoya7od05vk3qa61pa765va783k-1.jpg\" alt=\"\" class=\"wp-image-6167\" srcset=\"https:\/\/portalararasdenoticias.com.br\/wp-content\/uploads\/2024\/12\/1500x1000-1500-x-1000-px-23-qy2cgchx34kvu46yoya7od05vk3qa61pa765va783k-1.jpg 800w, https:\/\/portalararasdenoticias.com.br\/wp-content\/uploads\/2024\/12\/1500x1000-1500-x-1000-px-23-qy2cgchx34kvu46yoya7od05vk3qa61pa765va783k-1-300x180.jpg 300w, https:\/\/portalararasdenoticias.com.br\/wp-content\/uploads\/2024\/12\/1500x1000-1500-x-1000-px-23-qy2cgchx34kvu46yoya7od05vk3qa61pa765va783k-1-768x461.jpg 768w\" sizes=\"auto, (max-width: 800px) 100vw, 800px\" \/><\/figure>\n<\/figure>\n","protected":false},"excerpt":{"rendered":"<p>Caso aconteceu na madrugada desta quinta-feira (5), compositor passou por cirurgia nesta manh\u00e3 no Hospital e Pronto Socorro Dr. Jo\u00e3o L\u00facio Paulo On\u00e7a \u00e9 um famoso sambista do Amazonas.O compositor amazonense Paulo On\u00e7a, de 63 anos, se envolveu em um acidente de tr\u00e2nsito na madrugada desta quinta-feira (5), na rua Major Gabriel, centro de Manaus. [&hellip;]<\/p>\n","protected":false},"author":5,"featured_media":6166,"comment_status":"open","ping_status":"open","sticky":true,"template":"","format":"standard","meta":{"footnotes":""},"categories":[],"tags":[],"class_list":["post-6165","post","type-post","status-publish","format-standard","has-post-thumbnail","hentry"],"yoast_head":"<!-- This site is optimized with the Yoast SEO plugin v27.0 - https:\/\/yoast.com\/product\/yoast-seo-wordpress\/ -->\n<title>Compositor amazonense Paulo On\u00e7a \u00e9 agredido durante briga de tr\u00e2nsito na Zona Oeste de Manaus. - Portal Araras de Not\u00edcias<\/title>\n<meta name=\"robots\" content=\"index, follow, max-snippet:-1, max-image-preview:large, max-video-preview:-1\" \/>\n<link rel=\"canonical\" href=\"https:\/\/portalararasdenoticias.com.br\/?p=6165\" \/>\n<meta property=\"og:locale\" content=\"pt_BR\" \/>\n<meta property=\"og:type\" content=\"article\" \/>\n<meta property=\"og:title\" content=\"Compositor amazonense Paulo On\u00e7a \u00e9 agredido durante briga de tr\u00e2nsito na Zona Oeste de Manaus. - Portal Araras de Not\u00edcias\" \/>\n<meta property=\"og:description\" content=\"Caso aconteceu na madrugada desta quinta-feira (5), compositor passou por cirurgia nesta manh\u00e3 no Hospital e Pronto Socorro Dr. Jo\u00e3o L\u00facio Paulo On\u00e7a \u00e9 um famoso sambista do Amazonas.O compositor amazonense Paulo On\u00e7a, de 63 anos, se envolveu em um acidente de tr\u00e2nsito na madrugada desta quinta-feira (5), na rua Major Gabriel, centro de Manaus. [&hellip;]\" \/>\n<meta property=\"og:url\" content=\"https:\/\/portalararasdenoticias.com.br\/?p=6165\" \/>\n<meta property=\"og:site_name\" content=\"Portal Araras de Not\u00edcias\" \/>\n<meta property=\"article:published_time\" content=\"2024-12-05T17:33:38+00:00\" \/>\n<meta property=\"article:modified_time\" content=\"2025-03-24T12:27:00+00:00\" \/>\n<meta property=\"og:image\" content=\"https:\/\/portalararasdenoticias.com.br\/wp-content\/uploads\/2024\/12\/1500x1000-1500-x-1000-px-23-qy2cgchx34kvu46yoya7od05vk3qa61pa765va783k.jpg\" \/>\n\t<meta property=\"og:image:width\" content=\"800\" \/>\n\t<meta property=\"og:image:height\" content=\"480\" \/>\n\t<meta property=\"og:image:type\" content=\"image\/jpeg\" \/>\n<meta name=\"author\" content=\"Portal Araras de Noticias\" \/>\n<meta name=\"twitter:card\" content=\"summary_large_image\" \/>\n<meta name=\"twitter:label1\" content=\"Escrito por\" \/>\n\t<meta name=\"twitter:data1\" content=\"Portal Araras de Noticias\" \/>\n\t<meta name=\"twitter:label2\" content=\"Est. tempo de leitura\" \/>\n\t<meta name=\"twitter:data2\" content=\"1 minuto\" \/>\n<script type=\"application\/ld+json\" class=\"yoast-schema-graph\">{\"@context\":\"https:\/\/schema.org\",\"@graph\":[{\"@type\":\"Article\",\"@id\":\"https:\/\/portalararasdenoticias.com.br\/?p=6165#article\",\"isPartOf\":{\"@id\":\"https:\/\/portalararasdenoticias.com.br\/?p=6165\"},\"author\":{\"name\":\"Portal Araras de Noticias\",\"@id\":\"https:\/\/portalararasdenoticias.com.br\/#\/schema\/person\/a6190507efe29dea1049d60d05ed5c0a\"},\"headline\":\"Compositor amazonense Paulo On\u00e7a \u00e9 agredido durante briga de tr\u00e2nsito na Zona Oeste de Manaus.\",\"datePublished\":\"2024-12-05T17:33:38+00:00\",\"dateModified\":\"2025-03-24T12:27:00+00:00\",\"mainEntityOfPage\":{\"@id\":\"https:\/\/portalararasdenoticias.com.br\/?p=6165\"},\"wordCount\":228,\"commentCount\":0,\"image\":{\"@id\":\"https:\/\/portalararasdenoticias.com.br\/?p=6165#primaryimage\"},\"thumbnailUrl\":\"https:\/\/portalararasdenoticias.com.br\/wp-content\/uploads\/2024\/12\/1500x1000-1500-x-1000-px-23-qy2cgchx34kvu46yoya7od05vk3qa61pa765va783k.jpg\",\"inLanguage\":\"pt-BR\",\"potentialAction\":[{\"@type\":\"CommentAction\",\"name\":\"Comment\",\"target\":[\"https:\/\/portalararasdenoticias.com.br\/?p=6165#respond\"]}]},{\"@type\":\"WebPage\",\"@id\":\"https:\/\/portalararasdenoticias.com.br\/?p=6165\",\"url\":\"https:\/\/portalararasdenoticias.com.br\/?p=6165\",\"name\":\"Compositor amazonense Paulo On\u00e7a \u00e9 agredido durante briga de tr\u00e2nsito na Zona Oeste de Manaus. - Portal Araras de Not\u00edcias\",\"isPartOf\":{\"@id\":\"https:\/\/portalararasdenoticias.com.br\/#website\"},\"primaryImageOfPage\":{\"@id\":\"https:\/\/portalararasdenoticias.com.br\/?p=6165#primaryimage\"},\"image\":{\"@id\":\"https:\/\/portalararasdenoticias.com.br\/?p=6165#primaryimage\"},\"thumbnailUrl\":\"https:\/\/portalararasdenoticias.com.br\/wp-content\/uploads\/2024\/12\/1500x1000-1500-x-1000-px-23-qy2cgchx34kvu46yoya7od05vk3qa61pa765va783k.jpg\",\"datePublished\":\"2024-12-05T17:33:38+00:00\",\"dateModified\":\"2025-03-24T12:27:00+00:00\",\"author\":{\"@id\":\"https:\/\/portalararasdenoticias.com.br\/#\/schema\/person\/a6190507efe29dea1049d60d05ed5c0a\"},\"breadcrumb\":{\"@id\":\"https:\/\/portalararasdenoticias.com.br\/?p=6165#breadcrumb\"},\"inLanguage\":\"pt-BR\",\"potentialAction\":[{\"@type\":\"ReadAction\",\"target\":[\"https:\/\/portalararasdenoticias.com.br\/?p=6165\"]}]},{\"@type\":\"ImageObject\",\"inLanguage\":\"pt-BR\",\"@id\":\"https:\/\/portalararasdenoticias.com.br\/?p=6165#primaryimage\",\"url\":\"https:\/\/portalararasdenoticias.com.br\/wp-content\/uploads\/2024\/12\/1500x1000-1500-x-1000-px-23-qy2cgchx34kvu46yoya7od05vk3qa61pa765va783k.jpg\",\"contentUrl\":\"https:\/\/portalararasdenoticias.com.br\/wp-content\/uploads\/2024\/12\/1500x1000-1500-x-1000-px-23-qy2cgchx34kvu46yoya7od05vk3qa61pa765va783k.jpg\",\"width\":800,\"height\":480},{\"@type\":\"BreadcrumbList\",\"@id\":\"https:\/\/portalararasdenoticias.com.br\/?p=6165#breadcrumb\",\"itemListElement\":[{\"@type\":\"ListItem\",\"position\":1,\"name\":\"In\u00edcio\",\"item\":\"https:\/\/portalararasdenoticias.com.br\/\"},{\"@type\":\"ListItem\",\"position\":2,\"name\":\"Compositor amazonense Paulo On\u00e7a \u00e9 agredido durante briga de tr\u00e2nsito na Zona Oeste de Manaus.\"}]},{\"@type\":\"WebSite\",\"@id\":\"https:\/\/portalararasdenoticias.com.br\/#website\",\"url\":\"https:\/\/portalararasdenoticias.com.br\/\",\"name\":\"Portal Araras de Not\u00edcias\",\"description\":\"O Seu Portal de Not\u00edcias\",\"potentialAction\":[{\"@type\":\"SearchAction\",\"target\":{\"@type\":\"EntryPoint\",\"urlTemplate\":\"https:\/\/portalararasdenoticias.com.br\/?s={search_term_string}\"},\"query-input\":{\"@type\":\"PropertyValueSpecification\",\"valueRequired\":true,\"valueName\":\"search_term_string\"}}],\"inLanguage\":\"pt-BR\"},{\"@type\":\"Person\",\"@id\":\"https:\/\/portalararasdenoticias.com.br\/#\/schema\/person\/a6190507efe29dea1049d60d05ed5c0a\",\"name\":\"Portal Araras de Noticias\",\"image\":{\"@type\":\"ImageObject\",\"inLanguage\":\"pt-BR\",\"@id\":\"https:\/\/portalararasdenoticias.com.br\/#\/schema\/person\/image\/\",\"url\":\"https:\/\/secure.gravatar.com\/avatar\/4df7c42bc08e78bc9b6e13086fafc161bdf01220657cd93de3d828ab6c60d469?s=96&d=mm&r=g\",\"contentUrl\":\"https:\/\/secure.gravatar.com\/avatar\/4df7c42bc08e78bc9b6e13086fafc161bdf01220657cd93de3d828ab6c60d469?s=96&d=mm&r=g\",\"caption\":\"Portal Araras de Noticias\"},\"sameAs\":[\"https:\/\/portalararasdenoticias.com.br\/\"],\"url\":\"https:\/\/portalararasdenoticias.com.br\/?author=5\"}]}<\/script>\n<!-- \/ Yoast SEO plugin. -->","yoast_head_json":{"title":"Compositor amazonense Paulo On\u00e7a \u00e9 agredido durante briga de tr\u00e2nsito na Zona Oeste de Manaus. - Portal Araras de Not\u00edcias","robots":{"index":"index","follow":"follow","max-snippet":"max-snippet:-1","max-image-preview":"max-image-preview:large","max-video-preview":"max-video-preview:-1"},"canonical":"https:\/\/portalararasdenoticias.com.br\/?p=6165","og_locale":"pt_BR","og_type":"article","og_title":"Compositor amazonense Paulo On\u00e7a \u00e9 agredido durante briga de tr\u00e2nsito na Zona Oeste de Manaus. - Portal Araras de Not\u00edcias","og_description":"Caso aconteceu na madrugada desta quinta-feira (5), compositor passou por cirurgia nesta manh\u00e3 no Hospital e Pronto Socorro Dr. Jo\u00e3o L\u00facio Paulo On\u00e7a \u00e9 um famoso sambista do Amazonas.O compositor amazonense Paulo On\u00e7a, de 63 anos, se envolveu em um acidente de tr\u00e2nsito na madrugada desta quinta-feira (5), na rua Major Gabriel, centro de Manaus. [&hellip;]","og_url":"https:\/\/portalararasdenoticias.com.br\/?p=6165","og_site_name":"Portal Araras de Not\u00edcias","article_published_time":"2024-12-05T17:33:38+00:00","article_modified_time":"2025-03-24T12:27:00+00:00","og_image":[{"width":800,"height":480,"url":"https:\/\/portalararasdenoticias.com.br\/wp-content\/uploads\/2024\/12\/1500x1000-1500-x-1000-px-23-qy2cgchx34kvu46yoya7od05vk3qa61pa765va783k.jpg","type":"image\/jpeg"}],"author":"Portal Araras de Noticias","twitter_card":"summary_large_image","twitter_misc":{"Escrito por":"Portal Araras de Noticias","Est. tempo de leitura":"1 minuto"},"schema":{"@context":"https:\/\/schema.org","@graph":[{"@type":"Article","@id":"https:\/\/portalararasdenoticias.com.br\/?p=6165#article","isPartOf":{"@id":"https:\/\/portalararasdenoticias.com.br\/?p=6165"},"author":{"name":"Portal Araras de Noticias","@id":"https:\/\/portalararasdenoticias.com.br\/#\/schema\/person\/a6190507efe29dea1049d60d05ed5c0a"},"headline":"Compositor amazonense Paulo On\u00e7a \u00e9 agredido durante briga de tr\u00e2nsito na Zona Oeste de Manaus.","datePublished":"2024-12-05T17:33:38+00:00","dateModified":"2025-03-24T12:27:00+00:00","mainEntityOfPage":{"@id":"https:\/\/portalararasdenoticias.com.br\/?p=6165"},"wordCount":228,"commentCount":0,"image":{"@id":"https:\/\/portalararasdenoticias.com.br\/?p=6165#primaryimage"},"thumbnailUrl":"https:\/\/portalararasdenoticias.com.br\/wp-content\/uploads\/2024\/12\/1500x1000-1500-x-1000-px-23-qy2cgchx34kvu46yoya7od05vk3qa61pa765va783k.jpg","inLanguage":"pt-BR","potentialAction":[{"@type":"CommentAction","name":"Comment","target":["https:\/\/portalararasdenoticias.com.br\/?p=6165#respond"]}]},{"@type":"WebPage","@id":"https:\/\/portalararasdenoticias.com.br\/?p=6165","url":"https:\/\/portalararasdenoticias.com.br\/?p=6165","name":"Compositor amazonense Paulo On\u00e7a \u00e9 agredido durante briga de tr\u00e2nsito na Zona Oeste de Manaus. - Portal Araras de Not\u00edcias","isPartOf":{"@id":"https:\/\/portalararasdenoticias.com.br\/#website"},"primaryImageOfPage":{"@id":"https:\/\/portalararasdenoticias.com.br\/?p=6165#primaryimage"},"image":{"@id":"https:\/\/portalararasdenoticias.com.br\/?p=6165#primaryimage"},"thumbnailUrl":"https:\/\/portalararasdenoticias.com.br\/wp-content\/uploads\/2024\/12\/1500x1000-1500-x-1000-px-23-qy2cgchx34kvu46yoya7od05vk3qa61pa765va783k.jpg","datePublished":"2024-12-05T17:33:38+00:00","dateModified":"2025-03-24T12:27:00+00:00","author":{"@id":"https:\/\/portalararasdenoticias.com.br\/#\/schema\/person\/a6190507efe29dea1049d60d05ed5c0a"},"breadcrumb":{"@id":"https:\/\/portalararasdenoticias.com.br\/?p=6165#breadcrumb"},"inLanguage":"pt-BR","potentialAction":[{"@type":"ReadAction","target":["https:\/\/portalararasdenoticias.com.br\/?p=6165"]}]},{"@type":"ImageObject","inLanguage":"pt-BR","@id":"https:\/\/portalararasdenoticias.com.br\/?p=6165#primaryimage","url":"https:\/\/portalararasdenoticias.com.br\/wp-content\/uploads\/2024\/12\/1500x1000-1500-x-1000-px-23-qy2cgchx34kvu46yoya7od05vk3qa61pa765va783k.jpg","contentUrl":"https:\/\/portalararasdenoticias.com.br\/wp-content\/uploads\/2024\/12\/1500x1000-1500-x-1000-px-23-qy2cgchx34kvu46yoya7od05vk3qa61pa765va783k.jpg","width":800,"height":480},{"@type":"BreadcrumbList","@id":"https:\/\/portalararasdenoticias.com.br\/?p=6165#breadcrumb","itemListElement":[{"@type":"ListItem","position":1,"name":"In\u00edcio","item":"https:\/\/portalararasdenoticias.com.br\/"},{"@type":"ListItem","position":2,"name":"Compositor amazonense Paulo On\u00e7a \u00e9 agredido durante briga de tr\u00e2nsito na Zona Oeste de Manaus."}]},{"@type":"WebSite","@id":"https:\/\/portalararasdenoticias.com.br\/#website","url":"https:\/\/portalararasdenoticias.com.br\/","name":"Portal Araras de Not\u00edcias","description":"O Seu Portal de Not\u00edcias","potentialAction":[{"@type":"SearchAction","target":{"@type":"EntryPoint","urlTemplate":"https:\/\/portalararasdenoticias.com.br\/?s={search_term_string}"},"query-input":{"@type":"PropertyValueSpecification","valueRequired":true,"valueName":"search_term_string"}}],"inLanguage":"pt-BR"},{"@type":"Person","@id":"https:\/\/portalararasdenoticias.com.br\/#\/schema\/person\/a6190507efe29dea1049d60d05ed5c0a","name":"Portal Araras de Noticias","image":{"@type":"ImageObject","inLanguage":"pt-BR","@id":"https:\/\/portalararasdenoticias.com.br\/#\/schema\/person\/image\/","url":"https:\/\/secure.gravatar.com\/avatar\/4df7c42bc08e78bc9b6e13086fafc161bdf01220657cd93de3d828ab6c60d469?s=96&d=mm&r=g","contentUrl":"https:\/\/secure.gravatar.com\/avatar\/4df7c42bc08e78bc9b6e13086fafc161bdf01220657cd93de3d828ab6c60d469?s=96&d=mm&r=g","caption":"Portal Araras de Noticias"},"sameAs":["https:\/\/portalararasdenoticias.com.br\/"],"url":"https:\/\/portalararasdenoticias.com.br\/?author=5"}]}},"_links":{"self":[{"href":"https:\/\/portalararasdenoticias.com.br\/index.php?rest_route=\/wp\/v2\/posts\/6165","targetHints":{"allow":["GET"]}}],"collection":[{"href":"https:\/\/portalararasdenoticias.com.br\/index.php?rest_route=\/wp\/v2\/posts"}],"about":[{"href":"https:\/\/portalararasdenoticias.com.br\/index.php?rest_route=\/wp\/v2\/types\/post"}],"author":[{"embeddable":true,"href":"https:\/\/portalararasdenoticias.com.br\/index.php?rest_route=\/wp\/v2\/users\/5"}],"replies":[{"embeddable":true,"href":"https:\/\/portalararasdenoticias.com.br\/index.php?rest_route=%2Fwp%2Fv2%2Fcomments&post=6165"}],"version-history":[{"count":1,"href":"https:\/\/portalararasdenoticias.com.br\/index.php?rest_route=\/wp\/v2\/posts\/6165\/revisions"}],"predecessor-version":[{"id":6168,"href":"https:\/\/portalararasdenoticias.com.br\/index.php?rest_route=\/wp\/v2\/posts\/6165\/revisions\/6168"}],"wp:featuredmedia":[{"embeddable":true,"href":"https:\/\/portalararasdenoticias.com.br\/index.php?rest_route=\/wp\/v2\/media\/6166"}],"wp:attachment":[{"href":"https:\/\/portalararasdenoticias.com.br\/index.php?rest_route=%2Fwp%2Fv2%2Fmedia&parent=6165"}],"wp:term":[{"taxonomy":"category","embeddable":true,"href":"https:\/\/portalararasdenoticias.com.br\/index.php?rest_route=%2Fwp%2Fv2%2Fcategories&post=6165"},{"taxonomy":"post_tag","embeddable":true,"href":"https:\/\/portalararasdenoticias.com.br\/index.php?rest_route=%2Fwp%2Fv2%2Ftags&post=6165"}],"curies":[{"name":"wp","href":"https:\/\/api.w.org\/{rel}","templated":true}]}}