{"id":6193,"date":"2025-01-31T23:18:31","date_gmt":"2025-02-01T02:18:31","guid":{"rendered":"https:\/\/portalararasdenoticias.com.br\/?p=6193"},"modified":"2025-03-24T09:24:51","modified_gmt":"2025-03-24T12:24:51","slug":"squiador-brasileiro-morre-em-avalanche-nos-alpes-franceses-durante-a-tarde","status":"publish","type":"post","link":"https:\/\/portalararasdenoticias.com.br\/?p=6193","title":{"rendered":"squiador brasileiro morre em avalanche nos Alpes franceses durante a tarde."},"content":{"rendered":"\n<p>Um esquiador brasileiro de 55 anos morreu em avalanche nos Alpes franceses. O incidente ocorreu fora da pista do resort Les Grands Montets, pr\u00f3ximo ao Mont Blanc. A avalanche tinha um quil\u00f4metro de comprimento e 400 metros de largura. Inicialmente, a v\u00edtima foi erroneamente identificada como brit\u00e2nica pela m\u00eddia. As condi\u00e7\u00f5es clim\u00e1ticas adversas t\u00eam elevado os riscos em \u00e1reas de esqui na regi\u00e3o.<br>Um esquiador brasileiro de 55 anos, que tamb\u00e9m possu\u00eda nacionalidade portuguesa, morreu em uma avalanche nos Alpes franceses nesta ter\u00e7a-feira. O incidente ocorreu por volta das 16h35, com a avalanche medindo um quil\u00f4metro de comprimento e 400 metros de largura. Inicialmente, houve confus\u00e3o sobre a nacionalidade da v\u00edtima, sendo erroneamente identificada como brit\u00e2nica, mas essa informa\u00e7\u00e3o foi corrigida posteriormente.<br>O corpo do esquiador foi encontrado nas proximidades do resort de Les Grands Montets, localizado nas imedia\u00e7\u00f5es do Mont Blanc, a montanha mais alta dos Alpes. A avalanche atingiu uma \u00e1rea fora da pista de esqui do resort, que estava prestes a ser fechada devido \u00e0s condi\u00e7\u00f5es clim\u00e1ticas adversas. As autoridades declararam o homem morto no local.<br>O Pelot\u00e3o da Gendarmaria de Alta Montanha de Chamonix (PGHM) informou que a fam\u00edlia da v\u00edtima foi notificada sobre o falecimento. At\u00e9 o momento, n\u00e3o h\u00e1 relatos de outras v\u00edtimas fatais associadas ao evento.<\/p>\n\n\n\n<figure class=\"wp-block-gallery has-nested-images columns-default is-cropped wp-block-gallery-1 is-layout-flex wp-block-gallery-is-layout-flex\">\n<figure class=\"wp-block-image size-large\"><img loading=\"lazy\" decoding=\"async\" width=\"700\" height=\"467\" data-id=\"6196\" src=\"https:\/\/portalararasdenoticias.com.br\/wp-content\/uploads\/2025\/01\/475494952_1167192288744400_5068741276947042825_n-1.jpg\" alt=\"\" class=\"wp-image-6196\" srcset=\"https:\/\/portalararasdenoticias.com.br\/wp-content\/uploads\/2025\/01\/475494952_1167192288744400_5068741276947042825_n-1.jpg 700w, https:\/\/portalararasdenoticias.com.br\/wp-content\/uploads\/2025\/01\/475494952_1167192288744400_5068741276947042825_n-1-300x200.jpg 300w\" sizes=\"auto, (max-width: 700px) 100vw, 700px\" \/><\/figure>\n\n\n\n<figure class=\"wp-block-image size-large\"><img loading=\"lazy\" decoding=\"async\" width=\"540\" height=\"297\" data-id=\"6197\" src=\"https:\/\/portalararasdenoticias.com.br\/wp-content\/uploads\/2025\/01\/475515597_1167192235411072_3398605473855449093_n-1.jpg\" alt=\"\" class=\"wp-image-6197\" srcset=\"https:\/\/portalararasdenoticias.com.br\/wp-content\/uploads\/2025\/01\/475515597_1167192235411072_3398605473855449093_n-1.jpg 540w, https:\/\/portalararasdenoticias.com.br\/wp-content\/uploads\/2025\/01\/475515597_1167192235411072_3398605473855449093_n-1-300x165.jpg 300w\" sizes=\"auto, (max-width: 540px) 100vw, 540px\" \/><\/figure>\n<\/figure>\n","protected":false},"excerpt":{"rendered":"<p>Um esquiador brasileiro de 55 anos morreu em avalanche nos Alpes franceses. O incidente ocorreu fora da pista do resort Les Grands Montets, pr\u00f3ximo ao Mont Blanc. A avalanche tinha um quil\u00f4metro de comprimento e 400 metros de largura. Inicialmente, a v\u00edtima foi erroneamente identificada como brit\u00e2nica pela m\u00eddia. As condi\u00e7\u00f5es clim\u00e1ticas adversas t\u00eam elevado [&hellip;]<\/p>\n","protected":false},"author":5,"featured_media":6195,"comment_status":"open","ping_status":"open","sticky":true,"template":"","format":"standard","meta":{"footnotes":""},"categories":[],"tags":[],"class_list":["post-6193","post","type-post","status-publish","format-standard","has-post-thumbnail","hentry"],"yoast_head":"<!-- This site is optimized with the Yoast SEO plugin v27.0 - https:\/\/yoast.com\/product\/yoast-seo-wordpress\/ -->\n<title>squiador brasileiro morre em avalanche nos Alpes franceses durante a tarde. - Portal Araras de Not\u00edcias<\/title>\n<meta name=\"robots\" content=\"index, follow, max-snippet:-1, max-image-preview:large, max-video-preview:-1\" \/>\n<link rel=\"canonical\" href=\"https:\/\/portalararasdenoticias.com.br\/?p=6193\" \/>\n<meta property=\"og:locale\" content=\"pt_BR\" \/>\n<meta property=\"og:type\" content=\"article\" \/>\n<meta property=\"og:title\" content=\"squiador brasileiro morre em avalanche nos Alpes franceses durante a tarde. - Portal Araras de Not\u00edcias\" \/>\n<meta property=\"og:description\" content=\"Um esquiador brasileiro de 55 anos morreu em avalanche nos Alpes franceses. O incidente ocorreu fora da pista do resort Les Grands Montets, pr\u00f3ximo ao Mont Blanc. A avalanche tinha um quil\u00f4metro de comprimento e 400 metros de largura. Inicialmente, a v\u00edtima foi erroneamente identificada como brit\u00e2nica pela m\u00eddia. As condi\u00e7\u00f5es clim\u00e1ticas adversas t\u00eam elevado [&hellip;]\" \/>\n<meta property=\"og:url\" content=\"https:\/\/portalararasdenoticias.com.br\/?p=6193\" \/>\n<meta property=\"og:site_name\" content=\"Portal Araras de Not\u00edcias\" \/>\n<meta property=\"article:published_time\" content=\"2025-02-01T02:18:31+00:00\" \/>\n<meta property=\"article:modified_time\" content=\"2025-03-24T12:24:51+00:00\" \/>\n<meta property=\"og:image\" content=\"https:\/\/portalararasdenoticias.com.br\/wp-content\/uploads\/2025\/01\/475515597_1167192235411072_3398605473855449093_n.jpg\" \/>\n\t<meta property=\"og:image:width\" content=\"540\" \/>\n\t<meta property=\"og:image:height\" content=\"297\" \/>\n\t<meta property=\"og:image:type\" content=\"image\/jpeg\" \/>\n<meta name=\"author\" content=\"Portal Araras de Noticias\" \/>\n<meta name=\"twitter:card\" content=\"summary_large_image\" \/>\n<meta name=\"twitter:label1\" content=\"Escrito por\" \/>\n\t<meta name=\"twitter:data1\" content=\"Portal Araras de Noticias\" \/>\n\t<meta name=\"twitter:label2\" content=\"Est. tempo de leitura\" \/>\n\t<meta name=\"twitter:data2\" content=\"1 minuto\" \/>\n<script type=\"application\/ld+json\" class=\"yoast-schema-graph\">{\"@context\":\"https:\/\/schema.org\",\"@graph\":[{\"@type\":\"Article\",\"@id\":\"https:\/\/portalararasdenoticias.com.br\/?p=6193#article\",\"isPartOf\":{\"@id\":\"https:\/\/portalararasdenoticias.com.br\/?p=6193\"},\"author\":{\"name\":\"Portal Araras de Noticias\",\"@id\":\"https:\/\/portalararasdenoticias.com.br\/#\/schema\/person\/a6190507efe29dea1049d60d05ed5c0a\"},\"headline\":\"squiador brasileiro morre em avalanche nos Alpes franceses durante a tarde.\",\"datePublished\":\"2025-02-01T02:18:31+00:00\",\"dateModified\":\"2025-03-24T12:24:51+00:00\",\"mainEntityOfPage\":{\"@id\":\"https:\/\/portalararasdenoticias.com.br\/?p=6193\"},\"wordCount\":245,\"commentCount\":0,\"image\":{\"@id\":\"https:\/\/portalararasdenoticias.com.br\/?p=6193#primaryimage\"},\"thumbnailUrl\":\"https:\/\/portalararasdenoticias.com.br\/wp-content\/uploads\/2025\/01\/475515597_1167192235411072_3398605473855449093_n.jpg\",\"inLanguage\":\"pt-BR\",\"potentialAction\":[{\"@type\":\"CommentAction\",\"name\":\"Comment\",\"target\":[\"https:\/\/portalararasdenoticias.com.br\/?p=6193#respond\"]}]},{\"@type\":\"WebPage\",\"@id\":\"https:\/\/portalararasdenoticias.com.br\/?p=6193\",\"url\":\"https:\/\/portalararasdenoticias.com.br\/?p=6193\",\"name\":\"squiador brasileiro morre em avalanche nos Alpes franceses durante a tarde. - Portal Araras de Not\u00edcias\",\"isPartOf\":{\"@id\":\"https:\/\/portalararasdenoticias.com.br\/#website\"},\"primaryImageOfPage\":{\"@id\":\"https:\/\/portalararasdenoticias.com.br\/?p=6193#primaryimage\"},\"image\":{\"@id\":\"https:\/\/portalararasdenoticias.com.br\/?p=6193#primaryimage\"},\"thumbnailUrl\":\"https:\/\/portalararasdenoticias.com.br\/wp-content\/uploads\/2025\/01\/475515597_1167192235411072_3398605473855449093_n.jpg\",\"datePublished\":\"2025-02-01T02:18:31+00:00\",\"dateModified\":\"2025-03-24T12:24:51+00:00\",\"author\":{\"@id\":\"https:\/\/portalararasdenoticias.com.br\/#\/schema\/person\/a6190507efe29dea1049d60d05ed5c0a\"},\"breadcrumb\":{\"@id\":\"https:\/\/portalararasdenoticias.com.br\/?p=6193#breadcrumb\"},\"inLanguage\":\"pt-BR\",\"potentialAction\":[{\"@type\":\"ReadAction\",\"target\":[\"https:\/\/portalararasdenoticias.com.br\/?p=6193\"]}]},{\"@type\":\"ImageObject\",\"inLanguage\":\"pt-BR\",\"@id\":\"https:\/\/portalararasdenoticias.com.br\/?p=6193#primaryimage\",\"url\":\"https:\/\/portalararasdenoticias.com.br\/wp-content\/uploads\/2025\/01\/475515597_1167192235411072_3398605473855449093_n.jpg\",\"contentUrl\":\"https:\/\/portalararasdenoticias.com.br\/wp-content\/uploads\/2025\/01\/475515597_1167192235411072_3398605473855449093_n.jpg\",\"width\":540,\"height\":297},{\"@type\":\"BreadcrumbList\",\"@id\":\"https:\/\/portalararasdenoticias.com.br\/?p=6193#breadcrumb\",\"itemListElement\":[{\"@type\":\"ListItem\",\"position\":1,\"name\":\"In\u00edcio\",\"item\":\"https:\/\/portalararasdenoticias.com.br\/\"},{\"@type\":\"ListItem\",\"position\":2,\"name\":\"squiador brasileiro morre em avalanche nos Alpes franceses durante a tarde.\"}]},{\"@type\":\"WebSite\",\"@id\":\"https:\/\/portalararasdenoticias.com.br\/#website\",\"url\":\"https:\/\/portalararasdenoticias.com.br\/\",\"name\":\"Portal Araras de Not\u00edcias\",\"description\":\"O Seu Portal de Not\u00edcias\",\"potentialAction\":[{\"@type\":\"SearchAction\",\"target\":{\"@type\":\"EntryPoint\",\"urlTemplate\":\"https:\/\/portalararasdenoticias.com.br\/?s={search_term_string}\"},\"query-input\":{\"@type\":\"PropertyValueSpecification\",\"valueRequired\":true,\"valueName\":\"search_term_string\"}}],\"inLanguage\":\"pt-BR\"},{\"@type\":\"Person\",\"@id\":\"https:\/\/portalararasdenoticias.com.br\/#\/schema\/person\/a6190507efe29dea1049d60d05ed5c0a\",\"name\":\"Portal Araras de Noticias\",\"image\":{\"@type\":\"ImageObject\",\"inLanguage\":\"pt-BR\",\"@id\":\"https:\/\/portalararasdenoticias.com.br\/#\/schema\/person\/image\/\",\"url\":\"https:\/\/secure.gravatar.com\/avatar\/4df7c42bc08e78bc9b6e13086fafc161bdf01220657cd93de3d828ab6c60d469?s=96&d=mm&r=g\",\"contentUrl\":\"https:\/\/secure.gravatar.com\/avatar\/4df7c42bc08e78bc9b6e13086fafc161bdf01220657cd93de3d828ab6c60d469?s=96&d=mm&r=g\",\"caption\":\"Portal Araras de Noticias\"},\"sameAs\":[\"https:\/\/portalararasdenoticias.com.br\/\"],\"url\":\"https:\/\/portalararasdenoticias.com.br\/?author=5\"}]}<\/script>\n<!-- \/ Yoast SEO plugin. -->","yoast_head_json":{"title":"squiador brasileiro morre em avalanche nos Alpes franceses durante a tarde. - Portal Araras de Not\u00edcias","robots":{"index":"index","follow":"follow","max-snippet":"max-snippet:-1","max-image-preview":"max-image-preview:large","max-video-preview":"max-video-preview:-1"},"canonical":"https:\/\/portalararasdenoticias.com.br\/?p=6193","og_locale":"pt_BR","og_type":"article","og_title":"squiador brasileiro morre em avalanche nos Alpes franceses durante a tarde. - Portal Araras de Not\u00edcias","og_description":"Um esquiador brasileiro de 55 anos morreu em avalanche nos Alpes franceses. O incidente ocorreu fora da pista do resort Les Grands Montets, pr\u00f3ximo ao Mont Blanc. A avalanche tinha um quil\u00f4metro de comprimento e 400 metros de largura. Inicialmente, a v\u00edtima foi erroneamente identificada como brit\u00e2nica pela m\u00eddia. As condi\u00e7\u00f5es clim\u00e1ticas adversas t\u00eam elevado [&hellip;]","og_url":"https:\/\/portalararasdenoticias.com.br\/?p=6193","og_site_name":"Portal Araras de Not\u00edcias","article_published_time":"2025-02-01T02:18:31+00:00","article_modified_time":"2025-03-24T12:24:51+00:00","og_image":[{"width":540,"height":297,"url":"https:\/\/portalararasdenoticias.com.br\/wp-content\/uploads\/2025\/01\/475515597_1167192235411072_3398605473855449093_n.jpg","type":"image\/jpeg"}],"author":"Portal Araras de Noticias","twitter_card":"summary_large_image","twitter_misc":{"Escrito por":"Portal Araras de Noticias","Est. tempo de leitura":"1 minuto"},"schema":{"@context":"https:\/\/schema.org","@graph":[{"@type":"Article","@id":"https:\/\/portalararasdenoticias.com.br\/?p=6193#article","isPartOf":{"@id":"https:\/\/portalararasdenoticias.com.br\/?p=6193"},"author":{"name":"Portal Araras de Noticias","@id":"https:\/\/portalararasdenoticias.com.br\/#\/schema\/person\/a6190507efe29dea1049d60d05ed5c0a"},"headline":"squiador brasileiro morre em avalanche nos Alpes franceses durante a tarde.","datePublished":"2025-02-01T02:18:31+00:00","dateModified":"2025-03-24T12:24:51+00:00","mainEntityOfPage":{"@id":"https:\/\/portalararasdenoticias.com.br\/?p=6193"},"wordCount":245,"commentCount":0,"image":{"@id":"https:\/\/portalararasdenoticias.com.br\/?p=6193#primaryimage"},"thumbnailUrl":"https:\/\/portalararasdenoticias.com.br\/wp-content\/uploads\/2025\/01\/475515597_1167192235411072_3398605473855449093_n.jpg","inLanguage":"pt-BR","potentialAction":[{"@type":"CommentAction","name":"Comment","target":["https:\/\/portalararasdenoticias.com.br\/?p=6193#respond"]}]},{"@type":"WebPage","@id":"https:\/\/portalararasdenoticias.com.br\/?p=6193","url":"https:\/\/portalararasdenoticias.com.br\/?p=6193","name":"squiador brasileiro morre em avalanche nos Alpes franceses durante a tarde. - Portal Araras de Not\u00edcias","isPartOf":{"@id":"https:\/\/portalararasdenoticias.com.br\/#website"},"primaryImageOfPage":{"@id":"https:\/\/portalararasdenoticias.com.br\/?p=6193#primaryimage"},"image":{"@id":"https:\/\/portalararasdenoticias.com.br\/?p=6193#primaryimage"},"thumbnailUrl":"https:\/\/portalararasdenoticias.com.br\/wp-content\/uploads\/2025\/01\/475515597_1167192235411072_3398605473855449093_n.jpg","datePublished":"2025-02-01T02:18:31+00:00","dateModified":"2025-03-24T12:24:51+00:00","author":{"@id":"https:\/\/portalararasdenoticias.com.br\/#\/schema\/person\/a6190507efe29dea1049d60d05ed5c0a"},"breadcrumb":{"@id":"https:\/\/portalararasdenoticias.com.br\/?p=6193#breadcrumb"},"inLanguage":"pt-BR","potentialAction":[{"@type":"ReadAction","target":["https:\/\/portalararasdenoticias.com.br\/?p=6193"]}]},{"@type":"ImageObject","inLanguage":"pt-BR","@id":"https:\/\/portalararasdenoticias.com.br\/?p=6193#primaryimage","url":"https:\/\/portalararasdenoticias.com.br\/wp-content\/uploads\/2025\/01\/475515597_1167192235411072_3398605473855449093_n.jpg","contentUrl":"https:\/\/portalararasdenoticias.com.br\/wp-content\/uploads\/2025\/01\/475515597_1167192235411072_3398605473855449093_n.jpg","width":540,"height":297},{"@type":"BreadcrumbList","@id":"https:\/\/portalararasdenoticias.com.br\/?p=6193#breadcrumb","itemListElement":[{"@type":"ListItem","position":1,"name":"In\u00edcio","item":"https:\/\/portalararasdenoticias.com.br\/"},{"@type":"ListItem","position":2,"name":"squiador brasileiro morre em avalanche nos Alpes franceses durante a tarde."}]},{"@type":"WebSite","@id":"https:\/\/portalararasdenoticias.com.br\/#website","url":"https:\/\/portalararasdenoticias.com.br\/","name":"Portal Araras de Not\u00edcias","description":"O Seu Portal de Not\u00edcias","potentialAction":[{"@type":"SearchAction","target":{"@type":"EntryPoint","urlTemplate":"https:\/\/portalararasdenoticias.com.br\/?s={search_term_string}"},"query-input":{"@type":"PropertyValueSpecification","valueRequired":true,"valueName":"search_term_string"}}],"inLanguage":"pt-BR"},{"@type":"Person","@id":"https:\/\/portalararasdenoticias.com.br\/#\/schema\/person\/a6190507efe29dea1049d60d05ed5c0a","name":"Portal Araras de Noticias","image":{"@type":"ImageObject","inLanguage":"pt-BR","@id":"https:\/\/portalararasdenoticias.com.br\/#\/schema\/person\/image\/","url":"https:\/\/secure.gravatar.com\/avatar\/4df7c42bc08e78bc9b6e13086fafc161bdf01220657cd93de3d828ab6c60d469?s=96&d=mm&r=g","contentUrl":"https:\/\/secure.gravatar.com\/avatar\/4df7c42bc08e78bc9b6e13086fafc161bdf01220657cd93de3d828ab6c60d469?s=96&d=mm&r=g","caption":"Portal Araras de Noticias"},"sameAs":["https:\/\/portalararasdenoticias.com.br\/"],"url":"https:\/\/portalararasdenoticias.com.br\/?author=5"}]}},"_links":{"self":[{"href":"https:\/\/portalararasdenoticias.com.br\/index.php?rest_route=\/wp\/v2\/posts\/6193","targetHints":{"allow":["GET"]}}],"collection":[{"href":"https:\/\/portalararasdenoticias.com.br\/index.php?rest_route=\/wp\/v2\/posts"}],"about":[{"href":"https:\/\/portalararasdenoticias.com.br\/index.php?rest_route=\/wp\/v2\/types\/post"}],"author":[{"embeddable":true,"href":"https:\/\/portalararasdenoticias.com.br\/index.php?rest_route=\/wp\/v2\/users\/5"}],"replies":[{"embeddable":true,"href":"https:\/\/portalararasdenoticias.com.br\/index.php?rest_route=%2Fwp%2Fv2%2Fcomments&post=6193"}],"version-history":[{"count":1,"href":"https:\/\/portalararasdenoticias.com.br\/index.php?rest_route=\/wp\/v2\/posts\/6193\/revisions"}],"predecessor-version":[{"id":6198,"href":"https:\/\/portalararasdenoticias.com.br\/index.php?rest_route=\/wp\/v2\/posts\/6193\/revisions\/6198"}],"wp:featuredmedia":[{"embeddable":true,"href":"https:\/\/portalararasdenoticias.com.br\/index.php?rest_route=\/wp\/v2\/media\/6195"}],"wp:attachment":[{"href":"https:\/\/portalararasdenoticias.com.br\/index.php?rest_route=%2Fwp%2Fv2%2Fmedia&parent=6193"}],"wp:term":[{"taxonomy":"category","embeddable":true,"href":"https:\/\/portalararasdenoticias.com.br\/index.php?rest_route=%2Fwp%2Fv2%2Fcategories&post=6193"},{"taxonomy":"post_tag","embeddable":true,"href":"https:\/\/portalararasdenoticias.com.br\/index.php?rest_route=%2Fwp%2Fv2%2Ftags&post=6193"}],"curies":[{"name":"wp","href":"https:\/\/api.w.org\/{rel}","templated":true}]}}