{"id":6214,"date":"2025-01-31T23:48:05","date_gmt":"2025-02-01T02:48:05","guid":{"rendered":"https:\/\/portalararasdenoticias.com.br\/?p=6214"},"modified":"2025-03-24T09:23:38","modified_gmt":"2025-03-24T12:23:38","slug":"policial-militar-e-preso-apos-atirar-contra-duas-pessoas-em-saida-de-bar-no-conjunto-morada-do-sol","status":"publish","type":"post","link":"https:\/\/portalararasdenoticias.com.br\/?p=6214","title":{"rendered":"Policial militar \u00e9 preso ap\u00f3s atirar contra duas pessoas em sa\u00edda de bar no conjunto Morada do Sol."},"content":{"rendered":"\n<p>Segundo testemunhas, o sargento F\u00e1bio Andr\u00e9 teria se desentendido com Adriano Souza da Silva e Denilson Oliveira de Souza e acabou disparando contra os dois.<br>Um sargento da pol\u00edcia militar, identificado como F\u00e1bio Andr\u00e9, foi preso em flagrante por ter atirado contra duas pessoas, identificadas como Adriano Souza da Silva, 34, e Denilson Oliveira de Souza, 25. O crime ocorreu por volta das 23h30 de domingo (26), no estacionamento do bar Carit\u00f3, localizado na avenida Via L\u00e1ctea, no conjunto Morada do Sol, Zona Sul.<br>De acordo com testemunhas, as v\u00edtimas estavam saindo do estabelecimento quando foram alvejadas pelo militar, que estava em uma picape Frontier, de cor azul e placa QZX 0A60<br>Conforme testemunhas, houve um r\u00e1pido desentendimento entre as partes e o militar atirou contra os dois, acertando a nuca de Adriano e o antebra\u00e7o direito de Denilson.<br>Ap\u00f3s ter feito os disparos, o militar fugiu, mas acabou sendo preso, enquanto as v\u00edtimas foram socorridas e levadas para o pronto-socorro 28 de Agosto. A motiva\u00e7\u00e3o do crime n\u00e3o foi revelada.<br>fonte: acr\u00edtica.<\/p>\n","protected":false},"excerpt":{"rendered":"<p>Segundo testemunhas, o sargento F\u00e1bio Andr\u00e9 teria se desentendido com Adriano Souza da Silva e Denilson Oliveira de Souza e acabou disparando contra os dois.Um sargento da pol\u00edcia militar, identificado como F\u00e1bio Andr\u00e9, foi preso em flagrante por ter atirado contra duas pessoas, identificadas como Adriano Souza da Silva, 34, e Denilson Oliveira de Souza, [&hellip;]<\/p>\n","protected":false},"author":5,"featured_media":6215,"comment_status":"open","ping_status":"open","sticky":false,"template":"","format":"standard","meta":{"footnotes":""},"categories":[],"tags":[],"class_list":["post-6214","post","type-post","status-publish","format-standard","has-post-thumbnail","hentry"],"yoast_head":"<!-- This site is optimized with the Yoast SEO plugin v27.0 - https:\/\/yoast.com\/product\/yoast-seo-wordpress\/ -->\n<title>Policial militar \u00e9 preso ap\u00f3s atirar contra duas pessoas em sa\u00edda de bar no conjunto Morada do Sol. - Portal Araras de Not\u00edcias<\/title>\n<meta name=\"robots\" content=\"index, follow, max-snippet:-1, max-image-preview:large, max-video-preview:-1\" \/>\n<link rel=\"canonical\" href=\"https:\/\/portalararasdenoticias.com.br\/?p=6214\" \/>\n<meta property=\"og:locale\" content=\"pt_BR\" \/>\n<meta property=\"og:type\" content=\"article\" \/>\n<meta property=\"og:title\" content=\"Policial militar \u00e9 preso ap\u00f3s atirar contra duas pessoas em sa\u00edda de bar no conjunto Morada do Sol. - Portal Araras de Not\u00edcias\" \/>\n<meta property=\"og:description\" content=\"Segundo testemunhas, o sargento F\u00e1bio Andr\u00e9 teria se desentendido com Adriano Souza da Silva e Denilson Oliveira de Souza e acabou disparando contra os dois.Um sargento da pol\u00edcia militar, identificado como F\u00e1bio Andr\u00e9, foi preso em flagrante por ter atirado contra duas pessoas, identificadas como Adriano Souza da Silva, 34, e Denilson Oliveira de Souza, [&hellip;]\" \/>\n<meta property=\"og:url\" content=\"https:\/\/portalararasdenoticias.com.br\/?p=6214\" \/>\n<meta property=\"og:site_name\" content=\"Portal Araras de Not\u00edcias\" \/>\n<meta property=\"article:published_time\" content=\"2025-02-01T02:48:05+00:00\" \/>\n<meta property=\"article:modified_time\" content=\"2025-03-24T12:23:38+00:00\" \/>\n<meta property=\"og:image\" content=\"https:\/\/portalararasdenoticias.com.br\/wp-content\/uploads\/2025\/01\/475188966_1165105658953063_78432836716514023_n.jpg\" \/>\n\t<meta property=\"og:image:width\" content=\"698\" \/>\n\t<meta property=\"og:image:height\" content=\"540\" \/>\n\t<meta property=\"og:image:type\" content=\"image\/jpeg\" \/>\n<meta name=\"author\" content=\"Portal Araras de Noticias\" \/>\n<meta name=\"twitter:card\" content=\"summary_large_image\" \/>\n<meta name=\"twitter:label1\" content=\"Escrito por\" \/>\n\t<meta name=\"twitter:data1\" content=\"Portal Araras de Noticias\" \/>\n\t<meta name=\"twitter:label2\" content=\"Est. tempo de leitura\" \/>\n\t<meta name=\"twitter:data2\" content=\"1 minuto\" \/>\n<script type=\"application\/ld+json\" class=\"yoast-schema-graph\">{\"@context\":\"https:\/\/schema.org\",\"@graph\":[{\"@type\":\"Article\",\"@id\":\"https:\/\/portalararasdenoticias.com.br\/?p=6214#article\",\"isPartOf\":{\"@id\":\"https:\/\/portalararasdenoticias.com.br\/?p=6214\"},\"author\":{\"name\":\"Portal Araras de Noticias\",\"@id\":\"https:\/\/portalararasdenoticias.com.br\/#\/schema\/person\/a6190507efe29dea1049d60d05ed5c0a\"},\"headline\":\"Policial militar \u00e9 preso ap\u00f3s atirar contra duas pessoas em sa\u00edda de bar no conjunto Morada do Sol.\",\"datePublished\":\"2025-02-01T02:48:05+00:00\",\"dateModified\":\"2025-03-24T12:23:38+00:00\",\"mainEntityOfPage\":{\"@id\":\"https:\/\/portalararasdenoticias.com.br\/?p=6214\"},\"wordCount\":200,\"commentCount\":0,\"image\":{\"@id\":\"https:\/\/portalararasdenoticias.com.br\/?p=6214#primaryimage\"},\"thumbnailUrl\":\"https:\/\/portalararasdenoticias.com.br\/wp-content\/uploads\/2025\/01\/475188966_1165105658953063_78432836716514023_n.jpg\",\"inLanguage\":\"pt-BR\",\"potentialAction\":[{\"@type\":\"CommentAction\",\"name\":\"Comment\",\"target\":[\"https:\/\/portalararasdenoticias.com.br\/?p=6214#respond\"]}]},{\"@type\":\"WebPage\",\"@id\":\"https:\/\/portalararasdenoticias.com.br\/?p=6214\",\"url\":\"https:\/\/portalararasdenoticias.com.br\/?p=6214\",\"name\":\"Policial militar \u00e9 preso ap\u00f3s atirar contra duas pessoas em sa\u00edda de bar no conjunto Morada do Sol. - Portal Araras de Not\u00edcias\",\"isPartOf\":{\"@id\":\"https:\/\/portalararasdenoticias.com.br\/#website\"},\"primaryImageOfPage\":{\"@id\":\"https:\/\/portalararasdenoticias.com.br\/?p=6214#primaryimage\"},\"image\":{\"@id\":\"https:\/\/portalararasdenoticias.com.br\/?p=6214#primaryimage\"},\"thumbnailUrl\":\"https:\/\/portalararasdenoticias.com.br\/wp-content\/uploads\/2025\/01\/475188966_1165105658953063_78432836716514023_n.jpg\",\"datePublished\":\"2025-02-01T02:48:05+00:00\",\"dateModified\":\"2025-03-24T12:23:38+00:00\",\"author\":{\"@id\":\"https:\/\/portalararasdenoticias.com.br\/#\/schema\/person\/a6190507efe29dea1049d60d05ed5c0a\"},\"breadcrumb\":{\"@id\":\"https:\/\/portalararasdenoticias.com.br\/?p=6214#breadcrumb\"},\"inLanguage\":\"pt-BR\",\"potentialAction\":[{\"@type\":\"ReadAction\",\"target\":[\"https:\/\/portalararasdenoticias.com.br\/?p=6214\"]}]},{\"@type\":\"ImageObject\",\"inLanguage\":\"pt-BR\",\"@id\":\"https:\/\/portalararasdenoticias.com.br\/?p=6214#primaryimage\",\"url\":\"https:\/\/portalararasdenoticias.com.br\/wp-content\/uploads\/2025\/01\/475188966_1165105658953063_78432836716514023_n.jpg\",\"contentUrl\":\"https:\/\/portalararasdenoticias.com.br\/wp-content\/uploads\/2025\/01\/475188966_1165105658953063_78432836716514023_n.jpg\",\"width\":698,\"height\":540},{\"@type\":\"BreadcrumbList\",\"@id\":\"https:\/\/portalararasdenoticias.com.br\/?p=6214#breadcrumb\",\"itemListElement\":[{\"@type\":\"ListItem\",\"position\":1,\"name\":\"In\u00edcio\",\"item\":\"https:\/\/portalararasdenoticias.com.br\/\"},{\"@type\":\"ListItem\",\"position\":2,\"name\":\"Policial militar \u00e9 preso ap\u00f3s atirar contra duas pessoas em sa\u00edda de bar no conjunto Morada do Sol.\"}]},{\"@type\":\"WebSite\",\"@id\":\"https:\/\/portalararasdenoticias.com.br\/#website\",\"url\":\"https:\/\/portalararasdenoticias.com.br\/\",\"name\":\"Portal Araras de Not\u00edcias\",\"description\":\"O Seu Portal de Not\u00edcias\",\"potentialAction\":[{\"@type\":\"SearchAction\",\"target\":{\"@type\":\"EntryPoint\",\"urlTemplate\":\"https:\/\/portalararasdenoticias.com.br\/?s={search_term_string}\"},\"query-input\":{\"@type\":\"PropertyValueSpecification\",\"valueRequired\":true,\"valueName\":\"search_term_string\"}}],\"inLanguage\":\"pt-BR\"},{\"@type\":\"Person\",\"@id\":\"https:\/\/portalararasdenoticias.com.br\/#\/schema\/person\/a6190507efe29dea1049d60d05ed5c0a\",\"name\":\"Portal Araras de Noticias\",\"image\":{\"@type\":\"ImageObject\",\"inLanguage\":\"pt-BR\",\"@id\":\"https:\/\/portalararasdenoticias.com.br\/#\/schema\/person\/image\/\",\"url\":\"https:\/\/secure.gravatar.com\/avatar\/4df7c42bc08e78bc9b6e13086fafc161bdf01220657cd93de3d828ab6c60d469?s=96&d=mm&r=g\",\"contentUrl\":\"https:\/\/secure.gravatar.com\/avatar\/4df7c42bc08e78bc9b6e13086fafc161bdf01220657cd93de3d828ab6c60d469?s=96&d=mm&r=g\",\"caption\":\"Portal Araras de Noticias\"},\"sameAs\":[\"https:\/\/portalararasdenoticias.com.br\/\"],\"url\":\"https:\/\/portalararasdenoticias.com.br\/?author=5\"}]}<\/script>\n<!-- \/ Yoast SEO plugin. -->","yoast_head_json":{"title":"Policial militar \u00e9 preso ap\u00f3s atirar contra duas pessoas em sa\u00edda de bar no conjunto Morada do Sol. - Portal Araras de Not\u00edcias","robots":{"index":"index","follow":"follow","max-snippet":"max-snippet:-1","max-image-preview":"max-image-preview:large","max-video-preview":"max-video-preview:-1"},"canonical":"https:\/\/portalararasdenoticias.com.br\/?p=6214","og_locale":"pt_BR","og_type":"article","og_title":"Policial militar \u00e9 preso ap\u00f3s atirar contra duas pessoas em sa\u00edda de bar no conjunto Morada do Sol. - Portal Araras de Not\u00edcias","og_description":"Segundo testemunhas, o sargento F\u00e1bio Andr\u00e9 teria se desentendido com Adriano Souza da Silva e Denilson Oliveira de Souza e acabou disparando contra os dois.Um sargento da pol\u00edcia militar, identificado como F\u00e1bio Andr\u00e9, foi preso em flagrante por ter atirado contra duas pessoas, identificadas como Adriano Souza da Silva, 34, e Denilson Oliveira de Souza, [&hellip;]","og_url":"https:\/\/portalararasdenoticias.com.br\/?p=6214","og_site_name":"Portal Araras de Not\u00edcias","article_published_time":"2025-02-01T02:48:05+00:00","article_modified_time":"2025-03-24T12:23:38+00:00","og_image":[{"width":698,"height":540,"url":"https:\/\/portalararasdenoticias.com.br\/wp-content\/uploads\/2025\/01\/475188966_1165105658953063_78432836716514023_n.jpg","type":"image\/jpeg"}],"author":"Portal Araras de Noticias","twitter_card":"summary_large_image","twitter_misc":{"Escrito por":"Portal Araras de Noticias","Est. tempo de leitura":"1 minuto"},"schema":{"@context":"https:\/\/schema.org","@graph":[{"@type":"Article","@id":"https:\/\/portalararasdenoticias.com.br\/?p=6214#article","isPartOf":{"@id":"https:\/\/portalararasdenoticias.com.br\/?p=6214"},"author":{"name":"Portal Araras de Noticias","@id":"https:\/\/portalararasdenoticias.com.br\/#\/schema\/person\/a6190507efe29dea1049d60d05ed5c0a"},"headline":"Policial militar \u00e9 preso ap\u00f3s atirar contra duas pessoas em sa\u00edda de bar no conjunto Morada do Sol.","datePublished":"2025-02-01T02:48:05+00:00","dateModified":"2025-03-24T12:23:38+00:00","mainEntityOfPage":{"@id":"https:\/\/portalararasdenoticias.com.br\/?p=6214"},"wordCount":200,"commentCount":0,"image":{"@id":"https:\/\/portalararasdenoticias.com.br\/?p=6214#primaryimage"},"thumbnailUrl":"https:\/\/portalararasdenoticias.com.br\/wp-content\/uploads\/2025\/01\/475188966_1165105658953063_78432836716514023_n.jpg","inLanguage":"pt-BR","potentialAction":[{"@type":"CommentAction","name":"Comment","target":["https:\/\/portalararasdenoticias.com.br\/?p=6214#respond"]}]},{"@type":"WebPage","@id":"https:\/\/portalararasdenoticias.com.br\/?p=6214","url":"https:\/\/portalararasdenoticias.com.br\/?p=6214","name":"Policial militar \u00e9 preso ap\u00f3s atirar contra duas pessoas em sa\u00edda de bar no conjunto Morada do Sol. - Portal Araras de Not\u00edcias","isPartOf":{"@id":"https:\/\/portalararasdenoticias.com.br\/#website"},"primaryImageOfPage":{"@id":"https:\/\/portalararasdenoticias.com.br\/?p=6214#primaryimage"},"image":{"@id":"https:\/\/portalararasdenoticias.com.br\/?p=6214#primaryimage"},"thumbnailUrl":"https:\/\/portalararasdenoticias.com.br\/wp-content\/uploads\/2025\/01\/475188966_1165105658953063_78432836716514023_n.jpg","datePublished":"2025-02-01T02:48:05+00:00","dateModified":"2025-03-24T12:23:38+00:00","author":{"@id":"https:\/\/portalararasdenoticias.com.br\/#\/schema\/person\/a6190507efe29dea1049d60d05ed5c0a"},"breadcrumb":{"@id":"https:\/\/portalararasdenoticias.com.br\/?p=6214#breadcrumb"},"inLanguage":"pt-BR","potentialAction":[{"@type":"ReadAction","target":["https:\/\/portalararasdenoticias.com.br\/?p=6214"]}]},{"@type":"ImageObject","inLanguage":"pt-BR","@id":"https:\/\/portalararasdenoticias.com.br\/?p=6214#primaryimage","url":"https:\/\/portalararasdenoticias.com.br\/wp-content\/uploads\/2025\/01\/475188966_1165105658953063_78432836716514023_n.jpg","contentUrl":"https:\/\/portalararasdenoticias.com.br\/wp-content\/uploads\/2025\/01\/475188966_1165105658953063_78432836716514023_n.jpg","width":698,"height":540},{"@type":"BreadcrumbList","@id":"https:\/\/portalararasdenoticias.com.br\/?p=6214#breadcrumb","itemListElement":[{"@type":"ListItem","position":1,"name":"In\u00edcio","item":"https:\/\/portalararasdenoticias.com.br\/"},{"@type":"ListItem","position":2,"name":"Policial militar \u00e9 preso ap\u00f3s atirar contra duas pessoas em sa\u00edda de bar no conjunto Morada do Sol."}]},{"@type":"WebSite","@id":"https:\/\/portalararasdenoticias.com.br\/#website","url":"https:\/\/portalararasdenoticias.com.br\/","name":"Portal Araras de Not\u00edcias","description":"O Seu Portal de Not\u00edcias","potentialAction":[{"@type":"SearchAction","target":{"@type":"EntryPoint","urlTemplate":"https:\/\/portalararasdenoticias.com.br\/?s={search_term_string}"},"query-input":{"@type":"PropertyValueSpecification","valueRequired":true,"valueName":"search_term_string"}}],"inLanguage":"pt-BR"},{"@type":"Person","@id":"https:\/\/portalararasdenoticias.com.br\/#\/schema\/person\/a6190507efe29dea1049d60d05ed5c0a","name":"Portal Araras de Noticias","image":{"@type":"ImageObject","inLanguage":"pt-BR","@id":"https:\/\/portalararasdenoticias.com.br\/#\/schema\/person\/image\/","url":"https:\/\/secure.gravatar.com\/avatar\/4df7c42bc08e78bc9b6e13086fafc161bdf01220657cd93de3d828ab6c60d469?s=96&d=mm&r=g","contentUrl":"https:\/\/secure.gravatar.com\/avatar\/4df7c42bc08e78bc9b6e13086fafc161bdf01220657cd93de3d828ab6c60d469?s=96&d=mm&r=g","caption":"Portal Araras de Noticias"},"sameAs":["https:\/\/portalararasdenoticias.com.br\/"],"url":"https:\/\/portalararasdenoticias.com.br\/?author=5"}]}},"_links":{"self":[{"href":"https:\/\/portalararasdenoticias.com.br\/index.php?rest_route=\/wp\/v2\/posts\/6214","targetHints":{"allow":["GET"]}}],"collection":[{"href":"https:\/\/portalararasdenoticias.com.br\/index.php?rest_route=\/wp\/v2\/posts"}],"about":[{"href":"https:\/\/portalararasdenoticias.com.br\/index.php?rest_route=\/wp\/v2\/types\/post"}],"author":[{"embeddable":true,"href":"https:\/\/portalararasdenoticias.com.br\/index.php?rest_route=\/wp\/v2\/users\/5"}],"replies":[{"embeddable":true,"href":"https:\/\/portalararasdenoticias.com.br\/index.php?rest_route=%2Fwp%2Fv2%2Fcomments&post=6214"}],"version-history":[{"count":1,"href":"https:\/\/portalararasdenoticias.com.br\/index.php?rest_route=\/wp\/v2\/posts\/6214\/revisions"}],"predecessor-version":[{"id":6216,"href":"https:\/\/portalararasdenoticias.com.br\/index.php?rest_route=\/wp\/v2\/posts\/6214\/revisions\/6216"}],"wp:featuredmedia":[{"embeddable":true,"href":"https:\/\/portalararasdenoticias.com.br\/index.php?rest_route=\/wp\/v2\/media\/6215"}],"wp:attachment":[{"href":"https:\/\/portalararasdenoticias.com.br\/index.php?rest_route=%2Fwp%2Fv2%2Fmedia&parent=6214"}],"wp:term":[{"taxonomy":"category","embeddable":true,"href":"https:\/\/portalararasdenoticias.com.br\/index.php?rest_route=%2Fwp%2Fv2%2Fcategories&post=6214"},{"taxonomy":"post_tag","embeddable":true,"href":"https:\/\/portalararasdenoticias.com.br\/index.php?rest_route=%2Fwp%2Fv2%2Ftags&post=6214"}],"curies":[{"name":"wp","href":"https:\/\/api.w.org\/{rel}","templated":true}]}}