{"id":6247,"date":"2025-02-06T23:01:50","date_gmt":"2025-02-07T02:01:50","guid":{"rendered":"https:\/\/portalararasdenoticias.com.br\/?p=6247"},"modified":"2025-03-24T09:19:37","modified_gmt":"2025-03-24T12:19:37","slug":"militares-sao-presos-por-suspeita-de-levar-drogas-em-avioes-da-fab-no-amazonas-dois-civis-suspeitos-de-envolvimento-no-crime-tambem-foram-presos","status":"publish","type":"post","link":"https:\/\/portalararasdenoticias.com.br\/?p=6247","title":{"rendered":"Militares s\u00e3o presos por suspeita de levar drogas em avi\u00f5es da FAB no Amazonas dois civis suspeitos de envolvimento no crime tamb\u00e9m foram presos."},"content":{"rendered":"\n<p>A Pol\u00edcia Civil do Amazonas prendeu nesta quinta-feira (6) tr\u00eas militares da For\u00e7a A\u00e9rea Brasileira por suspeita de envolvimento com o transporte de drogas em avi\u00f5es da FAB. Dois civis suspeitos do crime tamb\u00e9m foram presos.<br>A Opera\u00e7\u00e3o Queda no C\u00e9u foi deflagrada pela Delegacia Especializada de S\u00e3o Gabriel da Cachoeira, cidade que fica a mais de 850 quil\u00f4metros da capital, Manaus, e que faz fronteira com a Col\u00f4mbia e a Venezuela. Historicamente, a regi\u00e3o registra intensa atividade do narcotr\u00e1fico.<br>Segundo informa\u00e7\u00f5es da Pol\u00edcia Civil, entre os presos est\u00e1 o respons\u00e1vel por financiar a compra e o transporte das drogas, que estariam sendo regularmente levadas de S\u00e3o Gabriel da Cachoeira at\u00e9 Manaus nos avi\u00f5es da FAB.<br>As investiga\u00e7\u00f5es tiveram origem em uma apreens\u00e3o de cerca de 350 quilos de drogas ocorrida no ano passado, quando tr\u00eas militares haviam sido presos, incluindo um soldado do Ex\u00e9rcito.<br>fonte: Ag\u00eancia Bras<\/p>\n\n\n\n<figure class=\"wp-block-gallery has-nested-images columns-default is-cropped wp-block-gallery-1 is-layout-flex wp-block-gallery-is-layout-flex\">\n<figure class=\"wp-block-image size-large\"><img loading=\"lazy\" decoding=\"async\" width=\"1024\" height=\"576\" data-id=\"6250\" src=\"https:\/\/portalararasdenoticias.com.br\/wp-content\/uploads\/2025\/02\/476032611_1173187604811535_2853511025300287598_n-1-1024x576.jpg\" alt=\"\" class=\"wp-image-6250\" srcset=\"https:\/\/portalararasdenoticias.com.br\/wp-content\/uploads\/2025\/02\/476032611_1173187604811535_2853511025300287598_n-1-1024x576.jpg 1024w, https:\/\/portalararasdenoticias.com.br\/wp-content\/uploads\/2025\/02\/476032611_1173187604811535_2853511025300287598_n-1-300x169.jpg 300w, https:\/\/portalararasdenoticias.com.br\/wp-content\/uploads\/2025\/02\/476032611_1173187604811535_2853511025300287598_n-1-768x432.jpg 768w, https:\/\/portalararasdenoticias.com.br\/wp-content\/uploads\/2025\/02\/476032611_1173187604811535_2853511025300287598_n-1.jpg 1080w\" sizes=\"auto, (max-width: 1024px) 100vw, 1024px\" \/><\/figure>\n\n\n\n<figure class=\"wp-block-image size-large\"><img loading=\"lazy\" decoding=\"async\" width=\"540\" height=\"318\" data-id=\"6251\" src=\"https:\/\/portalararasdenoticias.com.br\/wp-content\/uploads\/2025\/02\/476432123_1173187561478206_5184156440753662757_n-1.jpg\" alt=\"\" class=\"wp-image-6251\" srcset=\"https:\/\/portalararasdenoticias.com.br\/wp-content\/uploads\/2025\/02\/476432123_1173187561478206_5184156440753662757_n-1.jpg 540w, https:\/\/portalararasdenoticias.com.br\/wp-content\/uploads\/2025\/02\/476432123_1173187561478206_5184156440753662757_n-1-300x177.jpg 300w\" sizes=\"auto, (max-width: 540px) 100vw, 540px\" \/><\/figure>\n<\/figure>\n","protected":false},"excerpt":{"rendered":"<p>A Pol\u00edcia Civil do Amazonas prendeu nesta quinta-feira (6) tr\u00eas militares da For\u00e7a A\u00e9rea Brasileira por suspeita de envolvimento com o transporte de drogas em avi\u00f5es da FAB. Dois civis suspeitos do crime tamb\u00e9m foram presos.A Opera\u00e7\u00e3o Queda no C\u00e9u foi deflagrada pela Delegacia Especializada de S\u00e3o Gabriel da Cachoeira, cidade que fica a mais [&hellip;]<\/p>\n","protected":false},"author":5,"featured_media":6249,"comment_status":"open","ping_status":"open","sticky":true,"template":"","format":"standard","meta":{"footnotes":""},"categories":[],"tags":[],"class_list":["post-6247","post","type-post","status-publish","format-standard","has-post-thumbnail","hentry"],"yoast_head":"<!-- This site is optimized with the Yoast SEO plugin v27.0 - https:\/\/yoast.com\/product\/yoast-seo-wordpress\/ -->\n<title>Militares s\u00e3o presos por suspeita de levar drogas em avi\u00f5es da FAB no Amazonas dois civis suspeitos de envolvimento no crime tamb\u00e9m foram presos. - Portal Araras de Not\u00edcias<\/title>\n<meta name=\"robots\" content=\"index, follow, max-snippet:-1, max-image-preview:large, max-video-preview:-1\" \/>\n<link rel=\"canonical\" href=\"https:\/\/portalararasdenoticias.com.br\/?p=6247\" \/>\n<meta property=\"og:locale\" content=\"pt_BR\" \/>\n<meta property=\"og:type\" content=\"article\" \/>\n<meta property=\"og:title\" content=\"Militares s\u00e3o presos por suspeita de levar drogas em avi\u00f5es da FAB no Amazonas dois civis suspeitos de envolvimento no crime tamb\u00e9m foram presos. - Portal Araras de Not\u00edcias\" \/>\n<meta property=\"og:description\" content=\"A Pol\u00edcia Civil do Amazonas prendeu nesta quinta-feira (6) tr\u00eas militares da For\u00e7a A\u00e9rea Brasileira por suspeita de envolvimento com o transporte de drogas em avi\u00f5es da FAB. Dois civis suspeitos do crime tamb\u00e9m foram presos.A Opera\u00e7\u00e3o Queda no C\u00e9u foi deflagrada pela Delegacia Especializada de S\u00e3o Gabriel da Cachoeira, cidade que fica a mais [&hellip;]\" \/>\n<meta property=\"og:url\" content=\"https:\/\/portalararasdenoticias.com.br\/?p=6247\" \/>\n<meta property=\"og:site_name\" content=\"Portal Araras de Not\u00edcias\" \/>\n<meta property=\"article:published_time\" content=\"2025-02-07T02:01:50+00:00\" \/>\n<meta property=\"article:modified_time\" content=\"2025-03-24T12:19:37+00:00\" \/>\n<meta property=\"og:image\" content=\"https:\/\/portalararasdenoticias.com.br\/wp-content\/uploads\/2025\/02\/476432123_1173187561478206_5184156440753662757_n.jpg\" \/>\n\t<meta property=\"og:image:width\" content=\"540\" \/>\n\t<meta property=\"og:image:height\" content=\"318\" \/>\n\t<meta property=\"og:image:type\" content=\"image\/jpeg\" \/>\n<meta name=\"author\" content=\"Portal Araras de Noticias\" \/>\n<meta name=\"twitter:card\" content=\"summary_large_image\" \/>\n<meta name=\"twitter:label1\" content=\"Escrito por\" \/>\n\t<meta name=\"twitter:data1\" content=\"Portal Araras de Noticias\" \/>\n\t<meta name=\"twitter:label2\" content=\"Est. tempo de leitura\" \/>\n\t<meta name=\"twitter:data2\" content=\"1 minuto\" \/>\n<script type=\"application\/ld+json\" class=\"yoast-schema-graph\">{\"@context\":\"https:\/\/schema.org\",\"@graph\":[{\"@type\":\"Article\",\"@id\":\"https:\/\/portalararasdenoticias.com.br\/?p=6247#article\",\"isPartOf\":{\"@id\":\"https:\/\/portalararasdenoticias.com.br\/?p=6247\"},\"author\":{\"name\":\"Portal Araras de Noticias\",\"@id\":\"https:\/\/portalararasdenoticias.com.br\/#\/schema\/person\/a6190507efe29dea1049d60d05ed5c0a\"},\"headline\":\"Militares s\u00e3o presos por suspeita de levar drogas em avi\u00f5es da FAB no Amazonas dois civis suspeitos de envolvimento no crime tamb\u00e9m foram presos.\",\"datePublished\":\"2025-02-07T02:01:50+00:00\",\"dateModified\":\"2025-03-24T12:19:37+00:00\",\"mainEntityOfPage\":{\"@id\":\"https:\/\/portalararasdenoticias.com.br\/?p=6247\"},\"wordCount\":195,\"commentCount\":0,\"image\":{\"@id\":\"https:\/\/portalararasdenoticias.com.br\/?p=6247#primaryimage\"},\"thumbnailUrl\":\"https:\/\/portalararasdenoticias.com.br\/wp-content\/uploads\/2025\/02\/476432123_1173187561478206_5184156440753662757_n.jpg\",\"inLanguage\":\"pt-BR\",\"potentialAction\":[{\"@type\":\"CommentAction\",\"name\":\"Comment\",\"target\":[\"https:\/\/portalararasdenoticias.com.br\/?p=6247#respond\"]}]},{\"@type\":\"WebPage\",\"@id\":\"https:\/\/portalararasdenoticias.com.br\/?p=6247\",\"url\":\"https:\/\/portalararasdenoticias.com.br\/?p=6247\",\"name\":\"Militares s\u00e3o presos por suspeita de levar drogas em avi\u00f5es da FAB no Amazonas dois civis suspeitos de envolvimento no crime tamb\u00e9m foram presos. - Portal Araras de Not\u00edcias\",\"isPartOf\":{\"@id\":\"https:\/\/portalararasdenoticias.com.br\/#website\"},\"primaryImageOfPage\":{\"@id\":\"https:\/\/portalararasdenoticias.com.br\/?p=6247#primaryimage\"},\"image\":{\"@id\":\"https:\/\/portalararasdenoticias.com.br\/?p=6247#primaryimage\"},\"thumbnailUrl\":\"https:\/\/portalararasdenoticias.com.br\/wp-content\/uploads\/2025\/02\/476432123_1173187561478206_5184156440753662757_n.jpg\",\"datePublished\":\"2025-02-07T02:01:50+00:00\",\"dateModified\":\"2025-03-24T12:19:37+00:00\",\"author\":{\"@id\":\"https:\/\/portalararasdenoticias.com.br\/#\/schema\/person\/a6190507efe29dea1049d60d05ed5c0a\"},\"breadcrumb\":{\"@id\":\"https:\/\/portalararasdenoticias.com.br\/?p=6247#breadcrumb\"},\"inLanguage\":\"pt-BR\",\"potentialAction\":[{\"@type\":\"ReadAction\",\"target\":[\"https:\/\/portalararasdenoticias.com.br\/?p=6247\"]}]},{\"@type\":\"ImageObject\",\"inLanguage\":\"pt-BR\",\"@id\":\"https:\/\/portalararasdenoticias.com.br\/?p=6247#primaryimage\",\"url\":\"https:\/\/portalararasdenoticias.com.br\/wp-content\/uploads\/2025\/02\/476432123_1173187561478206_5184156440753662757_n.jpg\",\"contentUrl\":\"https:\/\/portalararasdenoticias.com.br\/wp-content\/uploads\/2025\/02\/476432123_1173187561478206_5184156440753662757_n.jpg\",\"width\":540,\"height\":318},{\"@type\":\"BreadcrumbList\",\"@id\":\"https:\/\/portalararasdenoticias.com.br\/?p=6247#breadcrumb\",\"itemListElement\":[{\"@type\":\"ListItem\",\"position\":1,\"name\":\"In\u00edcio\",\"item\":\"https:\/\/portalararasdenoticias.com.br\/\"},{\"@type\":\"ListItem\",\"position\":2,\"name\":\"Militares s\u00e3o presos por suspeita de levar drogas em avi\u00f5es da FAB no Amazonas dois civis suspeitos de envolvimento no crime tamb\u00e9m foram presos.\"}]},{\"@type\":\"WebSite\",\"@id\":\"https:\/\/portalararasdenoticias.com.br\/#website\",\"url\":\"https:\/\/portalararasdenoticias.com.br\/\",\"name\":\"Portal Araras de Not\u00edcias\",\"description\":\"O Seu Portal de Not\u00edcias\",\"potentialAction\":[{\"@type\":\"SearchAction\",\"target\":{\"@type\":\"EntryPoint\",\"urlTemplate\":\"https:\/\/portalararasdenoticias.com.br\/?s={search_term_string}\"},\"query-input\":{\"@type\":\"PropertyValueSpecification\",\"valueRequired\":true,\"valueName\":\"search_term_string\"}}],\"inLanguage\":\"pt-BR\"},{\"@type\":\"Person\",\"@id\":\"https:\/\/portalararasdenoticias.com.br\/#\/schema\/person\/a6190507efe29dea1049d60d05ed5c0a\",\"name\":\"Portal Araras de Noticias\",\"image\":{\"@type\":\"ImageObject\",\"inLanguage\":\"pt-BR\",\"@id\":\"https:\/\/portalararasdenoticias.com.br\/#\/schema\/person\/image\/\",\"url\":\"https:\/\/secure.gravatar.com\/avatar\/4df7c42bc08e78bc9b6e13086fafc161bdf01220657cd93de3d828ab6c60d469?s=96&d=mm&r=g\",\"contentUrl\":\"https:\/\/secure.gravatar.com\/avatar\/4df7c42bc08e78bc9b6e13086fafc161bdf01220657cd93de3d828ab6c60d469?s=96&d=mm&r=g\",\"caption\":\"Portal Araras de Noticias\"},\"sameAs\":[\"https:\/\/portalararasdenoticias.com.br\/\"],\"url\":\"https:\/\/portalararasdenoticias.com.br\/?author=5\"}]}<\/script>\n<!-- \/ Yoast SEO plugin. -->","yoast_head_json":{"title":"Militares s\u00e3o presos por suspeita de levar drogas em avi\u00f5es da FAB no Amazonas dois civis suspeitos de envolvimento no crime tamb\u00e9m foram presos. - Portal Araras de Not\u00edcias","robots":{"index":"index","follow":"follow","max-snippet":"max-snippet:-1","max-image-preview":"max-image-preview:large","max-video-preview":"max-video-preview:-1"},"canonical":"https:\/\/portalararasdenoticias.com.br\/?p=6247","og_locale":"pt_BR","og_type":"article","og_title":"Militares s\u00e3o presos por suspeita de levar drogas em avi\u00f5es da FAB no Amazonas dois civis suspeitos de envolvimento no crime tamb\u00e9m foram presos. - Portal Araras de Not\u00edcias","og_description":"A Pol\u00edcia Civil do Amazonas prendeu nesta quinta-feira (6) tr\u00eas militares da For\u00e7a A\u00e9rea Brasileira por suspeita de envolvimento com o transporte de drogas em avi\u00f5es da FAB. Dois civis suspeitos do crime tamb\u00e9m foram presos.A Opera\u00e7\u00e3o Queda no C\u00e9u foi deflagrada pela Delegacia Especializada de S\u00e3o Gabriel da Cachoeira, cidade que fica a mais [&hellip;]","og_url":"https:\/\/portalararasdenoticias.com.br\/?p=6247","og_site_name":"Portal Araras de Not\u00edcias","article_published_time":"2025-02-07T02:01:50+00:00","article_modified_time":"2025-03-24T12:19:37+00:00","og_image":[{"width":540,"height":318,"url":"https:\/\/portalararasdenoticias.com.br\/wp-content\/uploads\/2025\/02\/476432123_1173187561478206_5184156440753662757_n.jpg","type":"image\/jpeg"}],"author":"Portal Araras de Noticias","twitter_card":"summary_large_image","twitter_misc":{"Escrito por":"Portal Araras de Noticias","Est. tempo de leitura":"1 minuto"},"schema":{"@context":"https:\/\/schema.org","@graph":[{"@type":"Article","@id":"https:\/\/portalararasdenoticias.com.br\/?p=6247#article","isPartOf":{"@id":"https:\/\/portalararasdenoticias.com.br\/?p=6247"},"author":{"name":"Portal Araras de Noticias","@id":"https:\/\/portalararasdenoticias.com.br\/#\/schema\/person\/a6190507efe29dea1049d60d05ed5c0a"},"headline":"Militares s\u00e3o presos por suspeita de levar drogas em avi\u00f5es da FAB no Amazonas dois civis suspeitos de envolvimento no crime tamb\u00e9m foram presos.","datePublished":"2025-02-07T02:01:50+00:00","dateModified":"2025-03-24T12:19:37+00:00","mainEntityOfPage":{"@id":"https:\/\/portalararasdenoticias.com.br\/?p=6247"},"wordCount":195,"commentCount":0,"image":{"@id":"https:\/\/portalararasdenoticias.com.br\/?p=6247#primaryimage"},"thumbnailUrl":"https:\/\/portalararasdenoticias.com.br\/wp-content\/uploads\/2025\/02\/476432123_1173187561478206_5184156440753662757_n.jpg","inLanguage":"pt-BR","potentialAction":[{"@type":"CommentAction","name":"Comment","target":["https:\/\/portalararasdenoticias.com.br\/?p=6247#respond"]}]},{"@type":"WebPage","@id":"https:\/\/portalararasdenoticias.com.br\/?p=6247","url":"https:\/\/portalararasdenoticias.com.br\/?p=6247","name":"Militares s\u00e3o presos por suspeita de levar drogas em avi\u00f5es da FAB no Amazonas dois civis suspeitos de envolvimento no crime tamb\u00e9m foram presos. - Portal Araras de Not\u00edcias","isPartOf":{"@id":"https:\/\/portalararasdenoticias.com.br\/#website"},"primaryImageOfPage":{"@id":"https:\/\/portalararasdenoticias.com.br\/?p=6247#primaryimage"},"image":{"@id":"https:\/\/portalararasdenoticias.com.br\/?p=6247#primaryimage"},"thumbnailUrl":"https:\/\/portalararasdenoticias.com.br\/wp-content\/uploads\/2025\/02\/476432123_1173187561478206_5184156440753662757_n.jpg","datePublished":"2025-02-07T02:01:50+00:00","dateModified":"2025-03-24T12:19:37+00:00","author":{"@id":"https:\/\/portalararasdenoticias.com.br\/#\/schema\/person\/a6190507efe29dea1049d60d05ed5c0a"},"breadcrumb":{"@id":"https:\/\/portalararasdenoticias.com.br\/?p=6247#breadcrumb"},"inLanguage":"pt-BR","potentialAction":[{"@type":"ReadAction","target":["https:\/\/portalararasdenoticias.com.br\/?p=6247"]}]},{"@type":"ImageObject","inLanguage":"pt-BR","@id":"https:\/\/portalararasdenoticias.com.br\/?p=6247#primaryimage","url":"https:\/\/portalararasdenoticias.com.br\/wp-content\/uploads\/2025\/02\/476432123_1173187561478206_5184156440753662757_n.jpg","contentUrl":"https:\/\/portalararasdenoticias.com.br\/wp-content\/uploads\/2025\/02\/476432123_1173187561478206_5184156440753662757_n.jpg","width":540,"height":318},{"@type":"BreadcrumbList","@id":"https:\/\/portalararasdenoticias.com.br\/?p=6247#breadcrumb","itemListElement":[{"@type":"ListItem","position":1,"name":"In\u00edcio","item":"https:\/\/portalararasdenoticias.com.br\/"},{"@type":"ListItem","position":2,"name":"Militares s\u00e3o presos por suspeita de levar drogas em avi\u00f5es da FAB no Amazonas dois civis suspeitos de envolvimento no crime tamb\u00e9m foram presos."}]},{"@type":"WebSite","@id":"https:\/\/portalararasdenoticias.com.br\/#website","url":"https:\/\/portalararasdenoticias.com.br\/","name":"Portal Araras de Not\u00edcias","description":"O Seu Portal de Not\u00edcias","potentialAction":[{"@type":"SearchAction","target":{"@type":"EntryPoint","urlTemplate":"https:\/\/portalararasdenoticias.com.br\/?s={search_term_string}"},"query-input":{"@type":"PropertyValueSpecification","valueRequired":true,"valueName":"search_term_string"}}],"inLanguage":"pt-BR"},{"@type":"Person","@id":"https:\/\/portalararasdenoticias.com.br\/#\/schema\/person\/a6190507efe29dea1049d60d05ed5c0a","name":"Portal Araras de Noticias","image":{"@type":"ImageObject","inLanguage":"pt-BR","@id":"https:\/\/portalararasdenoticias.com.br\/#\/schema\/person\/image\/","url":"https:\/\/secure.gravatar.com\/avatar\/4df7c42bc08e78bc9b6e13086fafc161bdf01220657cd93de3d828ab6c60d469?s=96&d=mm&r=g","contentUrl":"https:\/\/secure.gravatar.com\/avatar\/4df7c42bc08e78bc9b6e13086fafc161bdf01220657cd93de3d828ab6c60d469?s=96&d=mm&r=g","caption":"Portal Araras de Noticias"},"sameAs":["https:\/\/portalararasdenoticias.com.br\/"],"url":"https:\/\/portalararasdenoticias.com.br\/?author=5"}]}},"_links":{"self":[{"href":"https:\/\/portalararasdenoticias.com.br\/index.php?rest_route=\/wp\/v2\/posts\/6247","targetHints":{"allow":["GET"]}}],"collection":[{"href":"https:\/\/portalararasdenoticias.com.br\/index.php?rest_route=\/wp\/v2\/posts"}],"about":[{"href":"https:\/\/portalararasdenoticias.com.br\/index.php?rest_route=\/wp\/v2\/types\/post"}],"author":[{"embeddable":true,"href":"https:\/\/portalararasdenoticias.com.br\/index.php?rest_route=\/wp\/v2\/users\/5"}],"replies":[{"embeddable":true,"href":"https:\/\/portalararasdenoticias.com.br\/index.php?rest_route=%2Fwp%2Fv2%2Fcomments&post=6247"}],"version-history":[{"count":1,"href":"https:\/\/portalararasdenoticias.com.br\/index.php?rest_route=\/wp\/v2\/posts\/6247\/revisions"}],"predecessor-version":[{"id":6252,"href":"https:\/\/portalararasdenoticias.com.br\/index.php?rest_route=\/wp\/v2\/posts\/6247\/revisions\/6252"}],"wp:featuredmedia":[{"embeddable":true,"href":"https:\/\/portalararasdenoticias.com.br\/index.php?rest_route=\/wp\/v2\/media\/6249"}],"wp:attachment":[{"href":"https:\/\/portalararasdenoticias.com.br\/index.php?rest_route=%2Fwp%2Fv2%2Fmedia&parent=6247"}],"wp:term":[{"taxonomy":"category","embeddable":true,"href":"https:\/\/portalararasdenoticias.com.br\/index.php?rest_route=%2Fwp%2Fv2%2Fcategories&post=6247"},{"taxonomy":"post_tag","embeddable":true,"href":"https:\/\/portalararasdenoticias.com.br\/index.php?rest_route=%2Fwp%2Fv2%2Ftags&post=6247"}],"curies":[{"name":"wp","href":"https:\/\/api.w.org\/{rel}","templated":true}]}}