{"id":6253,"date":"2025-02-06T23:08:12","date_gmt":"2025-02-07T02:08:12","guid":{"rendered":"https:\/\/portalararasdenoticias.com.br\/?p=6253"},"modified":"2025-03-24T09:19:00","modified_gmt":"2025-03-24T12:19:00","slug":"isabelle-nogueira-anuncia-fim-do-noivado-com-matteus-somos-incompativeis-isabelle-nogueira-anunciou-nesta-quarta-feira-5-o-fim-do-noivado-com-matteus-amaral-o-gaucho-postou-o-mesmo-co","status":"publish","type":"post","link":"https:\/\/portalararasdenoticias.com.br\/?p=6253","title":{"rendered":"Isabelle Nogueira anuncia fim do noivado com Matteus: &#8216;Somos incompat\u00edveis.<br>Isabelle Nogueira anunciou, nesta quarta-feira (5), o fim do noivado com Matteus Amaral \u2014 o ga\u00facho postou o mesmo comunicado da agora ex-noiva."},"content":{"rendered":"\n<p>O que aconteceu<br>Nogueira alegou &#8220;incompatibilidade&#8221; entre ela e Amaral. &#8220;Nosso sentimento nasceu de forma genu\u00edna e verdadeira, e assim permaneceu at\u00e9 hoje. Nos apaixonamos um pelo outro, especialmente pela simplicidade e pela hist\u00f3ria de vida que compartilhamos, t\u00e3o parecida em muitos aspectos. Sempre buscamos o melhor que poder\u00edamos ser juntos. Com o tempo, percebemos que, apesar de tantas semelhan\u00e7as, somos incompat\u00edveis. E \u00e9 essa consci\u00eancia que nos leva, a partir de agora, a seguir caminhos separados como casal&#8221;.<br>A ex-bbb afirmou que a decis\u00e3o de encerrar o noivado foi tomada por ambas as partes. &#8220;Queremos esclarecer &#8211; principalmente em respeito \u00e0s pessoas que nos amam &#8211; que essa n\u00e3o foi uma decis\u00e3o unilateral. Foi uma escolha refletida e compartilhada, justamente para preservar um sentimento que continua sendo \u00fanico e genu\u00edno: o nosso amor&#8221;.<br>Isabelle negou que ela e Amaral tenham ficado juntos por &#8220;press\u00e3o dos f\u00e3s&#8221;. &#8220;Tamb\u00e9m deixamos claro que n\u00e3o nos separamos h\u00e1 poucos dias, como foi especulado, e que jamais permanecemos juntos por press\u00e3o de f\u00e3s. Sempre vivemos nossa rela\u00e7\u00e3o de forma real, com altos e baixos, e seguimos tentando n\u00e3o por terceiros, mas por n\u00f3s mesmos&#8221;.<br>O ex-casal ainda agradeceu ao carinho e dedica\u00e7\u00e3o dos f\u00e3s. &#8220;Somos imensamente gratos por cada demonstra\u00e7\u00e3o de amor que nos enviaram ao longo desse tempo. A verdade \u00e9 simples: somos apenas incompat\u00edveis. E, por isso, escolhemos encerrar aqui, guardando nosso sentimento e as boas mem\u00f3rias que constru\u00edmos juntos. Pedimos que n\u00e3o se deixem levar por especula\u00e7\u00f5es infundadas. Que Deus aben\u00e7oe nossas vidas e a de cada um de voc\u00eas&#8221;<br>Fonte: UOL<\/p>\n\n\n\n<figure class=\"wp-block-gallery has-nested-images columns-default is-cropped wp-block-gallery-1 is-layout-flex wp-block-gallery-is-layout-flex\">\n<figure class=\"wp-block-image size-large\"><img loading=\"lazy\" decoding=\"async\" width=\"360\" height=\"240\" data-id=\"6255\" src=\"https:\/\/portalararasdenoticias.com.br\/wp-content\/uploads\/2025\/02\/1_isabelle-45236282.webp\" alt=\"\" class=\"wp-image-6255\" srcset=\"https:\/\/portalararasdenoticias.com.br\/wp-content\/uploads\/2025\/02\/1_isabelle-45236282.webp 360w, https:\/\/portalararasdenoticias.com.br\/wp-content\/uploads\/2025\/02\/1_isabelle-45236282-300x200.webp 300w\" sizes=\"auto, (max-width: 360px) 100vw, 360px\" \/><\/figure>\n\n\n\n<figure class=\"wp-block-image size-large\"><img loading=\"lazy\" decoding=\"async\" width=\"700\" height=\"875\" data-id=\"6256\" src=\"https:\/\/portalararasdenoticias.com.br\/wp-content\/uploads\/2025\/02\/5063539_c39beef5b3ba2b4.jpg\" alt=\"\" class=\"wp-image-6256\" srcset=\"https:\/\/portalararasdenoticias.com.br\/wp-content\/uploads\/2025\/02\/5063539_c39beef5b3ba2b4.jpg 700w, https:\/\/portalararasdenoticias.com.br\/wp-content\/uploads\/2025\/02\/5063539_c39beef5b3ba2b4-240x300.jpg 240w\" sizes=\"auto, (max-width: 700px) 100vw, 700px\" \/><\/figure>\n\n\n\n<figure class=\"wp-block-image size-large\"><img loading=\"lazy\" decoding=\"async\" width=\"507\" height=\"600\" data-id=\"6257\" src=\"https:\/\/portalararasdenoticias.com.br\/wp-content\/uploads\/2025\/02\/476365604_1172326078231021_1500271436968392563_n.jpg\" alt=\"\" class=\"wp-image-6257\" srcset=\"https:\/\/portalararasdenoticias.com.br\/wp-content\/uploads\/2025\/02\/476365604_1172326078231021_1500271436968392563_n.jpg 507w, https:\/\/portalararasdenoticias.com.br\/wp-content\/uploads\/2025\/02\/476365604_1172326078231021_1500271436968392563_n-254x300.jpg 254w\" sizes=\"auto, (max-width: 507px) 100vw, 507px\" \/><\/figure>\n\n\n\n<figure class=\"wp-block-image size-large\"><img loading=\"lazy\" decoding=\"async\" width=\"1024\" height=\"830\" data-id=\"6258\" src=\"https:\/\/portalararasdenoticias.com.br\/wp-content\/uploads\/2025\/02\/SaveClip.App_465926832_1072566504372564_5318769974586120118_n-e1731191944936-1-1024x830.jpg\" alt=\"\" class=\"wp-image-6258\" srcset=\"https:\/\/portalararasdenoticias.com.br\/wp-content\/uploads\/2025\/02\/SaveClip.App_465926832_1072566504372564_5318769974586120118_n-e1731191944936-1-1024x830.jpg 1024w, https:\/\/portalararasdenoticias.com.br\/wp-content\/uploads\/2025\/02\/SaveClip.App_465926832_1072566504372564_5318769974586120118_n-e1731191944936-1-300x243.jpg 300w, https:\/\/portalararasdenoticias.com.br\/wp-content\/uploads\/2025\/02\/SaveClip.App_465926832_1072566504372564_5318769974586120118_n-e1731191944936-1-768x622.jpg 768w, https:\/\/portalararasdenoticias.com.br\/wp-content\/uploads\/2025\/02\/SaveClip.App_465926832_1072566504372564_5318769974586120118_n-e1731191944936-1.jpg 1081w\" sizes=\"auto, (max-width: 1024px) 100vw, 1024px\" \/><\/figure>\n<\/figure>\n","protected":false},"excerpt":{"rendered":"<p>O que aconteceuNogueira alegou &#8220;incompatibilidade&#8221; entre ela e Amaral. &#8220;Nosso sentimento nasceu de forma genu\u00edna e verdadeira, e assim permaneceu at\u00e9 hoje. Nos apaixonamos um pelo outro, especialmente pela simplicidade e pela hist\u00f3ria de vida que compartilhamos, t\u00e3o parecida em muitos aspectos. Sempre buscamos o melhor que poder\u00edamos ser juntos. Com o tempo, percebemos que, [&hellip;]<\/p>\n","protected":false},"author":5,"featured_media":6254,"comment_status":"open","ping_status":"open","sticky":true,"template":"","format":"standard","meta":{"footnotes":""},"categories":[],"tags":[],"class_list":["post-6253","post","type-post","status-publish","format-standard","has-post-thumbnail","hentry"],"yoast_head":"<!-- This site is optimized with the Yoast SEO plugin v27.0 - https:\/\/yoast.com\/product\/yoast-seo-wordpress\/ -->\n<title>Isabelle Nogueira anuncia fim do noivado com Matteus: &#039;Somos incompat\u00edveis.Isabelle Nogueira anunciou, nesta quarta-feira (5), o fim do noivado com Matteus Amaral \u2014 o ga\u00facho postou o mesmo comunicado da agora ex-noiva. - Portal Araras de Not\u00edcias<\/title>\n<meta name=\"robots\" content=\"index, follow, max-snippet:-1, max-image-preview:large, max-video-preview:-1\" \/>\n<link rel=\"canonical\" href=\"https:\/\/portalararasdenoticias.com.br\/?p=6253\" \/>\n<meta property=\"og:locale\" content=\"pt_BR\" \/>\n<meta property=\"og:type\" content=\"article\" \/>\n<meta property=\"og:title\" content=\"Isabelle Nogueira anuncia fim do noivado com Matteus: &#039;Somos incompat\u00edveis.Isabelle Nogueira anunciou, nesta quarta-feira (5), o fim do noivado com Matteus Amaral \u2014 o ga\u00facho postou o mesmo comunicado da agora ex-noiva. - Portal Araras de Not\u00edcias\" \/>\n<meta property=\"og:description\" content=\"O que aconteceuNogueira alegou &#8220;incompatibilidade&#8221; entre ela e Amaral. &#8220;Nosso sentimento nasceu de forma genu\u00edna e verdadeira, e assim permaneceu at\u00e9 hoje. Nos apaixonamos um pelo outro, especialmente pela simplicidade e pela hist\u00f3ria de vida que compartilhamos, t\u00e3o parecida em muitos aspectos. Sempre buscamos o melhor que poder\u00edamos ser juntos. Com o tempo, percebemos que, [&hellip;]\" \/>\n<meta property=\"og:url\" content=\"https:\/\/portalararasdenoticias.com.br\/?p=6253\" \/>\n<meta property=\"og:site_name\" content=\"Portal Araras de Not\u00edcias\" \/>\n<meta property=\"article:published_time\" content=\"2025-02-07T02:08:12+00:00\" \/>\n<meta property=\"article:modified_time\" content=\"2025-03-24T12:19:00+00:00\" \/>\n<meta property=\"og:image\" content=\"https:\/\/portalararasdenoticias.com.br\/wp-content\/uploads\/2025\/02\/SaveClip.App_465926832_1072566504372564_5318769974586120118_n-e1731191944936.jpg\" \/>\n\t<meta property=\"og:image:width\" content=\"1081\" \/>\n\t<meta property=\"og:image:height\" content=\"876\" \/>\n\t<meta property=\"og:image:type\" content=\"image\/jpeg\" \/>\n<meta name=\"author\" content=\"Portal Araras de Noticias\" \/>\n<meta name=\"twitter:card\" content=\"summary_large_image\" \/>\n<meta name=\"twitter:label1\" content=\"Escrito por\" \/>\n\t<meta name=\"twitter:data1\" content=\"Portal Araras de Noticias\" \/>\n\t<meta name=\"twitter:label2\" content=\"Est. tempo de leitura\" \/>\n\t<meta name=\"twitter:data2\" content=\"1 minuto\" \/>\n<script type=\"application\/ld+json\" class=\"yoast-schema-graph\">{\"@context\":\"https:\/\/schema.org\",\"@graph\":[{\"@type\":\"Article\",\"@id\":\"https:\/\/portalararasdenoticias.com.br\/?p=6253#article\",\"isPartOf\":{\"@id\":\"https:\/\/portalararasdenoticias.com.br\/?p=6253\"},\"author\":{\"name\":\"Portal Araras de Noticias\",\"@id\":\"https:\/\/portalararasdenoticias.com.br\/#\/schema\/person\/a6190507efe29dea1049d60d05ed5c0a\"},\"headline\":\"Isabelle Nogueira anuncia fim do noivado com Matteus: &#8216;Somos incompat\u00edveis. Isabelle Nogueira anunciou, nesta quarta-feira (5), o fim do noivado com Matteus Amaral \u2014 o ga\u00facho postou o mesmo comunicado da agora ex-noiva.\",\"datePublished\":\"2025-02-07T02:08:12+00:00\",\"dateModified\":\"2025-03-24T12:19:00+00:00\",\"mainEntityOfPage\":{\"@id\":\"https:\/\/portalararasdenoticias.com.br\/?p=6253\"},\"wordCount\":321,\"commentCount\":0,\"image\":{\"@id\":\"https:\/\/portalararasdenoticias.com.br\/?p=6253#primaryimage\"},\"thumbnailUrl\":\"https:\/\/portalararasdenoticias.com.br\/wp-content\/uploads\/2025\/02\/SaveClip.App_465926832_1072566504372564_5318769974586120118_n-e1731191944936.jpg\",\"inLanguage\":\"pt-BR\",\"potentialAction\":[{\"@type\":\"CommentAction\",\"name\":\"Comment\",\"target\":[\"https:\/\/portalararasdenoticias.com.br\/?p=6253#respond\"]}]},{\"@type\":\"WebPage\",\"@id\":\"https:\/\/portalararasdenoticias.com.br\/?p=6253\",\"url\":\"https:\/\/portalararasdenoticias.com.br\/?p=6253\",\"name\":\"Isabelle Nogueira anuncia fim do noivado com Matteus: 'Somos incompat\u00edveis. Isabelle Nogueira anunciou, nesta quarta-feira (5), o fim do noivado com Matteus Amaral \u2014 o ga\u00facho postou o mesmo comunicado da agora ex-noiva. - Portal Araras de Not\u00edcias\",\"isPartOf\":{\"@id\":\"https:\/\/portalararasdenoticias.com.br\/#website\"},\"primaryImageOfPage\":{\"@id\":\"https:\/\/portalararasdenoticias.com.br\/?p=6253#primaryimage\"},\"image\":{\"@id\":\"https:\/\/portalararasdenoticias.com.br\/?p=6253#primaryimage\"},\"thumbnailUrl\":\"https:\/\/portalararasdenoticias.com.br\/wp-content\/uploads\/2025\/02\/SaveClip.App_465926832_1072566504372564_5318769974586120118_n-e1731191944936.jpg\",\"datePublished\":\"2025-02-07T02:08:12+00:00\",\"dateModified\":\"2025-03-24T12:19:00+00:00\",\"author\":{\"@id\":\"https:\/\/portalararasdenoticias.com.br\/#\/schema\/person\/a6190507efe29dea1049d60d05ed5c0a\"},\"breadcrumb\":{\"@id\":\"https:\/\/portalararasdenoticias.com.br\/?p=6253#breadcrumb\"},\"inLanguage\":\"pt-BR\",\"potentialAction\":[{\"@type\":\"ReadAction\",\"target\":[\"https:\/\/portalararasdenoticias.com.br\/?p=6253\"]}]},{\"@type\":\"ImageObject\",\"inLanguage\":\"pt-BR\",\"@id\":\"https:\/\/portalararasdenoticias.com.br\/?p=6253#primaryimage\",\"url\":\"https:\/\/portalararasdenoticias.com.br\/wp-content\/uploads\/2025\/02\/SaveClip.App_465926832_1072566504372564_5318769974586120118_n-e1731191944936.jpg\",\"contentUrl\":\"https:\/\/portalararasdenoticias.com.br\/wp-content\/uploads\/2025\/02\/SaveClip.App_465926832_1072566504372564_5318769974586120118_n-e1731191944936.jpg\",\"width\":1081,\"height\":876},{\"@type\":\"BreadcrumbList\",\"@id\":\"https:\/\/portalararasdenoticias.com.br\/?p=6253#breadcrumb\",\"itemListElement\":[{\"@type\":\"ListItem\",\"position\":1,\"name\":\"In\u00edcio\",\"item\":\"https:\/\/portalararasdenoticias.com.br\/\"},{\"@type\":\"ListItem\",\"position\":2,\"name\":\"Isabelle Nogueira anuncia fim do noivado com Matteus: &#8216;Somos incompat\u00edveis.Isabelle Nogueira anunciou, nesta quarta-feira (5), o fim do noivado com Matteus Amaral \u2014 o ga\u00facho postou o mesmo comunicado da agora ex-noiva.\"}]},{\"@type\":\"WebSite\",\"@id\":\"https:\/\/portalararasdenoticias.com.br\/#website\",\"url\":\"https:\/\/portalararasdenoticias.com.br\/\",\"name\":\"Portal Araras de Not\u00edcias\",\"description\":\"O Seu Portal de Not\u00edcias\",\"potentialAction\":[{\"@type\":\"SearchAction\",\"target\":{\"@type\":\"EntryPoint\",\"urlTemplate\":\"https:\/\/portalararasdenoticias.com.br\/?s={search_term_string}\"},\"query-input\":{\"@type\":\"PropertyValueSpecification\",\"valueRequired\":true,\"valueName\":\"search_term_string\"}}],\"inLanguage\":\"pt-BR\"},{\"@type\":\"Person\",\"@id\":\"https:\/\/portalararasdenoticias.com.br\/#\/schema\/person\/a6190507efe29dea1049d60d05ed5c0a\",\"name\":\"Portal Araras de Noticias\",\"image\":{\"@type\":\"ImageObject\",\"inLanguage\":\"pt-BR\",\"@id\":\"https:\/\/portalararasdenoticias.com.br\/#\/schema\/person\/image\/\",\"url\":\"https:\/\/secure.gravatar.com\/avatar\/4df7c42bc08e78bc9b6e13086fafc161bdf01220657cd93de3d828ab6c60d469?s=96&d=mm&r=g\",\"contentUrl\":\"https:\/\/secure.gravatar.com\/avatar\/4df7c42bc08e78bc9b6e13086fafc161bdf01220657cd93de3d828ab6c60d469?s=96&d=mm&r=g\",\"caption\":\"Portal Araras de Noticias\"},\"sameAs\":[\"https:\/\/portalararasdenoticias.com.br\/\"],\"url\":\"https:\/\/portalararasdenoticias.com.br\/?author=5\"}]}<\/script>\n<!-- \/ Yoast SEO plugin. -->","yoast_head_json":{"title":"Isabelle Nogueira anuncia fim do noivado com Matteus: 'Somos incompat\u00edveis.Isabelle Nogueira anunciou, nesta quarta-feira (5), o fim do noivado com Matteus Amaral \u2014 o ga\u00facho postou o mesmo comunicado da agora ex-noiva. - Portal Araras de Not\u00edcias","robots":{"index":"index","follow":"follow","max-snippet":"max-snippet:-1","max-image-preview":"max-image-preview:large","max-video-preview":"max-video-preview:-1"},"canonical":"https:\/\/portalararasdenoticias.com.br\/?p=6253","og_locale":"pt_BR","og_type":"article","og_title":"Isabelle Nogueira anuncia fim do noivado com Matteus: 'Somos incompat\u00edveis.Isabelle Nogueira anunciou, nesta quarta-feira (5), o fim do noivado com Matteus Amaral \u2014 o ga\u00facho postou o mesmo comunicado da agora ex-noiva. - Portal Araras de Not\u00edcias","og_description":"O que aconteceuNogueira alegou &#8220;incompatibilidade&#8221; entre ela e Amaral. &#8220;Nosso sentimento nasceu de forma genu\u00edna e verdadeira, e assim permaneceu at\u00e9 hoje. Nos apaixonamos um pelo outro, especialmente pela simplicidade e pela hist\u00f3ria de vida que compartilhamos, t\u00e3o parecida em muitos aspectos. Sempre buscamos o melhor que poder\u00edamos ser juntos. Com o tempo, percebemos que, [&hellip;]","og_url":"https:\/\/portalararasdenoticias.com.br\/?p=6253","og_site_name":"Portal Araras de Not\u00edcias","article_published_time":"2025-02-07T02:08:12+00:00","article_modified_time":"2025-03-24T12:19:00+00:00","og_image":[{"width":1081,"height":876,"url":"https:\/\/portalararasdenoticias.com.br\/wp-content\/uploads\/2025\/02\/SaveClip.App_465926832_1072566504372564_5318769974586120118_n-e1731191944936.jpg","type":"image\/jpeg"}],"author":"Portal Araras de Noticias","twitter_card":"summary_large_image","twitter_misc":{"Escrito por":"Portal Araras de Noticias","Est. tempo de leitura":"1 minuto"},"schema":{"@context":"https:\/\/schema.org","@graph":[{"@type":"Article","@id":"https:\/\/portalararasdenoticias.com.br\/?p=6253#article","isPartOf":{"@id":"https:\/\/portalararasdenoticias.com.br\/?p=6253"},"author":{"name":"Portal Araras de Noticias","@id":"https:\/\/portalararasdenoticias.com.br\/#\/schema\/person\/a6190507efe29dea1049d60d05ed5c0a"},"headline":"Isabelle Nogueira anuncia fim do noivado com Matteus: &#8216;Somos incompat\u00edveis. Isabelle Nogueira anunciou, nesta quarta-feira (5), o fim do noivado com Matteus Amaral \u2014 o ga\u00facho postou o mesmo comunicado da agora ex-noiva.","datePublished":"2025-02-07T02:08:12+00:00","dateModified":"2025-03-24T12:19:00+00:00","mainEntityOfPage":{"@id":"https:\/\/portalararasdenoticias.com.br\/?p=6253"},"wordCount":321,"commentCount":0,"image":{"@id":"https:\/\/portalararasdenoticias.com.br\/?p=6253#primaryimage"},"thumbnailUrl":"https:\/\/portalararasdenoticias.com.br\/wp-content\/uploads\/2025\/02\/SaveClip.App_465926832_1072566504372564_5318769974586120118_n-e1731191944936.jpg","inLanguage":"pt-BR","potentialAction":[{"@type":"CommentAction","name":"Comment","target":["https:\/\/portalararasdenoticias.com.br\/?p=6253#respond"]}]},{"@type":"WebPage","@id":"https:\/\/portalararasdenoticias.com.br\/?p=6253","url":"https:\/\/portalararasdenoticias.com.br\/?p=6253","name":"Isabelle Nogueira anuncia fim do noivado com Matteus: 'Somos incompat\u00edveis. Isabelle Nogueira anunciou, nesta quarta-feira (5), o fim do noivado com Matteus Amaral \u2014 o ga\u00facho postou o mesmo comunicado da agora ex-noiva. - Portal Araras de Not\u00edcias","isPartOf":{"@id":"https:\/\/portalararasdenoticias.com.br\/#website"},"primaryImageOfPage":{"@id":"https:\/\/portalararasdenoticias.com.br\/?p=6253#primaryimage"},"image":{"@id":"https:\/\/portalararasdenoticias.com.br\/?p=6253#primaryimage"},"thumbnailUrl":"https:\/\/portalararasdenoticias.com.br\/wp-content\/uploads\/2025\/02\/SaveClip.App_465926832_1072566504372564_5318769974586120118_n-e1731191944936.jpg","datePublished":"2025-02-07T02:08:12+00:00","dateModified":"2025-03-24T12:19:00+00:00","author":{"@id":"https:\/\/portalararasdenoticias.com.br\/#\/schema\/person\/a6190507efe29dea1049d60d05ed5c0a"},"breadcrumb":{"@id":"https:\/\/portalararasdenoticias.com.br\/?p=6253#breadcrumb"},"inLanguage":"pt-BR","potentialAction":[{"@type":"ReadAction","target":["https:\/\/portalararasdenoticias.com.br\/?p=6253"]}]},{"@type":"ImageObject","inLanguage":"pt-BR","@id":"https:\/\/portalararasdenoticias.com.br\/?p=6253#primaryimage","url":"https:\/\/portalararasdenoticias.com.br\/wp-content\/uploads\/2025\/02\/SaveClip.App_465926832_1072566504372564_5318769974586120118_n-e1731191944936.jpg","contentUrl":"https:\/\/portalararasdenoticias.com.br\/wp-content\/uploads\/2025\/02\/SaveClip.App_465926832_1072566504372564_5318769974586120118_n-e1731191944936.jpg","width":1081,"height":876},{"@type":"BreadcrumbList","@id":"https:\/\/portalararasdenoticias.com.br\/?p=6253#breadcrumb","itemListElement":[{"@type":"ListItem","position":1,"name":"In\u00edcio","item":"https:\/\/portalararasdenoticias.com.br\/"},{"@type":"ListItem","position":2,"name":"Isabelle Nogueira anuncia fim do noivado com Matteus: &#8216;Somos incompat\u00edveis.Isabelle Nogueira anunciou, nesta quarta-feira (5), o fim do noivado com Matteus Amaral \u2014 o ga\u00facho postou o mesmo comunicado da agora ex-noiva."}]},{"@type":"WebSite","@id":"https:\/\/portalararasdenoticias.com.br\/#website","url":"https:\/\/portalararasdenoticias.com.br\/","name":"Portal Araras de Not\u00edcias","description":"O Seu Portal de Not\u00edcias","potentialAction":[{"@type":"SearchAction","target":{"@type":"EntryPoint","urlTemplate":"https:\/\/portalararasdenoticias.com.br\/?s={search_term_string}"},"query-input":{"@type":"PropertyValueSpecification","valueRequired":true,"valueName":"search_term_string"}}],"inLanguage":"pt-BR"},{"@type":"Person","@id":"https:\/\/portalararasdenoticias.com.br\/#\/schema\/person\/a6190507efe29dea1049d60d05ed5c0a","name":"Portal Araras de Noticias","image":{"@type":"ImageObject","inLanguage":"pt-BR","@id":"https:\/\/portalararasdenoticias.com.br\/#\/schema\/person\/image\/","url":"https:\/\/secure.gravatar.com\/avatar\/4df7c42bc08e78bc9b6e13086fafc161bdf01220657cd93de3d828ab6c60d469?s=96&d=mm&r=g","contentUrl":"https:\/\/secure.gravatar.com\/avatar\/4df7c42bc08e78bc9b6e13086fafc161bdf01220657cd93de3d828ab6c60d469?s=96&d=mm&r=g","caption":"Portal Araras de Noticias"},"sameAs":["https:\/\/portalararasdenoticias.com.br\/"],"url":"https:\/\/portalararasdenoticias.com.br\/?author=5"}]}},"_links":{"self":[{"href":"https:\/\/portalararasdenoticias.com.br\/index.php?rest_route=\/wp\/v2\/posts\/6253","targetHints":{"allow":["GET"]}}],"collection":[{"href":"https:\/\/portalararasdenoticias.com.br\/index.php?rest_route=\/wp\/v2\/posts"}],"about":[{"href":"https:\/\/portalararasdenoticias.com.br\/index.php?rest_route=\/wp\/v2\/types\/post"}],"author":[{"embeddable":true,"href":"https:\/\/portalararasdenoticias.com.br\/index.php?rest_route=\/wp\/v2\/users\/5"}],"replies":[{"embeddable":true,"href":"https:\/\/portalararasdenoticias.com.br\/index.php?rest_route=%2Fwp%2Fv2%2Fcomments&post=6253"}],"version-history":[{"count":1,"href":"https:\/\/portalararasdenoticias.com.br\/index.php?rest_route=\/wp\/v2\/posts\/6253\/revisions"}],"predecessor-version":[{"id":6259,"href":"https:\/\/portalararasdenoticias.com.br\/index.php?rest_route=\/wp\/v2\/posts\/6253\/revisions\/6259"}],"wp:featuredmedia":[{"embeddable":true,"href":"https:\/\/portalararasdenoticias.com.br\/index.php?rest_route=\/wp\/v2\/media\/6254"}],"wp:attachment":[{"href":"https:\/\/portalararasdenoticias.com.br\/index.php?rest_route=%2Fwp%2Fv2%2Fmedia&parent=6253"}],"wp:term":[{"taxonomy":"category","embeddable":true,"href":"https:\/\/portalararasdenoticias.com.br\/index.php?rest_route=%2Fwp%2Fv2%2Fcategories&post=6253"},{"taxonomy":"post_tag","embeddable":true,"href":"https:\/\/portalararasdenoticias.com.br\/index.php?rest_route=%2Fwp%2Fv2%2Ftags&post=6253"}],"curies":[{"name":"wp","href":"https:\/\/api.w.org\/{rel}","templated":true}]}}