{"id":6271,"date":"2025-02-12T19:39:01","date_gmt":"2025-02-12T22:39:01","guid":{"rendered":"https:\/\/portalararasdenoticias.com.br\/?p=6271"},"modified":"2025-03-24T08:56:20","modified_gmt":"2025-03-24T11:56:20","slug":"banda-raca-rubro-negra-agita-manaus-com-carnaval-e-classico-flamengo-x-vasco-em-led","status":"publish","type":"post","link":"https:\/\/portalararasdenoticias.com.br\/?p=6271","title":{"rendered":"<em>Banda Ra\u00e7a Rubro-Negra agita Manaus com carnaval e cl\u00e1ssico Flamengo x Vasco em LED<\/em>"},"content":{"rendered":"\n<p>Evento ocorrer\u00e1 na Zona Centro-Sul da cidade, a partir das 16h, com pista liberada somente para quem estiver com a camisa do Meng\u00e3o, e anima\u00e7\u00e3o da bateria da Ra\u00e7a Rubro-Negra, shows da DJ Layla Abreu, dos cantores Dubarranco, Wilsinho de Cima e Juanzinho_<br>A maior torcida do Flamengo se prepara para assistir, em ritmo de carnaval, ao cl\u00e1ssico Carioca contra o Vasco da Gama. A Banda da Ra\u00e7a Rubro-Negra, ocorrer\u00e1 neste s\u00e1bado, 15, a partir das 16h, no clube da Pol\u00edcia Federal, localizado na Av. Efig\u00eanio Sales, 1200 (V8 Studio Car), bairro Parque Dez, na Zona Centro-Sul. A pista ser\u00e1 liberada somente para os torcedores com a camisa do time. A \u00c1rea Vip custa R$ 20 e o Camarote Container R$ 100, com mesa inclu\u00edda para quatro pessoas. Informa\u00e7\u00f5es pelo 98202-8338.<br>O agito ficar\u00e1 por conta da Bateria da Ra\u00e7a Rubro-Negra, que garantir\u00e1 a anima\u00e7\u00e3o dos 90 minutos da partida, incluindo no intervalo. O evento tamb\u00e9m ter\u00e1 a presen\u00e7a de renomados e animados artistas: DJ Layla Abreu, Dubarranco, Wilsinho de Cima e Juanzinho.<br>O rela\u00e7\u00f5es p\u00fablicas da Ra\u00e7a Rubro-Negra, Lavor Neto convida os torcedores a marcarem presen\u00e7a no encontro.<br>&#8220;Mais do que uma banda de carnaval, ser\u00e1 uma grande confraterniza\u00e7\u00e3o da maior torcida do Flamengo que, em dia de cl\u00e1ssico, tem emo\u00e7\u00e3o em dobro. Desejamos que todos venham em miss\u00e3o de paz para est\u00e1s horas de divers\u00e3o e apoio ao nosso time querido. E fica a dica para quem dirige e bebe: sugerimos que deixem seus carros em casa, para aproveitarem bem a festa sem a preocupa\u00e7\u00e3o de ser parado numa blitz. Tragam alegria, vibra\u00e7\u00e3o e a garra do torcedor rubro-negro&#8221;, disse o rela\u00e7\u00f5es p\u00fablicas.<br>Lavor Neto informa ainda que o local do evento conta com estacionamento para 400 carros e tem capacidade para cinco mil pessoas.<br>&#8220;Ou seja, vamos nos divertir com seguran\u00e7a e tranquilidade. Quer dizer, vai ser mais tranquilo com a vit\u00f3ria, \u00e9 claro. E \u00e9 importante frisar que o evento \u00e9 exclusivo para torcedores do Flamengo, mas o p\u00fablico em geral pode prestigiar desde que venha com a camisa do Flamengo\u201d, evidencia.<br><em>Folia para todos os gostos<\/em><br>O evento promete ser memor\u00e1vel, especialmente com a presen\u00e7a de atra\u00e7\u00f5es variadas e talentosas. A DJ Layla Abreu \u00e9 conhecida por suas performances eletrizantes que misturam v\u00e1rios estilos musicais, criando sets \u00fanicos e envolventes.<br>J\u00e1 Dubarranco apresentar\u00e1 os sucessos do \u2018DVD da Brincadeira na Favela\u2019, seu mais recente trabalho e que agita as principais casas noturnas de pagode Manaus.<br>Wilsinho de Cima \u00e9 s\u00f3 explos\u00e3o e dividir\u00e1 o palco com Juanzinho, o dono do hit \u201cEu Sou Teu Homem\u201d. Juntos, colocar\u00e3o todo mundo para dan\u00e7ar ao som de outras ramifica\u00e7\u00f5es do ritmo mais popular da M\u00fasica Popular Brasileira (MPB), o samba. Do ax\u00e9, aos sambas-enredos mais cativantes, e pagodes tamb\u00e9m, eles prometem muita alegria.<br><em>Cl\u00e1ssico nos tel\u00f5es de Led<\/em><br>O cl\u00e1ssico Flamengo x Vasco \u00e9 sempre um dos jogos mais esperados do futebol brasileiro, atraindo a aten\u00e7\u00e3o de milh\u00f5es de torcedores em todo o pa\u00eds. A rivalidade entre os dois clubes \u00e9 hist\u00f3rica e as partidas costumam ser emocionantes e repletas de adrenalina.<br>Com o Flamengo vivendo uma excelente fase, a expectativa para mais um confronto com o Vasco \u00e9 alta, e a torcida rubro-negra promete fazer a diferen\u00e7a, tanto no est\u00e1dio quanto no evento em Manaus.<br>A Banda da Ra\u00e7a Rubro-Negra, mais uma vez, tem a assinatura da Sintonnia Art\u00edstica.<br><em>Servi\u00e7o<\/em><br><em>O que?<\/em> Banda Ra\u00e7a Rubro-Negra<br><em>Quando?<\/em> 15\/2 \u2013 a partir das 16h<br><em>Onde?<\/em> Clube da Pol\u00edcia Federal, localizado na Av. Efig\u00eanio Sales, 1200 (V8 Studio Car), bairro Parque Dez, na Zona Centro-Sul<br><em>Quanto?<\/em><br>Pista liberada &#8211; somente para foli\u00f5es com a camisa do Flamengo<br>\u00c1rea Vip &#8211; R$ 20<br>Camarote Container &#8211; R$ 100, com mesa inclu\u00edda para quatro pessoas<br><em>Informa\u00e7\u00f5es:<\/em> (92)98202-8338<\/p>\n\n\n\n<figure class=\"wp-block-gallery has-nested-images columns-default is-cropped wp-block-gallery-1 is-layout-flex wp-block-gallery-is-layout-flex\">\n<figure class=\"wp-block-image size-large\"><img loading=\"lazy\" decoding=\"async\" width=\"543\" height=\"600\" data-id=\"6275\" src=\"https:\/\/portalararasdenoticias.com.br\/wp-content\/uploads\/2025\/02\/476341528_1177616757701953_4897720488728531051_n-1.jpg\" alt=\"\" class=\"wp-image-6275\" srcset=\"https:\/\/portalararasdenoticias.com.br\/wp-content\/uploads\/2025\/02\/476341528_1177616757701953_4897720488728531051_n-1.jpg 543w, https:\/\/portalararasdenoticias.com.br\/wp-content\/uploads\/2025\/02\/476341528_1177616757701953_4897720488728531051_n-1-272x300.jpg 272w\" sizes=\"auto, (max-width: 543px) 100vw, 543px\" \/><\/figure>\n\n\n\n<figure class=\"wp-block-image size-large\"><img loading=\"lazy\" decoding=\"async\" width=\"1024\" height=\"682\" data-id=\"6277\" src=\"https:\/\/portalararasdenoticias.com.br\/wp-content\/uploads\/2025\/02\/476431837_1177616837701945_671840355255952450_n-1-1024x682.jpg\" alt=\"\" class=\"wp-image-6277\" srcset=\"https:\/\/portalararasdenoticias.com.br\/wp-content\/uploads\/2025\/02\/476431837_1177616837701945_671840355255952450_n-1-1024x682.jpg 1024w, https:\/\/portalararasdenoticias.com.br\/wp-content\/uploads\/2025\/02\/476431837_1177616837701945_671840355255952450_n-1-300x200.jpg 300w, https:\/\/portalararasdenoticias.com.br\/wp-content\/uploads\/2025\/02\/476431837_1177616837701945_671840355255952450_n-1-768x512.jpg 768w, https:\/\/portalararasdenoticias.com.br\/wp-content\/uploads\/2025\/02\/476431837_1177616837701945_671840355255952450_n-1-1536x1023.jpg 1536w, https:\/\/portalararasdenoticias.com.br\/wp-content\/uploads\/2025\/02\/476431837_1177616837701945_671840355255952450_n-1.jpg 1600w\" sizes=\"auto, (max-width: 1024px) 100vw, 1024px\" \/><\/figure>\n\n\n\n<figure class=\"wp-block-image size-large\"><img loading=\"lazy\" decoding=\"async\" width=\"1024\" height=\"671\" data-id=\"6276\" src=\"https:\/\/portalararasdenoticias.com.br\/wp-content\/uploads\/2025\/02\/476622972_1177616791035283_2540680254455333675_n-1-1024x671.jpg\" alt=\"\" class=\"wp-image-6276\" srcset=\"https:\/\/portalararasdenoticias.com.br\/wp-content\/uploads\/2025\/02\/476622972_1177616791035283_2540680254455333675_n-1-1024x671.jpg 1024w, https:\/\/portalararasdenoticias.com.br\/wp-content\/uploads\/2025\/02\/476622972_1177616791035283_2540680254455333675_n-1-300x196.jpg 300w, https:\/\/portalararasdenoticias.com.br\/wp-content\/uploads\/2025\/02\/476622972_1177616791035283_2540680254455333675_n-1-768x503.jpg 768w, https:\/\/portalararasdenoticias.com.br\/wp-content\/uploads\/2025\/02\/476622972_1177616791035283_2540680254455333675_n-1.jpg 1350w\" sizes=\"auto, (max-width: 1024px) 100vw, 1024px\" \/><\/figure>\n<\/figure>\n","protected":false},"excerpt":{"rendered":"<p>Evento ocorrer\u00e1 na Zona Centro-Sul da cidade, a partir das 16h, com pista liberada somente para quem estiver com a camisa do Meng\u00e3o, e anima\u00e7\u00e3o da bateria da Ra\u00e7a Rubro-Negra, shows da DJ Layla Abreu, dos cantores Dubarranco, Wilsinho de Cima e Juanzinho_A maior torcida do Flamengo se prepara para assistir, em ritmo de carnaval, [&hellip;]<\/p>\n","protected":false},"author":5,"featured_media":6272,"comment_status":"open","ping_status":"open","sticky":true,"template":"","format":"standard","meta":{"footnotes":""},"categories":[],"tags":[],"class_list":["post-6271","post","type-post","status-publish","format-standard","has-post-thumbnail","hentry"],"yoast_head":"<!-- This site is optimized with the Yoast SEO plugin v27.0 - https:\/\/yoast.com\/product\/yoast-seo-wordpress\/ -->\n<title>Banda Ra\u00e7a Rubro-Negra agita Manaus com carnaval e cl\u00e1ssico Flamengo x Vasco em LED - Portal Araras de Not\u00edcias<\/title>\n<meta name=\"robots\" content=\"index, follow, max-snippet:-1, max-image-preview:large, max-video-preview:-1\" \/>\n<link rel=\"canonical\" href=\"https:\/\/portalararasdenoticias.com.br\/?p=6271\" \/>\n<meta property=\"og:locale\" content=\"pt_BR\" \/>\n<meta property=\"og:type\" content=\"article\" \/>\n<meta property=\"og:title\" content=\"Banda Ra\u00e7a Rubro-Negra agita Manaus com carnaval e cl\u00e1ssico Flamengo x Vasco em LED - Portal Araras de Not\u00edcias\" \/>\n<meta property=\"og:description\" content=\"Evento ocorrer\u00e1 na Zona Centro-Sul da cidade, a partir das 16h, com pista liberada somente para quem estiver com a camisa do Meng\u00e3o, e anima\u00e7\u00e3o da bateria da Ra\u00e7a Rubro-Negra, shows da DJ Layla Abreu, dos cantores Dubarranco, Wilsinho de Cima e Juanzinho_A maior torcida do Flamengo se prepara para assistir, em ritmo de carnaval, [&hellip;]\" \/>\n<meta property=\"og:url\" content=\"https:\/\/portalararasdenoticias.com.br\/?p=6271\" \/>\n<meta property=\"og:site_name\" content=\"Portal Araras de Not\u00edcias\" \/>\n<meta property=\"article:published_time\" content=\"2025-02-12T22:39:01+00:00\" \/>\n<meta property=\"article:modified_time\" content=\"2025-03-24T11:56:20+00:00\" \/>\n<meta property=\"og:image\" content=\"https:\/\/portalararasdenoticias.com.br\/wp-content\/uploads\/2025\/02\/476341528_1177616757701953_4897720488728531051_n.jpg\" \/>\n\t<meta property=\"og:image:width\" content=\"543\" \/>\n\t<meta property=\"og:image:height\" content=\"600\" \/>\n\t<meta property=\"og:image:type\" content=\"image\/jpeg\" \/>\n<meta name=\"author\" content=\"Portal Araras de Noticias\" \/>\n<meta name=\"twitter:card\" content=\"summary_large_image\" \/>\n<meta name=\"twitter:label1\" content=\"Escrito por\" \/>\n\t<meta name=\"twitter:data1\" content=\"Portal Araras de Noticias\" \/>\n\t<meta name=\"twitter:label2\" content=\"Est. tempo de leitura\" \/>\n\t<meta name=\"twitter:data2\" content=\"3 minutos\" \/>\n<script type=\"application\/ld+json\" class=\"yoast-schema-graph\">{\"@context\":\"https:\/\/schema.org\",\"@graph\":[{\"@type\":\"Article\",\"@id\":\"https:\/\/portalararasdenoticias.com.br\/?p=6271#article\",\"isPartOf\":{\"@id\":\"https:\/\/portalararasdenoticias.com.br\/?p=6271\"},\"author\":{\"name\":\"Portal Araras de Noticias\",\"@id\":\"https:\/\/portalararasdenoticias.com.br\/#\/schema\/person\/a6190507efe29dea1049d60d05ed5c0a\"},\"headline\":\"Banda Ra\u00e7a Rubro-Negra agita Manaus com carnaval e cl\u00e1ssico Flamengo x Vasco em LED\",\"datePublished\":\"2025-02-12T22:39:01+00:00\",\"dateModified\":\"2025-03-24T11:56:20+00:00\",\"mainEntityOfPage\":{\"@id\":\"https:\/\/portalararasdenoticias.com.br\/?p=6271\"},\"wordCount\":681,\"commentCount\":0,\"image\":{\"@id\":\"https:\/\/portalararasdenoticias.com.br\/?p=6271#primaryimage\"},\"thumbnailUrl\":\"https:\/\/portalararasdenoticias.com.br\/wp-content\/uploads\/2025\/02\/476341528_1177616757701953_4897720488728531051_n.jpg\",\"inLanguage\":\"pt-BR\",\"potentialAction\":[{\"@type\":\"CommentAction\",\"name\":\"Comment\",\"target\":[\"https:\/\/portalararasdenoticias.com.br\/?p=6271#respond\"]}]},{\"@type\":\"WebPage\",\"@id\":\"https:\/\/portalararasdenoticias.com.br\/?p=6271\",\"url\":\"https:\/\/portalararasdenoticias.com.br\/?p=6271\",\"name\":\"Banda Ra\u00e7a Rubro-Negra agita Manaus com carnaval e cl\u00e1ssico Flamengo x Vasco em LED - Portal Araras de Not\u00edcias\",\"isPartOf\":{\"@id\":\"https:\/\/portalararasdenoticias.com.br\/#website\"},\"primaryImageOfPage\":{\"@id\":\"https:\/\/portalararasdenoticias.com.br\/?p=6271#primaryimage\"},\"image\":{\"@id\":\"https:\/\/portalararasdenoticias.com.br\/?p=6271#primaryimage\"},\"thumbnailUrl\":\"https:\/\/portalararasdenoticias.com.br\/wp-content\/uploads\/2025\/02\/476341528_1177616757701953_4897720488728531051_n.jpg\",\"datePublished\":\"2025-02-12T22:39:01+00:00\",\"dateModified\":\"2025-03-24T11:56:20+00:00\",\"author\":{\"@id\":\"https:\/\/portalararasdenoticias.com.br\/#\/schema\/person\/a6190507efe29dea1049d60d05ed5c0a\"},\"breadcrumb\":{\"@id\":\"https:\/\/portalararasdenoticias.com.br\/?p=6271#breadcrumb\"},\"inLanguage\":\"pt-BR\",\"potentialAction\":[{\"@type\":\"ReadAction\",\"target\":[\"https:\/\/portalararasdenoticias.com.br\/?p=6271\"]}]},{\"@type\":\"ImageObject\",\"inLanguage\":\"pt-BR\",\"@id\":\"https:\/\/portalararasdenoticias.com.br\/?p=6271#primaryimage\",\"url\":\"https:\/\/portalararasdenoticias.com.br\/wp-content\/uploads\/2025\/02\/476341528_1177616757701953_4897720488728531051_n.jpg\",\"contentUrl\":\"https:\/\/portalararasdenoticias.com.br\/wp-content\/uploads\/2025\/02\/476341528_1177616757701953_4897720488728531051_n.jpg\",\"width\":543,\"height\":600},{\"@type\":\"BreadcrumbList\",\"@id\":\"https:\/\/portalararasdenoticias.com.br\/?p=6271#breadcrumb\",\"itemListElement\":[{\"@type\":\"ListItem\",\"position\":1,\"name\":\"In\u00edcio\",\"item\":\"https:\/\/portalararasdenoticias.com.br\/\"},{\"@type\":\"ListItem\",\"position\":2,\"name\":\"Banda Ra\u00e7a Rubro-Negra agita Manaus com carnaval e cl\u00e1ssico Flamengo x Vasco em LED\"}]},{\"@type\":\"WebSite\",\"@id\":\"https:\/\/portalararasdenoticias.com.br\/#website\",\"url\":\"https:\/\/portalararasdenoticias.com.br\/\",\"name\":\"Portal Araras de Not\u00edcias\",\"description\":\"O Seu Portal de Not\u00edcias\",\"potentialAction\":[{\"@type\":\"SearchAction\",\"target\":{\"@type\":\"EntryPoint\",\"urlTemplate\":\"https:\/\/portalararasdenoticias.com.br\/?s={search_term_string}\"},\"query-input\":{\"@type\":\"PropertyValueSpecification\",\"valueRequired\":true,\"valueName\":\"search_term_string\"}}],\"inLanguage\":\"pt-BR\"},{\"@type\":\"Person\",\"@id\":\"https:\/\/portalararasdenoticias.com.br\/#\/schema\/person\/a6190507efe29dea1049d60d05ed5c0a\",\"name\":\"Portal Araras de Noticias\",\"image\":{\"@type\":\"ImageObject\",\"inLanguage\":\"pt-BR\",\"@id\":\"https:\/\/portalararasdenoticias.com.br\/#\/schema\/person\/image\/\",\"url\":\"https:\/\/secure.gravatar.com\/avatar\/4df7c42bc08e78bc9b6e13086fafc161bdf01220657cd93de3d828ab6c60d469?s=96&d=mm&r=g\",\"contentUrl\":\"https:\/\/secure.gravatar.com\/avatar\/4df7c42bc08e78bc9b6e13086fafc161bdf01220657cd93de3d828ab6c60d469?s=96&d=mm&r=g\",\"caption\":\"Portal Araras de Noticias\"},\"sameAs\":[\"https:\/\/portalararasdenoticias.com.br\/\"],\"url\":\"https:\/\/portalararasdenoticias.com.br\/?author=5\"}]}<\/script>\n<!-- \/ Yoast SEO plugin. -->","yoast_head_json":{"title":"Banda Ra\u00e7a Rubro-Negra agita Manaus com carnaval e cl\u00e1ssico Flamengo x Vasco em LED - Portal Araras de Not\u00edcias","robots":{"index":"index","follow":"follow","max-snippet":"max-snippet:-1","max-image-preview":"max-image-preview:large","max-video-preview":"max-video-preview:-1"},"canonical":"https:\/\/portalararasdenoticias.com.br\/?p=6271","og_locale":"pt_BR","og_type":"article","og_title":"Banda Ra\u00e7a Rubro-Negra agita Manaus com carnaval e cl\u00e1ssico Flamengo x Vasco em LED - Portal Araras de Not\u00edcias","og_description":"Evento ocorrer\u00e1 na Zona Centro-Sul da cidade, a partir das 16h, com pista liberada somente para quem estiver com a camisa do Meng\u00e3o, e anima\u00e7\u00e3o da bateria da Ra\u00e7a Rubro-Negra, shows da DJ Layla Abreu, dos cantores Dubarranco, Wilsinho de Cima e Juanzinho_A maior torcida do Flamengo se prepara para assistir, em ritmo de carnaval, [&hellip;]","og_url":"https:\/\/portalararasdenoticias.com.br\/?p=6271","og_site_name":"Portal Araras de Not\u00edcias","article_published_time":"2025-02-12T22:39:01+00:00","article_modified_time":"2025-03-24T11:56:20+00:00","og_image":[{"width":543,"height":600,"url":"https:\/\/portalararasdenoticias.com.br\/wp-content\/uploads\/2025\/02\/476341528_1177616757701953_4897720488728531051_n.jpg","type":"image\/jpeg"}],"author":"Portal Araras de Noticias","twitter_card":"summary_large_image","twitter_misc":{"Escrito por":"Portal Araras de Noticias","Est. tempo de leitura":"3 minutos"},"schema":{"@context":"https:\/\/schema.org","@graph":[{"@type":"Article","@id":"https:\/\/portalararasdenoticias.com.br\/?p=6271#article","isPartOf":{"@id":"https:\/\/portalararasdenoticias.com.br\/?p=6271"},"author":{"name":"Portal Araras de Noticias","@id":"https:\/\/portalararasdenoticias.com.br\/#\/schema\/person\/a6190507efe29dea1049d60d05ed5c0a"},"headline":"Banda Ra\u00e7a Rubro-Negra agita Manaus com carnaval e cl\u00e1ssico Flamengo x Vasco em LED","datePublished":"2025-02-12T22:39:01+00:00","dateModified":"2025-03-24T11:56:20+00:00","mainEntityOfPage":{"@id":"https:\/\/portalararasdenoticias.com.br\/?p=6271"},"wordCount":681,"commentCount":0,"image":{"@id":"https:\/\/portalararasdenoticias.com.br\/?p=6271#primaryimage"},"thumbnailUrl":"https:\/\/portalararasdenoticias.com.br\/wp-content\/uploads\/2025\/02\/476341528_1177616757701953_4897720488728531051_n.jpg","inLanguage":"pt-BR","potentialAction":[{"@type":"CommentAction","name":"Comment","target":["https:\/\/portalararasdenoticias.com.br\/?p=6271#respond"]}]},{"@type":"WebPage","@id":"https:\/\/portalararasdenoticias.com.br\/?p=6271","url":"https:\/\/portalararasdenoticias.com.br\/?p=6271","name":"Banda Ra\u00e7a Rubro-Negra agita Manaus com carnaval e cl\u00e1ssico Flamengo x Vasco em LED - Portal Araras de Not\u00edcias","isPartOf":{"@id":"https:\/\/portalararasdenoticias.com.br\/#website"},"primaryImageOfPage":{"@id":"https:\/\/portalararasdenoticias.com.br\/?p=6271#primaryimage"},"image":{"@id":"https:\/\/portalararasdenoticias.com.br\/?p=6271#primaryimage"},"thumbnailUrl":"https:\/\/portalararasdenoticias.com.br\/wp-content\/uploads\/2025\/02\/476341528_1177616757701953_4897720488728531051_n.jpg","datePublished":"2025-02-12T22:39:01+00:00","dateModified":"2025-03-24T11:56:20+00:00","author":{"@id":"https:\/\/portalararasdenoticias.com.br\/#\/schema\/person\/a6190507efe29dea1049d60d05ed5c0a"},"breadcrumb":{"@id":"https:\/\/portalararasdenoticias.com.br\/?p=6271#breadcrumb"},"inLanguage":"pt-BR","potentialAction":[{"@type":"ReadAction","target":["https:\/\/portalararasdenoticias.com.br\/?p=6271"]}]},{"@type":"ImageObject","inLanguage":"pt-BR","@id":"https:\/\/portalararasdenoticias.com.br\/?p=6271#primaryimage","url":"https:\/\/portalararasdenoticias.com.br\/wp-content\/uploads\/2025\/02\/476341528_1177616757701953_4897720488728531051_n.jpg","contentUrl":"https:\/\/portalararasdenoticias.com.br\/wp-content\/uploads\/2025\/02\/476341528_1177616757701953_4897720488728531051_n.jpg","width":543,"height":600},{"@type":"BreadcrumbList","@id":"https:\/\/portalararasdenoticias.com.br\/?p=6271#breadcrumb","itemListElement":[{"@type":"ListItem","position":1,"name":"In\u00edcio","item":"https:\/\/portalararasdenoticias.com.br\/"},{"@type":"ListItem","position":2,"name":"Banda Ra\u00e7a Rubro-Negra agita Manaus com carnaval e cl\u00e1ssico Flamengo x Vasco em LED"}]},{"@type":"WebSite","@id":"https:\/\/portalararasdenoticias.com.br\/#website","url":"https:\/\/portalararasdenoticias.com.br\/","name":"Portal Araras de Not\u00edcias","description":"O Seu Portal de Not\u00edcias","potentialAction":[{"@type":"SearchAction","target":{"@type":"EntryPoint","urlTemplate":"https:\/\/portalararasdenoticias.com.br\/?s={search_term_string}"},"query-input":{"@type":"PropertyValueSpecification","valueRequired":true,"valueName":"search_term_string"}}],"inLanguage":"pt-BR"},{"@type":"Person","@id":"https:\/\/portalararasdenoticias.com.br\/#\/schema\/person\/a6190507efe29dea1049d60d05ed5c0a","name":"Portal Araras de Noticias","image":{"@type":"ImageObject","inLanguage":"pt-BR","@id":"https:\/\/portalararasdenoticias.com.br\/#\/schema\/person\/image\/","url":"https:\/\/secure.gravatar.com\/avatar\/4df7c42bc08e78bc9b6e13086fafc161bdf01220657cd93de3d828ab6c60d469?s=96&d=mm&r=g","contentUrl":"https:\/\/secure.gravatar.com\/avatar\/4df7c42bc08e78bc9b6e13086fafc161bdf01220657cd93de3d828ab6c60d469?s=96&d=mm&r=g","caption":"Portal Araras de Noticias"},"sameAs":["https:\/\/portalararasdenoticias.com.br\/"],"url":"https:\/\/portalararasdenoticias.com.br\/?author=5"}]}},"_links":{"self":[{"href":"https:\/\/portalararasdenoticias.com.br\/index.php?rest_route=\/wp\/v2\/posts\/6271","targetHints":{"allow":["GET"]}}],"collection":[{"href":"https:\/\/portalararasdenoticias.com.br\/index.php?rest_route=\/wp\/v2\/posts"}],"about":[{"href":"https:\/\/portalararasdenoticias.com.br\/index.php?rest_route=\/wp\/v2\/types\/post"}],"author":[{"embeddable":true,"href":"https:\/\/portalararasdenoticias.com.br\/index.php?rest_route=\/wp\/v2\/users\/5"}],"replies":[{"embeddable":true,"href":"https:\/\/portalararasdenoticias.com.br\/index.php?rest_route=%2Fwp%2Fv2%2Fcomments&post=6271"}],"version-history":[{"count":1,"href":"https:\/\/portalararasdenoticias.com.br\/index.php?rest_route=\/wp\/v2\/posts\/6271\/revisions"}],"predecessor-version":[{"id":6278,"href":"https:\/\/portalararasdenoticias.com.br\/index.php?rest_route=\/wp\/v2\/posts\/6271\/revisions\/6278"}],"wp:featuredmedia":[{"embeddable":true,"href":"https:\/\/portalararasdenoticias.com.br\/index.php?rest_route=\/wp\/v2\/media\/6272"}],"wp:attachment":[{"href":"https:\/\/portalararasdenoticias.com.br\/index.php?rest_route=%2Fwp%2Fv2%2Fmedia&parent=6271"}],"wp:term":[{"taxonomy":"category","embeddable":true,"href":"https:\/\/portalararasdenoticias.com.br\/index.php?rest_route=%2Fwp%2Fv2%2Fcategories&post=6271"},{"taxonomy":"post_tag","embeddable":true,"href":"https:\/\/portalararasdenoticias.com.br\/index.php?rest_route=%2Fwp%2Fv2%2Ftags&post=6271"}],"curies":[{"name":"wp","href":"https:\/\/api.w.org\/{rel}","templated":true}]}}