{"id":6352,"date":"2025-02-23T00:01:06","date_gmt":"2025-02-23T03:01:06","guid":{"rendered":"https:\/\/portalararasdenoticias.com.br\/?p=6352"},"modified":"2025-03-24T08:47:39","modified_gmt":"2025-03-24T11:47:39","slug":"jovem-guarda-de-luto-morre-em-sp-aos-76-anos-lilian-knapp-a-voz-suave-da-jovem-guarda-da-dupla-leno-lilian","status":"publish","type":"post","link":"https:\/\/portalararasdenoticias.com.br\/?p=6352","title":{"rendered":"Jovem Guarda de Luto Morre em SP, aos 76 anos, Lilian Knapp, a voz suave da Jovem Guarda da dupla Leno &#038; Lilian"},"content":{"rendered":"\n<p><\/p>\n\n\n\n<p>A cantora brasileira fez grande sucesso na \u00e9poca Jovem Guarda quando formou dupla com o irm\u00e3o, Leno.<br>A cantora Lilian Knapp, que ficou famosa com a m\u00fasica \u201cSou Rebelde\u201d, morreu neste s\u00e1bado (22), aos 76 anos. O comunicado da morte da artista foi publico em seu Instagram oficial.<br>\u201c\u00c9 com muito pesar que anunciamos a morte da cantora, compositora e artista Lilian Knapp. Estamos em luto pela nossa maravilhosa cantora. De toda sua equipe de m\u00eddia social, fica nosso respeito e carinho. Seu legado vai continuar eterno na m\u00fasica. Lilian vai continuar no nosso cora\u00e7\u00e3o. Sua estrela ainda brilha entre n\u00f3s\u201d, dizia.<br>Lilian enfrentava uma doen\u00e7a grave, que n\u00e3o foi revelada pela equipe, e estava debilitada por conta disso. A fam\u00edlia, inclusive, chegou a fazer uma campanha para arrecadar fundos para o tratamento m\u00e9dico e pediu for\u00e7as aos f\u00e3s. A CNN tentou contato com a equipe da cantora, mas n\u00e3o obteve resposta.<br>A artista foi um dos grandes nomes da Jovem Guarda e colecionou hits famosos na \u00e9poca, como \u201cSou Rebelde\u201d e \u201cDevolva-me\u201d, e fez sucesso em uma carreira em dupla com o irm\u00e3o, Leno, quando lan\u00e7aram a m\u00fasica \u201cPobre Menina\u201d e \u201cEu N\u00e3o Sabia Que Voc\u00ea Existia\u201d. Ele morreu em dezembro de 2022 e Lilian continuou em carreira solo.<br>Em novembro do ano passado, ela realizou seu \u00faltimo show na Ed Carnes, churrascaria pertencente a Ed Carlos, outro grande \u00edcone da Jovem Guarda.<\/p>\n\n\n\n<figure class=\"wp-block-gallery has-nested-images columns-default is-cropped wp-block-gallery-1 is-layout-flex wp-block-gallery-is-layout-flex\">\n<figure class=\"wp-block-image size-large\"><img loading=\"lazy\" decoding=\"async\" width=\"480\" height=\"360\" data-id=\"6355\" src=\"https:\/\/portalararasdenoticias.com.br\/wp-content\/uploads\/2025\/02\/04.jpg\" alt=\"\" class=\"wp-image-6355\" srcset=\"https:\/\/portalararasdenoticias.com.br\/wp-content\/uploads\/2025\/02\/04.jpg 480w, https:\/\/portalararasdenoticias.com.br\/wp-content\/uploads\/2025\/02\/04-300x225.jpg 300w\" sizes=\"auto, (max-width: 480px) 100vw, 480px\" \/><\/figure>\n\n\n\n<figure class=\"wp-block-image size-large\"><img loading=\"lazy\" decoding=\"async\" width=\"924\" height=\"679\" data-id=\"6357\" src=\"https:\/\/portalararasdenoticias.com.br\/wp-content\/uploads\/2025\/02\/41702331-1306.1972-arquivo-reproducao-sc-cantores-leno-e-lilian-livro-jovem-guarda-.webp\" alt=\"\" class=\"wp-image-6357\" srcset=\"https:\/\/portalararasdenoticias.com.br\/wp-content\/uploads\/2025\/02\/41702331-1306.1972-arquivo-reproducao-sc-cantores-leno-e-lilian-livro-jovem-guarda-.webp 924w, https:\/\/portalararasdenoticias.com.br\/wp-content\/uploads\/2025\/02\/41702331-1306.1972-arquivo-reproducao-sc-cantores-leno-e-lilian-livro-jovem-guarda--300x220.webp 300w, https:\/\/portalararasdenoticias.com.br\/wp-content\/uploads\/2025\/02\/41702331-1306.1972-arquivo-reproducao-sc-cantores-leno-e-lilian-livro-jovem-guarda--768x564.webp 768w\" sizes=\"auto, (max-width: 924px) 100vw, 924px\" \/><\/figure>\n\n\n\n<figure class=\"wp-block-image size-large\"><img loading=\"lazy\" decoding=\"async\" width=\"700\" height=\"400\" data-id=\"6358\" src=\"https:\/\/portalararasdenoticias.com.br\/wp-content\/uploads\/2025\/02\/leno-e-lilian.jpg\" alt=\"\" class=\"wp-image-6358\" srcset=\"https:\/\/portalararasdenoticias.com.br\/wp-content\/uploads\/2025\/02\/leno-e-lilian.jpg 700w, https:\/\/portalararasdenoticias.com.br\/wp-content\/uploads\/2025\/02\/leno-e-lilian-300x171.jpg 300w\" sizes=\"auto, (max-width: 700px) 100vw, 700px\" \/><\/figure>\n\n\n\n<figure class=\"wp-block-image size-large\"><img loading=\"lazy\" decoding=\"async\" width=\"615\" height=\"300\" data-id=\"6356\" src=\"https:\/\/portalararasdenoticias.com.br\/wp-content\/uploads\/2025\/02\/leno-e-lilian-em-imagem-de-2005-esq-e-da-decada-de-1960-1434593619575_615x300.jpg\" alt=\"\" class=\"wp-image-6356\" srcset=\"https:\/\/portalararasdenoticias.com.br\/wp-content\/uploads\/2025\/02\/leno-e-lilian-em-imagem-de-2005-esq-e-da-decada-de-1960-1434593619575_615x300.jpg 615w, https:\/\/portalararasdenoticias.com.br\/wp-content\/uploads\/2025\/02\/leno-e-lilian-em-imagem-de-2005-esq-e-da-decada-de-1960-1434593619575_615x300-300x146.jpg 300w\" sizes=\"auto, (max-width: 615px) 100vw, 615px\" \/><\/figure>\n\n\n\n<figure class=\"wp-block-image size-large\"><img loading=\"lazy\" decoding=\"async\" width=\"425\" height=\"239\" data-id=\"6354\" src=\"https:\/\/portalararasdenoticias.com.br\/wp-content\/uploads\/2025\/02\/lenolilian.webp\" alt=\"\" class=\"wp-image-6354\" srcset=\"https:\/\/portalararasdenoticias.com.br\/wp-content\/uploads\/2025\/02\/lenolilian.webp 425w, https:\/\/portalararasdenoticias.com.br\/wp-content\/uploads\/2025\/02\/lenolilian-300x169.webp 300w\" sizes=\"auto, (max-width: 425px) 100vw, 425px\" \/><\/figure>\n<\/figure>\n","protected":false},"excerpt":{"rendered":"<p>A cantora brasileira fez grande sucesso na \u00e9poca Jovem Guarda quando formou dupla com o irm\u00e3o, Leno.A cantora Lilian Knapp, que ficou famosa com a m\u00fasica \u201cSou Rebelde\u201d, morreu neste s\u00e1bado (22), aos 76 anos. O comunicado da morte da artista foi publico em seu Instagram oficial.\u201c\u00c9 com muito pesar que anunciamos a morte da [&hellip;]<\/p>\n","protected":false},"author":5,"featured_media":6362,"comment_status":"open","ping_status":"open","sticky":true,"template":"","format":"standard","meta":{"footnotes":""},"categories":[],"tags":[],"class_list":["post-6352","post","type-post","status-publish","format-standard","has-post-thumbnail","hentry"],"yoast_head":"<!-- This site is optimized with the Yoast SEO plugin v27.0 - https:\/\/yoast.com\/product\/yoast-seo-wordpress\/ -->\n<title>Jovem Guarda de Luto Morre em SP, aos 76 anos, Lilian Knapp, a voz suave da Jovem Guarda da dupla Leno &amp; Lilian - Portal Araras de Not\u00edcias<\/title>\n<meta name=\"robots\" content=\"index, follow, max-snippet:-1, max-image-preview:large, max-video-preview:-1\" \/>\n<link rel=\"canonical\" href=\"https:\/\/portalararasdenoticias.com.br\/?p=6352\" \/>\n<meta property=\"og:locale\" content=\"pt_BR\" \/>\n<meta property=\"og:type\" content=\"article\" \/>\n<meta property=\"og:title\" content=\"Jovem Guarda de Luto Morre em SP, aos 76 anos, Lilian Knapp, a voz suave da Jovem Guarda da dupla Leno &amp; Lilian - Portal Araras de Not\u00edcias\" \/>\n<meta property=\"og:description\" content=\"A cantora brasileira fez grande sucesso na \u00e9poca Jovem Guarda quando formou dupla com o irm\u00e3o, Leno.A cantora Lilian Knapp, que ficou famosa com a m\u00fasica \u201cSou Rebelde\u201d, morreu neste s\u00e1bado (22), aos 76 anos. O comunicado da morte da artista foi publico em seu Instagram oficial.\u201c\u00c9 com muito pesar que anunciamos a morte da [&hellip;]\" \/>\n<meta property=\"og:url\" content=\"https:\/\/portalararasdenoticias.com.br\/?p=6352\" \/>\n<meta property=\"og:site_name\" content=\"Portal Araras de Not\u00edcias\" \/>\n<meta property=\"article:published_time\" content=\"2025-02-23T03:01:06+00:00\" \/>\n<meta property=\"article:modified_time\" content=\"2025-03-24T11:47:39+00:00\" \/>\n<meta property=\"og:image\" content=\"https:\/\/portalararasdenoticias.com.br\/wp-content\/uploads\/2025\/02\/fb_img_1740256771448-1.jpg\" \/>\n\t<meta property=\"og:image:width\" content=\"1080\" \/>\n\t<meta property=\"og:image:height\" content=\"1350\" \/>\n\t<meta property=\"og:image:type\" content=\"image\/jpeg\" \/>\n<meta name=\"author\" content=\"Portal Araras de Noticias\" \/>\n<meta name=\"twitter:card\" content=\"summary_large_image\" \/>\n<meta name=\"twitter:label1\" content=\"Escrito por\" \/>\n\t<meta name=\"twitter:data1\" content=\"Portal Araras de Noticias\" \/>\n\t<meta name=\"twitter:label2\" content=\"Est. tempo de leitura\" \/>\n\t<meta name=\"twitter:data2\" content=\"1 minuto\" \/>\n<script type=\"application\/ld+json\" class=\"yoast-schema-graph\">{\"@context\":\"https:\/\/schema.org\",\"@graph\":[{\"@type\":\"Article\",\"@id\":\"https:\/\/portalararasdenoticias.com.br\/?p=6352#article\",\"isPartOf\":{\"@id\":\"https:\/\/portalararasdenoticias.com.br\/?p=6352\"},\"author\":{\"name\":\"Portal Araras de Noticias\",\"@id\":\"https:\/\/portalararasdenoticias.com.br\/#\/schema\/person\/a6190507efe29dea1049d60d05ed5c0a\"},\"headline\":\"Jovem Guarda de Luto Morre em SP, aos 76 anos, Lilian Knapp, a voz suave da Jovem Guarda da dupla Leno &#038; Lilian\",\"datePublished\":\"2025-02-23T03:01:06+00:00\",\"dateModified\":\"2025-03-24T11:47:39+00:00\",\"mainEntityOfPage\":{\"@id\":\"https:\/\/portalararasdenoticias.com.br\/?p=6352\"},\"wordCount\":269,\"commentCount\":0,\"image\":{\"@id\":\"https:\/\/portalararasdenoticias.com.br\/?p=6352#primaryimage\"},\"thumbnailUrl\":\"https:\/\/portalararasdenoticias.com.br\/wp-content\/uploads\/2025\/02\/fb_img_1740256771448-1.jpg\",\"inLanguage\":\"pt-BR\",\"potentialAction\":[{\"@type\":\"CommentAction\",\"name\":\"Comment\",\"target\":[\"https:\/\/portalararasdenoticias.com.br\/?p=6352#respond\"]}]},{\"@type\":\"WebPage\",\"@id\":\"https:\/\/portalararasdenoticias.com.br\/?p=6352\",\"url\":\"https:\/\/portalararasdenoticias.com.br\/?p=6352\",\"name\":\"Jovem Guarda de Luto Morre em SP, aos 76 anos, Lilian Knapp, a voz suave da Jovem Guarda da dupla Leno & Lilian - Portal Araras de Not\u00edcias\",\"isPartOf\":{\"@id\":\"https:\/\/portalararasdenoticias.com.br\/#website\"},\"primaryImageOfPage\":{\"@id\":\"https:\/\/portalararasdenoticias.com.br\/?p=6352#primaryimage\"},\"image\":{\"@id\":\"https:\/\/portalararasdenoticias.com.br\/?p=6352#primaryimage\"},\"thumbnailUrl\":\"https:\/\/portalararasdenoticias.com.br\/wp-content\/uploads\/2025\/02\/fb_img_1740256771448-1.jpg\",\"datePublished\":\"2025-02-23T03:01:06+00:00\",\"dateModified\":\"2025-03-24T11:47:39+00:00\",\"author\":{\"@id\":\"https:\/\/portalararasdenoticias.com.br\/#\/schema\/person\/a6190507efe29dea1049d60d05ed5c0a\"},\"breadcrumb\":{\"@id\":\"https:\/\/portalararasdenoticias.com.br\/?p=6352#breadcrumb\"},\"inLanguage\":\"pt-BR\",\"potentialAction\":[{\"@type\":\"ReadAction\",\"target\":[\"https:\/\/portalararasdenoticias.com.br\/?p=6352\"]}]},{\"@type\":\"ImageObject\",\"inLanguage\":\"pt-BR\",\"@id\":\"https:\/\/portalararasdenoticias.com.br\/?p=6352#primaryimage\",\"url\":\"https:\/\/portalararasdenoticias.com.br\/wp-content\/uploads\/2025\/02\/fb_img_1740256771448-1.jpg\",\"contentUrl\":\"https:\/\/portalararasdenoticias.com.br\/wp-content\/uploads\/2025\/02\/fb_img_1740256771448-1.jpg\",\"width\":1080,\"height\":1350},{\"@type\":\"BreadcrumbList\",\"@id\":\"https:\/\/portalararasdenoticias.com.br\/?p=6352#breadcrumb\",\"itemListElement\":[{\"@type\":\"ListItem\",\"position\":1,\"name\":\"In\u00edcio\",\"item\":\"https:\/\/portalararasdenoticias.com.br\/\"},{\"@type\":\"ListItem\",\"position\":2,\"name\":\"Jovem Guarda de Luto Morre em SP, aos 76 anos, Lilian Knapp, a voz suave da Jovem Guarda da dupla Leno &#038; Lilian\"}]},{\"@type\":\"WebSite\",\"@id\":\"https:\/\/portalararasdenoticias.com.br\/#website\",\"url\":\"https:\/\/portalararasdenoticias.com.br\/\",\"name\":\"Portal Araras de Not\u00edcias\",\"description\":\"O Seu Portal de Not\u00edcias\",\"potentialAction\":[{\"@type\":\"SearchAction\",\"target\":{\"@type\":\"EntryPoint\",\"urlTemplate\":\"https:\/\/portalararasdenoticias.com.br\/?s={search_term_string}\"},\"query-input\":{\"@type\":\"PropertyValueSpecification\",\"valueRequired\":true,\"valueName\":\"search_term_string\"}}],\"inLanguage\":\"pt-BR\"},{\"@type\":\"Person\",\"@id\":\"https:\/\/portalararasdenoticias.com.br\/#\/schema\/person\/a6190507efe29dea1049d60d05ed5c0a\",\"name\":\"Portal Araras de Noticias\",\"image\":{\"@type\":\"ImageObject\",\"inLanguage\":\"pt-BR\",\"@id\":\"https:\/\/portalararasdenoticias.com.br\/#\/schema\/person\/image\/\",\"url\":\"https:\/\/secure.gravatar.com\/avatar\/4df7c42bc08e78bc9b6e13086fafc161bdf01220657cd93de3d828ab6c60d469?s=96&d=mm&r=g\",\"contentUrl\":\"https:\/\/secure.gravatar.com\/avatar\/4df7c42bc08e78bc9b6e13086fafc161bdf01220657cd93de3d828ab6c60d469?s=96&d=mm&r=g\",\"caption\":\"Portal Araras de Noticias\"},\"sameAs\":[\"https:\/\/portalararasdenoticias.com.br\/\"],\"url\":\"https:\/\/portalararasdenoticias.com.br\/?author=5\"}]}<\/script>\n<!-- \/ Yoast SEO plugin. -->","yoast_head_json":{"title":"Jovem Guarda de Luto Morre em SP, aos 76 anos, Lilian Knapp, a voz suave da Jovem Guarda da dupla Leno & Lilian - Portal Araras de Not\u00edcias","robots":{"index":"index","follow":"follow","max-snippet":"max-snippet:-1","max-image-preview":"max-image-preview:large","max-video-preview":"max-video-preview:-1"},"canonical":"https:\/\/portalararasdenoticias.com.br\/?p=6352","og_locale":"pt_BR","og_type":"article","og_title":"Jovem Guarda de Luto Morre em SP, aos 76 anos, Lilian Knapp, a voz suave da Jovem Guarda da dupla Leno & Lilian - Portal Araras de Not\u00edcias","og_description":"A cantora brasileira fez grande sucesso na \u00e9poca Jovem Guarda quando formou dupla com o irm\u00e3o, Leno.A cantora Lilian Knapp, que ficou famosa com a m\u00fasica \u201cSou Rebelde\u201d, morreu neste s\u00e1bado (22), aos 76 anos. O comunicado da morte da artista foi publico em seu Instagram oficial.\u201c\u00c9 com muito pesar que anunciamos a morte da [&hellip;]","og_url":"https:\/\/portalararasdenoticias.com.br\/?p=6352","og_site_name":"Portal Araras de Not\u00edcias","article_published_time":"2025-02-23T03:01:06+00:00","article_modified_time":"2025-03-24T11:47:39+00:00","og_image":[{"width":1080,"height":1350,"url":"https:\/\/portalararasdenoticias.com.br\/wp-content\/uploads\/2025\/02\/fb_img_1740256771448-1.jpg","type":"image\/jpeg"}],"author":"Portal Araras de Noticias","twitter_card":"summary_large_image","twitter_misc":{"Escrito por":"Portal Araras de Noticias","Est. tempo de leitura":"1 minuto"},"schema":{"@context":"https:\/\/schema.org","@graph":[{"@type":"Article","@id":"https:\/\/portalararasdenoticias.com.br\/?p=6352#article","isPartOf":{"@id":"https:\/\/portalararasdenoticias.com.br\/?p=6352"},"author":{"name":"Portal Araras de Noticias","@id":"https:\/\/portalararasdenoticias.com.br\/#\/schema\/person\/a6190507efe29dea1049d60d05ed5c0a"},"headline":"Jovem Guarda de Luto Morre em SP, aos 76 anos, Lilian Knapp, a voz suave da Jovem Guarda da dupla Leno &#038; Lilian","datePublished":"2025-02-23T03:01:06+00:00","dateModified":"2025-03-24T11:47:39+00:00","mainEntityOfPage":{"@id":"https:\/\/portalararasdenoticias.com.br\/?p=6352"},"wordCount":269,"commentCount":0,"image":{"@id":"https:\/\/portalararasdenoticias.com.br\/?p=6352#primaryimage"},"thumbnailUrl":"https:\/\/portalararasdenoticias.com.br\/wp-content\/uploads\/2025\/02\/fb_img_1740256771448-1.jpg","inLanguage":"pt-BR","potentialAction":[{"@type":"CommentAction","name":"Comment","target":["https:\/\/portalararasdenoticias.com.br\/?p=6352#respond"]}]},{"@type":"WebPage","@id":"https:\/\/portalararasdenoticias.com.br\/?p=6352","url":"https:\/\/portalararasdenoticias.com.br\/?p=6352","name":"Jovem Guarda de Luto Morre em SP, aos 76 anos, Lilian Knapp, a voz suave da Jovem Guarda da dupla Leno & Lilian - Portal Araras de Not\u00edcias","isPartOf":{"@id":"https:\/\/portalararasdenoticias.com.br\/#website"},"primaryImageOfPage":{"@id":"https:\/\/portalararasdenoticias.com.br\/?p=6352#primaryimage"},"image":{"@id":"https:\/\/portalararasdenoticias.com.br\/?p=6352#primaryimage"},"thumbnailUrl":"https:\/\/portalararasdenoticias.com.br\/wp-content\/uploads\/2025\/02\/fb_img_1740256771448-1.jpg","datePublished":"2025-02-23T03:01:06+00:00","dateModified":"2025-03-24T11:47:39+00:00","author":{"@id":"https:\/\/portalararasdenoticias.com.br\/#\/schema\/person\/a6190507efe29dea1049d60d05ed5c0a"},"breadcrumb":{"@id":"https:\/\/portalararasdenoticias.com.br\/?p=6352#breadcrumb"},"inLanguage":"pt-BR","potentialAction":[{"@type":"ReadAction","target":["https:\/\/portalararasdenoticias.com.br\/?p=6352"]}]},{"@type":"ImageObject","inLanguage":"pt-BR","@id":"https:\/\/portalararasdenoticias.com.br\/?p=6352#primaryimage","url":"https:\/\/portalararasdenoticias.com.br\/wp-content\/uploads\/2025\/02\/fb_img_1740256771448-1.jpg","contentUrl":"https:\/\/portalararasdenoticias.com.br\/wp-content\/uploads\/2025\/02\/fb_img_1740256771448-1.jpg","width":1080,"height":1350},{"@type":"BreadcrumbList","@id":"https:\/\/portalararasdenoticias.com.br\/?p=6352#breadcrumb","itemListElement":[{"@type":"ListItem","position":1,"name":"In\u00edcio","item":"https:\/\/portalararasdenoticias.com.br\/"},{"@type":"ListItem","position":2,"name":"Jovem Guarda de Luto Morre em SP, aos 76 anos, Lilian Knapp, a voz suave da Jovem Guarda da dupla Leno &#038; Lilian"}]},{"@type":"WebSite","@id":"https:\/\/portalararasdenoticias.com.br\/#website","url":"https:\/\/portalararasdenoticias.com.br\/","name":"Portal Araras de Not\u00edcias","description":"O Seu Portal de Not\u00edcias","potentialAction":[{"@type":"SearchAction","target":{"@type":"EntryPoint","urlTemplate":"https:\/\/portalararasdenoticias.com.br\/?s={search_term_string}"},"query-input":{"@type":"PropertyValueSpecification","valueRequired":true,"valueName":"search_term_string"}}],"inLanguage":"pt-BR"},{"@type":"Person","@id":"https:\/\/portalararasdenoticias.com.br\/#\/schema\/person\/a6190507efe29dea1049d60d05ed5c0a","name":"Portal Araras de Noticias","image":{"@type":"ImageObject","inLanguage":"pt-BR","@id":"https:\/\/portalararasdenoticias.com.br\/#\/schema\/person\/image\/","url":"https:\/\/secure.gravatar.com\/avatar\/4df7c42bc08e78bc9b6e13086fafc161bdf01220657cd93de3d828ab6c60d469?s=96&d=mm&r=g","contentUrl":"https:\/\/secure.gravatar.com\/avatar\/4df7c42bc08e78bc9b6e13086fafc161bdf01220657cd93de3d828ab6c60d469?s=96&d=mm&r=g","caption":"Portal Araras de Noticias"},"sameAs":["https:\/\/portalararasdenoticias.com.br\/"],"url":"https:\/\/portalararasdenoticias.com.br\/?author=5"}]}},"_links":{"self":[{"href":"https:\/\/portalararasdenoticias.com.br\/index.php?rest_route=\/wp\/v2\/posts\/6352","targetHints":{"allow":["GET"]}}],"collection":[{"href":"https:\/\/portalararasdenoticias.com.br\/index.php?rest_route=\/wp\/v2\/posts"}],"about":[{"href":"https:\/\/portalararasdenoticias.com.br\/index.php?rest_route=\/wp\/v2\/types\/post"}],"author":[{"embeddable":true,"href":"https:\/\/portalararasdenoticias.com.br\/index.php?rest_route=\/wp\/v2\/users\/5"}],"replies":[{"embeddable":true,"href":"https:\/\/portalararasdenoticias.com.br\/index.php?rest_route=%2Fwp%2Fv2%2Fcomments&post=6352"}],"version-history":[{"count":1,"href":"https:\/\/portalararasdenoticias.com.br\/index.php?rest_route=\/wp\/v2\/posts\/6352\/revisions"}],"predecessor-version":[{"id":6359,"href":"https:\/\/portalararasdenoticias.com.br\/index.php?rest_route=\/wp\/v2\/posts\/6352\/revisions\/6359"}],"wp:featuredmedia":[{"embeddable":true,"href":"https:\/\/portalararasdenoticias.com.br\/index.php?rest_route=\/wp\/v2\/media\/6362"}],"wp:attachment":[{"href":"https:\/\/portalararasdenoticias.com.br\/index.php?rest_route=%2Fwp%2Fv2%2Fmedia&parent=6352"}],"wp:term":[{"taxonomy":"category","embeddable":true,"href":"https:\/\/portalararasdenoticias.com.br\/index.php?rest_route=%2Fwp%2Fv2%2Fcategories&post=6352"},{"taxonomy":"post_tag","embeddable":true,"href":"https:\/\/portalararasdenoticias.com.br\/index.php?rest_route=%2Fwp%2Fv2%2Ftags&post=6352"}],"curies":[{"name":"wp","href":"https:\/\/api.w.org\/{rel}","templated":true}]}}