{"id":6472,"date":"2025-04-02T21:56:36","date_gmt":"2025-04-03T00:56:36","guid":{"rendered":"https:\/\/portalararasdenoticias.com.br\/?p=6472"},"modified":"2025-04-02T21:56:36","modified_gmt":"2025-04-03T00:56:36","slug":"moraes-determina-prisao-preventiva-de-leo-indio-primo-dos-filhos-de-bolsonaro","status":"publish","type":"post","link":"https:\/\/portalararasdenoticias.com.br\/?p=6472","title":{"rendered":"Moraes determina pris\u00e3o preventiva de L\u00e9o \u00cdndio, primo dos filhos de Bolsonaro"},"content":{"rendered":"\n<p>BRAS\u00cdLIA (Reuters) &#8211; O ministro do Supremo Tribunal Federal (STF) Alexandre de Moraes determinou nesta quarta-feira a pris\u00e3o preventiva de Leonardo Rodrigues de Jesus, o L\u00e9o \u00cdndio, primo dos filhos do ex-presidente Jair Bolsonaro.<br>A ordem de Moraes atende a parecer do procurador-geral da Rep\u00fablica, Paulo Gonet, que considerou que L\u00e9o \u00cdndio deixou o pa\u00eds em dire\u00e7\u00e3o \u00e0 Argentina sem autoriza\u00e7\u00e3o. R\u00e9u por participa\u00e7\u00e3o nos atos golpistas do 8 de janeiro de 2023, ele disse, em v\u00eddeo nas redes sociais, estar h\u00e1 quase tr\u00eas semanas no pa\u00eds vizinho.<br>Segundo Moraes, o r\u00e9u, tendo &#8220;plena ci\u00eancia do cancelamento do seu passaporte, deliberadamente fugiu do Brasil, tendo ingressado na Argentina com o documento de identidade, em raz\u00e3o da desnecessidade de apresenta\u00e7\u00e3o obrigat\u00f3ria de passaporte em pa\u00edses do Mercosul&#8221;.<br>&#8220;O intuito do r\u00e9u Leonardo Rodrigues de Jesus de fugir do distrito de culpa \u00e9 corroborado pelo documento de perman\u00eancia provis\u00f3ria juntado pela Defesa do acusado, no qual demonstra a obten\u00e7\u00e3o de autoriza\u00e7\u00e3o para permanecer na Argentina at\u00e9 junho de 2025&#8221;, disse.<br>&#8220;Dessa forma, a evidente fuga do distrito da culpa em virtude do recebimento da den\u00fancia em face do r\u00e9u, demonstra a legitimidade da imposi\u00e7\u00e3o da pris\u00e3o preventiva para assegurar a aplica\u00e7\u00e3o da lei penal&#8221;, determinou o ministro do Supremo.<br>L\u00e9o \u00cdndio \u00e9 filho de uma irm\u00e3 de Rog\u00e9ria Nantes, a primeira mulher do ex-presidente Jair Bolsonaro e m\u00e3e de Fl\u00e1vio, Carlos e Eduardo. N\u00e3o foi poss\u00edvel contactar a defesa dele.<\/p>\n\n\n\n<figure class=\"wp-block-gallery has-nested-images columns-default is-cropped wp-block-gallery-1 is-layout-flex wp-block-gallery-is-layout-flex\">\n<figure class=\"wp-block-image size-large\"><img loading=\"lazy\" decoding=\"async\" width=\"840\" height=\"520\" data-id=\"6474\" src=\"https:\/\/portalararasdenoticias.com.br\/wp-content\/uploads\/2025\/04\/leoindio-1.webp\" alt=\"\" class=\"wp-image-6474\" srcset=\"https:\/\/portalararasdenoticias.com.br\/wp-content\/uploads\/2025\/04\/leoindio-1.webp 840w, https:\/\/portalararasdenoticias.com.br\/wp-content\/uploads\/2025\/04\/leoindio-1-300x186.webp 300w, https:\/\/portalararasdenoticias.com.br\/wp-content\/uploads\/2025\/04\/leoindio-1-768x475.webp 768w\" sizes=\"auto, (max-width: 840px) 100vw, 840px\" \/><\/figure>\n\n\n\n<figure class=\"wp-block-image size-large\"><img loading=\"lazy\" decoding=\"async\" width=\"888\" height=\"845\" data-id=\"6477\" src=\"https:\/\/portalararasdenoticias.com.br\/wp-content\/uploads\/2025\/04\/leoindio.webp\" alt=\"\" class=\"wp-image-6477\" srcset=\"https:\/\/portalararasdenoticias.com.br\/wp-content\/uploads\/2025\/04\/leoindio.webp 888w, https:\/\/portalararasdenoticias.com.br\/wp-content\/uploads\/2025\/04\/leoindio-300x285.webp 300w, https:\/\/portalararasdenoticias.com.br\/wp-content\/uploads\/2025\/04\/leoindio-768x731.webp 768w\" sizes=\"auto, (max-width: 888px) 100vw, 888px\" \/><\/figure>\n\n\n\n<figure class=\"wp-block-image size-large\"><img loading=\"lazy\" decoding=\"async\" width=\"450\" height=\"450\" data-id=\"6475\" src=\"https:\/\/portalararasdenoticias.com.br\/wp-content\/uploads\/2025\/04\/leonardo-rodrigues-de-jesus-o-leo-indio-primo-de-flavio-carlos-e-eduardo-bolsonaro-1615580273522_v2_450x450.jpg\" alt=\"\" class=\"wp-image-6475\" srcset=\"https:\/\/portalararasdenoticias.com.br\/wp-content\/uploads\/2025\/04\/leonardo-rodrigues-de-jesus-o-leo-indio-primo-de-flavio-carlos-e-eduardo-bolsonaro-1615580273522_v2_450x450.jpg 450w, https:\/\/portalararasdenoticias.com.br\/wp-content\/uploads\/2025\/04\/leonardo-rodrigues-de-jesus-o-leo-indio-primo-de-flavio-carlos-e-eduardo-bolsonaro-1615580273522_v2_450x450-300x300.jpg 300w, https:\/\/portalararasdenoticias.com.br\/wp-content\/uploads\/2025\/04\/leonardo-rodrigues-de-jesus-o-leo-indio-primo-de-flavio-carlos-e-eduardo-bolsonaro-1615580273522_v2_450x450-150x150.jpg 150w\" sizes=\"auto, (max-width: 450px) 100vw, 450px\" \/><\/figure>\n\n\n\n<figure class=\"wp-block-image size-large\"><img loading=\"lazy\" decoding=\"async\" width=\"1024\" height=\"768\" data-id=\"6476\" src=\"https:\/\/portalararasdenoticias.com.br\/wp-content\/uploads\/2025\/04\/MONTAGEM-CNN-19-1024x768.webp\" alt=\"\" class=\"wp-image-6476\" srcset=\"https:\/\/portalararasdenoticias.com.br\/wp-content\/uploads\/2025\/04\/MONTAGEM-CNN-19-1024x768.webp 1024w, https:\/\/portalararasdenoticias.com.br\/wp-content\/uploads\/2025\/04\/MONTAGEM-CNN-19-300x225.webp 300w, https:\/\/portalararasdenoticias.com.br\/wp-content\/uploads\/2025\/04\/MONTAGEM-CNN-19-768x576.webp 768w, https:\/\/portalararasdenoticias.com.br\/wp-content\/uploads\/2025\/04\/MONTAGEM-CNN-19.webp 1200w\" sizes=\"auto, (max-width: 1024px) 100vw, 1024px\" \/><\/figure>\n<\/figure>\n","protected":false},"excerpt":{"rendered":"<p>BRAS\u00cdLIA (Reuters) &#8211; O ministro do Supremo Tribunal Federal (STF) Alexandre de Moraes determinou nesta quarta-feira a pris\u00e3o preventiva de Leonardo Rodrigues de Jesus, o L\u00e9o \u00cdndio, primo dos filhos do ex-presidente Jair Bolsonaro.A ordem de Moraes atende a parecer do procurador-geral da Rep\u00fablica, Paulo Gonet, que considerou que L\u00e9o \u00cdndio deixou o pa\u00eds em [&hellip;]<\/p>\n","protected":false},"author":5,"featured_media":6475,"comment_status":"open","ping_status":"open","sticky":false,"template":"","format":"standard","meta":{"footnotes":""},"categories":[2],"tags":[],"class_list":["post-6472","post","type-post","status-publish","format-standard","has-post-thumbnail","hentry","category-politica"],"yoast_head":"<!-- This site is optimized with the Yoast SEO plugin v27.0 - https:\/\/yoast.com\/product\/yoast-seo-wordpress\/ -->\n<title>Moraes determina pris\u00e3o preventiva de L\u00e9o \u00cdndio, primo dos filhos de Bolsonaro - Portal Araras de Not\u00edcias<\/title>\n<meta name=\"robots\" content=\"index, follow, max-snippet:-1, max-image-preview:large, max-video-preview:-1\" \/>\n<link rel=\"canonical\" href=\"https:\/\/portalararasdenoticias.com.br\/?p=6472\" \/>\n<meta property=\"og:locale\" content=\"pt_BR\" \/>\n<meta property=\"og:type\" content=\"article\" \/>\n<meta property=\"og:title\" content=\"Moraes determina pris\u00e3o preventiva de L\u00e9o \u00cdndio, primo dos filhos de Bolsonaro - Portal Araras de Not\u00edcias\" \/>\n<meta property=\"og:description\" content=\"BRAS\u00cdLIA (Reuters) &#8211; O ministro do Supremo Tribunal Federal (STF) Alexandre de Moraes determinou nesta quarta-feira a pris\u00e3o preventiva de Leonardo Rodrigues de Jesus, o L\u00e9o \u00cdndio, primo dos filhos do ex-presidente Jair Bolsonaro.A ordem de Moraes atende a parecer do procurador-geral da Rep\u00fablica, Paulo Gonet, que considerou que L\u00e9o \u00cdndio deixou o pa\u00eds em [&hellip;]\" \/>\n<meta property=\"og:url\" content=\"https:\/\/portalararasdenoticias.com.br\/?p=6472\" \/>\n<meta property=\"og:site_name\" content=\"Portal Araras de Not\u00edcias\" \/>\n<meta property=\"article:published_time\" content=\"2025-04-03T00:56:36+00:00\" \/>\n<meta property=\"og:image\" content=\"https:\/\/portalararasdenoticias.com.br\/wp-content\/uploads\/2025\/04\/leonardo-rodrigues-de-jesus-o-leo-indio-primo-de-flavio-carlos-e-eduardo-bolsonaro-1615580273522_v2_450x450.jpg\" \/>\n\t<meta property=\"og:image:width\" content=\"450\" \/>\n\t<meta property=\"og:image:height\" content=\"450\" \/>\n\t<meta property=\"og:image:type\" content=\"image\/jpeg\" \/>\n<meta name=\"author\" content=\"Portal Araras de Noticias\" \/>\n<meta name=\"twitter:card\" content=\"summary_large_image\" \/>\n<meta name=\"twitter:label1\" content=\"Escrito por\" \/>\n\t<meta name=\"twitter:data1\" content=\"Portal Araras de Noticias\" \/>\n\t<meta name=\"twitter:label2\" content=\"Est. tempo de leitura\" \/>\n\t<meta name=\"twitter:data2\" content=\"1 minuto\" \/>\n<script type=\"application\/ld+json\" class=\"yoast-schema-graph\">{\"@context\":\"https:\/\/schema.org\",\"@graph\":[{\"@type\":\"Article\",\"@id\":\"https:\/\/portalararasdenoticias.com.br\/?p=6472#article\",\"isPartOf\":{\"@id\":\"https:\/\/portalararasdenoticias.com.br\/?p=6472\"},\"author\":{\"name\":\"Portal Araras de Noticias\",\"@id\":\"https:\/\/portalararasdenoticias.com.br\/#\/schema\/person\/a6190507efe29dea1049d60d05ed5c0a\"},\"headline\":\"Moraes determina pris\u00e3o preventiva de L\u00e9o \u00cdndio, primo dos filhos de Bolsonaro\",\"datePublished\":\"2025-04-03T00:56:36+00:00\",\"mainEntityOfPage\":{\"@id\":\"https:\/\/portalararasdenoticias.com.br\/?p=6472\"},\"wordCount\":281,\"commentCount\":0,\"image\":{\"@id\":\"https:\/\/portalararasdenoticias.com.br\/?p=6472#primaryimage\"},\"thumbnailUrl\":\"https:\/\/portalararasdenoticias.com.br\/wp-content\/uploads\/2025\/04\/leonardo-rodrigues-de-jesus-o-leo-indio-primo-de-flavio-carlos-e-eduardo-bolsonaro-1615580273522_v2_450x450.jpg\",\"articleSection\":[\"Pol\u00edtica\"],\"inLanguage\":\"pt-BR\",\"potentialAction\":[{\"@type\":\"CommentAction\",\"name\":\"Comment\",\"target\":[\"https:\/\/portalararasdenoticias.com.br\/?p=6472#respond\"]}]},{\"@type\":\"WebPage\",\"@id\":\"https:\/\/portalararasdenoticias.com.br\/?p=6472\",\"url\":\"https:\/\/portalararasdenoticias.com.br\/?p=6472\",\"name\":\"Moraes determina pris\u00e3o preventiva de L\u00e9o \u00cdndio, primo dos filhos de Bolsonaro - Portal Araras de Not\u00edcias\",\"isPartOf\":{\"@id\":\"https:\/\/portalararasdenoticias.com.br\/#website\"},\"primaryImageOfPage\":{\"@id\":\"https:\/\/portalararasdenoticias.com.br\/?p=6472#primaryimage\"},\"image\":{\"@id\":\"https:\/\/portalararasdenoticias.com.br\/?p=6472#primaryimage\"},\"thumbnailUrl\":\"https:\/\/portalararasdenoticias.com.br\/wp-content\/uploads\/2025\/04\/leonardo-rodrigues-de-jesus-o-leo-indio-primo-de-flavio-carlos-e-eduardo-bolsonaro-1615580273522_v2_450x450.jpg\",\"datePublished\":\"2025-04-03T00:56:36+00:00\",\"author\":{\"@id\":\"https:\/\/portalararasdenoticias.com.br\/#\/schema\/person\/a6190507efe29dea1049d60d05ed5c0a\"},\"breadcrumb\":{\"@id\":\"https:\/\/portalararasdenoticias.com.br\/?p=6472#breadcrumb\"},\"inLanguage\":\"pt-BR\",\"potentialAction\":[{\"@type\":\"ReadAction\",\"target\":[\"https:\/\/portalararasdenoticias.com.br\/?p=6472\"]}]},{\"@type\":\"ImageObject\",\"inLanguage\":\"pt-BR\",\"@id\":\"https:\/\/portalararasdenoticias.com.br\/?p=6472#primaryimage\",\"url\":\"https:\/\/portalararasdenoticias.com.br\/wp-content\/uploads\/2025\/04\/leonardo-rodrigues-de-jesus-o-leo-indio-primo-de-flavio-carlos-e-eduardo-bolsonaro-1615580273522_v2_450x450.jpg\",\"contentUrl\":\"https:\/\/portalararasdenoticias.com.br\/wp-content\/uploads\/2025\/04\/leonardo-rodrigues-de-jesus-o-leo-indio-primo-de-flavio-carlos-e-eduardo-bolsonaro-1615580273522_v2_450x450.jpg\",\"width\":450,\"height\":450},{\"@type\":\"BreadcrumbList\",\"@id\":\"https:\/\/portalararasdenoticias.com.br\/?p=6472#breadcrumb\",\"itemListElement\":[{\"@type\":\"ListItem\",\"position\":1,\"name\":\"In\u00edcio\",\"item\":\"https:\/\/portalararasdenoticias.com.br\/\"},{\"@type\":\"ListItem\",\"position\":2,\"name\":\"Moraes determina pris\u00e3o preventiva de L\u00e9o \u00cdndio, primo dos filhos de Bolsonaro\"}]},{\"@type\":\"WebSite\",\"@id\":\"https:\/\/portalararasdenoticias.com.br\/#website\",\"url\":\"https:\/\/portalararasdenoticias.com.br\/\",\"name\":\"Portal Araras de Not\u00edcias\",\"description\":\"O Seu Portal de Not\u00edcias\",\"potentialAction\":[{\"@type\":\"SearchAction\",\"target\":{\"@type\":\"EntryPoint\",\"urlTemplate\":\"https:\/\/portalararasdenoticias.com.br\/?s={search_term_string}\"},\"query-input\":{\"@type\":\"PropertyValueSpecification\",\"valueRequired\":true,\"valueName\":\"search_term_string\"}}],\"inLanguage\":\"pt-BR\"},{\"@type\":\"Person\",\"@id\":\"https:\/\/portalararasdenoticias.com.br\/#\/schema\/person\/a6190507efe29dea1049d60d05ed5c0a\",\"name\":\"Portal Araras de Noticias\",\"image\":{\"@type\":\"ImageObject\",\"inLanguage\":\"pt-BR\",\"@id\":\"https:\/\/portalararasdenoticias.com.br\/#\/schema\/person\/image\/\",\"url\":\"https:\/\/secure.gravatar.com\/avatar\/4df7c42bc08e78bc9b6e13086fafc161bdf01220657cd93de3d828ab6c60d469?s=96&d=mm&r=g\",\"contentUrl\":\"https:\/\/secure.gravatar.com\/avatar\/4df7c42bc08e78bc9b6e13086fafc161bdf01220657cd93de3d828ab6c60d469?s=96&d=mm&r=g\",\"caption\":\"Portal Araras de Noticias\"},\"sameAs\":[\"https:\/\/portalararasdenoticias.com.br\/\"],\"url\":\"https:\/\/portalararasdenoticias.com.br\/?author=5\"}]}<\/script>\n<!-- \/ Yoast SEO plugin. -->","yoast_head_json":{"title":"Moraes determina pris\u00e3o preventiva de L\u00e9o \u00cdndio, primo dos filhos de Bolsonaro - Portal Araras de Not\u00edcias","robots":{"index":"index","follow":"follow","max-snippet":"max-snippet:-1","max-image-preview":"max-image-preview:large","max-video-preview":"max-video-preview:-1"},"canonical":"https:\/\/portalararasdenoticias.com.br\/?p=6472","og_locale":"pt_BR","og_type":"article","og_title":"Moraes determina pris\u00e3o preventiva de L\u00e9o \u00cdndio, primo dos filhos de Bolsonaro - Portal Araras de Not\u00edcias","og_description":"BRAS\u00cdLIA (Reuters) &#8211; O ministro do Supremo Tribunal Federal (STF) Alexandre de Moraes determinou nesta quarta-feira a pris\u00e3o preventiva de Leonardo Rodrigues de Jesus, o L\u00e9o \u00cdndio, primo dos filhos do ex-presidente Jair Bolsonaro.A ordem de Moraes atende a parecer do procurador-geral da Rep\u00fablica, Paulo Gonet, que considerou que L\u00e9o \u00cdndio deixou o pa\u00eds em [&hellip;]","og_url":"https:\/\/portalararasdenoticias.com.br\/?p=6472","og_site_name":"Portal Araras de Not\u00edcias","article_published_time":"2025-04-03T00:56:36+00:00","og_image":[{"width":450,"height":450,"url":"https:\/\/portalararasdenoticias.com.br\/wp-content\/uploads\/2025\/04\/leonardo-rodrigues-de-jesus-o-leo-indio-primo-de-flavio-carlos-e-eduardo-bolsonaro-1615580273522_v2_450x450.jpg","type":"image\/jpeg"}],"author":"Portal Araras de Noticias","twitter_card":"summary_large_image","twitter_misc":{"Escrito por":"Portal Araras de Noticias","Est. tempo de leitura":"1 minuto"},"schema":{"@context":"https:\/\/schema.org","@graph":[{"@type":"Article","@id":"https:\/\/portalararasdenoticias.com.br\/?p=6472#article","isPartOf":{"@id":"https:\/\/portalararasdenoticias.com.br\/?p=6472"},"author":{"name":"Portal Araras de Noticias","@id":"https:\/\/portalararasdenoticias.com.br\/#\/schema\/person\/a6190507efe29dea1049d60d05ed5c0a"},"headline":"Moraes determina pris\u00e3o preventiva de L\u00e9o \u00cdndio, primo dos filhos de Bolsonaro","datePublished":"2025-04-03T00:56:36+00:00","mainEntityOfPage":{"@id":"https:\/\/portalararasdenoticias.com.br\/?p=6472"},"wordCount":281,"commentCount":0,"image":{"@id":"https:\/\/portalararasdenoticias.com.br\/?p=6472#primaryimage"},"thumbnailUrl":"https:\/\/portalararasdenoticias.com.br\/wp-content\/uploads\/2025\/04\/leonardo-rodrigues-de-jesus-o-leo-indio-primo-de-flavio-carlos-e-eduardo-bolsonaro-1615580273522_v2_450x450.jpg","articleSection":["Pol\u00edtica"],"inLanguage":"pt-BR","potentialAction":[{"@type":"CommentAction","name":"Comment","target":["https:\/\/portalararasdenoticias.com.br\/?p=6472#respond"]}]},{"@type":"WebPage","@id":"https:\/\/portalararasdenoticias.com.br\/?p=6472","url":"https:\/\/portalararasdenoticias.com.br\/?p=6472","name":"Moraes determina pris\u00e3o preventiva de L\u00e9o \u00cdndio, primo dos filhos de Bolsonaro - Portal Araras de Not\u00edcias","isPartOf":{"@id":"https:\/\/portalararasdenoticias.com.br\/#website"},"primaryImageOfPage":{"@id":"https:\/\/portalararasdenoticias.com.br\/?p=6472#primaryimage"},"image":{"@id":"https:\/\/portalararasdenoticias.com.br\/?p=6472#primaryimage"},"thumbnailUrl":"https:\/\/portalararasdenoticias.com.br\/wp-content\/uploads\/2025\/04\/leonardo-rodrigues-de-jesus-o-leo-indio-primo-de-flavio-carlos-e-eduardo-bolsonaro-1615580273522_v2_450x450.jpg","datePublished":"2025-04-03T00:56:36+00:00","author":{"@id":"https:\/\/portalararasdenoticias.com.br\/#\/schema\/person\/a6190507efe29dea1049d60d05ed5c0a"},"breadcrumb":{"@id":"https:\/\/portalararasdenoticias.com.br\/?p=6472#breadcrumb"},"inLanguage":"pt-BR","potentialAction":[{"@type":"ReadAction","target":["https:\/\/portalararasdenoticias.com.br\/?p=6472"]}]},{"@type":"ImageObject","inLanguage":"pt-BR","@id":"https:\/\/portalararasdenoticias.com.br\/?p=6472#primaryimage","url":"https:\/\/portalararasdenoticias.com.br\/wp-content\/uploads\/2025\/04\/leonardo-rodrigues-de-jesus-o-leo-indio-primo-de-flavio-carlos-e-eduardo-bolsonaro-1615580273522_v2_450x450.jpg","contentUrl":"https:\/\/portalararasdenoticias.com.br\/wp-content\/uploads\/2025\/04\/leonardo-rodrigues-de-jesus-o-leo-indio-primo-de-flavio-carlos-e-eduardo-bolsonaro-1615580273522_v2_450x450.jpg","width":450,"height":450},{"@type":"BreadcrumbList","@id":"https:\/\/portalararasdenoticias.com.br\/?p=6472#breadcrumb","itemListElement":[{"@type":"ListItem","position":1,"name":"In\u00edcio","item":"https:\/\/portalararasdenoticias.com.br\/"},{"@type":"ListItem","position":2,"name":"Moraes determina pris\u00e3o preventiva de L\u00e9o \u00cdndio, primo dos filhos de Bolsonaro"}]},{"@type":"WebSite","@id":"https:\/\/portalararasdenoticias.com.br\/#website","url":"https:\/\/portalararasdenoticias.com.br\/","name":"Portal Araras de Not\u00edcias","description":"O Seu Portal de Not\u00edcias","potentialAction":[{"@type":"SearchAction","target":{"@type":"EntryPoint","urlTemplate":"https:\/\/portalararasdenoticias.com.br\/?s={search_term_string}"},"query-input":{"@type":"PropertyValueSpecification","valueRequired":true,"valueName":"search_term_string"}}],"inLanguage":"pt-BR"},{"@type":"Person","@id":"https:\/\/portalararasdenoticias.com.br\/#\/schema\/person\/a6190507efe29dea1049d60d05ed5c0a","name":"Portal Araras de Noticias","image":{"@type":"ImageObject","inLanguage":"pt-BR","@id":"https:\/\/portalararasdenoticias.com.br\/#\/schema\/person\/image\/","url":"https:\/\/secure.gravatar.com\/avatar\/4df7c42bc08e78bc9b6e13086fafc161bdf01220657cd93de3d828ab6c60d469?s=96&d=mm&r=g","contentUrl":"https:\/\/secure.gravatar.com\/avatar\/4df7c42bc08e78bc9b6e13086fafc161bdf01220657cd93de3d828ab6c60d469?s=96&d=mm&r=g","caption":"Portal Araras de Noticias"},"sameAs":["https:\/\/portalararasdenoticias.com.br\/"],"url":"https:\/\/portalararasdenoticias.com.br\/?author=5"}]}},"_links":{"self":[{"href":"https:\/\/portalararasdenoticias.com.br\/index.php?rest_route=\/wp\/v2\/posts\/6472","targetHints":{"allow":["GET"]}}],"collection":[{"href":"https:\/\/portalararasdenoticias.com.br\/index.php?rest_route=\/wp\/v2\/posts"}],"about":[{"href":"https:\/\/portalararasdenoticias.com.br\/index.php?rest_route=\/wp\/v2\/types\/post"}],"author":[{"embeddable":true,"href":"https:\/\/portalararasdenoticias.com.br\/index.php?rest_route=\/wp\/v2\/users\/5"}],"replies":[{"embeddable":true,"href":"https:\/\/portalararasdenoticias.com.br\/index.php?rest_route=%2Fwp%2Fv2%2Fcomments&post=6472"}],"version-history":[{"count":1,"href":"https:\/\/portalararasdenoticias.com.br\/index.php?rest_route=\/wp\/v2\/posts\/6472\/revisions"}],"predecessor-version":[{"id":6478,"href":"https:\/\/portalararasdenoticias.com.br\/index.php?rest_route=\/wp\/v2\/posts\/6472\/revisions\/6478"}],"wp:featuredmedia":[{"embeddable":true,"href":"https:\/\/portalararasdenoticias.com.br\/index.php?rest_route=\/wp\/v2\/media\/6475"}],"wp:attachment":[{"href":"https:\/\/portalararasdenoticias.com.br\/index.php?rest_route=%2Fwp%2Fv2%2Fmedia&parent=6472"}],"wp:term":[{"taxonomy":"category","embeddable":true,"href":"https:\/\/portalararasdenoticias.com.br\/index.php?rest_route=%2Fwp%2Fv2%2Fcategories&post=6472"},{"taxonomy":"post_tag","embeddable":true,"href":"https:\/\/portalararasdenoticias.com.br\/index.php?rest_route=%2Fwp%2Fv2%2Ftags&post=6472"}],"curies":[{"name":"wp","href":"https:\/\/api.w.org\/{rel}","templated":true}]}}