{"id":658,"date":"2019-07-06T10:13:51","date_gmt":"2019-07-06T13:13:51","guid":{"rendered":"http:\/\/portalararasdenoticias.com.br\/?p=658"},"modified":"2019-07-06T10:13:54","modified_gmt":"2019-07-06T13:13:54","slug":"acidente-logo-na-manha-deste-sabado-na-av-cel-savio-belota-novo-aleixo","status":"publish","type":"post","link":"https:\/\/portalararasdenoticias.com.br\/?p=658","title":{"rendered":"Acidente logo na manha deste sabado na Av. Cel. S\u00e1vio Belota &#8211; Novo Aleixo"},"content":{"rendered":"\n<figure class=\"wp-block-image\"><img loading=\"lazy\" decoding=\"async\" width=\"614\" height=\"1024\" src=\"http:\/\/portalararasdenoticias.com.br\/wp-content\/uploads\/2019\/07\/20190706_071617-614x1024.jpg\" alt=\"\" class=\"wp-image-659\" srcset=\"https:\/\/portalararasdenoticias.com.br\/wp-content\/uploads\/2019\/07\/20190706_071617-614x1024.jpg 614w, https:\/\/portalararasdenoticias.com.br\/wp-content\/uploads\/2019\/07\/20190706_071617-180x300.jpg 180w, https:\/\/portalararasdenoticias.com.br\/wp-content\/uploads\/2019\/07\/20190706_071617-768x1280.jpg 768w, https:\/\/portalararasdenoticias.com.br\/wp-content\/uploads\/2019\/07\/20190706_071617.jpg 1536w\" sizes=\"auto, (max-width: 614px) 100vw, 614px\" \/><\/figure>\n\n\n\n<figure class=\"wp-block-image\"><img loading=\"lazy\" decoding=\"async\" width=\"1024\" height=\"614\" src=\"http:\/\/portalararasdenoticias.com.br\/wp-content\/uploads\/2019\/07\/20190706_071626-1024x614.jpg\" alt=\"\" class=\"wp-image-660\" srcset=\"https:\/\/portalararasdenoticias.com.br\/wp-content\/uploads\/2019\/07\/20190706_071626-1024x614.jpg 1024w, https:\/\/portalararasdenoticias.com.br\/wp-content\/uploads\/2019\/07\/20190706_071626-300x180.jpg 300w, https:\/\/portalararasdenoticias.com.br\/wp-content\/uploads\/2019\/07\/20190706_071626-768x461.jpg 768w\" sizes=\"auto, (max-width: 1024px) 100vw, 1024px\" \/><\/figure>\n\n\n\n<figure class=\"wp-block-image\"><img loading=\"lazy\" decoding=\"async\" width=\"614\" height=\"1024\" src=\"http:\/\/portalararasdenoticias.com.br\/wp-content\/uploads\/2019\/07\/20190706_072203-614x1024.jpg\" alt=\"\" class=\"wp-image-661\" srcset=\"https:\/\/portalararasdenoticias.com.br\/wp-content\/uploads\/2019\/07\/20190706_072203-614x1024.jpg 614w, https:\/\/portalararasdenoticias.com.br\/wp-content\/uploads\/2019\/07\/20190706_072203-180x300.jpg 180w, https:\/\/portalararasdenoticias.com.br\/wp-content\/uploads\/2019\/07\/20190706_072203-768x1280.jpg 768w, https:\/\/portalararasdenoticias.com.br\/wp-content\/uploads\/2019\/07\/20190706_072203.jpg 1536w\" sizes=\"auto, (max-width: 614px) 100vw, 614px\" \/><\/figure>\n\n\n\n<figure class=\"wp-block-image\"><img loading=\"lazy\" decoding=\"async\" width=\"614\" height=\"1024\" src=\"http:\/\/portalararasdenoticias.com.br\/wp-content\/uploads\/2019\/07\/20190706_072233-614x1024.jpg\" alt=\"\" class=\"wp-image-662\" srcset=\"https:\/\/portalararasdenoticias.com.br\/wp-content\/uploads\/2019\/07\/20190706_072233-614x1024.jpg 614w, https:\/\/portalararasdenoticias.com.br\/wp-content\/uploads\/2019\/07\/20190706_072233-180x300.jpg 180w, https:\/\/portalararasdenoticias.com.br\/wp-content\/uploads\/2019\/07\/20190706_072233-768x1280.jpg 768w, https:\/\/portalararasdenoticias.com.br\/wp-content\/uploads\/2019\/07\/20190706_072233.jpg 1536w\" sizes=\"auto, (max-width: 614px) 100vw, 614px\" \/><\/figure>\n\n\n\n<p>Acidente logo na manha\ndeste sabado na Av. Cel. S\u00e1vio Belota &#8211; Novo Aleixo entre carro e moto sem\nvitimas fatais so danos materiais.<\/p>\n","protected":false},"excerpt":{"rendered":"<p>Acidente logo na manha deste sabado na Av. Cel. S\u00e1vio Belota &#8211; Novo Aleixo entre carro e moto sem vitimas fatais so danos materiais.<\/p>\n","protected":false},"author":5,"featured_media":662,"comment_status":"open","ping_status":"open","sticky":true,"template":"","format":"standard","meta":{"footnotes":""},"categories":[34],"tags":[],"class_list":["post-658","post","type-post","status-publish","format-standard","has-post-thumbnail","hentry","category-jornalismo"],"yoast_head":"<!-- This site is optimized with the Yoast SEO plugin v27.0 - https:\/\/yoast.com\/product\/yoast-seo-wordpress\/ -->\n<title>Acidente logo na manha deste sabado na Av. Cel. S\u00e1vio Belota - Novo Aleixo - Portal Araras de Not\u00edcias<\/title>\n<meta name=\"robots\" content=\"index, follow, max-snippet:-1, max-image-preview:large, max-video-preview:-1\" \/>\n<link rel=\"canonical\" href=\"https:\/\/portalararasdenoticias.com.br\/?p=658\" \/>\n<meta property=\"og:locale\" content=\"pt_BR\" \/>\n<meta property=\"og:type\" content=\"article\" \/>\n<meta property=\"og:title\" content=\"Acidente logo na manha deste sabado na Av. Cel. S\u00e1vio Belota - Novo Aleixo - Portal Araras de Not\u00edcias\" \/>\n<meta property=\"og:description\" content=\"Acidente logo na manha deste sabado na Av. Cel. S\u00e1vio Belota &#8211; Novo Aleixo entre carro e moto sem vitimas fatais so danos materiais.\" \/>\n<meta property=\"og:url\" content=\"https:\/\/portalararasdenoticias.com.br\/?p=658\" \/>\n<meta property=\"og:site_name\" content=\"Portal Araras de Not\u00edcias\" \/>\n<meta property=\"article:published_time\" content=\"2019-07-06T13:13:51+00:00\" \/>\n<meta property=\"article:modified_time\" content=\"2019-07-06T13:13:54+00:00\" \/>\n<meta property=\"og:image\" content=\"https:\/\/portalararasdenoticias.com.br\/wp-content\/uploads\/2019\/07\/20190706_072233.jpg\" \/>\n\t<meta property=\"og:image:width\" content=\"1536\" \/>\n\t<meta property=\"og:image:height\" content=\"2560\" \/>\n\t<meta property=\"og:image:type\" content=\"image\/jpeg\" \/>\n<meta name=\"author\" content=\"Portal Araras de Noticias\" \/>\n<meta name=\"twitter:card\" content=\"summary_large_image\" \/>\n<meta name=\"twitter:label1\" content=\"Escrito por\" \/>\n\t<meta name=\"twitter:data1\" content=\"Portal Araras de Noticias\" \/>\n<script type=\"application\/ld+json\" class=\"yoast-schema-graph\">{\"@context\":\"https:\/\/schema.org\",\"@graph\":[{\"@type\":\"Article\",\"@id\":\"https:\/\/portalararasdenoticias.com.br\/?p=658#article\",\"isPartOf\":{\"@id\":\"https:\/\/portalararasdenoticias.com.br\/?p=658\"},\"author\":{\"name\":\"Portal Araras de Noticias\",\"@id\":\"https:\/\/portalararasdenoticias.com.br\/#\/schema\/person\/a6190507efe29dea1049d60d05ed5c0a\"},\"headline\":\"Acidente logo na manha deste sabado na Av. Cel. S\u00e1vio Belota &#8211; Novo Aleixo\",\"datePublished\":\"2019-07-06T13:13:51+00:00\",\"dateModified\":\"2019-07-06T13:13:54+00:00\",\"mainEntityOfPage\":{\"@id\":\"https:\/\/portalararasdenoticias.com.br\/?p=658\"},\"wordCount\":40,\"commentCount\":0,\"image\":{\"@id\":\"https:\/\/portalararasdenoticias.com.br\/?p=658#primaryimage\"},\"thumbnailUrl\":\"https:\/\/portalararasdenoticias.com.br\/wp-content\/uploads\/2019\/07\/20190706_072233.jpg\",\"articleSection\":[\"jornalismo\"],\"inLanguage\":\"pt-BR\",\"potentialAction\":[{\"@type\":\"CommentAction\",\"name\":\"Comment\",\"target\":[\"https:\/\/portalararasdenoticias.com.br\/?p=658#respond\"]}]},{\"@type\":\"WebPage\",\"@id\":\"https:\/\/portalararasdenoticias.com.br\/?p=658\",\"url\":\"https:\/\/portalararasdenoticias.com.br\/?p=658\",\"name\":\"Acidente logo na manha deste sabado na Av. Cel. S\u00e1vio Belota - Novo Aleixo - Portal Araras de Not\u00edcias\",\"isPartOf\":{\"@id\":\"https:\/\/portalararasdenoticias.com.br\/#website\"},\"primaryImageOfPage\":{\"@id\":\"https:\/\/portalararasdenoticias.com.br\/?p=658#primaryimage\"},\"image\":{\"@id\":\"https:\/\/portalararasdenoticias.com.br\/?p=658#primaryimage\"},\"thumbnailUrl\":\"https:\/\/portalararasdenoticias.com.br\/wp-content\/uploads\/2019\/07\/20190706_072233.jpg\",\"datePublished\":\"2019-07-06T13:13:51+00:00\",\"dateModified\":\"2019-07-06T13:13:54+00:00\",\"author\":{\"@id\":\"https:\/\/portalararasdenoticias.com.br\/#\/schema\/person\/a6190507efe29dea1049d60d05ed5c0a\"},\"breadcrumb\":{\"@id\":\"https:\/\/portalararasdenoticias.com.br\/?p=658#breadcrumb\"},\"inLanguage\":\"pt-BR\",\"potentialAction\":[{\"@type\":\"ReadAction\",\"target\":[\"https:\/\/portalararasdenoticias.com.br\/?p=658\"]}]},{\"@type\":\"ImageObject\",\"inLanguage\":\"pt-BR\",\"@id\":\"https:\/\/portalararasdenoticias.com.br\/?p=658#primaryimage\",\"url\":\"https:\/\/portalararasdenoticias.com.br\/wp-content\/uploads\/2019\/07\/20190706_072233.jpg\",\"contentUrl\":\"https:\/\/portalararasdenoticias.com.br\/wp-content\/uploads\/2019\/07\/20190706_072233.jpg\",\"width\":1536,\"height\":2560},{\"@type\":\"BreadcrumbList\",\"@id\":\"https:\/\/portalararasdenoticias.com.br\/?p=658#breadcrumb\",\"itemListElement\":[{\"@type\":\"ListItem\",\"position\":1,\"name\":\"In\u00edcio\",\"item\":\"https:\/\/portalararasdenoticias.com.br\/\"},{\"@type\":\"ListItem\",\"position\":2,\"name\":\"Acidente logo na manha deste sabado na Av. Cel. S\u00e1vio Belota &#8211; Novo Aleixo\"}]},{\"@type\":\"WebSite\",\"@id\":\"https:\/\/portalararasdenoticias.com.br\/#website\",\"url\":\"https:\/\/portalararasdenoticias.com.br\/\",\"name\":\"Portal Araras de Not\u00edcias\",\"description\":\"O Seu Portal de Not\u00edcias\",\"potentialAction\":[{\"@type\":\"SearchAction\",\"target\":{\"@type\":\"EntryPoint\",\"urlTemplate\":\"https:\/\/portalararasdenoticias.com.br\/?s={search_term_string}\"},\"query-input\":{\"@type\":\"PropertyValueSpecification\",\"valueRequired\":true,\"valueName\":\"search_term_string\"}}],\"inLanguage\":\"pt-BR\"},{\"@type\":\"Person\",\"@id\":\"https:\/\/portalararasdenoticias.com.br\/#\/schema\/person\/a6190507efe29dea1049d60d05ed5c0a\",\"name\":\"Portal Araras de Noticias\",\"image\":{\"@type\":\"ImageObject\",\"inLanguage\":\"pt-BR\",\"@id\":\"https:\/\/portalararasdenoticias.com.br\/#\/schema\/person\/image\/\",\"url\":\"https:\/\/secure.gravatar.com\/avatar\/4df7c42bc08e78bc9b6e13086fafc161bdf01220657cd93de3d828ab6c60d469?s=96&d=mm&r=g\",\"contentUrl\":\"https:\/\/secure.gravatar.com\/avatar\/4df7c42bc08e78bc9b6e13086fafc161bdf01220657cd93de3d828ab6c60d469?s=96&d=mm&r=g\",\"caption\":\"Portal Araras de Noticias\"},\"sameAs\":[\"https:\/\/portalararasdenoticias.com.br\/\"],\"url\":\"https:\/\/portalararasdenoticias.com.br\/?author=5\"}]}<\/script>\n<!-- \/ Yoast SEO plugin. -->","yoast_head_json":{"title":"Acidente logo na manha deste sabado na Av. Cel. S\u00e1vio Belota - Novo Aleixo - Portal Araras de Not\u00edcias","robots":{"index":"index","follow":"follow","max-snippet":"max-snippet:-1","max-image-preview":"max-image-preview:large","max-video-preview":"max-video-preview:-1"},"canonical":"https:\/\/portalararasdenoticias.com.br\/?p=658","og_locale":"pt_BR","og_type":"article","og_title":"Acidente logo na manha deste sabado na Av. Cel. S\u00e1vio Belota - Novo Aleixo - Portal Araras de Not\u00edcias","og_description":"Acidente logo na manha deste sabado na Av. Cel. S\u00e1vio Belota &#8211; Novo Aleixo entre carro e moto sem vitimas fatais so danos materiais.","og_url":"https:\/\/portalararasdenoticias.com.br\/?p=658","og_site_name":"Portal Araras de Not\u00edcias","article_published_time":"2019-07-06T13:13:51+00:00","article_modified_time":"2019-07-06T13:13:54+00:00","og_image":[{"width":1536,"height":2560,"url":"https:\/\/portalararasdenoticias.com.br\/wp-content\/uploads\/2019\/07\/20190706_072233.jpg","type":"image\/jpeg"}],"author":"Portal Araras de Noticias","twitter_card":"summary_large_image","twitter_misc":{"Escrito por":"Portal Araras de Noticias"},"schema":{"@context":"https:\/\/schema.org","@graph":[{"@type":"Article","@id":"https:\/\/portalararasdenoticias.com.br\/?p=658#article","isPartOf":{"@id":"https:\/\/portalararasdenoticias.com.br\/?p=658"},"author":{"name":"Portal Araras de Noticias","@id":"https:\/\/portalararasdenoticias.com.br\/#\/schema\/person\/a6190507efe29dea1049d60d05ed5c0a"},"headline":"Acidente logo na manha deste sabado na Av. Cel. S\u00e1vio Belota &#8211; Novo Aleixo","datePublished":"2019-07-06T13:13:51+00:00","dateModified":"2019-07-06T13:13:54+00:00","mainEntityOfPage":{"@id":"https:\/\/portalararasdenoticias.com.br\/?p=658"},"wordCount":40,"commentCount":0,"image":{"@id":"https:\/\/portalararasdenoticias.com.br\/?p=658#primaryimage"},"thumbnailUrl":"https:\/\/portalararasdenoticias.com.br\/wp-content\/uploads\/2019\/07\/20190706_072233.jpg","articleSection":["jornalismo"],"inLanguage":"pt-BR","potentialAction":[{"@type":"CommentAction","name":"Comment","target":["https:\/\/portalararasdenoticias.com.br\/?p=658#respond"]}]},{"@type":"WebPage","@id":"https:\/\/portalararasdenoticias.com.br\/?p=658","url":"https:\/\/portalararasdenoticias.com.br\/?p=658","name":"Acidente logo na manha deste sabado na Av. Cel. S\u00e1vio Belota - Novo Aleixo - Portal Araras de Not\u00edcias","isPartOf":{"@id":"https:\/\/portalararasdenoticias.com.br\/#website"},"primaryImageOfPage":{"@id":"https:\/\/portalararasdenoticias.com.br\/?p=658#primaryimage"},"image":{"@id":"https:\/\/portalararasdenoticias.com.br\/?p=658#primaryimage"},"thumbnailUrl":"https:\/\/portalararasdenoticias.com.br\/wp-content\/uploads\/2019\/07\/20190706_072233.jpg","datePublished":"2019-07-06T13:13:51+00:00","dateModified":"2019-07-06T13:13:54+00:00","author":{"@id":"https:\/\/portalararasdenoticias.com.br\/#\/schema\/person\/a6190507efe29dea1049d60d05ed5c0a"},"breadcrumb":{"@id":"https:\/\/portalararasdenoticias.com.br\/?p=658#breadcrumb"},"inLanguage":"pt-BR","potentialAction":[{"@type":"ReadAction","target":["https:\/\/portalararasdenoticias.com.br\/?p=658"]}]},{"@type":"ImageObject","inLanguage":"pt-BR","@id":"https:\/\/portalararasdenoticias.com.br\/?p=658#primaryimage","url":"https:\/\/portalararasdenoticias.com.br\/wp-content\/uploads\/2019\/07\/20190706_072233.jpg","contentUrl":"https:\/\/portalararasdenoticias.com.br\/wp-content\/uploads\/2019\/07\/20190706_072233.jpg","width":1536,"height":2560},{"@type":"BreadcrumbList","@id":"https:\/\/portalararasdenoticias.com.br\/?p=658#breadcrumb","itemListElement":[{"@type":"ListItem","position":1,"name":"In\u00edcio","item":"https:\/\/portalararasdenoticias.com.br\/"},{"@type":"ListItem","position":2,"name":"Acidente logo na manha deste sabado na Av. Cel. S\u00e1vio Belota &#8211; Novo Aleixo"}]},{"@type":"WebSite","@id":"https:\/\/portalararasdenoticias.com.br\/#website","url":"https:\/\/portalararasdenoticias.com.br\/","name":"Portal Araras de Not\u00edcias","description":"O Seu Portal de Not\u00edcias","potentialAction":[{"@type":"SearchAction","target":{"@type":"EntryPoint","urlTemplate":"https:\/\/portalararasdenoticias.com.br\/?s={search_term_string}"},"query-input":{"@type":"PropertyValueSpecification","valueRequired":true,"valueName":"search_term_string"}}],"inLanguage":"pt-BR"},{"@type":"Person","@id":"https:\/\/portalararasdenoticias.com.br\/#\/schema\/person\/a6190507efe29dea1049d60d05ed5c0a","name":"Portal Araras de Noticias","image":{"@type":"ImageObject","inLanguage":"pt-BR","@id":"https:\/\/portalararasdenoticias.com.br\/#\/schema\/person\/image\/","url":"https:\/\/secure.gravatar.com\/avatar\/4df7c42bc08e78bc9b6e13086fafc161bdf01220657cd93de3d828ab6c60d469?s=96&d=mm&r=g","contentUrl":"https:\/\/secure.gravatar.com\/avatar\/4df7c42bc08e78bc9b6e13086fafc161bdf01220657cd93de3d828ab6c60d469?s=96&d=mm&r=g","caption":"Portal Araras de Noticias"},"sameAs":["https:\/\/portalararasdenoticias.com.br\/"],"url":"https:\/\/portalararasdenoticias.com.br\/?author=5"}]}},"_links":{"self":[{"href":"https:\/\/portalararasdenoticias.com.br\/index.php?rest_route=\/wp\/v2\/posts\/658","targetHints":{"allow":["GET"]}}],"collection":[{"href":"https:\/\/portalararasdenoticias.com.br\/index.php?rest_route=\/wp\/v2\/posts"}],"about":[{"href":"https:\/\/portalararasdenoticias.com.br\/index.php?rest_route=\/wp\/v2\/types\/post"}],"author":[{"embeddable":true,"href":"https:\/\/portalararasdenoticias.com.br\/index.php?rest_route=\/wp\/v2\/users\/5"}],"replies":[{"embeddable":true,"href":"https:\/\/portalararasdenoticias.com.br\/index.php?rest_route=%2Fwp%2Fv2%2Fcomments&post=658"}],"version-history":[{"count":1,"href":"https:\/\/portalararasdenoticias.com.br\/index.php?rest_route=\/wp\/v2\/posts\/658\/revisions"}],"predecessor-version":[{"id":663,"href":"https:\/\/portalararasdenoticias.com.br\/index.php?rest_route=\/wp\/v2\/posts\/658\/revisions\/663"}],"wp:featuredmedia":[{"embeddable":true,"href":"https:\/\/portalararasdenoticias.com.br\/index.php?rest_route=\/wp\/v2\/media\/662"}],"wp:attachment":[{"href":"https:\/\/portalararasdenoticias.com.br\/index.php?rest_route=%2Fwp%2Fv2%2Fmedia&parent=658"}],"wp:term":[{"taxonomy":"category","embeddable":true,"href":"https:\/\/portalararasdenoticias.com.br\/index.php?rest_route=%2Fwp%2Fv2%2Fcategories&post=658"},{"taxonomy":"post_tag","embeddable":true,"href":"https:\/\/portalararasdenoticias.com.br\/index.php?rest_route=%2Fwp%2Fv2%2Ftags&post=658"}],"curies":[{"name":"wp","href":"https:\/\/api.w.org\/{rel}","templated":true}]}}