{"id":6830,"date":"2025-10-12T22:05:01","date_gmt":"2025-10-13T01:05:01","guid":{"rendered":"https:\/\/portalararasdenoticias.com.br\/?p=6830"},"modified":"2025-10-12T22:05:01","modified_gmt":"2025-10-13T01:05:01","slug":"exercito-de-israel-recua-e-inicia-cessar-fogo-em-gaza-prazo-de-72-horas-para-libertacao-de-refens-comeca-a-contar","status":"publish","type":"post","link":"https:\/\/portalararasdenoticias.com.br\/?p=6830","title":{"rendered":"Ex\u00e9rcito de Israel recua e inicia cessar-fogo em Gaza; prazo de 72 horas para liberta\u00e7\u00e3o de ref\u00e9ns come\u00e7a a contar"},"content":{"rendered":"\n<h2 class=\"wp-block-heading\">Tr\u00e9gua come\u00e7ou a partir do meio-dia desta sexta-feira (06h em Bras\u00edlia)<\/h2>\n\n\n\n<p>O cessar-fogo na&nbsp;<a class=\"\" href=\"https:\/\/oglobo.globo.com\/tudo-sobre\/cidade\/faixa-de-gaza\/\">Faixa de Gaza<\/a>, entre&nbsp;<a class=\"\" href=\"https:\/\/oglobo.globo.com\/tudo-sobre\/pais\/israel\">Israel<\/a>&nbsp;e o grupo terrorista&nbsp;<a class=\"\" href=\"https:\/\/oglobo.globo.com\/tudo-sobre\/assunto\/hamas\/\">Hamas<\/a>, come\u00e7ou ao meio-dia desta sexta-feira (6h em Bras\u00edlia), anunciou o Ex\u00e9rcito israelense, ap\u00f3s completar o primeiro recuo para a linha estabelecida dentro do enclave palestino, com base nos termos do acordo fechado em negocia\u00e7\u00f5es no Egito. A retirada dos militares deu in\u00edcio \u00e0 contagem regressiva de 72 horas, at\u00e9 ao meio-dia de segunda-feira, durante as quais o Hamas deve libertar todos os ref\u00e9ns ainda vivos e devolver o maior n\u00famero poss\u00edvel de corpos dos mortos \u2014 Israel est\u00e1 ciente de que \u00e9 poss\u00edvel que o grupo n\u00e3o consiga localizar todos os restos mortais nesse per\u00edodo. Com o in\u00edcio do cessar-fogo, cerca de 250 mil pessoas retornaram ao norte de&nbsp;<a class=\"\" href=\"https:\/\/oglobo.globo.com\/tudo-sobre\/cidade\/gaza\">Gaza<\/a>, segundo a Defesa Civil do territ\u00f3rio.<\/p>\n\n\n\n<p>Em um primeiro pronunciamento ap\u00f3s o recuo, o primeiro-ministro de Israel,&nbsp;<a class=\"\" href=\"https:\/\/oglobo.globo.com\/tudo-sobre\/politico\/benjamin-netanyahu\/\">Benjamin Netanyahu<\/a>, classificou o acordo como uma vit\u00f3ria para o Estado judeu e amea\u00e7ou retomar o conflito se o Hamas n\u00e3o for desarmado.<\/p>\n\n\n\n<p>\u2014 O Hamas ser\u00e1 desarmado, e Gaza ser\u00e1 desmilitarizada \u2014 afirmou o premier israelense sobre um dos gargalos das etapas seguintes de negocia\u00e7\u00e3o, j\u00e1 que o grupo palestino e outros j\u00e1 indicaram que pretendem manter parte das capacidades militares. \u2014 Se isso for alcan\u00e7ado da maneira f\u00e1cil, tanto melhor. Se n\u00e3o, ser\u00e1 alcan\u00e7ado da maneira dif\u00edcil.<\/p>\n\n\n\n<p>Embora as autoridades tenham concordado com um cessar-fogo para possibilitar que a entrega dos ref\u00e9ns ocorra sem riscos, os militares informaram que continuar\u00e3o a &#8220;eliminar toda amea\u00e7a imediata&#8221; \u2014 um alerta de que ataques diretos as tropas n\u00e3o ser\u00e3o aceitos passivamente. Israel reivindicou que todos os ref\u00e9ns sejam soltos em uma \u00fanica fase, mas n\u00e3o descarta que o Hamas o fa\u00e7a em v\u00e1rias etapas at\u00e9 o prazo de segunda, com a possibilidade de in\u00edcio at\u00e9 no domingo.<\/p>\n\n\n\n<p><\/p>\n\n\n\n<figure class=\"wp-block-gallery has-nested-images columns-default is-cropped wp-block-gallery-1 is-layout-flex wp-block-gallery-is-layout-flex\">\n\n\n\n\n<figure class=\"wp-block-image size-large\"><img loading=\"lazy\" decoding=\"async\" width=\"900\" height=\"506\" data-id=\"6832\" src=\"https:\/\/portalararasdenoticias.com.br\/wp-content\/uploads\/2025\/10\/israel-divulga-imagens-de-refens-do-hamas-1736948449133_v2_900x506.png\" alt=\"\" class=\"wp-image-6832\" srcset=\"https:\/\/portalararasdenoticias.com.br\/wp-content\/uploads\/2025\/10\/israel-divulga-imagens-de-refens-do-hamas-1736948449133_v2_900x506.png 900w, https:\/\/portalararasdenoticias.com.br\/wp-content\/uploads\/2025\/10\/israel-divulga-imagens-de-refens-do-hamas-1736948449133_v2_900x506-300x169.png 300w, https:\/\/portalararasdenoticias.com.br\/wp-content\/uploads\/2025\/10\/israel-divulga-imagens-de-refens-do-hamas-1736948449133_v2_900x506-768x432.png 768w\" sizes=\"auto, (max-width: 900px) 100vw, 900px\" \/><\/figure>\n\n\n\n<figure class=\"wp-block-image size-large\"><img loading=\"lazy\" decoding=\"async\" width=\"1024\" height=\"768\" data-id=\"6833\" src=\"https:\/\/portalararasdenoticias.com.br\/wp-content\/uploads\/2025\/10\/manifestantes-protestam-contra-o-governo-israelense-e-a-decisao-de-ocupar-totalmente-a-faixa-de-gaza-parentes-de-refens-do-hamas-exigem-libertacao-e-fim-da-guerra-1755430640239_v2_4x3-1-1024x768.jpg\" alt=\"\" class=\"wp-image-6833\" srcset=\"https:\/\/portalararasdenoticias.com.br\/wp-content\/uploads\/2025\/10\/manifestantes-protestam-contra-o-governo-israelense-e-a-decisao-de-ocupar-totalmente-a-faixa-de-gaza-parentes-de-refens-do-hamas-exigem-libertacao-e-fim-da-guerra-1755430640239_v2_4x3-1-1024x768.jpg 1024w, https:\/\/portalararasdenoticias.com.br\/wp-content\/uploads\/2025\/10\/manifestantes-protestam-contra-o-governo-israelense-e-a-decisao-de-ocupar-totalmente-a-faixa-de-gaza-parentes-de-refens-do-hamas-exigem-libertacao-e-fim-da-guerra-1755430640239_v2_4x3-1-300x225.jpg 300w, https:\/\/portalararasdenoticias.com.br\/wp-content\/uploads\/2025\/10\/manifestantes-protestam-contra-o-governo-israelense-e-a-decisao-de-ocupar-totalmente-a-faixa-de-gaza-parentes-de-refens-do-hamas-exigem-libertacao-e-fim-da-guerra-1755430640239_v2_4x3-1-768x576.jpg 768w, https:\/\/portalararasdenoticias.com.br\/wp-content\/uploads\/2025\/10\/manifestantes-protestam-contra-o-governo-israelense-e-a-decisao-de-ocupar-totalmente-a-faixa-de-gaza-parentes-de-refens-do-hamas-exigem-libertacao-e-fim-da-guerra-1755430640239_v2_4x3-1-1536x1152.jpg 1536w, https:\/\/portalararasdenoticias.com.br\/wp-content\/uploads\/2025\/10\/manifestantes-protestam-contra-o-governo-israelense-e-a-decisao-de-ocupar-totalmente-a-faixa-de-gaza-parentes-de-refens-do-hamas-exigem-libertacao-e-fim-da-guerra-1755430640239_v2_4x3-1-2048x1536.jpg 2048w\" sizes=\"auto, (max-width: 1024px) 100vw, 1024px\" \/><\/figure>\n<\/figure>\n","protected":false},"excerpt":{"rendered":"<p>Tr\u00e9gua come\u00e7ou a partir do meio-dia desta sexta-feira (06h em Bras\u00edlia) O cessar-fogo na&nbsp;Faixa de Gaza, entre&nbsp;Israel&nbsp;e o grupo terrorista&nbsp;Hamas, come\u00e7ou ao meio-dia desta sexta-feira (6h em Bras\u00edlia), anunciou o Ex\u00e9rcito israelense, ap\u00f3s completar o primeiro recuo para a linha estabelecida dentro do enclave palestino, com base nos termos do acordo fechado em negocia\u00e7\u00f5es no [&hellip;]<\/p>\n","protected":false},"author":5,"featured_media":6831,"comment_status":"open","ping_status":"open","sticky":false,"template":"","format":"standard","meta":{"footnotes":""},"categories":[908,868],"tags":[],"class_list":["post-6830","post","type-post","status-publish","format-standard","has-post-thumbnail","hentry","category-exercito-de-israel-recua-e-inicia-cessar-fogo-em-gaza-prazo-de-72-horas-para-libertacao-de-refens-comeca-a-contar","category-mundo"],"yoast_head":"<!-- This site is optimized with the Yoast SEO plugin v27.0 - https:\/\/yoast.com\/product\/yoast-seo-wordpress\/ -->\n<title>Ex\u00e9rcito de Israel recua e inicia cessar-fogo em Gaza; prazo de 72 horas para liberta\u00e7\u00e3o de ref\u00e9ns come\u00e7a a contar - Portal Araras de Not\u00edcias<\/title>\n<meta name=\"robots\" content=\"index, follow, max-snippet:-1, max-image-preview:large, max-video-preview:-1\" \/>\n<link rel=\"canonical\" href=\"https:\/\/portalararasdenoticias.com.br\/?p=6830\" \/>\n<meta property=\"og:locale\" content=\"pt_BR\" \/>\n<meta property=\"og:type\" content=\"article\" \/>\n<meta property=\"og:title\" content=\"Ex\u00e9rcito de Israel recua e inicia cessar-fogo em Gaza; prazo de 72 horas para liberta\u00e7\u00e3o de ref\u00e9ns come\u00e7a a contar - Portal Araras de Not\u00edcias\" \/>\n<meta property=\"og:description\" content=\"Tr\u00e9gua come\u00e7ou a partir do meio-dia desta sexta-feira (06h em Bras\u00edlia) O cessar-fogo na&nbsp;Faixa de Gaza, entre&nbsp;Israel&nbsp;e o grupo terrorista&nbsp;Hamas, come\u00e7ou ao meio-dia desta sexta-feira (6h em Bras\u00edlia), anunciou o Ex\u00e9rcito israelense, ap\u00f3s completar o primeiro recuo para a linha estabelecida dentro do enclave palestino, com base nos termos do acordo fechado em negocia\u00e7\u00f5es no [&hellip;]\" \/>\n<meta property=\"og:url\" content=\"https:\/\/portalararasdenoticias.com.br\/?p=6830\" \/>\n<meta property=\"og:site_name\" content=\"Portal Araras de Not\u00edcias\" \/>\n<meta property=\"article:published_time\" content=\"2025-10-13T01:05:01+00:00\" \/>\n<meta property=\"og:image\" content=\"https:\/\/portalararasdenoticias.com.br\/wp-content\/uploads\/2025\/10\/manifestantes-protestam-contra-o-governo-israelense-e-a-decisao-de-ocupar-totalmente-a-faixa-de-gaza-parentes-de-refens-do-hamas-exigem-libertacao-e-fim-da-guerra-1755430640239_v2_4x3-scaled.jpg\" \/>\n\t<meta property=\"og:image:width\" content=\"2560\" \/>\n\t<meta property=\"og:image:height\" content=\"1920\" \/>\n\t<meta property=\"og:image:type\" content=\"image\/jpeg\" \/>\n<meta name=\"author\" content=\"Portal Araras de Noticias\" \/>\n<meta name=\"twitter:card\" content=\"summary_large_image\" \/>\n<meta name=\"twitter:label1\" content=\"Escrito por\" \/>\n\t<meta name=\"twitter:data1\" content=\"Portal Araras de Noticias\" \/>\n\t<meta name=\"twitter:label2\" content=\"Est. tempo de leitura\" \/>\n\t<meta name=\"twitter:data2\" content=\"2 minutos\" \/>\n<script type=\"application\/ld+json\" class=\"yoast-schema-graph\">{\"@context\":\"https:\/\/schema.org\",\"@graph\":[{\"@type\":\"Article\",\"@id\":\"https:\/\/portalararasdenoticias.com.br\/?p=6830#article\",\"isPartOf\":{\"@id\":\"https:\/\/portalararasdenoticias.com.br\/?p=6830\"},\"author\":{\"name\":\"Portal Araras de Noticias\",\"@id\":\"https:\/\/portalararasdenoticias.com.br\/#\/schema\/person\/a6190507efe29dea1049d60d05ed5c0a\"},\"headline\":\"Ex\u00e9rcito de Israel recua e inicia cessar-fogo em Gaza; prazo de 72 horas para liberta\u00e7\u00e3o de ref\u00e9ns come\u00e7a a contar\",\"datePublished\":\"2025-10-13T01:05:01+00:00\",\"mainEntityOfPage\":{\"@id\":\"https:\/\/portalararasdenoticias.com.br\/?p=6830\"},\"wordCount\":364,\"commentCount\":0,\"image\":{\"@id\":\"https:\/\/portalararasdenoticias.com.br\/?p=6830#primaryimage\"},\"thumbnailUrl\":\"https:\/\/portalararasdenoticias.com.br\/wp-content\/uploads\/2025\/10\/manifestantes-protestam-contra-o-governo-israelense-e-a-decisao-de-ocupar-totalmente-a-faixa-de-gaza-parentes-de-refens-do-hamas-exigem-libertacao-e-fim-da-guerra-1755430640239_v2_4x3-scaled.jpg\",\"articleSection\":[\"Ex\u00e9rcito de Israel recua e inicia cessar-fogo em Gaza; prazo de 72 horas para liberta\u00e7\u00e3o de ref\u00e9ns come\u00e7a a contar\",\"Mundo\"],\"inLanguage\":\"pt-BR\",\"potentialAction\":[{\"@type\":\"CommentAction\",\"name\":\"Comment\",\"target\":[\"https:\/\/portalararasdenoticias.com.br\/?p=6830#respond\"]}]},{\"@type\":\"WebPage\",\"@id\":\"https:\/\/portalararasdenoticias.com.br\/?p=6830\",\"url\":\"https:\/\/portalararasdenoticias.com.br\/?p=6830\",\"name\":\"Ex\u00e9rcito de Israel recua e inicia cessar-fogo em Gaza; prazo de 72 horas para liberta\u00e7\u00e3o de ref\u00e9ns come\u00e7a a contar - Portal Araras de Not\u00edcias\",\"isPartOf\":{\"@id\":\"https:\/\/portalararasdenoticias.com.br\/#website\"},\"primaryImageOfPage\":{\"@id\":\"https:\/\/portalararasdenoticias.com.br\/?p=6830#primaryimage\"},\"image\":{\"@id\":\"https:\/\/portalararasdenoticias.com.br\/?p=6830#primaryimage\"},\"thumbnailUrl\":\"https:\/\/portalararasdenoticias.com.br\/wp-content\/uploads\/2025\/10\/manifestantes-protestam-contra-o-governo-israelense-e-a-decisao-de-ocupar-totalmente-a-faixa-de-gaza-parentes-de-refens-do-hamas-exigem-libertacao-e-fim-da-guerra-1755430640239_v2_4x3-scaled.jpg\",\"datePublished\":\"2025-10-13T01:05:01+00:00\",\"author\":{\"@id\":\"https:\/\/portalararasdenoticias.com.br\/#\/schema\/person\/a6190507efe29dea1049d60d05ed5c0a\"},\"breadcrumb\":{\"@id\":\"https:\/\/portalararasdenoticias.com.br\/?p=6830#breadcrumb\"},\"inLanguage\":\"pt-BR\",\"potentialAction\":[{\"@type\":\"ReadAction\",\"target\":[\"https:\/\/portalararasdenoticias.com.br\/?p=6830\"]}]},{\"@type\":\"ImageObject\",\"inLanguage\":\"pt-BR\",\"@id\":\"https:\/\/portalararasdenoticias.com.br\/?p=6830#primaryimage\",\"url\":\"https:\/\/portalararasdenoticias.com.br\/wp-content\/uploads\/2025\/10\/manifestantes-protestam-contra-o-governo-israelense-e-a-decisao-de-ocupar-totalmente-a-faixa-de-gaza-parentes-de-refens-do-hamas-exigem-libertacao-e-fim-da-guerra-1755430640239_v2_4x3-scaled.jpg\",\"contentUrl\":\"https:\/\/portalararasdenoticias.com.br\/wp-content\/uploads\/2025\/10\/manifestantes-protestam-contra-o-governo-israelense-e-a-decisao-de-ocupar-totalmente-a-faixa-de-gaza-parentes-de-refens-do-hamas-exigem-libertacao-e-fim-da-guerra-1755430640239_v2_4x3-scaled.jpg\",\"width\":2560,\"height\":1920},{\"@type\":\"BreadcrumbList\",\"@id\":\"https:\/\/portalararasdenoticias.com.br\/?p=6830#breadcrumb\",\"itemListElement\":[{\"@type\":\"ListItem\",\"position\":1,\"name\":\"In\u00edcio\",\"item\":\"https:\/\/portalararasdenoticias.com.br\/\"},{\"@type\":\"ListItem\",\"position\":2,\"name\":\"Ex\u00e9rcito de Israel recua e inicia cessar-fogo em Gaza; prazo de 72 horas para liberta\u00e7\u00e3o de ref\u00e9ns come\u00e7a a contar\"}]},{\"@type\":\"WebSite\",\"@id\":\"https:\/\/portalararasdenoticias.com.br\/#website\",\"url\":\"https:\/\/portalararasdenoticias.com.br\/\",\"name\":\"Portal Araras de Not\u00edcias\",\"description\":\"O Seu Portal de Not\u00edcias\",\"potentialAction\":[{\"@type\":\"SearchAction\",\"target\":{\"@type\":\"EntryPoint\",\"urlTemplate\":\"https:\/\/portalararasdenoticias.com.br\/?s={search_term_string}\"},\"query-input\":{\"@type\":\"PropertyValueSpecification\",\"valueRequired\":true,\"valueName\":\"search_term_string\"}}],\"inLanguage\":\"pt-BR\"},{\"@type\":\"Person\",\"@id\":\"https:\/\/portalararasdenoticias.com.br\/#\/schema\/person\/a6190507efe29dea1049d60d05ed5c0a\",\"name\":\"Portal Araras de Noticias\",\"image\":{\"@type\":\"ImageObject\",\"inLanguage\":\"pt-BR\",\"@id\":\"https:\/\/portalararasdenoticias.com.br\/#\/schema\/person\/image\/\",\"url\":\"https:\/\/secure.gravatar.com\/avatar\/4df7c42bc08e78bc9b6e13086fafc161bdf01220657cd93de3d828ab6c60d469?s=96&d=mm&r=g\",\"contentUrl\":\"https:\/\/secure.gravatar.com\/avatar\/4df7c42bc08e78bc9b6e13086fafc161bdf01220657cd93de3d828ab6c60d469?s=96&d=mm&r=g\",\"caption\":\"Portal Araras de Noticias\"},\"sameAs\":[\"https:\/\/portalararasdenoticias.com.br\/\"],\"url\":\"https:\/\/portalararasdenoticias.com.br\/?author=5\"}]}<\/script>\n<!-- \/ Yoast SEO plugin. -->","yoast_head_json":{"title":"Ex\u00e9rcito de Israel recua e inicia cessar-fogo em Gaza; prazo de 72 horas para liberta\u00e7\u00e3o de ref\u00e9ns come\u00e7a a contar - Portal Araras de Not\u00edcias","robots":{"index":"index","follow":"follow","max-snippet":"max-snippet:-1","max-image-preview":"max-image-preview:large","max-video-preview":"max-video-preview:-1"},"canonical":"https:\/\/portalararasdenoticias.com.br\/?p=6830","og_locale":"pt_BR","og_type":"article","og_title":"Ex\u00e9rcito de Israel recua e inicia cessar-fogo em Gaza; prazo de 72 horas para liberta\u00e7\u00e3o de ref\u00e9ns come\u00e7a a contar - Portal Araras de Not\u00edcias","og_description":"Tr\u00e9gua come\u00e7ou a partir do meio-dia desta sexta-feira (06h em Bras\u00edlia) O cessar-fogo na&nbsp;Faixa de Gaza, entre&nbsp;Israel&nbsp;e o grupo terrorista&nbsp;Hamas, come\u00e7ou ao meio-dia desta sexta-feira (6h em Bras\u00edlia), anunciou o Ex\u00e9rcito israelense, ap\u00f3s completar o primeiro recuo para a linha estabelecida dentro do enclave palestino, com base nos termos do acordo fechado em negocia\u00e7\u00f5es no [&hellip;]","og_url":"https:\/\/portalararasdenoticias.com.br\/?p=6830","og_site_name":"Portal Araras de Not\u00edcias","article_published_time":"2025-10-13T01:05:01+00:00","og_image":[{"width":2560,"height":1920,"url":"https:\/\/portalararasdenoticias.com.br\/wp-content\/uploads\/2025\/10\/manifestantes-protestam-contra-o-governo-israelense-e-a-decisao-de-ocupar-totalmente-a-faixa-de-gaza-parentes-de-refens-do-hamas-exigem-libertacao-e-fim-da-guerra-1755430640239_v2_4x3-scaled.jpg","type":"image\/jpeg"}],"author":"Portal Araras de Noticias","twitter_card":"summary_large_image","twitter_misc":{"Escrito por":"Portal Araras de Noticias","Est. tempo de leitura":"2 minutos"},"schema":{"@context":"https:\/\/schema.org","@graph":[{"@type":"Article","@id":"https:\/\/portalararasdenoticias.com.br\/?p=6830#article","isPartOf":{"@id":"https:\/\/portalararasdenoticias.com.br\/?p=6830"},"author":{"name":"Portal Araras de Noticias","@id":"https:\/\/portalararasdenoticias.com.br\/#\/schema\/person\/a6190507efe29dea1049d60d05ed5c0a"},"headline":"Ex\u00e9rcito de Israel recua e inicia cessar-fogo em Gaza; prazo de 72 horas para liberta\u00e7\u00e3o de ref\u00e9ns come\u00e7a a contar","datePublished":"2025-10-13T01:05:01+00:00","mainEntityOfPage":{"@id":"https:\/\/portalararasdenoticias.com.br\/?p=6830"},"wordCount":364,"commentCount":0,"image":{"@id":"https:\/\/portalararasdenoticias.com.br\/?p=6830#primaryimage"},"thumbnailUrl":"https:\/\/portalararasdenoticias.com.br\/wp-content\/uploads\/2025\/10\/manifestantes-protestam-contra-o-governo-israelense-e-a-decisao-de-ocupar-totalmente-a-faixa-de-gaza-parentes-de-refens-do-hamas-exigem-libertacao-e-fim-da-guerra-1755430640239_v2_4x3-scaled.jpg","articleSection":["Ex\u00e9rcito de Israel recua e inicia cessar-fogo em Gaza; prazo de 72 horas para liberta\u00e7\u00e3o de ref\u00e9ns come\u00e7a a contar","Mundo"],"inLanguage":"pt-BR","potentialAction":[{"@type":"CommentAction","name":"Comment","target":["https:\/\/portalararasdenoticias.com.br\/?p=6830#respond"]}]},{"@type":"WebPage","@id":"https:\/\/portalararasdenoticias.com.br\/?p=6830","url":"https:\/\/portalararasdenoticias.com.br\/?p=6830","name":"Ex\u00e9rcito de Israel recua e inicia cessar-fogo em Gaza; prazo de 72 horas para liberta\u00e7\u00e3o de ref\u00e9ns come\u00e7a a contar - Portal Araras de Not\u00edcias","isPartOf":{"@id":"https:\/\/portalararasdenoticias.com.br\/#website"},"primaryImageOfPage":{"@id":"https:\/\/portalararasdenoticias.com.br\/?p=6830#primaryimage"},"image":{"@id":"https:\/\/portalararasdenoticias.com.br\/?p=6830#primaryimage"},"thumbnailUrl":"https:\/\/portalararasdenoticias.com.br\/wp-content\/uploads\/2025\/10\/manifestantes-protestam-contra-o-governo-israelense-e-a-decisao-de-ocupar-totalmente-a-faixa-de-gaza-parentes-de-refens-do-hamas-exigem-libertacao-e-fim-da-guerra-1755430640239_v2_4x3-scaled.jpg","datePublished":"2025-10-13T01:05:01+00:00","author":{"@id":"https:\/\/portalararasdenoticias.com.br\/#\/schema\/person\/a6190507efe29dea1049d60d05ed5c0a"},"breadcrumb":{"@id":"https:\/\/portalararasdenoticias.com.br\/?p=6830#breadcrumb"},"inLanguage":"pt-BR","potentialAction":[{"@type":"ReadAction","target":["https:\/\/portalararasdenoticias.com.br\/?p=6830"]}]},{"@type":"ImageObject","inLanguage":"pt-BR","@id":"https:\/\/portalararasdenoticias.com.br\/?p=6830#primaryimage","url":"https:\/\/portalararasdenoticias.com.br\/wp-content\/uploads\/2025\/10\/manifestantes-protestam-contra-o-governo-israelense-e-a-decisao-de-ocupar-totalmente-a-faixa-de-gaza-parentes-de-refens-do-hamas-exigem-libertacao-e-fim-da-guerra-1755430640239_v2_4x3-scaled.jpg","contentUrl":"https:\/\/portalararasdenoticias.com.br\/wp-content\/uploads\/2025\/10\/manifestantes-protestam-contra-o-governo-israelense-e-a-decisao-de-ocupar-totalmente-a-faixa-de-gaza-parentes-de-refens-do-hamas-exigem-libertacao-e-fim-da-guerra-1755430640239_v2_4x3-scaled.jpg","width":2560,"height":1920},{"@type":"BreadcrumbList","@id":"https:\/\/portalararasdenoticias.com.br\/?p=6830#breadcrumb","itemListElement":[{"@type":"ListItem","position":1,"name":"In\u00edcio","item":"https:\/\/portalararasdenoticias.com.br\/"},{"@type":"ListItem","position":2,"name":"Ex\u00e9rcito de Israel recua e inicia cessar-fogo em Gaza; prazo de 72 horas para liberta\u00e7\u00e3o de ref\u00e9ns come\u00e7a a contar"}]},{"@type":"WebSite","@id":"https:\/\/portalararasdenoticias.com.br\/#website","url":"https:\/\/portalararasdenoticias.com.br\/","name":"Portal Araras de Not\u00edcias","description":"O Seu Portal de Not\u00edcias","potentialAction":[{"@type":"SearchAction","target":{"@type":"EntryPoint","urlTemplate":"https:\/\/portalararasdenoticias.com.br\/?s={search_term_string}"},"query-input":{"@type":"PropertyValueSpecification","valueRequired":true,"valueName":"search_term_string"}}],"inLanguage":"pt-BR"},{"@type":"Person","@id":"https:\/\/portalararasdenoticias.com.br\/#\/schema\/person\/a6190507efe29dea1049d60d05ed5c0a","name":"Portal Araras de Noticias","image":{"@type":"ImageObject","inLanguage":"pt-BR","@id":"https:\/\/portalararasdenoticias.com.br\/#\/schema\/person\/image\/","url":"https:\/\/secure.gravatar.com\/avatar\/4df7c42bc08e78bc9b6e13086fafc161bdf01220657cd93de3d828ab6c60d469?s=96&d=mm&r=g","contentUrl":"https:\/\/secure.gravatar.com\/avatar\/4df7c42bc08e78bc9b6e13086fafc161bdf01220657cd93de3d828ab6c60d469?s=96&d=mm&r=g","caption":"Portal Araras de Noticias"},"sameAs":["https:\/\/portalararasdenoticias.com.br\/"],"url":"https:\/\/portalararasdenoticias.com.br\/?author=5"}]}},"_links":{"self":[{"href":"https:\/\/portalararasdenoticias.com.br\/index.php?rest_route=\/wp\/v2\/posts\/6830","targetHints":{"allow":["GET"]}}],"collection":[{"href":"https:\/\/portalararasdenoticias.com.br\/index.php?rest_route=\/wp\/v2\/posts"}],"about":[{"href":"https:\/\/portalararasdenoticias.com.br\/index.php?rest_route=\/wp\/v2\/types\/post"}],"author":[{"embeddable":true,"href":"https:\/\/portalararasdenoticias.com.br\/index.php?rest_route=\/wp\/v2\/users\/5"}],"replies":[{"embeddable":true,"href":"https:\/\/portalararasdenoticias.com.br\/index.php?rest_route=%2Fwp%2Fv2%2Fcomments&post=6830"}],"version-history":[{"count":1,"href":"https:\/\/portalararasdenoticias.com.br\/index.php?rest_route=\/wp\/v2\/posts\/6830\/revisions"}],"predecessor-version":[{"id":6834,"href":"https:\/\/portalararasdenoticias.com.br\/index.php?rest_route=\/wp\/v2\/posts\/6830\/revisions\/6834"}],"wp:featuredmedia":[{"embeddable":true,"href":"https:\/\/portalararasdenoticias.com.br\/index.php?rest_route=\/wp\/v2\/media\/6831"}],"wp:attachment":[{"href":"https:\/\/portalararasdenoticias.com.br\/index.php?rest_route=%2Fwp%2Fv2%2Fmedia&parent=6830"}],"wp:term":[{"taxonomy":"category","embeddable":true,"href":"https:\/\/portalararasdenoticias.com.br\/index.php?rest_route=%2Fwp%2Fv2%2Fcategories&post=6830"},{"taxonomy":"post_tag","embeddable":true,"href":"https:\/\/portalararasdenoticias.com.br\/index.php?rest_route=%2Fwp%2Fv2%2Ftags&post=6830"}],"curies":[{"name":"wp","href":"https:\/\/api.w.org\/{rel}","templated":true}]}}