{"id":6946,"date":"2025-10-27T10:46:04","date_gmt":"2025-10-27T13:46:04","guid":{"rendered":"https:\/\/portalararasdenoticias.com.br\/?p=6946"},"modified":"2025-10-27T10:46:04","modified_gmt":"2025-10-27T13:46:04","slug":"boi-manaus-2025-encerra-no-ritmo-dos-bumbas-a-celebracao-dos-356-anos-da-capital-amazonense","status":"publish","type":"post","link":"https:\/\/portalararasdenoticias.com.br\/?p=6946","title":{"rendered":"Boi Manaus 2025\u2019 encerra no ritmo dos bumb\u00e1s a celebra\u00e7\u00e3o dos 356 anos da capital amazonense."},"content":{"rendered":"\n<p><\/p>\n\n\n\n<p>O \u201cBoi Manaus 2025\u201d encerrou com muita festa da cultura regional a celebra\u00e7\u00e3o dos 356 anos da capital amazonense, na noite deste s\u00e1bado, 25\/10. O ritmo dos bumb\u00e1s animou o grande p\u00fablico que compareceu ao centro de conven\u00e7\u00f5es Professor Gilberto Mestrinho, o samb\u00f3dromo.<\/p>\n\n\n\n<p>O segundo dia do evento, organizado pela Prefeitura de Manaus, por meio da Funda\u00e7\u00e3o Municipal de Cultura, Turismo e Eventos (ManausCult), teve apresenta\u00e7\u00f5es dos bois-bumb\u00e1s de Manaus e de Parintins, com o ponto alto da festa sendo o show com os itens oficiais do boi Caprichoso, ocupando todo o palco do \u201cBoi Manaus 2025\u201d. Os bois Tira Prosa e Brilhante tamb\u00e9m se apresentaram, assim como cantores do boi-bumb\u00e1 Garantido.<\/p>\n\n\n\n<p>O diretor-presidente da ManausCult, Jender Lobato, informou que o \u201cBoi Manaus 2025\u201d atraiu cerca de 50 mil pessoas nas duas noites, fechando as comemora\u00e7\u00f5es do anivers\u00e1rio da capital. \u201cHoje, a gente encerra as comemora\u00e7\u00f5es do anivers\u00e1rio de Manaus com o boi-bumb\u00e1 e \u00e9 um barato ver essas pessoas brincando, as pessoas de vermelho dan\u00e7ando azul, e as pessoas de azul dan\u00e7ando vermelho. Isso \u00e9 a maior felicidade que n\u00f3s podemos ter, de trazer de volta o \u2018Boi Manaus\u2019, de fazer com que a gente tenha uma ilumina\u00e7\u00e3o e uma sonoriza\u00e7\u00e3o de primeira qualidade e ao mesmo tempo trazer o grande p\u00fablico de volta\u201d, ressaltou.<\/p>\n\n\n\n<p>O levantador de toadas do boi-bumb\u00e1 Caprichoso, Patrick Ara\u00fajo, parabenizou Manaus pelos 356 anos e desejou que a cidade continue valorizando a cultura da nossa terra. \u201cParab\u00e9ns a Manaus. Que Manaus continue assim, valorizando a nossa cultura e esse povo maravilhoso que est\u00e1 do lado do nosso boi-bumb\u00e1 Caprichoso\u201d, parabenizou.<\/p>\n\n\n\n<p>O paj\u00e9 de guerra do Caprichoso, Erick Beltr\u00e3o, disse que o bumb\u00e1 fez um espet\u00e1culo padr\u00e3o. \u201cEstamos muito lisonjeados em participar do anivers\u00e1rio da cidade, e a gente trouxe um espet\u00e1culo padr\u00e3o Caprichoso de ser, que com certeza vai retomar esse t\u00edtulo no ano de 2026\u2033.<\/p>\n\n\n\n<figure class=\"wp-block-gallery has-nested-images columns-default is-cropped wp-block-gallery-1 is-layout-flex wp-block-gallery-is-layout-flex\">\n<figure class=\"wp-block-image size-large\"><img loading=\"lazy\" decoding=\"async\" width=\"819\" height=\"1024\" data-id=\"6950\" src=\"https:\/\/portalararasdenoticias.com.br\/wp-content\/uploads\/2025\/10\/565140253_826628723067733_2723474424451331668_n-1-819x1024.jpg\" alt=\"\" class=\"wp-image-6950\" srcset=\"https:\/\/portalararasdenoticias.com.br\/wp-content\/uploads\/2025\/10\/565140253_826628723067733_2723474424451331668_n-1-819x1024.jpg 819w, https:\/\/portalararasdenoticias.com.br\/wp-content\/uploads\/2025\/10\/565140253_826628723067733_2723474424451331668_n-1-240x300.jpg 240w, https:\/\/portalararasdenoticias.com.br\/wp-content\/uploads\/2025\/10\/565140253_826628723067733_2723474424451331668_n-1-768x960.jpg 768w, https:\/\/portalararasdenoticias.com.br\/wp-content\/uploads\/2025\/10\/565140253_826628723067733_2723474424451331668_n-1.jpg 1080w\" sizes=\"auto, (max-width: 819px) 100vw, 819px\" \/><\/figure>\n\n\n\n<figure class=\"wp-block-image size-large\"><img loading=\"lazy\" decoding=\"async\" width=\"600\" height=\"400\" data-id=\"6948\" src=\"https:\/\/portalararasdenoticias.com.br\/wp-content\/uploads\/2025\/10\/boi.jpg\" alt=\"\" class=\"wp-image-6948\" srcset=\"https:\/\/portalararasdenoticias.com.br\/wp-content\/uploads\/2025\/10\/boi.jpg 600w, https:\/\/portalararasdenoticias.com.br\/wp-content\/uploads\/2025\/10\/boi-300x200.jpg 300w\" sizes=\"auto, (max-width: 600px) 100vw, 600px\" \/><\/figure>\n\n\n\n<figure class=\"wp-block-image size-large\"><img loading=\"lazy\" decoding=\"async\" width=\"1024\" height=\"683\" data-id=\"6951\" src=\"https:\/\/portalararasdenoticias.com.br\/wp-content\/uploads\/2025\/10\/Boi-Manaus-1-1-1024x683.jpeg\" alt=\"\" class=\"wp-image-6951\" srcset=\"https:\/\/portalararasdenoticias.com.br\/wp-content\/uploads\/2025\/10\/Boi-Manaus-1-1-1024x683.jpeg 1024w, https:\/\/portalararasdenoticias.com.br\/wp-content\/uploads\/2025\/10\/Boi-Manaus-1-1-300x200.jpeg 300w, https:\/\/portalararasdenoticias.com.br\/wp-content\/uploads\/2025\/10\/Boi-Manaus-1-1-768x512.jpeg 768w, https:\/\/portalararasdenoticias.com.br\/wp-content\/uploads\/2025\/10\/Boi-Manaus-1-1.jpeg 1536w\" sizes=\"auto, (max-width: 1024px) 100vw, 1024px\" \/><\/figure>\n\n\n\n<figure class=\"wp-block-image size-large\"><img loading=\"lazy\" decoding=\"async\" width=\"696\" height=\"464\" data-id=\"6949\" src=\"https:\/\/portalararasdenoticias.com.br\/wp-content\/uploads\/2025\/10\/Boi-Manaus-2025-reune-multidao-e-coloca-cidade-pra-dancar-no-aniversario-696x464-1.jpg\" alt=\"\" class=\"wp-image-6949\" srcset=\"https:\/\/portalararasdenoticias.com.br\/wp-content\/uploads\/2025\/10\/Boi-Manaus-2025-reune-multidao-e-coloca-cidade-pra-dancar-no-aniversario-696x464-1.jpg 696w, https:\/\/portalararasdenoticias.com.br\/wp-content\/uploads\/2025\/10\/Boi-Manaus-2025-reune-multidao-e-coloca-cidade-pra-dancar-no-aniversario-696x464-1-300x200.jpg 300w\" sizes=\"auto, (max-width: 696px) 100vw, 696px\" \/><\/figure>\n<\/figure>\n","protected":false},"excerpt":{"rendered":"<p>O \u201cBoi Manaus 2025\u201d encerrou com muita festa da cultura regional a celebra\u00e7\u00e3o dos 356 anos da capital amazonense, na noite deste s\u00e1bado, 25\/10. O ritmo dos bumb\u00e1s animou o grande p\u00fablico que compareceu ao centro de conven\u00e7\u00f5es Professor Gilberto Mestrinho, o samb\u00f3dromo. O segundo dia do evento, organizado pela Prefeitura de Manaus, por meio [&hellip;]<\/p>\n","protected":false},"author":5,"featured_media":6947,"comment_status":"open","ping_status":"open","sticky":false,"template":"","format":"standard","meta":{"footnotes":""},"categories":[927,864],"tags":[],"class_list":["post-6946","post","type-post","status-publish","format-standard","has-post-thumbnail","hentry","category-boi-manaus-2025-encerra-no-ritmo-dos-bumbas-a-celebracao-dos-356-anos-da-capital-amazonense","category-manaus"],"yoast_head":"<!-- This site is optimized with the Yoast SEO plugin v27.0 - https:\/\/yoast.com\/product\/yoast-seo-wordpress\/ -->\n<title>Boi Manaus 2025\u2019 encerra no ritmo dos bumb\u00e1s a celebra\u00e7\u00e3o dos 356 anos da capital amazonense. - Portal Araras de Not\u00edcias<\/title>\n<meta name=\"robots\" content=\"index, follow, max-snippet:-1, max-image-preview:large, max-video-preview:-1\" \/>\n<link rel=\"canonical\" href=\"https:\/\/portalararasdenoticias.com.br\/?p=6946\" \/>\n<meta property=\"og:locale\" content=\"pt_BR\" \/>\n<meta property=\"og:type\" content=\"article\" \/>\n<meta property=\"og:title\" content=\"Boi Manaus 2025\u2019 encerra no ritmo dos bumb\u00e1s a celebra\u00e7\u00e3o dos 356 anos da capital amazonense. - Portal Araras de Not\u00edcias\" \/>\n<meta property=\"og:description\" content=\"O \u201cBoi Manaus 2025\u201d encerrou com muita festa da cultura regional a celebra\u00e7\u00e3o dos 356 anos da capital amazonense, na noite deste s\u00e1bado, 25\/10. O ritmo dos bumb\u00e1s animou o grande p\u00fablico que compareceu ao centro de conven\u00e7\u00f5es Professor Gilberto Mestrinho, o samb\u00f3dromo. O segundo dia do evento, organizado pela Prefeitura de Manaus, por meio [&hellip;]\" \/>\n<meta property=\"og:url\" content=\"https:\/\/portalararasdenoticias.com.br\/?p=6946\" \/>\n<meta property=\"og:site_name\" content=\"Portal Araras de Not\u00edcias\" \/>\n<meta property=\"article:published_time\" content=\"2025-10-27T13:46:04+00:00\" \/>\n<meta property=\"og:image\" content=\"https:\/\/portalararasdenoticias.com.br\/wp-content\/uploads\/2025\/10\/bboi-manaus-1024x682-1.webp\" \/>\n\t<meta property=\"og:image:width\" content=\"817\" \/>\n\t<meta property=\"og:image:height\" content=\"495\" \/>\n\t<meta property=\"og:image:type\" content=\"image\/webp\" \/>\n<meta name=\"author\" content=\"Portal Araras de Noticias\" \/>\n<meta name=\"twitter:card\" content=\"summary_large_image\" \/>\n<meta name=\"twitter:label1\" content=\"Escrito por\" \/>\n\t<meta name=\"twitter:data1\" content=\"Portal Araras de Noticias\" \/>\n\t<meta name=\"twitter:label2\" content=\"Est. tempo de leitura\" \/>\n\t<meta name=\"twitter:data2\" content=\"2 minutos\" \/>\n<script type=\"application\/ld+json\" class=\"yoast-schema-graph\">{\"@context\":\"https:\/\/schema.org\",\"@graph\":[{\"@type\":\"Article\",\"@id\":\"https:\/\/portalararasdenoticias.com.br\/?p=6946#article\",\"isPartOf\":{\"@id\":\"https:\/\/portalararasdenoticias.com.br\/?p=6946\"},\"author\":{\"name\":\"Portal Araras de Noticias\",\"@id\":\"https:\/\/portalararasdenoticias.com.br\/#\/schema\/person\/a6190507efe29dea1049d60d05ed5c0a\"},\"headline\":\"Boi Manaus 2025\u2019 encerra no ritmo dos bumb\u00e1s a celebra\u00e7\u00e3o dos 356 anos da capital amazonense.\",\"datePublished\":\"2025-10-27T13:46:04+00:00\",\"mainEntityOfPage\":{\"@id\":\"https:\/\/portalararasdenoticias.com.br\/?p=6946\"},\"wordCount\":347,\"commentCount\":0,\"image\":{\"@id\":\"https:\/\/portalararasdenoticias.com.br\/?p=6946#primaryimage\"},\"thumbnailUrl\":\"https:\/\/portalararasdenoticias.com.br\/wp-content\/uploads\/2025\/10\/bboi-manaus-1024x682-1.webp\",\"articleSection\":[\"Boi Manaus 2025\u2019 encerra no ritmo dos bumb\u00e1s a celebra\u00e7\u00e3o dos 356 anos da capital amazonense.\",\"Manaus\"],\"inLanguage\":\"pt-BR\",\"potentialAction\":[{\"@type\":\"CommentAction\",\"name\":\"Comment\",\"target\":[\"https:\/\/portalararasdenoticias.com.br\/?p=6946#respond\"]}]},{\"@type\":\"WebPage\",\"@id\":\"https:\/\/portalararasdenoticias.com.br\/?p=6946\",\"url\":\"https:\/\/portalararasdenoticias.com.br\/?p=6946\",\"name\":\"Boi Manaus 2025\u2019 encerra no ritmo dos bumb\u00e1s a celebra\u00e7\u00e3o dos 356 anos da capital amazonense. - Portal Araras de Not\u00edcias\",\"isPartOf\":{\"@id\":\"https:\/\/portalararasdenoticias.com.br\/#website\"},\"primaryImageOfPage\":{\"@id\":\"https:\/\/portalararasdenoticias.com.br\/?p=6946#primaryimage\"},\"image\":{\"@id\":\"https:\/\/portalararasdenoticias.com.br\/?p=6946#primaryimage\"},\"thumbnailUrl\":\"https:\/\/portalararasdenoticias.com.br\/wp-content\/uploads\/2025\/10\/bboi-manaus-1024x682-1.webp\",\"datePublished\":\"2025-10-27T13:46:04+00:00\",\"author\":{\"@id\":\"https:\/\/portalararasdenoticias.com.br\/#\/schema\/person\/a6190507efe29dea1049d60d05ed5c0a\"},\"breadcrumb\":{\"@id\":\"https:\/\/portalararasdenoticias.com.br\/?p=6946#breadcrumb\"},\"inLanguage\":\"pt-BR\",\"potentialAction\":[{\"@type\":\"ReadAction\",\"target\":[\"https:\/\/portalararasdenoticias.com.br\/?p=6946\"]}]},{\"@type\":\"ImageObject\",\"inLanguage\":\"pt-BR\",\"@id\":\"https:\/\/portalararasdenoticias.com.br\/?p=6946#primaryimage\",\"url\":\"https:\/\/portalararasdenoticias.com.br\/wp-content\/uploads\/2025\/10\/bboi-manaus-1024x682-1.webp\",\"contentUrl\":\"https:\/\/portalararasdenoticias.com.br\/wp-content\/uploads\/2025\/10\/bboi-manaus-1024x682-1.webp\",\"width\":817,\"height\":495},{\"@type\":\"BreadcrumbList\",\"@id\":\"https:\/\/portalararasdenoticias.com.br\/?p=6946#breadcrumb\",\"itemListElement\":[{\"@type\":\"ListItem\",\"position\":1,\"name\":\"In\u00edcio\",\"item\":\"https:\/\/portalararasdenoticias.com.br\/\"},{\"@type\":\"ListItem\",\"position\":2,\"name\":\"Boi Manaus 2025\u2019 encerra no ritmo dos bumb\u00e1s a celebra\u00e7\u00e3o dos 356 anos da capital amazonense.\"}]},{\"@type\":\"WebSite\",\"@id\":\"https:\/\/portalararasdenoticias.com.br\/#website\",\"url\":\"https:\/\/portalararasdenoticias.com.br\/\",\"name\":\"Portal Araras de Not\u00edcias\",\"description\":\"O Seu Portal de Not\u00edcias\",\"potentialAction\":[{\"@type\":\"SearchAction\",\"target\":{\"@type\":\"EntryPoint\",\"urlTemplate\":\"https:\/\/portalararasdenoticias.com.br\/?s={search_term_string}\"},\"query-input\":{\"@type\":\"PropertyValueSpecification\",\"valueRequired\":true,\"valueName\":\"search_term_string\"}}],\"inLanguage\":\"pt-BR\"},{\"@type\":\"Person\",\"@id\":\"https:\/\/portalararasdenoticias.com.br\/#\/schema\/person\/a6190507efe29dea1049d60d05ed5c0a\",\"name\":\"Portal Araras de Noticias\",\"image\":{\"@type\":\"ImageObject\",\"inLanguage\":\"pt-BR\",\"@id\":\"https:\/\/portalararasdenoticias.com.br\/#\/schema\/person\/image\/\",\"url\":\"https:\/\/secure.gravatar.com\/avatar\/4df7c42bc08e78bc9b6e13086fafc161bdf01220657cd93de3d828ab6c60d469?s=96&d=mm&r=g\",\"contentUrl\":\"https:\/\/secure.gravatar.com\/avatar\/4df7c42bc08e78bc9b6e13086fafc161bdf01220657cd93de3d828ab6c60d469?s=96&d=mm&r=g\",\"caption\":\"Portal Araras de Noticias\"},\"sameAs\":[\"https:\/\/portalararasdenoticias.com.br\/\"],\"url\":\"https:\/\/portalararasdenoticias.com.br\/?author=5\"}]}<\/script>\n<!-- \/ Yoast SEO plugin. -->","yoast_head_json":{"title":"Boi Manaus 2025\u2019 encerra no ritmo dos bumb\u00e1s a celebra\u00e7\u00e3o dos 356 anos da capital amazonense. - Portal Araras de Not\u00edcias","robots":{"index":"index","follow":"follow","max-snippet":"max-snippet:-1","max-image-preview":"max-image-preview:large","max-video-preview":"max-video-preview:-1"},"canonical":"https:\/\/portalararasdenoticias.com.br\/?p=6946","og_locale":"pt_BR","og_type":"article","og_title":"Boi Manaus 2025\u2019 encerra no ritmo dos bumb\u00e1s a celebra\u00e7\u00e3o dos 356 anos da capital amazonense. - Portal Araras de Not\u00edcias","og_description":"O \u201cBoi Manaus 2025\u201d encerrou com muita festa da cultura regional a celebra\u00e7\u00e3o dos 356 anos da capital amazonense, na noite deste s\u00e1bado, 25\/10. O ritmo dos bumb\u00e1s animou o grande p\u00fablico que compareceu ao centro de conven\u00e7\u00f5es Professor Gilberto Mestrinho, o samb\u00f3dromo. O segundo dia do evento, organizado pela Prefeitura de Manaus, por meio [&hellip;]","og_url":"https:\/\/portalararasdenoticias.com.br\/?p=6946","og_site_name":"Portal Araras de Not\u00edcias","article_published_time":"2025-10-27T13:46:04+00:00","og_image":[{"width":817,"height":495,"url":"https:\/\/portalararasdenoticias.com.br\/wp-content\/uploads\/2025\/10\/bboi-manaus-1024x682-1.webp","type":"image\/webp"}],"author":"Portal Araras de Noticias","twitter_card":"summary_large_image","twitter_misc":{"Escrito por":"Portal Araras de Noticias","Est. tempo de leitura":"2 minutos"},"schema":{"@context":"https:\/\/schema.org","@graph":[{"@type":"Article","@id":"https:\/\/portalararasdenoticias.com.br\/?p=6946#article","isPartOf":{"@id":"https:\/\/portalararasdenoticias.com.br\/?p=6946"},"author":{"name":"Portal Araras de Noticias","@id":"https:\/\/portalararasdenoticias.com.br\/#\/schema\/person\/a6190507efe29dea1049d60d05ed5c0a"},"headline":"Boi Manaus 2025\u2019 encerra no ritmo dos bumb\u00e1s a celebra\u00e7\u00e3o dos 356 anos da capital amazonense.","datePublished":"2025-10-27T13:46:04+00:00","mainEntityOfPage":{"@id":"https:\/\/portalararasdenoticias.com.br\/?p=6946"},"wordCount":347,"commentCount":0,"image":{"@id":"https:\/\/portalararasdenoticias.com.br\/?p=6946#primaryimage"},"thumbnailUrl":"https:\/\/portalararasdenoticias.com.br\/wp-content\/uploads\/2025\/10\/bboi-manaus-1024x682-1.webp","articleSection":["Boi Manaus 2025\u2019 encerra no ritmo dos bumb\u00e1s a celebra\u00e7\u00e3o dos 356 anos da capital amazonense.","Manaus"],"inLanguage":"pt-BR","potentialAction":[{"@type":"CommentAction","name":"Comment","target":["https:\/\/portalararasdenoticias.com.br\/?p=6946#respond"]}]},{"@type":"WebPage","@id":"https:\/\/portalararasdenoticias.com.br\/?p=6946","url":"https:\/\/portalararasdenoticias.com.br\/?p=6946","name":"Boi Manaus 2025\u2019 encerra no ritmo dos bumb\u00e1s a celebra\u00e7\u00e3o dos 356 anos da capital amazonense. - Portal Araras de Not\u00edcias","isPartOf":{"@id":"https:\/\/portalararasdenoticias.com.br\/#website"},"primaryImageOfPage":{"@id":"https:\/\/portalararasdenoticias.com.br\/?p=6946#primaryimage"},"image":{"@id":"https:\/\/portalararasdenoticias.com.br\/?p=6946#primaryimage"},"thumbnailUrl":"https:\/\/portalararasdenoticias.com.br\/wp-content\/uploads\/2025\/10\/bboi-manaus-1024x682-1.webp","datePublished":"2025-10-27T13:46:04+00:00","author":{"@id":"https:\/\/portalararasdenoticias.com.br\/#\/schema\/person\/a6190507efe29dea1049d60d05ed5c0a"},"breadcrumb":{"@id":"https:\/\/portalararasdenoticias.com.br\/?p=6946#breadcrumb"},"inLanguage":"pt-BR","potentialAction":[{"@type":"ReadAction","target":["https:\/\/portalararasdenoticias.com.br\/?p=6946"]}]},{"@type":"ImageObject","inLanguage":"pt-BR","@id":"https:\/\/portalararasdenoticias.com.br\/?p=6946#primaryimage","url":"https:\/\/portalararasdenoticias.com.br\/wp-content\/uploads\/2025\/10\/bboi-manaus-1024x682-1.webp","contentUrl":"https:\/\/portalararasdenoticias.com.br\/wp-content\/uploads\/2025\/10\/bboi-manaus-1024x682-1.webp","width":817,"height":495},{"@type":"BreadcrumbList","@id":"https:\/\/portalararasdenoticias.com.br\/?p=6946#breadcrumb","itemListElement":[{"@type":"ListItem","position":1,"name":"In\u00edcio","item":"https:\/\/portalararasdenoticias.com.br\/"},{"@type":"ListItem","position":2,"name":"Boi Manaus 2025\u2019 encerra no ritmo dos bumb\u00e1s a celebra\u00e7\u00e3o dos 356 anos da capital amazonense."}]},{"@type":"WebSite","@id":"https:\/\/portalararasdenoticias.com.br\/#website","url":"https:\/\/portalararasdenoticias.com.br\/","name":"Portal Araras de Not\u00edcias","description":"O Seu Portal de Not\u00edcias","potentialAction":[{"@type":"SearchAction","target":{"@type":"EntryPoint","urlTemplate":"https:\/\/portalararasdenoticias.com.br\/?s={search_term_string}"},"query-input":{"@type":"PropertyValueSpecification","valueRequired":true,"valueName":"search_term_string"}}],"inLanguage":"pt-BR"},{"@type":"Person","@id":"https:\/\/portalararasdenoticias.com.br\/#\/schema\/person\/a6190507efe29dea1049d60d05ed5c0a","name":"Portal Araras de Noticias","image":{"@type":"ImageObject","inLanguage":"pt-BR","@id":"https:\/\/portalararasdenoticias.com.br\/#\/schema\/person\/image\/","url":"https:\/\/secure.gravatar.com\/avatar\/4df7c42bc08e78bc9b6e13086fafc161bdf01220657cd93de3d828ab6c60d469?s=96&d=mm&r=g","contentUrl":"https:\/\/secure.gravatar.com\/avatar\/4df7c42bc08e78bc9b6e13086fafc161bdf01220657cd93de3d828ab6c60d469?s=96&d=mm&r=g","caption":"Portal Araras de Noticias"},"sameAs":["https:\/\/portalararasdenoticias.com.br\/"],"url":"https:\/\/portalararasdenoticias.com.br\/?author=5"}]}},"_links":{"self":[{"href":"https:\/\/portalararasdenoticias.com.br\/index.php?rest_route=\/wp\/v2\/posts\/6946","targetHints":{"allow":["GET"]}}],"collection":[{"href":"https:\/\/portalararasdenoticias.com.br\/index.php?rest_route=\/wp\/v2\/posts"}],"about":[{"href":"https:\/\/portalararasdenoticias.com.br\/index.php?rest_route=\/wp\/v2\/types\/post"}],"author":[{"embeddable":true,"href":"https:\/\/portalararasdenoticias.com.br\/index.php?rest_route=\/wp\/v2\/users\/5"}],"replies":[{"embeddable":true,"href":"https:\/\/portalararasdenoticias.com.br\/index.php?rest_route=%2Fwp%2Fv2%2Fcomments&post=6946"}],"version-history":[{"count":1,"href":"https:\/\/portalararasdenoticias.com.br\/index.php?rest_route=\/wp\/v2\/posts\/6946\/revisions"}],"predecessor-version":[{"id":6952,"href":"https:\/\/portalararasdenoticias.com.br\/index.php?rest_route=\/wp\/v2\/posts\/6946\/revisions\/6952"}],"wp:featuredmedia":[{"embeddable":true,"href":"https:\/\/portalararasdenoticias.com.br\/index.php?rest_route=\/wp\/v2\/media\/6947"}],"wp:attachment":[{"href":"https:\/\/portalararasdenoticias.com.br\/index.php?rest_route=%2Fwp%2Fv2%2Fmedia&parent=6946"}],"wp:term":[{"taxonomy":"category","embeddable":true,"href":"https:\/\/portalararasdenoticias.com.br\/index.php?rest_route=%2Fwp%2Fv2%2Fcategories&post=6946"},{"taxonomy":"post_tag","embeddable":true,"href":"https:\/\/portalararasdenoticias.com.br\/index.php?rest_route=%2Fwp%2Fv2%2Ftags&post=6946"}],"curies":[{"name":"wp","href":"https:\/\/api.w.org\/{rel}","templated":true}]}}