{"id":7112,"date":"2025-11-28T21:22:48","date_gmt":"2025-11-29T00:22:48","guid":{"rendered":"https:\/\/portalararasdenoticias.com.br\/?p=7112"},"modified":"2025-11-28T21:22:48","modified_gmt":"2025-11-29T00:22:48","slug":"caso-benicio-mp-am-pede-suspensao-de-registros-de-medica-e-tecnica-envolvidas-na-morte-do-meninomp-am-rejeita-prisao-preventiva-mas-recomenda-suspensao-e-medidas-cautelares-contra-medica-e-tecnica-q","status":"publish","type":"post","link":"https:\/\/portalararasdenoticias.com.br\/?p=7112","title":{"rendered":"Caso Ben\u00edcio: MP-AM pede suspens\u00e3o de registros de m\u00e9dica e t\u00e9cnica envolvidas na morte do meninoMP-AM rejeita pris\u00e3o preventiva, mas recomenda suspens\u00e3o e medidas cautelares contra m\u00e9dica e t\u00e9cnica que atenderam Ben\u00edcio."},"content":{"rendered":"\n<p>O Minist\u00e9rio P\u00fablico do Estado do Amazonas (MP-AM) manifestou-se favor\u00e1vel ao pedido de suspens\u00e3o do exerc\u00edcio profissional da m\u00e9dica Juliana Brasil Santos e da t\u00e9cnica de enfermagem Rayssa Marinho, ambas envolvidas no atendimento ao menino Ben\u00edcio Xavier de Freitas, de seis anos, que morreu no Hospital Santa J\u00falia no \u00faltimo domingo.<\/p>\n\n\n\n<p>A manifesta\u00e7\u00e3o do MP-AM, assinada pelo promotor Fabr\u00edcio Santos de Almeida, se deu nos autos do pedido de pris\u00e3o preventiva apresentado pela Pol\u00edcia Civil contra a m\u00e9dica Juliana Brasil, que prescreveu a adrenalina intravenosa a Ben\u00edcio. O medicamento, aplicado em dosagem muito acima do recomendado por autoridades m\u00e9dicas, causou a morte do garoto. O pedido ainda n\u00e3o foi analisado, mas foi distribu\u00eddo a 1a Vara do Tribunal do J\u00fari, que tem como titular o juiz F\u00e1bio C\u00e9sar Olintho.<\/p>\n\n\n\n<p>O promotor manifestou-se contr\u00e1rio ao pedido de pris\u00e3o preventiva e tamb\u00e9m ao pedido de busca e apreens\u00e3o, apresentados pela Pol\u00edcia contra a m\u00e9dica. Por\u00e9m, recomendou medidas cautelares diferentes da pris\u00e3o. A principal delas \u00e9 \u201ca suspens\u00e3o do exerc\u00edcio profissional junto ao Conselho Regional de Medicina e junto ao Conselho Federal de Medicina, uma vez que h\u00e1 justo receio de sua utiliza\u00e7\u00e3o para a pr\u00e1tica de infra\u00e7\u00f5es penais\u201d. Ele tamb\u00e9m recomenda que a m\u00e9dica, com base no artigo 319 do C\u00f3digo de Processo Penal, compare\u00e7a periodicamente em ju\u00edzo para informar suas atividades, proibi\u00e7\u00e3o de ir \u00e0 casa da v\u00edtima, e proibi\u00e7\u00e3o de sair de Manaus sem autoriza\u00e7\u00e3o judicial.<\/p>\n\n\n\n<p>As mesmas medidas cautelares foram pedidas em rela\u00e7\u00e3o \u00e0 t\u00e9cnica de enfermagem Rayssa Marinho, que n\u00e3o \u00e9 alvo do pedido de pris\u00e3o porque ainda n\u00e3o havia sido identificada pela pol\u00edcia quando foi dado entrada no pedido na Justi\u00e7a do Amazonas. Ela, inclusive, n\u00e3o \u00e9 citada nominalmente no parecer. \u00c9 chamada apenas de \u201cenfermeira que aplicou a adrenalina na v\u00edtima (ap\u00f3s individualizada e qualificada pela autoridade policial)\u201d.<\/p>\n\n\n\n<p>No pedido de pris\u00e3o, o delegado Marcelo Martins sustenta que, em liberdade, a m\u00e9dica \u201cpode vir a atender outras crian\u00e7as que ficar\u00e3o em risco de vida, dado o erro grosseiro e indiferen\u00e7a pela vida humana j\u00e1 atestados neste caderno processual, o que representa preju\u00edzo \u00e0 ordem p\u00fablica\u201d.<\/p>\n\n\n\n<p>O delegado sustenta que houve um homic\u00eddio qualificado com dolo eventual, por meio cruel. Juridicamente, o dolo eventual significa que a pessoa tem a no\u00e7\u00e3o do risco de morte que sua conduta representa, mas assume o risco que ela de fato aconte\u00e7a. \u201cQuanto \u00e0 qualificadora da crueldade, esta adv\u00e9m do fato de que a investigada infligiu uma morte por overdose a uma crian\u00e7a de 06 anos, que sofreu de diversas formas antes do resultado morte, tudo decorrente do erro grosseiro e indiferente da investigada\u201d, afirma Marcelo Martins, nos autos do processo.<\/p>\n\n\n\n<figure class=\"wp-block-gallery has-nested-images columns-default is-cropped wp-block-gallery-1 is-layout-flex wp-block-gallery-is-layout-flex\">\n<figure class=\"wp-block-image size-large\"><img loading=\"lazy\" decoding=\"async\" width=\"276\" height=\"355\" data-id=\"7114\" src=\"https:\/\/portalararasdenoticias.com.br\/wp-content\/uploads\/2025\/11\/image-2.jpg\" alt=\"\" class=\"wp-image-7114\" srcset=\"https:\/\/portalararasdenoticias.com.br\/wp-content\/uploads\/2025\/11\/image-2.jpg 276w, https:\/\/portalararasdenoticias.com.br\/wp-content\/uploads\/2025\/11\/image-2-233x300.jpg 233w\" sizes=\"auto, (max-width: 276px) 100vw, 276px\" \/><\/figure>\n<\/figure>\n\n\n\n<figure class=\"wp-block-gallery has-nested-images columns-default is-cropped wp-block-gallery-2 is-layout-flex wp-block-gallery-is-layout-flex\">\n<figure class=\"wp-block-image size-large\"><img loading=\"lazy\" decoding=\"async\" width=\"404\" height=\"404\" data-id=\"7116\" src=\"https:\/\/portalararasdenoticias.com.br\/wp-content\/uploads\/2025\/11\/page-1.jpg\" alt=\"\" class=\"wp-image-7116\" srcset=\"https:\/\/portalararasdenoticias.com.br\/wp-content\/uploads\/2025\/11\/page-1.jpg 404w, https:\/\/portalararasdenoticias.com.br\/wp-content\/uploads\/2025\/11\/page-1-300x300.jpg 300w, https:\/\/portalararasdenoticias.com.br\/wp-content\/uploads\/2025\/11\/page-1-150x150.jpg 150w\" sizes=\"auto, (max-width: 404px) 100vw, 404px\" \/><\/figure>\n<\/figure>\n","protected":false},"excerpt":{"rendered":"<p>O Minist\u00e9rio P\u00fablico do Estado do Amazonas (MP-AM) manifestou-se favor\u00e1vel ao pedido de suspens\u00e3o do exerc\u00edcio profissional da m\u00e9dica Juliana Brasil Santos e da t\u00e9cnica de enfermagem Rayssa Marinho, ambas envolvidas no atendimento ao menino Ben\u00edcio Xavier de Freitas, de seis anos, que morreu no Hospital Santa J\u00falia no \u00faltimo domingo. A manifesta\u00e7\u00e3o do MP-AM, [&hellip;]<\/p>\n","protected":false},"author":5,"featured_media":7113,"comment_status":"open","ping_status":"open","sticky":false,"template":"","format":"standard","meta":{"footnotes":""},"categories":[865,955],"tags":[],"class_list":["post-7112","post","type-post","status-publish","format-standard","has-post-thumbnail","hentry","category-amazonas","category-caso-benicio-mp-am-pede-suspensao-de-registros-de-medica-e-tecnica-envolvidas-na-morte-do-meninomp-am"],"yoast_head":"<!-- This site is optimized with the Yoast SEO plugin v27.0 - https:\/\/yoast.com\/product\/yoast-seo-wordpress\/ -->\n<title>Caso Ben\u00edcio: MP-AM pede suspens\u00e3o de registros de m\u00e9dica e t\u00e9cnica envolvidas na morte do meninoMP-AM rejeita pris\u00e3o preventiva, mas recomenda suspens\u00e3o e medidas cautelares contra m\u00e9dica e t\u00e9cnica que atenderam Ben\u00edcio. - Portal Araras de Not\u00edcias<\/title>\n<meta name=\"robots\" content=\"index, follow, max-snippet:-1, max-image-preview:large, max-video-preview:-1\" \/>\n<link rel=\"canonical\" href=\"https:\/\/portalararasdenoticias.com.br\/?p=7112\" \/>\n<meta property=\"og:locale\" content=\"pt_BR\" \/>\n<meta property=\"og:type\" content=\"article\" \/>\n<meta property=\"og:title\" content=\"Caso Ben\u00edcio: MP-AM pede suspens\u00e3o de registros de m\u00e9dica e t\u00e9cnica envolvidas na morte do meninoMP-AM rejeita pris\u00e3o preventiva, mas recomenda suspens\u00e3o e medidas cautelares contra m\u00e9dica e t\u00e9cnica que atenderam Ben\u00edcio. - Portal Araras de Not\u00edcias\" \/>\n<meta property=\"og:description\" content=\"O Minist\u00e9rio P\u00fablico do Estado do Amazonas (MP-AM) manifestou-se favor\u00e1vel ao pedido de suspens\u00e3o do exerc\u00edcio profissional da m\u00e9dica Juliana Brasil Santos e da t\u00e9cnica de enfermagem Rayssa Marinho, ambas envolvidas no atendimento ao menino Ben\u00edcio Xavier de Freitas, de seis anos, que morreu no Hospital Santa J\u00falia no \u00faltimo domingo. A manifesta\u00e7\u00e3o do MP-AM, [&hellip;]\" \/>\n<meta property=\"og:url\" content=\"https:\/\/portalararasdenoticias.com.br\/?p=7112\" \/>\n<meta property=\"og:site_name\" content=\"Portal Araras de Not\u00edcias\" \/>\n<meta property=\"article:published_time\" content=\"2025-11-29T00:22:48+00:00\" \/>\n<meta property=\"og:image\" content=\"https:\/\/portalararasdenoticias.com.br\/wp-content\/uploads\/2025\/11\/page.jpg\" \/>\n\t<meta property=\"og:image:width\" content=\"404\" \/>\n\t<meta property=\"og:image:height\" content=\"404\" \/>\n\t<meta property=\"og:image:type\" content=\"image\/jpeg\" \/>\n<meta name=\"author\" content=\"Portal Araras de Noticias\" \/>\n<meta name=\"twitter:card\" content=\"summary_large_image\" \/>\n<meta name=\"twitter:label1\" content=\"Escrito por\" \/>\n\t<meta name=\"twitter:data1\" content=\"Portal Araras de Noticias\" \/>\n\t<meta name=\"twitter:label2\" content=\"Est. tempo de leitura\" \/>\n\t<meta name=\"twitter:data2\" content=\"2 minutos\" \/>\n<script type=\"application\/ld+json\" class=\"yoast-schema-graph\">{\"@context\":\"https:\/\/schema.org\",\"@graph\":[{\"@type\":\"Article\",\"@id\":\"https:\/\/portalararasdenoticias.com.br\/?p=7112#article\",\"isPartOf\":{\"@id\":\"https:\/\/portalararasdenoticias.com.br\/?p=7112\"},\"author\":{\"name\":\"Portal Araras de Noticias\",\"@id\":\"https:\/\/portalararasdenoticias.com.br\/#\/schema\/person\/a6190507efe29dea1049d60d05ed5c0a\"},\"headline\":\"Caso Ben\u00edcio: MP-AM pede suspens\u00e3o de registros de m\u00e9dica e t\u00e9cnica envolvidas na morte do meninoMP-AM rejeita pris\u00e3o preventiva, mas recomenda suspens\u00e3o e medidas cautelares contra m\u00e9dica e t\u00e9cnica que atenderam Ben\u00edcio.\",\"datePublished\":\"2025-11-29T00:22:48+00:00\",\"mainEntityOfPage\":{\"@id\":\"https:\/\/portalararasdenoticias.com.br\/?p=7112\"},\"wordCount\":536,\"commentCount\":0,\"image\":{\"@id\":\"https:\/\/portalararasdenoticias.com.br\/?p=7112#primaryimage\"},\"thumbnailUrl\":\"https:\/\/portalararasdenoticias.com.br\/wp-content\/uploads\/2025\/11\/page.jpg\",\"articleSection\":[\"Amazonas\",\"Caso Ben\u00edcio: MP-AM pede suspens\u00e3o de registros de m\u00e9dica e t\u00e9cnica envolvidas na morte do meninoMP-AM\"],\"inLanguage\":\"pt-BR\",\"potentialAction\":[{\"@type\":\"CommentAction\",\"name\":\"Comment\",\"target\":[\"https:\/\/portalararasdenoticias.com.br\/?p=7112#respond\"]}]},{\"@type\":\"WebPage\",\"@id\":\"https:\/\/portalararasdenoticias.com.br\/?p=7112\",\"url\":\"https:\/\/portalararasdenoticias.com.br\/?p=7112\",\"name\":\"Caso Ben\u00edcio: MP-AM pede suspens\u00e3o de registros de m\u00e9dica e t\u00e9cnica envolvidas na morte do meninoMP-AM rejeita pris\u00e3o preventiva, mas recomenda suspens\u00e3o e medidas cautelares contra m\u00e9dica e t\u00e9cnica que atenderam Ben\u00edcio. - Portal Araras de Not\u00edcias\",\"isPartOf\":{\"@id\":\"https:\/\/portalararasdenoticias.com.br\/#website\"},\"primaryImageOfPage\":{\"@id\":\"https:\/\/portalararasdenoticias.com.br\/?p=7112#primaryimage\"},\"image\":{\"@id\":\"https:\/\/portalararasdenoticias.com.br\/?p=7112#primaryimage\"},\"thumbnailUrl\":\"https:\/\/portalararasdenoticias.com.br\/wp-content\/uploads\/2025\/11\/page.jpg\",\"datePublished\":\"2025-11-29T00:22:48+00:00\",\"author\":{\"@id\":\"https:\/\/portalararasdenoticias.com.br\/#\/schema\/person\/a6190507efe29dea1049d60d05ed5c0a\"},\"breadcrumb\":{\"@id\":\"https:\/\/portalararasdenoticias.com.br\/?p=7112#breadcrumb\"},\"inLanguage\":\"pt-BR\",\"potentialAction\":[{\"@type\":\"ReadAction\",\"target\":[\"https:\/\/portalararasdenoticias.com.br\/?p=7112\"]}]},{\"@type\":\"ImageObject\",\"inLanguage\":\"pt-BR\",\"@id\":\"https:\/\/portalararasdenoticias.com.br\/?p=7112#primaryimage\",\"url\":\"https:\/\/portalararasdenoticias.com.br\/wp-content\/uploads\/2025\/11\/page.jpg\",\"contentUrl\":\"https:\/\/portalararasdenoticias.com.br\/wp-content\/uploads\/2025\/11\/page.jpg\",\"width\":404,\"height\":404},{\"@type\":\"BreadcrumbList\",\"@id\":\"https:\/\/portalararasdenoticias.com.br\/?p=7112#breadcrumb\",\"itemListElement\":[{\"@type\":\"ListItem\",\"position\":1,\"name\":\"In\u00edcio\",\"item\":\"https:\/\/portalararasdenoticias.com.br\/\"},{\"@type\":\"ListItem\",\"position\":2,\"name\":\"Caso Ben\u00edcio: MP-AM pede suspens\u00e3o de registros de m\u00e9dica e t\u00e9cnica envolvidas na morte do meninoMP-AM rejeita pris\u00e3o preventiva, mas recomenda suspens\u00e3o e medidas cautelares contra m\u00e9dica e t\u00e9cnica que atenderam Ben\u00edcio.\"}]},{\"@type\":\"WebSite\",\"@id\":\"https:\/\/portalararasdenoticias.com.br\/#website\",\"url\":\"https:\/\/portalararasdenoticias.com.br\/\",\"name\":\"Portal Araras de Not\u00edcias\",\"description\":\"O Seu Portal de Not\u00edcias\",\"potentialAction\":[{\"@type\":\"SearchAction\",\"target\":{\"@type\":\"EntryPoint\",\"urlTemplate\":\"https:\/\/portalararasdenoticias.com.br\/?s={search_term_string}\"},\"query-input\":{\"@type\":\"PropertyValueSpecification\",\"valueRequired\":true,\"valueName\":\"search_term_string\"}}],\"inLanguage\":\"pt-BR\"},{\"@type\":\"Person\",\"@id\":\"https:\/\/portalararasdenoticias.com.br\/#\/schema\/person\/a6190507efe29dea1049d60d05ed5c0a\",\"name\":\"Portal Araras de Noticias\",\"image\":{\"@type\":\"ImageObject\",\"inLanguage\":\"pt-BR\",\"@id\":\"https:\/\/portalararasdenoticias.com.br\/#\/schema\/person\/image\/\",\"url\":\"https:\/\/secure.gravatar.com\/avatar\/4df7c42bc08e78bc9b6e13086fafc161bdf01220657cd93de3d828ab6c60d469?s=96&d=mm&r=g\",\"contentUrl\":\"https:\/\/secure.gravatar.com\/avatar\/4df7c42bc08e78bc9b6e13086fafc161bdf01220657cd93de3d828ab6c60d469?s=96&d=mm&r=g\",\"caption\":\"Portal Araras de Noticias\"},\"sameAs\":[\"https:\/\/portalararasdenoticias.com.br\/\"],\"url\":\"https:\/\/portalararasdenoticias.com.br\/?author=5\"}]}<\/script>\n<!-- \/ Yoast SEO plugin. -->","yoast_head_json":{"title":"Caso Ben\u00edcio: MP-AM pede suspens\u00e3o de registros de m\u00e9dica e t\u00e9cnica envolvidas na morte do meninoMP-AM rejeita pris\u00e3o preventiva, mas recomenda suspens\u00e3o e medidas cautelares contra m\u00e9dica e t\u00e9cnica que atenderam Ben\u00edcio. - Portal Araras de Not\u00edcias","robots":{"index":"index","follow":"follow","max-snippet":"max-snippet:-1","max-image-preview":"max-image-preview:large","max-video-preview":"max-video-preview:-1"},"canonical":"https:\/\/portalararasdenoticias.com.br\/?p=7112","og_locale":"pt_BR","og_type":"article","og_title":"Caso Ben\u00edcio: MP-AM pede suspens\u00e3o de registros de m\u00e9dica e t\u00e9cnica envolvidas na morte do meninoMP-AM rejeita pris\u00e3o preventiva, mas recomenda suspens\u00e3o e medidas cautelares contra m\u00e9dica e t\u00e9cnica que atenderam Ben\u00edcio. - Portal Araras de Not\u00edcias","og_description":"O Minist\u00e9rio P\u00fablico do Estado do Amazonas (MP-AM) manifestou-se favor\u00e1vel ao pedido de suspens\u00e3o do exerc\u00edcio profissional da m\u00e9dica Juliana Brasil Santos e da t\u00e9cnica de enfermagem Rayssa Marinho, ambas envolvidas no atendimento ao menino Ben\u00edcio Xavier de Freitas, de seis anos, que morreu no Hospital Santa J\u00falia no \u00faltimo domingo. A manifesta\u00e7\u00e3o do MP-AM, [&hellip;]","og_url":"https:\/\/portalararasdenoticias.com.br\/?p=7112","og_site_name":"Portal Araras de Not\u00edcias","article_published_time":"2025-11-29T00:22:48+00:00","og_image":[{"width":404,"height":404,"url":"https:\/\/portalararasdenoticias.com.br\/wp-content\/uploads\/2025\/11\/page.jpg","type":"image\/jpeg"}],"author":"Portal Araras de Noticias","twitter_card":"summary_large_image","twitter_misc":{"Escrito por":"Portal Araras de Noticias","Est. tempo de leitura":"2 minutos"},"schema":{"@context":"https:\/\/schema.org","@graph":[{"@type":"Article","@id":"https:\/\/portalararasdenoticias.com.br\/?p=7112#article","isPartOf":{"@id":"https:\/\/portalararasdenoticias.com.br\/?p=7112"},"author":{"name":"Portal Araras de Noticias","@id":"https:\/\/portalararasdenoticias.com.br\/#\/schema\/person\/a6190507efe29dea1049d60d05ed5c0a"},"headline":"Caso Ben\u00edcio: MP-AM pede suspens\u00e3o de registros de m\u00e9dica e t\u00e9cnica envolvidas na morte do meninoMP-AM rejeita pris\u00e3o preventiva, mas recomenda suspens\u00e3o e medidas cautelares contra m\u00e9dica e t\u00e9cnica que atenderam Ben\u00edcio.","datePublished":"2025-11-29T00:22:48+00:00","mainEntityOfPage":{"@id":"https:\/\/portalararasdenoticias.com.br\/?p=7112"},"wordCount":536,"commentCount":0,"image":{"@id":"https:\/\/portalararasdenoticias.com.br\/?p=7112#primaryimage"},"thumbnailUrl":"https:\/\/portalararasdenoticias.com.br\/wp-content\/uploads\/2025\/11\/page.jpg","articleSection":["Amazonas","Caso Ben\u00edcio: MP-AM pede suspens\u00e3o de registros de m\u00e9dica e t\u00e9cnica envolvidas na morte do meninoMP-AM"],"inLanguage":"pt-BR","potentialAction":[{"@type":"CommentAction","name":"Comment","target":["https:\/\/portalararasdenoticias.com.br\/?p=7112#respond"]}]},{"@type":"WebPage","@id":"https:\/\/portalararasdenoticias.com.br\/?p=7112","url":"https:\/\/portalararasdenoticias.com.br\/?p=7112","name":"Caso Ben\u00edcio: MP-AM pede suspens\u00e3o de registros de m\u00e9dica e t\u00e9cnica envolvidas na morte do meninoMP-AM rejeita pris\u00e3o preventiva, mas recomenda suspens\u00e3o e medidas cautelares contra m\u00e9dica e t\u00e9cnica que atenderam Ben\u00edcio. - Portal Araras de Not\u00edcias","isPartOf":{"@id":"https:\/\/portalararasdenoticias.com.br\/#website"},"primaryImageOfPage":{"@id":"https:\/\/portalararasdenoticias.com.br\/?p=7112#primaryimage"},"image":{"@id":"https:\/\/portalararasdenoticias.com.br\/?p=7112#primaryimage"},"thumbnailUrl":"https:\/\/portalararasdenoticias.com.br\/wp-content\/uploads\/2025\/11\/page.jpg","datePublished":"2025-11-29T00:22:48+00:00","author":{"@id":"https:\/\/portalararasdenoticias.com.br\/#\/schema\/person\/a6190507efe29dea1049d60d05ed5c0a"},"breadcrumb":{"@id":"https:\/\/portalararasdenoticias.com.br\/?p=7112#breadcrumb"},"inLanguage":"pt-BR","potentialAction":[{"@type":"ReadAction","target":["https:\/\/portalararasdenoticias.com.br\/?p=7112"]}]},{"@type":"ImageObject","inLanguage":"pt-BR","@id":"https:\/\/portalararasdenoticias.com.br\/?p=7112#primaryimage","url":"https:\/\/portalararasdenoticias.com.br\/wp-content\/uploads\/2025\/11\/page.jpg","contentUrl":"https:\/\/portalararasdenoticias.com.br\/wp-content\/uploads\/2025\/11\/page.jpg","width":404,"height":404},{"@type":"BreadcrumbList","@id":"https:\/\/portalararasdenoticias.com.br\/?p=7112#breadcrumb","itemListElement":[{"@type":"ListItem","position":1,"name":"In\u00edcio","item":"https:\/\/portalararasdenoticias.com.br\/"},{"@type":"ListItem","position":2,"name":"Caso Ben\u00edcio: MP-AM pede suspens\u00e3o de registros de m\u00e9dica e t\u00e9cnica envolvidas na morte do meninoMP-AM rejeita pris\u00e3o preventiva, mas recomenda suspens\u00e3o e medidas cautelares contra m\u00e9dica e t\u00e9cnica que atenderam Ben\u00edcio."}]},{"@type":"WebSite","@id":"https:\/\/portalararasdenoticias.com.br\/#website","url":"https:\/\/portalararasdenoticias.com.br\/","name":"Portal Araras de Not\u00edcias","description":"O Seu Portal de Not\u00edcias","potentialAction":[{"@type":"SearchAction","target":{"@type":"EntryPoint","urlTemplate":"https:\/\/portalararasdenoticias.com.br\/?s={search_term_string}"},"query-input":{"@type":"PropertyValueSpecification","valueRequired":true,"valueName":"search_term_string"}}],"inLanguage":"pt-BR"},{"@type":"Person","@id":"https:\/\/portalararasdenoticias.com.br\/#\/schema\/person\/a6190507efe29dea1049d60d05ed5c0a","name":"Portal Araras de Noticias","image":{"@type":"ImageObject","inLanguage":"pt-BR","@id":"https:\/\/portalararasdenoticias.com.br\/#\/schema\/person\/image\/","url":"https:\/\/secure.gravatar.com\/avatar\/4df7c42bc08e78bc9b6e13086fafc161bdf01220657cd93de3d828ab6c60d469?s=96&d=mm&r=g","contentUrl":"https:\/\/secure.gravatar.com\/avatar\/4df7c42bc08e78bc9b6e13086fafc161bdf01220657cd93de3d828ab6c60d469?s=96&d=mm&r=g","caption":"Portal Araras de Noticias"},"sameAs":["https:\/\/portalararasdenoticias.com.br\/"],"url":"https:\/\/portalararasdenoticias.com.br\/?author=5"}]}},"_links":{"self":[{"href":"https:\/\/portalararasdenoticias.com.br\/index.php?rest_route=\/wp\/v2\/posts\/7112","targetHints":{"allow":["GET"]}}],"collection":[{"href":"https:\/\/portalararasdenoticias.com.br\/index.php?rest_route=\/wp\/v2\/posts"}],"about":[{"href":"https:\/\/portalararasdenoticias.com.br\/index.php?rest_route=\/wp\/v2\/types\/post"}],"author":[{"embeddable":true,"href":"https:\/\/portalararasdenoticias.com.br\/index.php?rest_route=\/wp\/v2\/users\/5"}],"replies":[{"embeddable":true,"href":"https:\/\/portalararasdenoticias.com.br\/index.php?rest_route=%2Fwp%2Fv2%2Fcomments&post=7112"}],"version-history":[{"count":1,"href":"https:\/\/portalararasdenoticias.com.br\/index.php?rest_route=\/wp\/v2\/posts\/7112\/revisions"}],"predecessor-version":[{"id":7117,"href":"https:\/\/portalararasdenoticias.com.br\/index.php?rest_route=\/wp\/v2\/posts\/7112\/revisions\/7117"}],"wp:featuredmedia":[{"embeddable":true,"href":"https:\/\/portalararasdenoticias.com.br\/index.php?rest_route=\/wp\/v2\/media\/7113"}],"wp:attachment":[{"href":"https:\/\/portalararasdenoticias.com.br\/index.php?rest_route=%2Fwp%2Fv2%2Fmedia&parent=7112"}],"wp:term":[{"taxonomy":"category","embeddable":true,"href":"https:\/\/portalararasdenoticias.com.br\/index.php?rest_route=%2Fwp%2Fv2%2Fcategories&post=7112"},{"taxonomy":"post_tag","embeddable":true,"href":"https:\/\/portalararasdenoticias.com.br\/index.php?rest_route=%2Fwp%2Fv2%2Ftags&post=7112"}],"curies":[{"name":"wp","href":"https:\/\/api.w.org\/{rel}","templated":true}]}}