{"id":7150,"date":"2025-12-03T22:34:06","date_gmt":"2025-12-04T01:34:06","guid":{"rendered":"https:\/\/portalararasdenoticias.com.br\/?p=7150"},"modified":"2025-12-03T22:34:08","modified_gmt":"2025-12-04T01:34:08","slug":"caminhoneiros-irao-parar-o-brasil-novamente-categoria-se-organiza-para-mega-paralisacao-com-suporte-juridico-e-pautas-como-aposentadoria-leis-e-anistia-a-bolsonaro","status":"publish","type":"post","link":"https:\/\/portalararasdenoticias.com.br\/?p=7150","title":{"rendered":"Caminhoneiros ir\u00e3o parar o Brasil novamente: categoria se organiza para mega paralisa\u00e7\u00e3o com suporte jur\u00eddico e pautas como aposentadoria, leis e anistia a Bolsonaro."},"content":{"rendered":"\n<p>Mobiliza\u00e7\u00e3o nacional de caminhoneiros gera expectativa sobre impactos, re\u00fane pautas trabalhistas e inclui apoio jur\u00eddico e reivindica\u00e7\u00f5es por anistia, ampliando o alcance pol\u00edtico e setorial da paralisa\u00e7\u00e3o anunciada.<br>Lideran\u00e7as de caminhoneiros articulam uma paralisa\u00e7\u00e3o nacional marcada para esta quinta-feira (04), com o objetivo declarado de \u201cparar o Brasil\u201d mais uma vez.<\/p>\n\n\n\n<p>O movimento, encabe\u00e7ado pelo representante da Uni\u00e3o Brasileira dos Caminhoneiros, Chic\u00e3o Caminhoneiro, conta com o apoio jur\u00eddico do desembargador aposentado Sebasti\u00e3o Coelho e re\u00fane pautas ligadas \u00e0s condi\u00e7\u00f5es de trabalho da categoria, como aposentadoria especial e mudan\u00e7as na legisla\u00e7\u00e3o do setor, al\u00e9m da defesa de anistia ao ex-presidente Jair Bolsonaro, que est\u00e1 preso na sede da Pol\u00edcia Federal (PF).<\/p>\n\n\n\n<p>Protocolo oficial e in\u00edcio da mobiliza\u00e7\u00e3o<br>Nesta ter\u00e7a-feira (02), Chic\u00e3o esteve na Presid\u00eancia da Rep\u00fablica para protocolar um documento sobre a paralisa\u00e7\u00e3o geral da categoria, prevista para come\u00e7ar na quinta-feira (04)<\/p>\n\n\n\n<p>Ele foi acompanhado por Sebasti\u00e3o Coelho, que aparece ao seu lado em v\u00eddeo divulgado nas redes sociais.<\/p>\n\n\n\n<p>Segundo Chic\u00e3o, o projeto que embasa o movimento foi elaborado \u201ca v\u00e1rias m\u00e3os\u201d, com contribui\u00e7\u00e3o de diferentes representantes de caminhoneiros.<\/p>\n\n\n\n<p>Em declara\u00e7\u00f5es p\u00fablicas, ele afirma que o grupo \u00e9 formado por \u201ccaminhoneiros, guerreiros, lutadores\u201d, ressaltando que a iniciativa parte da pr\u00f3pria categoria de transporte de cargas.<\/p>\n\n\n\n<p>Ao comentar o protocolo, o l\u00edder diz que a inten\u00e7\u00e3o \u00e9 comunicar formalmente o governo federal sobre a mobiliza\u00e7\u00e3o e registrar a data de in\u00edcio da paralisa\u00e7\u00e3o.<\/p>\n\n\n\n<p>A paralisa\u00e7\u00e3o \u00e9 apresentada pelos organizadores como de alcance nacional, com possibilidade de ades\u00e3o em estados e segmentos distintos do transporte rodovi\u00e1rio.<\/p>\n\n\n\n<p>Legalidade e suporte jur\u00eddico \u00e0 paralisa\u00e7\u00e3o<br>Em v\u00eddeo, Chic\u00e3o nega que a paralisa\u00e7\u00e3o tenha cunho pol\u00edtico-partid\u00e1rio e afirma que o movimento deve respeitar a legisla\u00e7\u00e3o.<\/p>\n\n\n\n<p>Ele pede que os caminhoneiros observem o \u201crespeito \u00e0s leis\u201d e orienta que o direito de ir e vir da popula\u00e7\u00e3o seja preservado.<\/p>\n\n\n\n<p>\u201cN\u00e3o podemos impedir o direito de ir e vir das pessoas, temos que respeitar toda a legisla\u00e7\u00e3o que \u00e9 imposta \u00e0 categoria no sentido de permitir o livre tr\u00e2nsito das pessoas\u201d, declarou.<\/p>\n\n\n\n<p>A presen\u00e7a de Sebasti\u00e3o Coelho tem o objetivo de oferecer respaldo jur\u00eddico \u00e0s a\u00e7\u00f5es dos caminhoneiros.<\/p>\n\n\n\n<p>O desembargador aposentado, que esteve ao lado de Chic\u00e3o no momento do protocolo, afirmou que est\u00e1 \u201cpara dar apoio jur\u00eddico ao movimento\u201d e que pretende acompanhar os desdobramentos da paralisa\u00e7\u00e3o.<\/p>\n\n\n\n<figure class=\"wp-block-gallery has-nested-images columns-default is-cropped wp-block-gallery-1 is-layout-flex wp-block-gallery-is-layout-flex\">\n<figure class=\"wp-block-image size-large\"><img loading=\"lazy\" decoding=\"async\" width=\"631\" height=\"371\" data-id=\"7154\" src=\"https:\/\/portalararasdenoticias.com.br\/wp-content\/uploads\/2025\/12\/9530-2.jpg\" alt=\"\" class=\"wp-image-7154\" srcset=\"https:\/\/portalararasdenoticias.com.br\/wp-content\/uploads\/2025\/12\/9530-2.jpg 631w, https:\/\/portalararasdenoticias.com.br\/wp-content\/uploads\/2025\/12\/9530-2-300x176.jpg 300w\" sizes=\"auto, (max-width: 631px) 100vw, 631px\" \/><\/figure>\n<\/figure>\n\n\n\n<figure class=\"wp-block-gallery has-nested-images columns-default is-cropped wp-block-gallery-2 is-layout-flex wp-block-gallery-is-layout-flex\"><\/figure>\n\n\n\n<figure class=\"wp-block-image size-full\"><img loading=\"lazy\" decoding=\"async\" width=\"660\" height=\"372\" src=\"https:\/\/portalararasdenoticias.com.br\/wp-content\/uploads\/2025\/12\/93c2c5e0-7359-11e9-bf2e-00505697492c-wp-660x372-2.jpg\" alt=\"\" class=\"wp-image-7156\" srcset=\"https:\/\/portalararasdenoticias.com.br\/wp-content\/uploads\/2025\/12\/93c2c5e0-7359-11e9-bf2e-00505697492c-wp-660x372-2.jpg 660w, https:\/\/portalararasdenoticias.com.br\/wp-content\/uploads\/2025\/12\/93c2c5e0-7359-11e9-bf2e-00505697492c-wp-660x372-2-300x169.jpg 300w\" sizes=\"auto, (max-width: 660px) 100vw, 660px\" \/><figcaption class=\"wp-element-caption\">Caminhoneiros fazem manifesta\u00e7\u00e3o em Curitiba pedindo aten\u00e7\u00e3o de Bolsonaro.\rUm pronunciamento do presidente Jair Bolsonaro (PSL) fez com que o Sindicato dos Transportadores Aut\u00f4nomos do Paran\u00e1 (Sinditac-PR) se mobilizasse para uma manifesta\u00e7\u00e3o. O ato, que n\u00e3o teve a inten\u00e7\u00e3o de parar as atividades dos trabalhadores, percorreu a Linha Verde na manh\u00e3 deste s\u00e1bado (30). Os caminhoneiros reivindicaram o cumprimento da tabela de fretes m\u00ednimos e um prazo m\u00ednimo de 30 dias para reajuste dos pre\u00e7os do diesel.<\/figcaption><\/figure>\n","protected":false},"excerpt":{"rendered":"<p>Mobiliza\u00e7\u00e3o nacional de caminhoneiros gera expectativa sobre impactos, re\u00fane pautas trabalhistas e inclui apoio jur\u00eddico e reivindica\u00e7\u00f5es por anistia, ampliando o alcance pol\u00edtico e setorial da paralisa\u00e7\u00e3o anunciada.Lideran\u00e7as de caminhoneiros articulam uma paralisa\u00e7\u00e3o nacional marcada para esta quinta-feira (04), com o objetivo declarado de \u201cparar o Brasil\u201d mais uma vez. O movimento, encabe\u00e7ado pelo representante [&hellip;]<\/p>\n","protected":false},"author":5,"featured_media":7151,"comment_status":"open","ping_status":"open","sticky":false,"template":"","format":"standard","meta":{"footnotes":""},"categories":[867,960],"tags":[],"class_list":["post-7150","post","type-post","status-publish","format-standard","has-post-thumbnail","hentry","category-brasil","category-oneiros-irao-parar-o-brasil-novamente"],"yoast_head":"<!-- This site is optimized with the Yoast SEO plugin v27.0 - https:\/\/yoast.com\/product\/yoast-seo-wordpress\/ -->\n<title>Caminhoneiros ir\u00e3o parar o Brasil novamente: categoria se organiza para mega paralisa\u00e7\u00e3o com suporte jur\u00eddico e pautas como aposentadoria, leis e anistia a Bolsonaro. - Portal Araras de Not\u00edcias<\/title>\n<meta name=\"robots\" content=\"index, follow, max-snippet:-1, max-image-preview:large, max-video-preview:-1\" \/>\n<link rel=\"canonical\" href=\"https:\/\/portalararasdenoticias.com.br\/?p=7150\" \/>\n<meta property=\"og:locale\" content=\"pt_BR\" \/>\n<meta property=\"og:type\" content=\"article\" \/>\n<meta property=\"og:title\" content=\"Caminhoneiros ir\u00e3o parar o Brasil novamente: categoria se organiza para mega paralisa\u00e7\u00e3o com suporte jur\u00eddico e pautas como aposentadoria, leis e anistia a Bolsonaro. - Portal Araras de Not\u00edcias\" \/>\n<meta property=\"og:description\" content=\"Mobiliza\u00e7\u00e3o nacional de caminhoneiros gera expectativa sobre impactos, re\u00fane pautas trabalhistas e inclui apoio jur\u00eddico e reivindica\u00e7\u00f5es por anistia, ampliando o alcance pol\u00edtico e setorial da paralisa\u00e7\u00e3o anunciada.Lideran\u00e7as de caminhoneiros articulam uma paralisa\u00e7\u00e3o nacional marcada para esta quinta-feira (04), com o objetivo declarado de \u201cparar o Brasil\u201d mais uma vez. O movimento, encabe\u00e7ado pelo representante [&hellip;]\" \/>\n<meta property=\"og:url\" content=\"https:\/\/portalararasdenoticias.com.br\/?p=7150\" \/>\n<meta property=\"og:site_name\" content=\"Portal Araras de Not\u00edcias\" \/>\n<meta property=\"article:published_time\" content=\"2025-12-04T01:34:06+00:00\" \/>\n<meta property=\"article:modified_time\" content=\"2025-12-04T01:34:08+00:00\" \/>\n<meta property=\"og:image\" content=\"https:\/\/portalararasdenoticias.com.br\/wp-content\/uploads\/2025\/12\/Imagem-CPG-redimencionada-para-google-discovery-2025-12-02T234016.558.jpg\" \/>\n\t<meta property=\"og:image:width\" content=\"1920\" \/>\n\t<meta property=\"og:image:height\" content=\"1080\" \/>\n\t<meta property=\"og:image:type\" content=\"image\/jpeg\" \/>\n<meta name=\"author\" content=\"Portal Araras de Noticias\" \/>\n<meta name=\"twitter:card\" content=\"summary_large_image\" \/>\n<meta name=\"twitter:label1\" content=\"Escrito por\" \/>\n\t<meta name=\"twitter:data1\" content=\"Portal Araras de Noticias\" \/>\n\t<meta name=\"twitter:label2\" content=\"Est. tempo de leitura\" \/>\n\t<meta name=\"twitter:data2\" content=\"4 minutos\" \/>\n<script type=\"application\/ld+json\" class=\"yoast-schema-graph\">{\"@context\":\"https:\/\/schema.org\",\"@graph\":[{\"@type\":\"Article\",\"@id\":\"https:\/\/portalararasdenoticias.com.br\/?p=7150#article\",\"isPartOf\":{\"@id\":\"https:\/\/portalararasdenoticias.com.br\/?p=7150\"},\"author\":{\"name\":\"Portal Araras de Noticias\",\"@id\":\"https:\/\/portalararasdenoticias.com.br\/#\/schema\/person\/a6190507efe29dea1049d60d05ed5c0a\"},\"headline\":\"Caminhoneiros ir\u00e3o parar o Brasil novamente: categoria se organiza para mega paralisa\u00e7\u00e3o com suporte jur\u00eddico e pautas como aposentadoria, leis e anistia a Bolsonaro.\",\"datePublished\":\"2025-12-04T01:34:06+00:00\",\"dateModified\":\"2025-12-04T01:34:08+00:00\",\"mainEntityOfPage\":{\"@id\":\"https:\/\/portalararasdenoticias.com.br\/?p=7150\"},\"wordCount\":543,\"commentCount\":0,\"image\":{\"@id\":\"https:\/\/portalararasdenoticias.com.br\/?p=7150#primaryimage\"},\"thumbnailUrl\":\"https:\/\/portalararasdenoticias.com.br\/wp-content\/uploads\/2025\/12\/Imagem-CPG-redimencionada-para-google-discovery-2025-12-02T234016.558.jpg\",\"articleSection\":[\"Brasil\",\"oneiros ir\u00e3o parar o Brasil novamente\"],\"inLanguage\":\"pt-BR\",\"potentialAction\":[{\"@type\":\"CommentAction\",\"name\":\"Comment\",\"target\":[\"https:\/\/portalararasdenoticias.com.br\/?p=7150#respond\"]}]},{\"@type\":\"WebPage\",\"@id\":\"https:\/\/portalararasdenoticias.com.br\/?p=7150\",\"url\":\"https:\/\/portalararasdenoticias.com.br\/?p=7150\",\"name\":\"Caminhoneiros ir\u00e3o parar o Brasil novamente: categoria se organiza para mega paralisa\u00e7\u00e3o com suporte jur\u00eddico e pautas como aposentadoria, leis e anistia a Bolsonaro. - Portal Araras de Not\u00edcias\",\"isPartOf\":{\"@id\":\"https:\/\/portalararasdenoticias.com.br\/#website\"},\"primaryImageOfPage\":{\"@id\":\"https:\/\/portalararasdenoticias.com.br\/?p=7150#primaryimage\"},\"image\":{\"@id\":\"https:\/\/portalararasdenoticias.com.br\/?p=7150#primaryimage\"},\"thumbnailUrl\":\"https:\/\/portalararasdenoticias.com.br\/wp-content\/uploads\/2025\/12\/Imagem-CPG-redimencionada-para-google-discovery-2025-12-02T234016.558.jpg\",\"datePublished\":\"2025-12-04T01:34:06+00:00\",\"dateModified\":\"2025-12-04T01:34:08+00:00\",\"author\":{\"@id\":\"https:\/\/portalararasdenoticias.com.br\/#\/schema\/person\/a6190507efe29dea1049d60d05ed5c0a\"},\"breadcrumb\":{\"@id\":\"https:\/\/portalararasdenoticias.com.br\/?p=7150#breadcrumb\"},\"inLanguage\":\"pt-BR\",\"potentialAction\":[{\"@type\":\"ReadAction\",\"target\":[\"https:\/\/portalararasdenoticias.com.br\/?p=7150\"]}]},{\"@type\":\"ImageObject\",\"inLanguage\":\"pt-BR\",\"@id\":\"https:\/\/portalararasdenoticias.com.br\/?p=7150#primaryimage\",\"url\":\"https:\/\/portalararasdenoticias.com.br\/wp-content\/uploads\/2025\/12\/Imagem-CPG-redimencionada-para-google-discovery-2025-12-02T234016.558.jpg\",\"contentUrl\":\"https:\/\/portalararasdenoticias.com.br\/wp-content\/uploads\/2025\/12\/Imagem-CPG-redimencionada-para-google-discovery-2025-12-02T234016.558.jpg\",\"width\":1920,\"height\":1080},{\"@type\":\"BreadcrumbList\",\"@id\":\"https:\/\/portalararasdenoticias.com.br\/?p=7150#breadcrumb\",\"itemListElement\":[{\"@type\":\"ListItem\",\"position\":1,\"name\":\"In\u00edcio\",\"item\":\"https:\/\/portalararasdenoticias.com.br\/\"},{\"@type\":\"ListItem\",\"position\":2,\"name\":\"Caminhoneiros ir\u00e3o parar o Brasil novamente: categoria se organiza para mega paralisa\u00e7\u00e3o com suporte jur\u00eddico e pautas como aposentadoria, leis e anistia a Bolsonaro.\"}]},{\"@type\":\"WebSite\",\"@id\":\"https:\/\/portalararasdenoticias.com.br\/#website\",\"url\":\"https:\/\/portalararasdenoticias.com.br\/\",\"name\":\"Portal Araras de Not\u00edcias\",\"description\":\"O Seu Portal de Not\u00edcias\",\"potentialAction\":[{\"@type\":\"SearchAction\",\"target\":{\"@type\":\"EntryPoint\",\"urlTemplate\":\"https:\/\/portalararasdenoticias.com.br\/?s={search_term_string}\"},\"query-input\":{\"@type\":\"PropertyValueSpecification\",\"valueRequired\":true,\"valueName\":\"search_term_string\"}}],\"inLanguage\":\"pt-BR\"},{\"@type\":\"Person\",\"@id\":\"https:\/\/portalararasdenoticias.com.br\/#\/schema\/person\/a6190507efe29dea1049d60d05ed5c0a\",\"name\":\"Portal Araras de Noticias\",\"image\":{\"@type\":\"ImageObject\",\"inLanguage\":\"pt-BR\",\"@id\":\"https:\/\/portalararasdenoticias.com.br\/#\/schema\/person\/image\/\",\"url\":\"https:\/\/secure.gravatar.com\/avatar\/4df7c42bc08e78bc9b6e13086fafc161bdf01220657cd93de3d828ab6c60d469?s=96&d=mm&r=g\",\"contentUrl\":\"https:\/\/secure.gravatar.com\/avatar\/4df7c42bc08e78bc9b6e13086fafc161bdf01220657cd93de3d828ab6c60d469?s=96&d=mm&r=g\",\"caption\":\"Portal Araras de Noticias\"},\"sameAs\":[\"https:\/\/portalararasdenoticias.com.br\/\"],\"url\":\"https:\/\/portalararasdenoticias.com.br\/?author=5\"}]}<\/script>\n<!-- \/ Yoast SEO plugin. -->","yoast_head_json":{"title":"Caminhoneiros ir\u00e3o parar o Brasil novamente: categoria se organiza para mega paralisa\u00e7\u00e3o com suporte jur\u00eddico e pautas como aposentadoria, leis e anistia a Bolsonaro. - Portal Araras de Not\u00edcias","robots":{"index":"index","follow":"follow","max-snippet":"max-snippet:-1","max-image-preview":"max-image-preview:large","max-video-preview":"max-video-preview:-1"},"canonical":"https:\/\/portalararasdenoticias.com.br\/?p=7150","og_locale":"pt_BR","og_type":"article","og_title":"Caminhoneiros ir\u00e3o parar o Brasil novamente: categoria se organiza para mega paralisa\u00e7\u00e3o com suporte jur\u00eddico e pautas como aposentadoria, leis e anistia a Bolsonaro. - Portal Araras de Not\u00edcias","og_description":"Mobiliza\u00e7\u00e3o nacional de caminhoneiros gera expectativa sobre impactos, re\u00fane pautas trabalhistas e inclui apoio jur\u00eddico e reivindica\u00e7\u00f5es por anistia, ampliando o alcance pol\u00edtico e setorial da paralisa\u00e7\u00e3o anunciada.Lideran\u00e7as de caminhoneiros articulam uma paralisa\u00e7\u00e3o nacional marcada para esta quinta-feira (04), com o objetivo declarado de \u201cparar o Brasil\u201d mais uma vez. O movimento, encabe\u00e7ado pelo representante [&hellip;]","og_url":"https:\/\/portalararasdenoticias.com.br\/?p=7150","og_site_name":"Portal Araras de Not\u00edcias","article_published_time":"2025-12-04T01:34:06+00:00","article_modified_time":"2025-12-04T01:34:08+00:00","og_image":[{"width":1920,"height":1080,"url":"https:\/\/portalararasdenoticias.com.br\/wp-content\/uploads\/2025\/12\/Imagem-CPG-redimencionada-para-google-discovery-2025-12-02T234016.558.jpg","type":"image\/jpeg"}],"author":"Portal Araras de Noticias","twitter_card":"summary_large_image","twitter_misc":{"Escrito por":"Portal Araras de Noticias","Est. tempo de leitura":"4 minutos"},"schema":{"@context":"https:\/\/schema.org","@graph":[{"@type":"Article","@id":"https:\/\/portalararasdenoticias.com.br\/?p=7150#article","isPartOf":{"@id":"https:\/\/portalararasdenoticias.com.br\/?p=7150"},"author":{"name":"Portal Araras de Noticias","@id":"https:\/\/portalararasdenoticias.com.br\/#\/schema\/person\/a6190507efe29dea1049d60d05ed5c0a"},"headline":"Caminhoneiros ir\u00e3o parar o Brasil novamente: categoria se organiza para mega paralisa\u00e7\u00e3o com suporte jur\u00eddico e pautas como aposentadoria, leis e anistia a Bolsonaro.","datePublished":"2025-12-04T01:34:06+00:00","dateModified":"2025-12-04T01:34:08+00:00","mainEntityOfPage":{"@id":"https:\/\/portalararasdenoticias.com.br\/?p=7150"},"wordCount":543,"commentCount":0,"image":{"@id":"https:\/\/portalararasdenoticias.com.br\/?p=7150#primaryimage"},"thumbnailUrl":"https:\/\/portalararasdenoticias.com.br\/wp-content\/uploads\/2025\/12\/Imagem-CPG-redimencionada-para-google-discovery-2025-12-02T234016.558.jpg","articleSection":["Brasil","oneiros ir\u00e3o parar o Brasil novamente"],"inLanguage":"pt-BR","potentialAction":[{"@type":"CommentAction","name":"Comment","target":["https:\/\/portalararasdenoticias.com.br\/?p=7150#respond"]}]},{"@type":"WebPage","@id":"https:\/\/portalararasdenoticias.com.br\/?p=7150","url":"https:\/\/portalararasdenoticias.com.br\/?p=7150","name":"Caminhoneiros ir\u00e3o parar o Brasil novamente: categoria se organiza para mega paralisa\u00e7\u00e3o com suporte jur\u00eddico e pautas como aposentadoria, leis e anistia a Bolsonaro. - Portal Araras de Not\u00edcias","isPartOf":{"@id":"https:\/\/portalararasdenoticias.com.br\/#website"},"primaryImageOfPage":{"@id":"https:\/\/portalararasdenoticias.com.br\/?p=7150#primaryimage"},"image":{"@id":"https:\/\/portalararasdenoticias.com.br\/?p=7150#primaryimage"},"thumbnailUrl":"https:\/\/portalararasdenoticias.com.br\/wp-content\/uploads\/2025\/12\/Imagem-CPG-redimencionada-para-google-discovery-2025-12-02T234016.558.jpg","datePublished":"2025-12-04T01:34:06+00:00","dateModified":"2025-12-04T01:34:08+00:00","author":{"@id":"https:\/\/portalararasdenoticias.com.br\/#\/schema\/person\/a6190507efe29dea1049d60d05ed5c0a"},"breadcrumb":{"@id":"https:\/\/portalararasdenoticias.com.br\/?p=7150#breadcrumb"},"inLanguage":"pt-BR","potentialAction":[{"@type":"ReadAction","target":["https:\/\/portalararasdenoticias.com.br\/?p=7150"]}]},{"@type":"ImageObject","inLanguage":"pt-BR","@id":"https:\/\/portalararasdenoticias.com.br\/?p=7150#primaryimage","url":"https:\/\/portalararasdenoticias.com.br\/wp-content\/uploads\/2025\/12\/Imagem-CPG-redimencionada-para-google-discovery-2025-12-02T234016.558.jpg","contentUrl":"https:\/\/portalararasdenoticias.com.br\/wp-content\/uploads\/2025\/12\/Imagem-CPG-redimencionada-para-google-discovery-2025-12-02T234016.558.jpg","width":1920,"height":1080},{"@type":"BreadcrumbList","@id":"https:\/\/portalararasdenoticias.com.br\/?p=7150#breadcrumb","itemListElement":[{"@type":"ListItem","position":1,"name":"In\u00edcio","item":"https:\/\/portalararasdenoticias.com.br\/"},{"@type":"ListItem","position":2,"name":"Caminhoneiros ir\u00e3o parar o Brasil novamente: categoria se organiza para mega paralisa\u00e7\u00e3o com suporte jur\u00eddico e pautas como aposentadoria, leis e anistia a Bolsonaro."}]},{"@type":"WebSite","@id":"https:\/\/portalararasdenoticias.com.br\/#website","url":"https:\/\/portalararasdenoticias.com.br\/","name":"Portal Araras de Not\u00edcias","description":"O Seu Portal de Not\u00edcias","potentialAction":[{"@type":"SearchAction","target":{"@type":"EntryPoint","urlTemplate":"https:\/\/portalararasdenoticias.com.br\/?s={search_term_string}"},"query-input":{"@type":"PropertyValueSpecification","valueRequired":true,"valueName":"search_term_string"}}],"inLanguage":"pt-BR"},{"@type":"Person","@id":"https:\/\/portalararasdenoticias.com.br\/#\/schema\/person\/a6190507efe29dea1049d60d05ed5c0a","name":"Portal Araras de Noticias","image":{"@type":"ImageObject","inLanguage":"pt-BR","@id":"https:\/\/portalararasdenoticias.com.br\/#\/schema\/person\/image\/","url":"https:\/\/secure.gravatar.com\/avatar\/4df7c42bc08e78bc9b6e13086fafc161bdf01220657cd93de3d828ab6c60d469?s=96&d=mm&r=g","contentUrl":"https:\/\/secure.gravatar.com\/avatar\/4df7c42bc08e78bc9b6e13086fafc161bdf01220657cd93de3d828ab6c60d469?s=96&d=mm&r=g","caption":"Portal Araras de Noticias"},"sameAs":["https:\/\/portalararasdenoticias.com.br\/"],"url":"https:\/\/portalararasdenoticias.com.br\/?author=5"}]}},"_links":{"self":[{"href":"https:\/\/portalararasdenoticias.com.br\/index.php?rest_route=\/wp\/v2\/posts\/7150","targetHints":{"allow":["GET"]}}],"collection":[{"href":"https:\/\/portalararasdenoticias.com.br\/index.php?rest_route=\/wp\/v2\/posts"}],"about":[{"href":"https:\/\/portalararasdenoticias.com.br\/index.php?rest_route=\/wp\/v2\/types\/post"}],"author":[{"embeddable":true,"href":"https:\/\/portalararasdenoticias.com.br\/index.php?rest_route=\/wp\/v2\/users\/5"}],"replies":[{"embeddable":true,"href":"https:\/\/portalararasdenoticias.com.br\/index.php?rest_route=%2Fwp%2Fv2%2Fcomments&post=7150"}],"version-history":[{"count":1,"href":"https:\/\/portalararasdenoticias.com.br\/index.php?rest_route=\/wp\/v2\/posts\/7150\/revisions"}],"predecessor-version":[{"id":7157,"href":"https:\/\/portalararasdenoticias.com.br\/index.php?rest_route=\/wp\/v2\/posts\/7150\/revisions\/7157"}],"wp:featuredmedia":[{"embeddable":true,"href":"https:\/\/portalararasdenoticias.com.br\/index.php?rest_route=\/wp\/v2\/media\/7151"}],"wp:attachment":[{"href":"https:\/\/portalararasdenoticias.com.br\/index.php?rest_route=%2Fwp%2Fv2%2Fmedia&parent=7150"}],"wp:term":[{"taxonomy":"category","embeddable":true,"href":"https:\/\/portalararasdenoticias.com.br\/index.php?rest_route=%2Fwp%2Fv2%2Fcategories&post=7150"},{"taxonomy":"post_tag","embeddable":true,"href":"https:\/\/portalararasdenoticias.com.br\/index.php?rest_route=%2Fwp%2Fv2%2Ftags&post=7150"}],"curies":[{"name":"wp","href":"https:\/\/api.w.org\/{rel}","templated":true}]}}