{"id":7158,"date":"2025-12-03T22:50:20","date_gmt":"2025-12-04T01:50:20","guid":{"rendered":"https:\/\/portalararasdenoticias.com.br\/?p=7158"},"modified":"2025-12-03T22:50:32","modified_gmt":"2025-12-04T01:50:32","slug":"amazon-best-retoma-venda-de-ingressos-para-o-festival-de-parintins-2026-apos-decisao-judicial-favoravel","status":"publish","type":"post","link":"https:\/\/portalararasdenoticias.com.br\/?p=7158","title":{"rendered":"Amazon Best retoma venda de ingressos para o Festival de Parintins 2026 ap\u00f3s decis\u00e3o judicial favor\u00e1vel"},"content":{"rendered":"\n<p>A Amazon Best Turismo e Eventos Ltda., respons\u00e1vel pela bilheteria oficial do Festival Folcl\u00f3rico de Parintins 2026, informa que a comercializa\u00e7\u00e3o de ingressos e passaportes est\u00e1 autorizada para retomada imediata, conforme decis\u00e3o proferida pelo desembargador Airton Lu\u00eds Corr\u00eaa Gentil, da Terceira C\u00e2mara C\u00edvel do Tribunal de Justi\u00e7a do Amazonas.<br>O magistrado concedeu efeito suspensivo \u00e0 liminar emitida anteriormente pela 17\u00aa Vara C\u00edvel da Comarca da Capital, que havia interrompido as vendas ap\u00f3s solicita\u00e7\u00e3o do Minist\u00e9rio P\u00fablico do Estado do Amazonas. Em sua decis\u00e3o, o desembargador destacou que a paralisa\u00e7\u00e3o poderia acarretar \u201crisco de dano grave\u201d, comprometendo a organiza\u00e7\u00e3o do evento e a sustentabilidade das associa\u00e7\u00f5es culturais, os bois-bumb\u00e1s Garantido e Caprichoso, al\u00e9m de afetar a log\u00edstica de prepara\u00e7\u00e3o do festival.<br>O relator tamb\u00e9m considerou que n\u00e3o h\u00e1 preju\u00edzo ao consumidor, visto que a venda \u00e9 realizada de forma identificada, com mecanismos de rastreio e possibilidade de reembolso quando necess\u00e1rio. A decis\u00e3o enfatiza ainda que o Festival Folcl\u00f3rico de Parintins \u00e9 uma manifesta\u00e7\u00e3o cultural de interesse p\u00fablico, cuja realiza\u00e7\u00e3o depende de planejamento antecipado e fluxo financeiro cont\u00ednuo.<br>Com a decis\u00e3o judicial, a Amazon Best reafirma seu compromisso com a transpar\u00eancia, a legalidade e a responsabilidade na opera\u00e7\u00e3o da bilheteria oficial, mantendo tabela p\u00fablica de pre\u00e7os, regras de meia-entrada conforme a legisla\u00e7\u00e3o vigente e procedimentos de seguran\u00e7a, acessibilidade e conforto ao p\u00fablico.<br><em>Vendas pelos canais oficiais<\/em><br>As vendas de ingressos e passaportes para o Festival de Parintins 2026 ser\u00e3o retomadas no dia 6 de dezembro, a partir das 10h (hor\u00e1rio de Bras\u00edlia), exclusivamente pela Bilheteria Digital, canal oficial autorizado para a comercializa\u00e7\u00e3o.<br>A empresa refor\u00e7a que as vendas seguir\u00e3o pelos canais oficiais, com autenticidade garantida, e orienta o p\u00fablico a adquirir seus ingressos apenas pela plataforma autorizada. A Amazon Best permanece \u00e0 disposi\u00e7\u00e3o para esclarecimentos e segue comprometida com o fortalecimento do turismo, da cultura e da continuidade do Festival de Parintins.<br><em>Sobre o Festival de Parintins<\/em><br>O Festival Folcl\u00f3rico de Parintins \u00e9 uma celebra\u00e7\u00e3o anual realizada na cidade de Parintins (AM), considerada uma das maiores e mais expressivas manifesta\u00e7\u00f5es culturais do pa\u00eds. No Bumb\u00f3dromo, Garantido e Caprichoso protagonizam tr\u00eas noites de espet\u00e1culos que mobilizam milhares de visitantes e apaixonados pelos bois-bumb\u00e1s.<br><em>Tipos de ingressos e valores<\/em><br><em>ENTRADA INTEIRA<\/em><br><em>Passaporte arquibancada central<\/em> \u2022 <em>3 noites<\/em> \u2022 R$ 4.800<br><em>Passaporte arquibancada especial<\/em> \u2022 <em>3 noites<\/em> \u2022 R$ 3.960<br><em>Passaporte cadeira t1<\/em> \u2022 <em>3 noites<\/em> \u2022 R$ 4.500<br><em>Passaporte cadeira t2<\/em> \u2022 <em>3 noites<\/em> \u2022 R$ 3.000<br><em>Avulso Arquibancada central \u2022 1 noite<\/em> \u2022 R$ 1.600<br><em>Avulso arquibancada especial<\/em> \u2022 <em>1 noite<\/em> \u2022 R$ 1.316,67<br><em>Avulso cadeira T1<\/em> \u2022 <em>1 noite<\/em> \u2022 R$ 1.500<br><em>Avulso cadeira t2<\/em> \u2022 <em>1 noite<\/em> \u2022 R$ 1.000<br><em>MEIA ENTRADA (50%)<\/em><br><em>Passaporte arquibancada central<\/em> \u2022 <em>3 noites<\/em> \u2022 R$ 2.400<br><em>Passaporte arquibancada especial<\/em> \u2022 <em>3 noites<\/em> \u2022 R$ 1.980<br><em>Passaporte cadeira T1<\/em> \u2022 <em>3 noites<\/em> \u2022 R$ 2.250<br><em>Passaporte cadeira T2<\/em> \u2022 <em>3 noites<\/em> \u2022 R$ 1.500<br><em>Avulso arquibancada central<\/em> \u2022 <em>1 noite<\/em> \u2022 R$ 800,00<br><em>Avulso arquibancada especial<\/em> \u2022 <em>1 noite<\/em> \u2022 R$ 658,33<br><em>Avulso cadeira T1<\/em> \u2022 <em>1 noite<\/em> \u2022 R$ 750,00<br><em>Avulso cadeira t2<\/em> \u2022 <em>1 noite<\/em> \u2022 R$ 500,00<\/p>\n\n\n\n\n\n<figure class=\"wp-block-gallery has-nested-images columns-default is-cropped wp-block-gallery-1 is-layout-flex wp-block-gallery-is-layout-flex\">\n<figure class=\"wp-block-image size-large\"><img loading=\"lazy\" decoding=\"async\" width=\"666\" height=\"1000\" data-id=\"7159\" src=\"https:\/\/portalararasdenoticias.com.br\/wp-content\/uploads\/2025\/12\/a9bea73e2aa719df1229aff39269eb3f.webp\" alt=\"\" class=\"wp-image-7159\" srcset=\"https:\/\/portalararasdenoticias.com.br\/wp-content\/uploads\/2025\/12\/a9bea73e2aa719df1229aff39269eb3f.webp 666w, https:\/\/portalararasdenoticias.com.br\/wp-content\/uploads\/2025\/12\/a9bea73e2aa719df1229aff39269eb3f-200x300.webp 200w\" sizes=\"auto, (max-width: 666px) 100vw, 666px\" \/><\/figure>\n\n\n\n\n<\/figure>\n","protected":false},"excerpt":{"rendered":"<p>A Amazon Best Turismo e Eventos Ltda., respons\u00e1vel pela bilheteria oficial do Festival Folcl\u00f3rico de Parintins 2026, informa que a comercializa\u00e7\u00e3o de ingressos e passaportes est\u00e1 autorizada para retomada imediata, conforme decis\u00e3o proferida pelo desembargador Airton Lu\u00eds Corr\u00eaa Gentil, da Terceira C\u00e2mara C\u00edvel do Tribunal de Justi\u00e7a do Amazonas.O magistrado concedeu efeito suspensivo \u00e0 liminar [&hellip;]<\/p>\n","protected":false},"author":5,"featured_media":7038,"comment_status":"open","ping_status":"open","sticky":false,"template":"","format":"standard","meta":{"footnotes":""},"categories":[961,864],"tags":[],"class_list":["post-7158","post","type-post","status-publish","format-standard","has-post-thumbnail","hentry","category-amazon-best-retoma-venda-de-ingressos-para-o-festival-de-parintins-2026-apos-decisao-judicial-favoravel","category-manaus"],"yoast_head":"<!-- This site is optimized with the Yoast SEO plugin v27.0 - https:\/\/yoast.com\/product\/yoast-seo-wordpress\/ -->\n<title>Amazon Best retoma venda de ingressos para o Festival de Parintins 2026 ap\u00f3s decis\u00e3o judicial favor\u00e1vel - Portal Araras de Not\u00edcias<\/title>\n<meta name=\"robots\" content=\"index, follow, max-snippet:-1, max-image-preview:large, max-video-preview:-1\" \/>\n<link rel=\"canonical\" href=\"https:\/\/portalararasdenoticias.com.br\/?p=7158\" \/>\n<meta property=\"og:locale\" content=\"pt_BR\" \/>\n<meta property=\"og:type\" content=\"article\" \/>\n<meta property=\"og:title\" content=\"Amazon Best retoma venda de ingressos para o Festival de Parintins 2026 ap\u00f3s decis\u00e3o judicial favor\u00e1vel - Portal Araras de Not\u00edcias\" \/>\n<meta property=\"og:description\" content=\"A Amazon Best Turismo e Eventos Ltda., respons\u00e1vel pela bilheteria oficial do Festival Folcl\u00f3rico de Parintins 2026, informa que a comercializa\u00e7\u00e3o de ingressos e passaportes est\u00e1 autorizada para retomada imediata, conforme decis\u00e3o proferida pelo desembargador Airton Lu\u00eds Corr\u00eaa Gentil, da Terceira C\u00e2mara C\u00edvel do Tribunal de Justi\u00e7a do Amazonas.O magistrado concedeu efeito suspensivo \u00e0 liminar [&hellip;]\" \/>\n<meta property=\"og:url\" content=\"https:\/\/portalararasdenoticias.com.br\/?p=7158\" \/>\n<meta property=\"og:site_name\" content=\"Portal Araras de Not\u00edcias\" \/>\n<meta property=\"article:published_time\" content=\"2025-12-04T01:50:20+00:00\" \/>\n<meta property=\"article:modified_time\" content=\"2025-12-04T01:50:32+00:00\" \/>\n<meta property=\"og:image\" content=\"https:\/\/portalararasdenoticias.com.br\/wp-content\/uploads\/2025\/11\/577165849_1420550130075280_1625063642548623495_n.jpg\" \/>\n\t<meta property=\"og:image:width\" content=\"531\" \/>\n\t<meta property=\"og:image:height\" content=\"450\" \/>\n\t<meta property=\"og:image:type\" content=\"image\/jpeg\" \/>\n<meta name=\"author\" content=\"Portal Araras de Noticias\" \/>\n<meta name=\"twitter:card\" content=\"summary_large_image\" \/>\n<meta name=\"twitter:label1\" content=\"Escrito por\" \/>\n\t<meta name=\"twitter:data1\" content=\"Portal Araras de Noticias\" \/>\n\t<meta name=\"twitter:label2\" content=\"Est. tempo de leitura\" \/>\n\t<meta name=\"twitter:data2\" content=\"4 minutos\" \/>\n<script type=\"application\/ld+json\" class=\"yoast-schema-graph\">{\"@context\":\"https:\/\/schema.org\",\"@graph\":[{\"@type\":\"Article\",\"@id\":\"https:\/\/portalararasdenoticias.com.br\/?p=7158#article\",\"isPartOf\":{\"@id\":\"https:\/\/portalararasdenoticias.com.br\/?p=7158\"},\"author\":{\"name\":\"Portal Araras de Noticias\",\"@id\":\"https:\/\/portalararasdenoticias.com.br\/#\/schema\/person\/a6190507efe29dea1049d60d05ed5c0a\"},\"headline\":\"Amazon Best retoma venda de ingressos para o Festival de Parintins 2026 ap\u00f3s decis\u00e3o judicial favor\u00e1vel\",\"datePublished\":\"2025-12-04T01:50:20+00:00\",\"dateModified\":\"2025-12-04T01:50:32+00:00\",\"mainEntityOfPage\":{\"@id\":\"https:\/\/portalararasdenoticias.com.br\/?p=7158\"},\"wordCount\":514,\"commentCount\":0,\"image\":{\"@id\":\"https:\/\/portalararasdenoticias.com.br\/?p=7158#primaryimage\"},\"thumbnailUrl\":\"https:\/\/portalararasdenoticias.com.br\/wp-content\/uploads\/2025\/11\/577165849_1420550130075280_1625063642548623495_n.jpg\",\"articleSection\":[\"Amazon Best retoma venda de ingressos para o Festival de Parintins 2026 ap\u00f3s decis\u00e3o judicial favor\u00e1vel\",\"Manaus\"],\"inLanguage\":\"pt-BR\",\"potentialAction\":[{\"@type\":\"CommentAction\",\"name\":\"Comment\",\"target\":[\"https:\/\/portalararasdenoticias.com.br\/?p=7158#respond\"]}]},{\"@type\":\"WebPage\",\"@id\":\"https:\/\/portalararasdenoticias.com.br\/?p=7158\",\"url\":\"https:\/\/portalararasdenoticias.com.br\/?p=7158\",\"name\":\"Amazon Best retoma venda de ingressos para o Festival de Parintins 2026 ap\u00f3s decis\u00e3o judicial favor\u00e1vel - Portal Araras de Not\u00edcias\",\"isPartOf\":{\"@id\":\"https:\/\/portalararasdenoticias.com.br\/#website\"},\"primaryImageOfPage\":{\"@id\":\"https:\/\/portalararasdenoticias.com.br\/?p=7158#primaryimage\"},\"image\":{\"@id\":\"https:\/\/portalararasdenoticias.com.br\/?p=7158#primaryimage\"},\"thumbnailUrl\":\"https:\/\/portalararasdenoticias.com.br\/wp-content\/uploads\/2025\/11\/577165849_1420550130075280_1625063642548623495_n.jpg\",\"datePublished\":\"2025-12-04T01:50:20+00:00\",\"dateModified\":\"2025-12-04T01:50:32+00:00\",\"author\":{\"@id\":\"https:\/\/portalararasdenoticias.com.br\/#\/schema\/person\/a6190507efe29dea1049d60d05ed5c0a\"},\"breadcrumb\":{\"@id\":\"https:\/\/portalararasdenoticias.com.br\/?p=7158#breadcrumb\"},\"inLanguage\":\"pt-BR\",\"potentialAction\":[{\"@type\":\"ReadAction\",\"target\":[\"https:\/\/portalararasdenoticias.com.br\/?p=7158\"]}]},{\"@type\":\"ImageObject\",\"inLanguage\":\"pt-BR\",\"@id\":\"https:\/\/portalararasdenoticias.com.br\/?p=7158#primaryimage\",\"url\":\"https:\/\/portalararasdenoticias.com.br\/wp-content\/uploads\/2025\/11\/577165849_1420550130075280_1625063642548623495_n.jpg\",\"contentUrl\":\"https:\/\/portalararasdenoticias.com.br\/wp-content\/uploads\/2025\/11\/577165849_1420550130075280_1625063642548623495_n.jpg\",\"width\":531,\"height\":450},{\"@type\":\"BreadcrumbList\",\"@id\":\"https:\/\/portalararasdenoticias.com.br\/?p=7158#breadcrumb\",\"itemListElement\":[{\"@type\":\"ListItem\",\"position\":1,\"name\":\"In\u00edcio\",\"item\":\"https:\/\/portalararasdenoticias.com.br\/\"},{\"@type\":\"ListItem\",\"position\":2,\"name\":\"Amazon Best retoma venda de ingressos para o Festival de Parintins 2026 ap\u00f3s decis\u00e3o judicial favor\u00e1vel\"}]},{\"@type\":\"WebSite\",\"@id\":\"https:\/\/portalararasdenoticias.com.br\/#website\",\"url\":\"https:\/\/portalararasdenoticias.com.br\/\",\"name\":\"Portal Araras de Not\u00edcias\",\"description\":\"O Seu Portal de Not\u00edcias\",\"potentialAction\":[{\"@type\":\"SearchAction\",\"target\":{\"@type\":\"EntryPoint\",\"urlTemplate\":\"https:\/\/portalararasdenoticias.com.br\/?s={search_term_string}\"},\"query-input\":{\"@type\":\"PropertyValueSpecification\",\"valueRequired\":true,\"valueName\":\"search_term_string\"}}],\"inLanguage\":\"pt-BR\"},{\"@type\":\"Person\",\"@id\":\"https:\/\/portalararasdenoticias.com.br\/#\/schema\/person\/a6190507efe29dea1049d60d05ed5c0a\",\"name\":\"Portal Araras de Noticias\",\"image\":{\"@type\":\"ImageObject\",\"inLanguage\":\"pt-BR\",\"@id\":\"https:\/\/portalararasdenoticias.com.br\/#\/schema\/person\/image\/\",\"url\":\"https:\/\/secure.gravatar.com\/avatar\/4df7c42bc08e78bc9b6e13086fafc161bdf01220657cd93de3d828ab6c60d469?s=96&d=mm&r=g\",\"contentUrl\":\"https:\/\/secure.gravatar.com\/avatar\/4df7c42bc08e78bc9b6e13086fafc161bdf01220657cd93de3d828ab6c60d469?s=96&d=mm&r=g\",\"caption\":\"Portal Araras de Noticias\"},\"sameAs\":[\"https:\/\/portalararasdenoticias.com.br\/\"],\"url\":\"https:\/\/portalararasdenoticias.com.br\/?author=5\"}]}<\/script>\n<!-- \/ Yoast SEO plugin. -->","yoast_head_json":{"title":"Amazon Best retoma venda de ingressos para o Festival de Parintins 2026 ap\u00f3s decis\u00e3o judicial favor\u00e1vel - Portal Araras de Not\u00edcias","robots":{"index":"index","follow":"follow","max-snippet":"max-snippet:-1","max-image-preview":"max-image-preview:large","max-video-preview":"max-video-preview:-1"},"canonical":"https:\/\/portalararasdenoticias.com.br\/?p=7158","og_locale":"pt_BR","og_type":"article","og_title":"Amazon Best retoma venda de ingressos para o Festival de Parintins 2026 ap\u00f3s decis\u00e3o judicial favor\u00e1vel - Portal Araras de Not\u00edcias","og_description":"A Amazon Best Turismo e Eventos Ltda., respons\u00e1vel pela bilheteria oficial do Festival Folcl\u00f3rico de Parintins 2026, informa que a comercializa\u00e7\u00e3o de ingressos e passaportes est\u00e1 autorizada para retomada imediata, conforme decis\u00e3o proferida pelo desembargador Airton Lu\u00eds Corr\u00eaa Gentil, da Terceira C\u00e2mara C\u00edvel do Tribunal de Justi\u00e7a do Amazonas.O magistrado concedeu efeito suspensivo \u00e0 liminar [&hellip;]","og_url":"https:\/\/portalararasdenoticias.com.br\/?p=7158","og_site_name":"Portal Araras de Not\u00edcias","article_published_time":"2025-12-04T01:50:20+00:00","article_modified_time":"2025-12-04T01:50:32+00:00","og_image":[{"width":531,"height":450,"url":"https:\/\/portalararasdenoticias.com.br\/wp-content\/uploads\/2025\/11\/577165849_1420550130075280_1625063642548623495_n.jpg","type":"image\/jpeg"}],"author":"Portal Araras de Noticias","twitter_card":"summary_large_image","twitter_misc":{"Escrito por":"Portal Araras de Noticias","Est. tempo de leitura":"4 minutos"},"schema":{"@context":"https:\/\/schema.org","@graph":[{"@type":"Article","@id":"https:\/\/portalararasdenoticias.com.br\/?p=7158#article","isPartOf":{"@id":"https:\/\/portalararasdenoticias.com.br\/?p=7158"},"author":{"name":"Portal Araras de Noticias","@id":"https:\/\/portalararasdenoticias.com.br\/#\/schema\/person\/a6190507efe29dea1049d60d05ed5c0a"},"headline":"Amazon Best retoma venda de ingressos para o Festival de Parintins 2026 ap\u00f3s decis\u00e3o judicial favor\u00e1vel","datePublished":"2025-12-04T01:50:20+00:00","dateModified":"2025-12-04T01:50:32+00:00","mainEntityOfPage":{"@id":"https:\/\/portalararasdenoticias.com.br\/?p=7158"},"wordCount":514,"commentCount":0,"image":{"@id":"https:\/\/portalararasdenoticias.com.br\/?p=7158#primaryimage"},"thumbnailUrl":"https:\/\/portalararasdenoticias.com.br\/wp-content\/uploads\/2025\/11\/577165849_1420550130075280_1625063642548623495_n.jpg","articleSection":["Amazon Best retoma venda de ingressos para o Festival de Parintins 2026 ap\u00f3s decis\u00e3o judicial favor\u00e1vel","Manaus"],"inLanguage":"pt-BR","potentialAction":[{"@type":"CommentAction","name":"Comment","target":["https:\/\/portalararasdenoticias.com.br\/?p=7158#respond"]}]},{"@type":"WebPage","@id":"https:\/\/portalararasdenoticias.com.br\/?p=7158","url":"https:\/\/portalararasdenoticias.com.br\/?p=7158","name":"Amazon Best retoma venda de ingressos para o Festival de Parintins 2026 ap\u00f3s decis\u00e3o judicial favor\u00e1vel - Portal Araras de Not\u00edcias","isPartOf":{"@id":"https:\/\/portalararasdenoticias.com.br\/#website"},"primaryImageOfPage":{"@id":"https:\/\/portalararasdenoticias.com.br\/?p=7158#primaryimage"},"image":{"@id":"https:\/\/portalararasdenoticias.com.br\/?p=7158#primaryimage"},"thumbnailUrl":"https:\/\/portalararasdenoticias.com.br\/wp-content\/uploads\/2025\/11\/577165849_1420550130075280_1625063642548623495_n.jpg","datePublished":"2025-12-04T01:50:20+00:00","dateModified":"2025-12-04T01:50:32+00:00","author":{"@id":"https:\/\/portalararasdenoticias.com.br\/#\/schema\/person\/a6190507efe29dea1049d60d05ed5c0a"},"breadcrumb":{"@id":"https:\/\/portalararasdenoticias.com.br\/?p=7158#breadcrumb"},"inLanguage":"pt-BR","potentialAction":[{"@type":"ReadAction","target":["https:\/\/portalararasdenoticias.com.br\/?p=7158"]}]},{"@type":"ImageObject","inLanguage":"pt-BR","@id":"https:\/\/portalararasdenoticias.com.br\/?p=7158#primaryimage","url":"https:\/\/portalararasdenoticias.com.br\/wp-content\/uploads\/2025\/11\/577165849_1420550130075280_1625063642548623495_n.jpg","contentUrl":"https:\/\/portalararasdenoticias.com.br\/wp-content\/uploads\/2025\/11\/577165849_1420550130075280_1625063642548623495_n.jpg","width":531,"height":450},{"@type":"BreadcrumbList","@id":"https:\/\/portalararasdenoticias.com.br\/?p=7158#breadcrumb","itemListElement":[{"@type":"ListItem","position":1,"name":"In\u00edcio","item":"https:\/\/portalararasdenoticias.com.br\/"},{"@type":"ListItem","position":2,"name":"Amazon Best retoma venda de ingressos para o Festival de Parintins 2026 ap\u00f3s decis\u00e3o judicial favor\u00e1vel"}]},{"@type":"WebSite","@id":"https:\/\/portalararasdenoticias.com.br\/#website","url":"https:\/\/portalararasdenoticias.com.br\/","name":"Portal Araras de Not\u00edcias","description":"O Seu Portal de Not\u00edcias","potentialAction":[{"@type":"SearchAction","target":{"@type":"EntryPoint","urlTemplate":"https:\/\/portalararasdenoticias.com.br\/?s={search_term_string}"},"query-input":{"@type":"PropertyValueSpecification","valueRequired":true,"valueName":"search_term_string"}}],"inLanguage":"pt-BR"},{"@type":"Person","@id":"https:\/\/portalararasdenoticias.com.br\/#\/schema\/person\/a6190507efe29dea1049d60d05ed5c0a","name":"Portal Araras de Noticias","image":{"@type":"ImageObject","inLanguage":"pt-BR","@id":"https:\/\/portalararasdenoticias.com.br\/#\/schema\/person\/image\/","url":"https:\/\/secure.gravatar.com\/avatar\/4df7c42bc08e78bc9b6e13086fafc161bdf01220657cd93de3d828ab6c60d469?s=96&d=mm&r=g","contentUrl":"https:\/\/secure.gravatar.com\/avatar\/4df7c42bc08e78bc9b6e13086fafc161bdf01220657cd93de3d828ab6c60d469?s=96&d=mm&r=g","caption":"Portal Araras de Noticias"},"sameAs":["https:\/\/portalararasdenoticias.com.br\/"],"url":"https:\/\/portalararasdenoticias.com.br\/?author=5"}]}},"_links":{"self":[{"href":"https:\/\/portalararasdenoticias.com.br\/index.php?rest_route=\/wp\/v2\/posts\/7158","targetHints":{"allow":["GET"]}}],"collection":[{"href":"https:\/\/portalararasdenoticias.com.br\/index.php?rest_route=\/wp\/v2\/posts"}],"about":[{"href":"https:\/\/portalararasdenoticias.com.br\/index.php?rest_route=\/wp\/v2\/types\/post"}],"author":[{"embeddable":true,"href":"https:\/\/portalararasdenoticias.com.br\/index.php?rest_route=\/wp\/v2\/users\/5"}],"replies":[{"embeddable":true,"href":"https:\/\/portalararasdenoticias.com.br\/index.php?rest_route=%2Fwp%2Fv2%2Fcomments&post=7158"}],"version-history":[{"count":1,"href":"https:\/\/portalararasdenoticias.com.br\/index.php?rest_route=\/wp\/v2\/posts\/7158\/revisions"}],"predecessor-version":[{"id":7160,"href":"https:\/\/portalararasdenoticias.com.br\/index.php?rest_route=\/wp\/v2\/posts\/7158\/revisions\/7160"}],"wp:featuredmedia":[{"embeddable":true,"href":"https:\/\/portalararasdenoticias.com.br\/index.php?rest_route=\/wp\/v2\/media\/7038"}],"wp:attachment":[{"href":"https:\/\/portalararasdenoticias.com.br\/index.php?rest_route=%2Fwp%2Fv2%2Fmedia&parent=7158"}],"wp:term":[{"taxonomy":"category","embeddable":true,"href":"https:\/\/portalararasdenoticias.com.br\/index.php?rest_route=%2Fwp%2Fv2%2Fcategories&post=7158"},{"taxonomy":"post_tag","embeddable":true,"href":"https:\/\/portalararasdenoticias.com.br\/index.php?rest_route=%2Fwp%2Fv2%2Ftags&post=7158"}],"curies":[{"name":"wp","href":"https:\/\/api.w.org\/{rel}","templated":true}]}}