{"id":7441,"date":"2026-02-05T00:01:49","date_gmt":"2026-02-05T03:01:49","guid":{"rendered":"https:\/\/portalararasdenoticias.com.br\/?p=7441"},"modified":"2026-02-05T00:01:49","modified_gmt":"2026-02-05T03:01:49","slug":"isabelle-nogueira-sera-enredo-de-escola-de-samba-em-manaus-no-carnaval-de-2026","status":"publish","type":"post","link":"https:\/\/portalararasdenoticias.com.br\/?p=7441","title":{"rendered":"Isabelle Nogueira ser\u00e1 enredo de escola de samba em Manaus no Carnaval de 2026"},"content":{"rendered":"\n<p>A escola ir\u00e1 retornar para o Grupo Especial com o t\u00edtulo tamb\u00e9m revelado no post: \u201cCom Uma Flecha e Um Sonho: Isabelle Nogueira, a For\u00e7a da Mulher Amaz\u00f4nica\u201d<br>A Escola de Samba Presidente Vargas, de Manaus, escolheu a ex-BBB e influenciadora amazonense Isabelle Nogueira como enredo para o Carnaval de 2026. O an\u00fancio da homenagem foi feito na \u00faltima ter\u00e7a-feira (9) por meio das redes sociais da agremia\u00e7\u00e3o.<br>\u201cO segredo est\u00e1 guardado\u2026 mas n\u00e3o por muito tempo. Uma filha da Matinha, do ber\u00e7o da Presidente Vargas para o mundo. Isabelle Nogueira \u00e9 a nossa homenageada, s\u00edmbolo da cultura do Amazonas, uma guerreira amaz\u00f4nica que levou a sua raiz, sua gente e sua hist\u00f3ria para o Brasil inteiro e para al\u00e9m das fronteiras\u201d, disse a publica\u00e7\u00e3o.<br>A escola ir\u00e1 retornar para o Grupo Especial com o t\u00edtulo tamb\u00e9m revelado no post: \u201cCom Uma Flecha e Um Sonho: Isabelle Nogueira, a For\u00e7a da Mulher Amaz\u00f4nica\u201d. A agremia\u00e7\u00e3o foi a grande ganhadora do Grupo de Acesso A, no desfile de 2025, somando um total de 268,20 pontos com o enredo de t\u00edtulo \u201c\u00c1guas e Florestas \u2013 Os Encantos do Sul de Roraima\u201d.<br>Em suas redes sociais Isabelle agradeceu a homenagem feita pela agremia\u00e7\u00e3o. \u201cT\u00f4 muito feliz mesmo com essa homenagem e carinho. \u00c9 a escola do bairro em que morei muitos anos. A gente tem umas hist\u00f3rias juntos pra contar, um enredo bem forte, bem org\u00e2nico, bem verdadeiro. E tamb\u00e9m de poder mostrar pra todo mundo que no Amazonas, em Manaus, tem um carnaval muito lindo, com muitas escolas e muitos artistas competentes e maravilhosos. S\u00f3 gratid\u00e3o no meu cora\u00e7\u00e3o\u201d, declarou.<br>A modelo nasceu e foi criada no bairro Presidente Vargas, antiga Matinha, e j\u00e1 havia relatado sua liga\u00e7\u00e3o com o local, do qual guarda suas mem\u00f3rias de inf\u00e2ncia.<br>\u201cFoi aqui, na Matinha, que tudo aconteceu. Essa terra tamb\u00e9m \u00e9 o cora\u00e7\u00e3o da Presidente Vargas, meu ber\u00e7o, minha raiz, parte da minha hist\u00f3ria. Aqui aprendi que o samba \u00e9 mais do que dan\u00e7a, \u00e9 identidade, \u00e9 resist\u00eancia e muito amor. Esse ch\u00e3o que me viu nascer hoje me viu honrar minhas ra\u00edzes. Tenho muito orgulho de dizer que sou parte dessa hist\u00f3ria\u201d, contou Isabelle em um v\u00eddeo divulgado pela Escala de Samba.<br>Em mar\u00e7o deste ano, Isabelle Nogueira estreou como musa da Acad\u00eamicos do Grande Rio, no desfile das agremia\u00e7\u00f5es do Rio de Janeiro, com uma fantasia que homenageava Jurema, figura m\u00edtica amazonense.<\/p>\n\n\n\n<figure class=\"wp-block-image size-large is-resized\"><img loading=\"lazy\" decoding=\"async\" width=\"1024\" height=\"576\" src=\"https:\/\/portalararasdenoticias.com.br\/wp-content\/uploads\/2026\/02\/isabelle-nogueira-1024x576.jpg\" alt=\"\" class=\"wp-image-7443\" style=\"width:452px;height:auto\" srcset=\"https:\/\/portalararasdenoticias.com.br\/wp-content\/uploads\/2026\/02\/isabelle-nogueira-1024x576.jpg 1024w, https:\/\/portalararasdenoticias.com.br\/wp-content\/uploads\/2026\/02\/isabelle-nogueira-300x169.jpg 300w, https:\/\/portalararasdenoticias.com.br\/wp-content\/uploads\/2026\/02\/isabelle-nogueira-768x432.jpg 768w, https:\/\/portalararasdenoticias.com.br\/wp-content\/uploads\/2026\/02\/isabelle-nogueira-1536x864.jpg 1536w, https:\/\/portalararasdenoticias.com.br\/wp-content\/uploads\/2026\/02\/isabelle-nogueira.jpg 1920w\" sizes=\"auto, (max-width: 1024px) 100vw, 1024px\" \/><\/figure>\n\n\n\n<figure class=\"wp-block-image size-full\"><img loading=\"lazy\" decoding=\"async\" width=\"615\" height=\"461\" src=\"https:\/\/portalararasdenoticias.com.br\/wp-content\/uploads\/2026\/02\/Isabelle-Nogueira-perde-a-paciencia-e-nega-estar-se-relacionando-com-empresario-615x461-1.jpg\" alt=\"\" class=\"wp-image-7444\" srcset=\"https:\/\/portalararasdenoticias.com.br\/wp-content\/uploads\/2026\/02\/Isabelle-Nogueira-perde-a-paciencia-e-nega-estar-se-relacionando-com-empresario-615x461-1.jpg 615w, https:\/\/portalararasdenoticias.com.br\/wp-content\/uploads\/2026\/02\/Isabelle-Nogueira-perde-a-paciencia-e-nega-estar-se-relacionando-com-empresario-615x461-1-300x225.jpg 300w\" sizes=\"auto, (max-width: 615px) 100vw, 615px\" \/><\/figure>\n","protected":false},"excerpt":{"rendered":"<p>A escola ir\u00e1 retornar para o Grupo Especial com o t\u00edtulo tamb\u00e9m revelado no post: \u201cCom Uma Flecha e Um Sonho: Isabelle Nogueira, a For\u00e7a da Mulher Amaz\u00f4nica\u201dA Escola de Samba Presidente Vargas, de Manaus, escolheu a ex-BBB e influenciadora amazonense Isabelle Nogueira como enredo para o Carnaval de 2026. O an\u00fancio da homenagem foi [&hellip;]<\/p>\n","protected":false},"author":5,"featured_media":7442,"comment_status":"open","ping_status":"open","sticky":false,"template":"","format":"standard","meta":{"footnotes":""},"categories":[1015,864],"tags":[],"class_list":["post-7441","post","type-post","status-publish","format-standard","has-post-thumbnail","hentry","category-isabelle-nogueira-sera-enredo-de-escola-de-samba-em-manaus-no-carnaval-de-2026","category-manaus"],"yoast_head":"<!-- This site is optimized with the Yoast SEO plugin v27.0 - https:\/\/yoast.com\/product\/yoast-seo-wordpress\/ -->\n<title>Isabelle Nogueira ser\u00e1 enredo de escola de samba em Manaus no Carnaval de 2026 - Portal Araras de Not\u00edcias<\/title>\n<meta name=\"robots\" content=\"index, follow, max-snippet:-1, max-image-preview:large, max-video-preview:-1\" \/>\n<link rel=\"canonical\" href=\"https:\/\/portalararasdenoticias.com.br\/?p=7441\" \/>\n<meta property=\"og:locale\" content=\"pt_BR\" \/>\n<meta property=\"og:type\" content=\"article\" \/>\n<meta property=\"og:title\" content=\"Isabelle Nogueira ser\u00e1 enredo de escola de samba em Manaus no Carnaval de 2026 - Portal Araras de Not\u00edcias\" \/>\n<meta property=\"og:description\" content=\"A escola ir\u00e1 retornar para o Grupo Especial com o t\u00edtulo tamb\u00e9m revelado no post: \u201cCom Uma Flecha e Um Sonho: Isabelle Nogueira, a For\u00e7a da Mulher Amaz\u00f4nica\u201dA Escola de Samba Presidente Vargas, de Manaus, escolheu a ex-BBB e influenciadora amazonense Isabelle Nogueira como enredo para o Carnaval de 2026. O an\u00fancio da homenagem foi [&hellip;]\" \/>\n<meta property=\"og:url\" content=\"https:\/\/portalararasdenoticias.com.br\/?p=7441\" \/>\n<meta property=\"og:site_name\" content=\"Portal Araras de Not\u00edcias\" \/>\n<meta property=\"article:published_time\" content=\"2026-02-05T03:01:49+00:00\" \/>\n<meta property=\"og:image\" content=\"https:\/\/portalararasdenoticias.com.br\/wp-content\/uploads\/2026\/02\/Isabelle-Nogueira.webp\" \/>\n\t<meta property=\"og:image:width\" content=\"1600\" \/>\n\t<meta property=\"og:image:height\" content=\"899\" \/>\n\t<meta property=\"og:image:type\" content=\"image\/webp\" \/>\n<meta name=\"author\" content=\"Portal Araras de Noticias\" \/>\n<meta name=\"twitter:card\" content=\"summary_large_image\" \/>\n<meta name=\"twitter:label1\" content=\"Escrito por\" \/>\n\t<meta name=\"twitter:data1\" content=\"Portal Araras de Noticias\" \/>\n\t<meta name=\"twitter:label2\" content=\"Est. tempo de leitura\" \/>\n\t<meta name=\"twitter:data2\" content=\"2 minutos\" \/>\n<script type=\"application\/ld+json\" class=\"yoast-schema-graph\">{\"@context\":\"https:\/\/schema.org\",\"@graph\":[{\"@type\":\"Article\",\"@id\":\"https:\/\/portalararasdenoticias.com.br\/?p=7441#article\",\"isPartOf\":{\"@id\":\"https:\/\/portalararasdenoticias.com.br\/?p=7441\"},\"author\":{\"name\":\"Portal Araras de Noticias\",\"@id\":\"https:\/\/portalararasdenoticias.com.br\/#\/schema\/person\/a6190507efe29dea1049d60d05ed5c0a\"},\"headline\":\"Isabelle Nogueira ser\u00e1 enredo de escola de samba em Manaus no Carnaval de 2026\",\"datePublished\":\"2026-02-05T03:01:49+00:00\",\"mainEntityOfPage\":{\"@id\":\"https:\/\/portalararasdenoticias.com.br\/?p=7441\"},\"wordCount\":445,\"commentCount\":0,\"image\":{\"@id\":\"https:\/\/portalararasdenoticias.com.br\/?p=7441#primaryimage\"},\"thumbnailUrl\":\"https:\/\/portalararasdenoticias.com.br\/wp-content\/uploads\/2026\/02\/Isabelle-Nogueira.webp\",\"articleSection\":[\"Isabelle Nogueira ser\u00e1 enredo de escola de samba em Manaus no Carnaval de 2026\",\"Manaus\"],\"inLanguage\":\"pt-BR\",\"potentialAction\":[{\"@type\":\"CommentAction\",\"name\":\"Comment\",\"target\":[\"https:\/\/portalararasdenoticias.com.br\/?p=7441#respond\"]}]},{\"@type\":\"WebPage\",\"@id\":\"https:\/\/portalararasdenoticias.com.br\/?p=7441\",\"url\":\"https:\/\/portalararasdenoticias.com.br\/?p=7441\",\"name\":\"Isabelle Nogueira ser\u00e1 enredo de escola de samba em Manaus no Carnaval de 2026 - Portal Araras de Not\u00edcias\",\"isPartOf\":{\"@id\":\"https:\/\/portalararasdenoticias.com.br\/#website\"},\"primaryImageOfPage\":{\"@id\":\"https:\/\/portalararasdenoticias.com.br\/?p=7441#primaryimage\"},\"image\":{\"@id\":\"https:\/\/portalararasdenoticias.com.br\/?p=7441#primaryimage\"},\"thumbnailUrl\":\"https:\/\/portalararasdenoticias.com.br\/wp-content\/uploads\/2026\/02\/Isabelle-Nogueira.webp\",\"datePublished\":\"2026-02-05T03:01:49+00:00\",\"author\":{\"@id\":\"https:\/\/portalararasdenoticias.com.br\/#\/schema\/person\/a6190507efe29dea1049d60d05ed5c0a\"},\"breadcrumb\":{\"@id\":\"https:\/\/portalararasdenoticias.com.br\/?p=7441#breadcrumb\"},\"inLanguage\":\"pt-BR\",\"potentialAction\":[{\"@type\":\"ReadAction\",\"target\":[\"https:\/\/portalararasdenoticias.com.br\/?p=7441\"]}]},{\"@type\":\"ImageObject\",\"inLanguage\":\"pt-BR\",\"@id\":\"https:\/\/portalararasdenoticias.com.br\/?p=7441#primaryimage\",\"url\":\"https:\/\/portalararasdenoticias.com.br\/wp-content\/uploads\/2026\/02\/Isabelle-Nogueira.webp\",\"contentUrl\":\"https:\/\/portalararasdenoticias.com.br\/wp-content\/uploads\/2026\/02\/Isabelle-Nogueira.webp\",\"width\":1600,\"height\":899},{\"@type\":\"BreadcrumbList\",\"@id\":\"https:\/\/portalararasdenoticias.com.br\/?p=7441#breadcrumb\",\"itemListElement\":[{\"@type\":\"ListItem\",\"position\":1,\"name\":\"In\u00edcio\",\"item\":\"https:\/\/portalararasdenoticias.com.br\/\"},{\"@type\":\"ListItem\",\"position\":2,\"name\":\"Isabelle Nogueira ser\u00e1 enredo de escola de samba em Manaus no Carnaval de 2026\"}]},{\"@type\":\"WebSite\",\"@id\":\"https:\/\/portalararasdenoticias.com.br\/#website\",\"url\":\"https:\/\/portalararasdenoticias.com.br\/\",\"name\":\"Portal Araras de Not\u00edcias\",\"description\":\"O Seu Portal de Not\u00edcias\",\"potentialAction\":[{\"@type\":\"SearchAction\",\"target\":{\"@type\":\"EntryPoint\",\"urlTemplate\":\"https:\/\/portalararasdenoticias.com.br\/?s={search_term_string}\"},\"query-input\":{\"@type\":\"PropertyValueSpecification\",\"valueRequired\":true,\"valueName\":\"search_term_string\"}}],\"inLanguage\":\"pt-BR\"},{\"@type\":\"Person\",\"@id\":\"https:\/\/portalararasdenoticias.com.br\/#\/schema\/person\/a6190507efe29dea1049d60d05ed5c0a\",\"name\":\"Portal Araras de Noticias\",\"image\":{\"@type\":\"ImageObject\",\"inLanguage\":\"pt-BR\",\"@id\":\"https:\/\/portalararasdenoticias.com.br\/#\/schema\/person\/image\/\",\"url\":\"https:\/\/secure.gravatar.com\/avatar\/4df7c42bc08e78bc9b6e13086fafc161bdf01220657cd93de3d828ab6c60d469?s=96&d=mm&r=g\",\"contentUrl\":\"https:\/\/secure.gravatar.com\/avatar\/4df7c42bc08e78bc9b6e13086fafc161bdf01220657cd93de3d828ab6c60d469?s=96&d=mm&r=g\",\"caption\":\"Portal Araras de Noticias\"},\"sameAs\":[\"https:\/\/portalararasdenoticias.com.br\/\"],\"url\":\"https:\/\/portalararasdenoticias.com.br\/?author=5\"}]}<\/script>\n<!-- \/ Yoast SEO plugin. -->","yoast_head_json":{"title":"Isabelle Nogueira ser\u00e1 enredo de escola de samba em Manaus no Carnaval de 2026 - Portal Araras de Not\u00edcias","robots":{"index":"index","follow":"follow","max-snippet":"max-snippet:-1","max-image-preview":"max-image-preview:large","max-video-preview":"max-video-preview:-1"},"canonical":"https:\/\/portalararasdenoticias.com.br\/?p=7441","og_locale":"pt_BR","og_type":"article","og_title":"Isabelle Nogueira ser\u00e1 enredo de escola de samba em Manaus no Carnaval de 2026 - Portal Araras de Not\u00edcias","og_description":"A escola ir\u00e1 retornar para o Grupo Especial com o t\u00edtulo tamb\u00e9m revelado no post: \u201cCom Uma Flecha e Um Sonho: Isabelle Nogueira, a For\u00e7a da Mulher Amaz\u00f4nica\u201dA Escola de Samba Presidente Vargas, de Manaus, escolheu a ex-BBB e influenciadora amazonense Isabelle Nogueira como enredo para o Carnaval de 2026. O an\u00fancio da homenagem foi [&hellip;]","og_url":"https:\/\/portalararasdenoticias.com.br\/?p=7441","og_site_name":"Portal Araras de Not\u00edcias","article_published_time":"2026-02-05T03:01:49+00:00","og_image":[{"width":1600,"height":899,"url":"https:\/\/portalararasdenoticias.com.br\/wp-content\/uploads\/2026\/02\/Isabelle-Nogueira.webp","type":"image\/webp"}],"author":"Portal Araras de Noticias","twitter_card":"summary_large_image","twitter_misc":{"Escrito por":"Portal Araras de Noticias","Est. tempo de leitura":"2 minutos"},"schema":{"@context":"https:\/\/schema.org","@graph":[{"@type":"Article","@id":"https:\/\/portalararasdenoticias.com.br\/?p=7441#article","isPartOf":{"@id":"https:\/\/portalararasdenoticias.com.br\/?p=7441"},"author":{"name":"Portal Araras de Noticias","@id":"https:\/\/portalararasdenoticias.com.br\/#\/schema\/person\/a6190507efe29dea1049d60d05ed5c0a"},"headline":"Isabelle Nogueira ser\u00e1 enredo de escola de samba em Manaus no Carnaval de 2026","datePublished":"2026-02-05T03:01:49+00:00","mainEntityOfPage":{"@id":"https:\/\/portalararasdenoticias.com.br\/?p=7441"},"wordCount":445,"commentCount":0,"image":{"@id":"https:\/\/portalararasdenoticias.com.br\/?p=7441#primaryimage"},"thumbnailUrl":"https:\/\/portalararasdenoticias.com.br\/wp-content\/uploads\/2026\/02\/Isabelle-Nogueira.webp","articleSection":["Isabelle Nogueira ser\u00e1 enredo de escola de samba em Manaus no Carnaval de 2026","Manaus"],"inLanguage":"pt-BR","potentialAction":[{"@type":"CommentAction","name":"Comment","target":["https:\/\/portalararasdenoticias.com.br\/?p=7441#respond"]}]},{"@type":"WebPage","@id":"https:\/\/portalararasdenoticias.com.br\/?p=7441","url":"https:\/\/portalararasdenoticias.com.br\/?p=7441","name":"Isabelle Nogueira ser\u00e1 enredo de escola de samba em Manaus no Carnaval de 2026 - Portal Araras de Not\u00edcias","isPartOf":{"@id":"https:\/\/portalararasdenoticias.com.br\/#website"},"primaryImageOfPage":{"@id":"https:\/\/portalararasdenoticias.com.br\/?p=7441#primaryimage"},"image":{"@id":"https:\/\/portalararasdenoticias.com.br\/?p=7441#primaryimage"},"thumbnailUrl":"https:\/\/portalararasdenoticias.com.br\/wp-content\/uploads\/2026\/02\/Isabelle-Nogueira.webp","datePublished":"2026-02-05T03:01:49+00:00","author":{"@id":"https:\/\/portalararasdenoticias.com.br\/#\/schema\/person\/a6190507efe29dea1049d60d05ed5c0a"},"breadcrumb":{"@id":"https:\/\/portalararasdenoticias.com.br\/?p=7441#breadcrumb"},"inLanguage":"pt-BR","potentialAction":[{"@type":"ReadAction","target":["https:\/\/portalararasdenoticias.com.br\/?p=7441"]}]},{"@type":"ImageObject","inLanguage":"pt-BR","@id":"https:\/\/portalararasdenoticias.com.br\/?p=7441#primaryimage","url":"https:\/\/portalararasdenoticias.com.br\/wp-content\/uploads\/2026\/02\/Isabelle-Nogueira.webp","contentUrl":"https:\/\/portalararasdenoticias.com.br\/wp-content\/uploads\/2026\/02\/Isabelle-Nogueira.webp","width":1600,"height":899},{"@type":"BreadcrumbList","@id":"https:\/\/portalararasdenoticias.com.br\/?p=7441#breadcrumb","itemListElement":[{"@type":"ListItem","position":1,"name":"In\u00edcio","item":"https:\/\/portalararasdenoticias.com.br\/"},{"@type":"ListItem","position":2,"name":"Isabelle Nogueira ser\u00e1 enredo de escola de samba em Manaus no Carnaval de 2026"}]},{"@type":"WebSite","@id":"https:\/\/portalararasdenoticias.com.br\/#website","url":"https:\/\/portalararasdenoticias.com.br\/","name":"Portal Araras de Not\u00edcias","description":"O Seu Portal de Not\u00edcias","potentialAction":[{"@type":"SearchAction","target":{"@type":"EntryPoint","urlTemplate":"https:\/\/portalararasdenoticias.com.br\/?s={search_term_string}"},"query-input":{"@type":"PropertyValueSpecification","valueRequired":true,"valueName":"search_term_string"}}],"inLanguage":"pt-BR"},{"@type":"Person","@id":"https:\/\/portalararasdenoticias.com.br\/#\/schema\/person\/a6190507efe29dea1049d60d05ed5c0a","name":"Portal Araras de Noticias","image":{"@type":"ImageObject","inLanguage":"pt-BR","@id":"https:\/\/portalararasdenoticias.com.br\/#\/schema\/person\/image\/","url":"https:\/\/secure.gravatar.com\/avatar\/4df7c42bc08e78bc9b6e13086fafc161bdf01220657cd93de3d828ab6c60d469?s=96&d=mm&r=g","contentUrl":"https:\/\/secure.gravatar.com\/avatar\/4df7c42bc08e78bc9b6e13086fafc161bdf01220657cd93de3d828ab6c60d469?s=96&d=mm&r=g","caption":"Portal Araras de Noticias"},"sameAs":["https:\/\/portalararasdenoticias.com.br\/"],"url":"https:\/\/portalararasdenoticias.com.br\/?author=5"}]}},"_links":{"self":[{"href":"https:\/\/portalararasdenoticias.com.br\/index.php?rest_route=\/wp\/v2\/posts\/7441","targetHints":{"allow":["GET"]}}],"collection":[{"href":"https:\/\/portalararasdenoticias.com.br\/index.php?rest_route=\/wp\/v2\/posts"}],"about":[{"href":"https:\/\/portalararasdenoticias.com.br\/index.php?rest_route=\/wp\/v2\/types\/post"}],"author":[{"embeddable":true,"href":"https:\/\/portalararasdenoticias.com.br\/index.php?rest_route=\/wp\/v2\/users\/5"}],"replies":[{"embeddable":true,"href":"https:\/\/portalararasdenoticias.com.br\/index.php?rest_route=%2Fwp%2Fv2%2Fcomments&post=7441"}],"version-history":[{"count":1,"href":"https:\/\/portalararasdenoticias.com.br\/index.php?rest_route=\/wp\/v2\/posts\/7441\/revisions"}],"predecessor-version":[{"id":7445,"href":"https:\/\/portalararasdenoticias.com.br\/index.php?rest_route=\/wp\/v2\/posts\/7441\/revisions\/7445"}],"wp:featuredmedia":[{"embeddable":true,"href":"https:\/\/portalararasdenoticias.com.br\/index.php?rest_route=\/wp\/v2\/media\/7442"}],"wp:attachment":[{"href":"https:\/\/portalararasdenoticias.com.br\/index.php?rest_route=%2Fwp%2Fv2%2Fmedia&parent=7441"}],"wp:term":[{"taxonomy":"category","embeddable":true,"href":"https:\/\/portalararasdenoticias.com.br\/index.php?rest_route=%2Fwp%2Fv2%2Fcategories&post=7441"},{"taxonomy":"post_tag","embeddable":true,"href":"https:\/\/portalararasdenoticias.com.br\/index.php?rest_route=%2Fwp%2Fv2%2Ftags&post=7441"}],"curies":[{"name":"wp","href":"https:\/\/api.w.org\/{rel}","templated":true}]}}