{"id":756,"date":"2019-07-19T13:25:03","date_gmt":"2019-07-19T16:25:03","guid":{"rendered":"http:\/\/portalararasdenoticias.com.br\/?p=756"},"modified":"2019-07-19T13:42:03","modified_gmt":"2019-07-19T16:42:03","slug":"bebida-direcao-e-morte-raquel-tinha-22-anos-e-deixa-filho-de-2-anos","status":"publish","type":"post","link":"https:\/\/portalararasdenoticias.com.br\/?p=756","title":{"rendered":"BEBIDA, DIRE\u00c7\u00c3O E MORTE: RAQUEL TINHA 22 ANOS E DEIXA FILHO DE 2 ANOS"},"content":{"rendered":"\n<figure class=\"wp-block-image\"><img loading=\"lazy\" decoding=\"async\" width=\"703\" height=\"397\" src=\"http:\/\/portalararasdenoticias.com.br\/wp-content\/uploads\/2019\/07\/67278890_2791790107503765_5042186340150542336_n.jpg\" alt=\"\" class=\"wp-image-757\" srcset=\"https:\/\/portalararasdenoticias.com.br\/wp-content\/uploads\/2019\/07\/67278890_2791790107503765_5042186340150542336_n.jpg 703w, https:\/\/portalararasdenoticias.com.br\/wp-content\/uploads\/2019\/07\/67278890_2791790107503765_5042186340150542336_n-300x169.jpg 300w\" sizes=\"auto, (max-width: 703px) 100vw, 703px\" \/><\/figure>\n\n\n\n<p>Raquel\nLamego, de apenas 22 anos, \u00e9 mais nova v\u00edtima da triste combina\u00e7\u00e3o entre \u00e1lcool\ne dire\u00e7\u00e3o em Manaus. Ela deixou um filho de apenas dois anos. Estava no\nMini-Cooper que bateu em alta velocidade por volta das 5h30 da manh\u00e3, na frente\nda Funda\u00e7\u00e3o Allan Kardec. Dentro do carro, al\u00e9m do corpo da mo\u00e7a, a pol\u00edcia\nafirma que encontrou v\u00e1rias garrafas de cerveja. At\u00e9 quando vamos continuar\nfazendo o que todo&nbsp;mundo\nsabe que est\u00e1 errado? Beber e dirigir, n\u00e3o d\u00e1!!<\/p>\n\n\n\n<p>L\u00c1GRIMAS<\/p>\n\n\n\n<p>Nas\nredes sociais os amigos da jovem j\u00e1 lamentam a morte dela. \u201cN\u00e3o acredito, diz\nque n\u00e3o \u00e9 verdade\u201d, chora uma amiga no Face. O que dizer para o filho, de\napenas 2 anos? Ao todo foram quatro v\u00edtimas. Um casal que estava na parte de\ntr\u00e1s foi jogado para fora. Precisa disso para ser feliz? Tr\u00eas pessoas est\u00e3o no\n28 de Agosto, e, agora, centenas, est\u00e3o em choque, em luto, por uma\nirresponsabilidade que poderia ser evitada.<\/p>\n\n\n\n<p>FICA A\nLI\u00c7\u00c3O<\/p>\n\n\n\n<p>S\u00f3\nresta mostrar as imagens, lamentar a morte e torcer para que as pessoas coloquem\na m\u00e3o na consci\u00eancia. Raquel est\u00e1 agora no IML, de onde sair\u00e1 para ser\nsepultada. A vida dela n\u00e3o voltar\u00e1 jamais, por\u00e9m, para quem est\u00e1 vivo e gosta\nde beber, h\u00e1 uma s\u00e9rie de sa\u00eddas. Os aplicativos de corrida est\u00e3o a\u00ed, 24 horas\npor dia. N\u00e3o h\u00e1 necessidade de dirigir b\u00eabado. Que a fam\u00edlia de Raquel tenha\nfor\u00e7as neste momento.<\/p>\n\n\n\n<figure class=\"wp-block-image\"><img loading=\"lazy\" decoding=\"async\" width=\"640\" height=\"426\" src=\"http:\/\/portalararasdenoticias.com.br\/wp-content\/uploads\/2019\/07\/Aciente-de-tr\u00e2nsito-morte-Foto-Divulga\u00e7\u00e3o.jpg\" alt=\"\" class=\"wp-image-759\" srcset=\"https:\/\/portalararasdenoticias.com.br\/wp-content\/uploads\/2019\/07\/Aciente-de-tr\u00e2nsito-morte-Foto-Divulga\u00e7\u00e3o.jpg 640w, https:\/\/portalararasdenoticias.com.br\/wp-content\/uploads\/2019\/07\/Aciente-de-tr\u00e2nsito-morte-Foto-Divulga\u00e7\u00e3o-300x200.jpg 300w\" sizes=\"auto, (max-width: 640px) 100vw, 640px\" \/><\/figure>\n","protected":false},"excerpt":{"rendered":"<p>Raquel Lamego, de apenas 22 anos, \u00e9 mais nova v\u00edtima da triste combina\u00e7\u00e3o entre \u00e1lcool e dire\u00e7\u00e3o em Manaus. Ela deixou um filho de apenas dois anos. Estava no Mini-Cooper que bateu em alta velocidade por volta das 5h30 da manh\u00e3, na frente da Funda\u00e7\u00e3o Allan Kardec. Dentro do carro, al\u00e9m do corpo da mo\u00e7a, [&hellip;]<\/p>\n","protected":false},"author":5,"featured_media":757,"comment_status":"open","ping_status":"open","sticky":true,"template":"","format":"standard","meta":{"footnotes":""},"categories":[34],"tags":[],"class_list":["post-756","post","type-post","status-publish","format-standard","has-post-thumbnail","hentry","category-jornalismo"],"yoast_head":"<!-- This site is optimized with the Yoast SEO plugin v27.0 - https:\/\/yoast.com\/product\/yoast-seo-wordpress\/ -->\n<title>BEBIDA, DIRE\u00c7\u00c3O E MORTE: RAQUEL TINHA 22 ANOS E DEIXA FILHO DE 2 ANOS - Portal Araras de Not\u00edcias<\/title>\n<meta name=\"robots\" content=\"index, follow, max-snippet:-1, max-image-preview:large, max-video-preview:-1\" \/>\n<link rel=\"canonical\" href=\"https:\/\/portalararasdenoticias.com.br\/?p=756\" \/>\n<meta property=\"og:locale\" content=\"pt_BR\" \/>\n<meta property=\"og:type\" content=\"article\" \/>\n<meta property=\"og:title\" content=\"BEBIDA, DIRE\u00c7\u00c3O E MORTE: RAQUEL TINHA 22 ANOS E DEIXA FILHO DE 2 ANOS - Portal Araras de Not\u00edcias\" \/>\n<meta property=\"og:description\" content=\"Raquel Lamego, de apenas 22 anos, \u00e9 mais nova v\u00edtima da triste combina\u00e7\u00e3o entre \u00e1lcool e dire\u00e7\u00e3o em Manaus. Ela deixou um filho de apenas dois anos. Estava no Mini-Cooper que bateu em alta velocidade por volta das 5h30 da manh\u00e3, na frente da Funda\u00e7\u00e3o Allan Kardec. Dentro do carro, al\u00e9m do corpo da mo\u00e7a, [&hellip;]\" \/>\n<meta property=\"og:url\" content=\"https:\/\/portalararasdenoticias.com.br\/?p=756\" \/>\n<meta property=\"og:site_name\" content=\"Portal Araras de Not\u00edcias\" \/>\n<meta property=\"article:published_time\" content=\"2019-07-19T16:25:03+00:00\" \/>\n<meta property=\"article:modified_time\" content=\"2019-07-19T16:42:03+00:00\" \/>\n<meta property=\"og:image\" content=\"https:\/\/portalararasdenoticias.com.br\/wp-content\/uploads\/2019\/07\/67278890_2791790107503765_5042186340150542336_n.jpg\" \/>\n\t<meta property=\"og:image:width\" content=\"703\" \/>\n\t<meta property=\"og:image:height\" content=\"397\" \/>\n\t<meta property=\"og:image:type\" content=\"image\/jpeg\" \/>\n<meta name=\"author\" content=\"Portal Araras de Noticias\" \/>\n<meta name=\"twitter:card\" content=\"summary_large_image\" \/>\n<meta name=\"twitter:label1\" content=\"Escrito por\" \/>\n\t<meta name=\"twitter:data1\" content=\"Portal Araras de Noticias\" \/>\n\t<meta name=\"twitter:label2\" content=\"Est. tempo de leitura\" \/>\n\t<meta name=\"twitter:data2\" content=\"1 minuto\" \/>\n<script type=\"application\/ld+json\" class=\"yoast-schema-graph\">{\"@context\":\"https:\/\/schema.org\",\"@graph\":[{\"@type\":\"Article\",\"@id\":\"https:\/\/portalararasdenoticias.com.br\/?p=756#article\",\"isPartOf\":{\"@id\":\"https:\/\/portalararasdenoticias.com.br\/?p=756\"},\"author\":{\"name\":\"Portal Araras de Noticias\",\"@id\":\"https:\/\/portalararasdenoticias.com.br\/#\/schema\/person\/a6190507efe29dea1049d60d05ed5c0a\"},\"headline\":\"BEBIDA, DIRE\u00c7\u00c3O E MORTE: RAQUEL TINHA 22 ANOS E DEIXA FILHO DE 2 ANOS\",\"datePublished\":\"2019-07-19T16:25:03+00:00\",\"dateModified\":\"2019-07-19T16:42:03+00:00\",\"mainEntityOfPage\":{\"@id\":\"https:\/\/portalararasdenoticias.com.br\/?p=756\"},\"wordCount\":276,\"commentCount\":0,\"image\":{\"@id\":\"https:\/\/portalararasdenoticias.com.br\/?p=756#primaryimage\"},\"thumbnailUrl\":\"https:\/\/portalararasdenoticias.com.br\/wp-content\/uploads\/2019\/07\/67278890_2791790107503765_5042186340150542336_n.jpg\",\"articleSection\":[\"jornalismo\"],\"inLanguage\":\"pt-BR\",\"potentialAction\":[{\"@type\":\"CommentAction\",\"name\":\"Comment\",\"target\":[\"https:\/\/portalararasdenoticias.com.br\/?p=756#respond\"]}]},{\"@type\":\"WebPage\",\"@id\":\"https:\/\/portalararasdenoticias.com.br\/?p=756\",\"url\":\"https:\/\/portalararasdenoticias.com.br\/?p=756\",\"name\":\"BEBIDA, DIRE\u00c7\u00c3O E MORTE: RAQUEL TINHA 22 ANOS E DEIXA FILHO DE 2 ANOS - Portal Araras de Not\u00edcias\",\"isPartOf\":{\"@id\":\"https:\/\/portalararasdenoticias.com.br\/#website\"},\"primaryImageOfPage\":{\"@id\":\"https:\/\/portalararasdenoticias.com.br\/?p=756#primaryimage\"},\"image\":{\"@id\":\"https:\/\/portalararasdenoticias.com.br\/?p=756#primaryimage\"},\"thumbnailUrl\":\"https:\/\/portalararasdenoticias.com.br\/wp-content\/uploads\/2019\/07\/67278890_2791790107503765_5042186340150542336_n.jpg\",\"datePublished\":\"2019-07-19T16:25:03+00:00\",\"dateModified\":\"2019-07-19T16:42:03+00:00\",\"author\":{\"@id\":\"https:\/\/portalararasdenoticias.com.br\/#\/schema\/person\/a6190507efe29dea1049d60d05ed5c0a\"},\"breadcrumb\":{\"@id\":\"https:\/\/portalararasdenoticias.com.br\/?p=756#breadcrumb\"},\"inLanguage\":\"pt-BR\",\"potentialAction\":[{\"@type\":\"ReadAction\",\"target\":[\"https:\/\/portalararasdenoticias.com.br\/?p=756\"]}]},{\"@type\":\"ImageObject\",\"inLanguage\":\"pt-BR\",\"@id\":\"https:\/\/portalararasdenoticias.com.br\/?p=756#primaryimage\",\"url\":\"https:\/\/portalararasdenoticias.com.br\/wp-content\/uploads\/2019\/07\/67278890_2791790107503765_5042186340150542336_n.jpg\",\"contentUrl\":\"https:\/\/portalararasdenoticias.com.br\/wp-content\/uploads\/2019\/07\/67278890_2791790107503765_5042186340150542336_n.jpg\",\"width\":703,\"height\":397},{\"@type\":\"BreadcrumbList\",\"@id\":\"https:\/\/portalararasdenoticias.com.br\/?p=756#breadcrumb\",\"itemListElement\":[{\"@type\":\"ListItem\",\"position\":1,\"name\":\"In\u00edcio\",\"item\":\"https:\/\/portalararasdenoticias.com.br\/\"},{\"@type\":\"ListItem\",\"position\":2,\"name\":\"BEBIDA, DIRE\u00c7\u00c3O E MORTE: RAQUEL TINHA 22 ANOS E DEIXA FILHO DE 2 ANOS\"}]},{\"@type\":\"WebSite\",\"@id\":\"https:\/\/portalararasdenoticias.com.br\/#website\",\"url\":\"https:\/\/portalararasdenoticias.com.br\/\",\"name\":\"Portal Araras de Not\u00edcias\",\"description\":\"O Seu Portal de Not\u00edcias\",\"potentialAction\":[{\"@type\":\"SearchAction\",\"target\":{\"@type\":\"EntryPoint\",\"urlTemplate\":\"https:\/\/portalararasdenoticias.com.br\/?s={search_term_string}\"},\"query-input\":{\"@type\":\"PropertyValueSpecification\",\"valueRequired\":true,\"valueName\":\"search_term_string\"}}],\"inLanguage\":\"pt-BR\"},{\"@type\":\"Person\",\"@id\":\"https:\/\/portalararasdenoticias.com.br\/#\/schema\/person\/a6190507efe29dea1049d60d05ed5c0a\",\"name\":\"Portal Araras de Noticias\",\"image\":{\"@type\":\"ImageObject\",\"inLanguage\":\"pt-BR\",\"@id\":\"https:\/\/portalararasdenoticias.com.br\/#\/schema\/person\/image\/\",\"url\":\"https:\/\/secure.gravatar.com\/avatar\/4df7c42bc08e78bc9b6e13086fafc161bdf01220657cd93de3d828ab6c60d469?s=96&d=mm&r=g\",\"contentUrl\":\"https:\/\/secure.gravatar.com\/avatar\/4df7c42bc08e78bc9b6e13086fafc161bdf01220657cd93de3d828ab6c60d469?s=96&d=mm&r=g\",\"caption\":\"Portal Araras de Noticias\"},\"sameAs\":[\"https:\/\/portalararasdenoticias.com.br\/\"],\"url\":\"https:\/\/portalararasdenoticias.com.br\/?author=5\"}]}<\/script>\n<!-- \/ Yoast SEO plugin. -->","yoast_head_json":{"title":"BEBIDA, DIRE\u00c7\u00c3O E MORTE: RAQUEL TINHA 22 ANOS E DEIXA FILHO DE 2 ANOS - Portal Araras de Not\u00edcias","robots":{"index":"index","follow":"follow","max-snippet":"max-snippet:-1","max-image-preview":"max-image-preview:large","max-video-preview":"max-video-preview:-1"},"canonical":"https:\/\/portalararasdenoticias.com.br\/?p=756","og_locale":"pt_BR","og_type":"article","og_title":"BEBIDA, DIRE\u00c7\u00c3O E MORTE: RAQUEL TINHA 22 ANOS E DEIXA FILHO DE 2 ANOS - Portal Araras de Not\u00edcias","og_description":"Raquel Lamego, de apenas 22 anos, \u00e9 mais nova v\u00edtima da triste combina\u00e7\u00e3o entre \u00e1lcool e dire\u00e7\u00e3o em Manaus. Ela deixou um filho de apenas dois anos. Estava no Mini-Cooper que bateu em alta velocidade por volta das 5h30 da manh\u00e3, na frente da Funda\u00e7\u00e3o Allan Kardec. Dentro do carro, al\u00e9m do corpo da mo\u00e7a, [&hellip;]","og_url":"https:\/\/portalararasdenoticias.com.br\/?p=756","og_site_name":"Portal Araras de Not\u00edcias","article_published_time":"2019-07-19T16:25:03+00:00","article_modified_time":"2019-07-19T16:42:03+00:00","og_image":[{"width":703,"height":397,"url":"https:\/\/portalararasdenoticias.com.br\/wp-content\/uploads\/2019\/07\/67278890_2791790107503765_5042186340150542336_n.jpg","type":"image\/jpeg"}],"author":"Portal Araras de Noticias","twitter_card":"summary_large_image","twitter_misc":{"Escrito por":"Portal Araras de Noticias","Est. tempo de leitura":"1 minuto"},"schema":{"@context":"https:\/\/schema.org","@graph":[{"@type":"Article","@id":"https:\/\/portalararasdenoticias.com.br\/?p=756#article","isPartOf":{"@id":"https:\/\/portalararasdenoticias.com.br\/?p=756"},"author":{"name":"Portal Araras de Noticias","@id":"https:\/\/portalararasdenoticias.com.br\/#\/schema\/person\/a6190507efe29dea1049d60d05ed5c0a"},"headline":"BEBIDA, DIRE\u00c7\u00c3O E MORTE: RAQUEL TINHA 22 ANOS E DEIXA FILHO DE 2 ANOS","datePublished":"2019-07-19T16:25:03+00:00","dateModified":"2019-07-19T16:42:03+00:00","mainEntityOfPage":{"@id":"https:\/\/portalararasdenoticias.com.br\/?p=756"},"wordCount":276,"commentCount":0,"image":{"@id":"https:\/\/portalararasdenoticias.com.br\/?p=756#primaryimage"},"thumbnailUrl":"https:\/\/portalararasdenoticias.com.br\/wp-content\/uploads\/2019\/07\/67278890_2791790107503765_5042186340150542336_n.jpg","articleSection":["jornalismo"],"inLanguage":"pt-BR","potentialAction":[{"@type":"CommentAction","name":"Comment","target":["https:\/\/portalararasdenoticias.com.br\/?p=756#respond"]}]},{"@type":"WebPage","@id":"https:\/\/portalararasdenoticias.com.br\/?p=756","url":"https:\/\/portalararasdenoticias.com.br\/?p=756","name":"BEBIDA, DIRE\u00c7\u00c3O E MORTE: RAQUEL TINHA 22 ANOS E DEIXA FILHO DE 2 ANOS - Portal Araras de Not\u00edcias","isPartOf":{"@id":"https:\/\/portalararasdenoticias.com.br\/#website"},"primaryImageOfPage":{"@id":"https:\/\/portalararasdenoticias.com.br\/?p=756#primaryimage"},"image":{"@id":"https:\/\/portalararasdenoticias.com.br\/?p=756#primaryimage"},"thumbnailUrl":"https:\/\/portalararasdenoticias.com.br\/wp-content\/uploads\/2019\/07\/67278890_2791790107503765_5042186340150542336_n.jpg","datePublished":"2019-07-19T16:25:03+00:00","dateModified":"2019-07-19T16:42:03+00:00","author":{"@id":"https:\/\/portalararasdenoticias.com.br\/#\/schema\/person\/a6190507efe29dea1049d60d05ed5c0a"},"breadcrumb":{"@id":"https:\/\/portalararasdenoticias.com.br\/?p=756#breadcrumb"},"inLanguage":"pt-BR","potentialAction":[{"@type":"ReadAction","target":["https:\/\/portalararasdenoticias.com.br\/?p=756"]}]},{"@type":"ImageObject","inLanguage":"pt-BR","@id":"https:\/\/portalararasdenoticias.com.br\/?p=756#primaryimage","url":"https:\/\/portalararasdenoticias.com.br\/wp-content\/uploads\/2019\/07\/67278890_2791790107503765_5042186340150542336_n.jpg","contentUrl":"https:\/\/portalararasdenoticias.com.br\/wp-content\/uploads\/2019\/07\/67278890_2791790107503765_5042186340150542336_n.jpg","width":703,"height":397},{"@type":"BreadcrumbList","@id":"https:\/\/portalararasdenoticias.com.br\/?p=756#breadcrumb","itemListElement":[{"@type":"ListItem","position":1,"name":"In\u00edcio","item":"https:\/\/portalararasdenoticias.com.br\/"},{"@type":"ListItem","position":2,"name":"BEBIDA, DIRE\u00c7\u00c3O E MORTE: RAQUEL TINHA 22 ANOS E DEIXA FILHO DE 2 ANOS"}]},{"@type":"WebSite","@id":"https:\/\/portalararasdenoticias.com.br\/#website","url":"https:\/\/portalararasdenoticias.com.br\/","name":"Portal Araras de Not\u00edcias","description":"O Seu Portal de Not\u00edcias","potentialAction":[{"@type":"SearchAction","target":{"@type":"EntryPoint","urlTemplate":"https:\/\/portalararasdenoticias.com.br\/?s={search_term_string}"},"query-input":{"@type":"PropertyValueSpecification","valueRequired":true,"valueName":"search_term_string"}}],"inLanguage":"pt-BR"},{"@type":"Person","@id":"https:\/\/portalararasdenoticias.com.br\/#\/schema\/person\/a6190507efe29dea1049d60d05ed5c0a","name":"Portal Araras de Noticias","image":{"@type":"ImageObject","inLanguage":"pt-BR","@id":"https:\/\/portalararasdenoticias.com.br\/#\/schema\/person\/image\/","url":"https:\/\/secure.gravatar.com\/avatar\/4df7c42bc08e78bc9b6e13086fafc161bdf01220657cd93de3d828ab6c60d469?s=96&d=mm&r=g","contentUrl":"https:\/\/secure.gravatar.com\/avatar\/4df7c42bc08e78bc9b6e13086fafc161bdf01220657cd93de3d828ab6c60d469?s=96&d=mm&r=g","caption":"Portal Araras de Noticias"},"sameAs":["https:\/\/portalararasdenoticias.com.br\/"],"url":"https:\/\/portalararasdenoticias.com.br\/?author=5"}]}},"_links":{"self":[{"href":"https:\/\/portalararasdenoticias.com.br\/index.php?rest_route=\/wp\/v2\/posts\/756","targetHints":{"allow":["GET"]}}],"collection":[{"href":"https:\/\/portalararasdenoticias.com.br\/index.php?rest_route=\/wp\/v2\/posts"}],"about":[{"href":"https:\/\/portalararasdenoticias.com.br\/index.php?rest_route=\/wp\/v2\/types\/post"}],"author":[{"embeddable":true,"href":"https:\/\/portalararasdenoticias.com.br\/index.php?rest_route=\/wp\/v2\/users\/5"}],"replies":[{"embeddable":true,"href":"https:\/\/portalararasdenoticias.com.br\/index.php?rest_route=%2Fwp%2Fv2%2Fcomments&post=756"}],"version-history":[{"count":2,"href":"https:\/\/portalararasdenoticias.com.br\/index.php?rest_route=\/wp\/v2\/posts\/756\/revisions"}],"predecessor-version":[{"id":760,"href":"https:\/\/portalararasdenoticias.com.br\/index.php?rest_route=\/wp\/v2\/posts\/756\/revisions\/760"}],"wp:featuredmedia":[{"embeddable":true,"href":"https:\/\/portalararasdenoticias.com.br\/index.php?rest_route=\/wp\/v2\/media\/757"}],"wp:attachment":[{"href":"https:\/\/portalararasdenoticias.com.br\/index.php?rest_route=%2Fwp%2Fv2%2Fmedia&parent=756"}],"wp:term":[{"taxonomy":"category","embeddable":true,"href":"https:\/\/portalararasdenoticias.com.br\/index.php?rest_route=%2Fwp%2Fv2%2Fcategories&post=756"},{"taxonomy":"post_tag","embeddable":true,"href":"https:\/\/portalararasdenoticias.com.br\/index.php?rest_route=%2Fwp%2Fv2%2Ftags&post=756"}],"curies":[{"name":"wp","href":"https:\/\/api.w.org\/{rel}","templated":true}]}}