{"id":7855,"date":"2026-04-28T00:28:55","date_gmt":"2026-04-28T03:28:55","guid":{"rendered":"https:\/\/portalararasdenoticias.com.br\/?p=7855"},"modified":"2026-04-28T00:28:57","modified_gmt":"2026-04-28T03:28:57","slug":"agrifest-2026-ja-tem-data-marcada-de-30-de-abril-a-03-de-maio-kartodromo-de-manaus","status":"publish","type":"post","link":"https:\/\/portalararasdenoticias.com.br\/?p=7855","title":{"rendered":"AGRIFEST 2026 j\u00e1 tem data marcada. De 30 de abril a 03 de maio Kart\u00f3dromo de Manaus."},"content":{"rendered":"\n<h1 class=\"wp-block-heading\"><\/h1>\n\n\n\n<figure class=\"wp-block-image size-full is-resized\"><img loading=\"lazy\" decoding=\"async\" width=\"512\" height=\"640\" src=\"https:\/\/portalararasdenoticias.com.br\/wp-content\/uploads\/2026\/04\/657330997_18579183997009156_3185206990398118273_n.jpg\" alt=\"\" class=\"wp-image-7857\" style=\"aspect-ratio:0.7999951170682879;width:466px;height:auto\" srcset=\"https:\/\/portalararasdenoticias.com.br\/wp-content\/uploads\/2026\/04\/657330997_18579183997009156_3185206990398118273_n.jpg 512w, https:\/\/portalararasdenoticias.com.br\/wp-content\/uploads\/2026\/04\/657330997_18579183997009156_3185206990398118273_n-240x300.jpg 240w\" sizes=\"auto, (max-width: 512px) 100vw, 512px\" \/><\/figure>\n\n\n\n<p>Entre os dias 30 de abril e 03 de maio, a capital amazonense se transforma no palco de um dos eventos mais aguardados pelo setor prim\u00e1rio e pelo p\u00fablico amante da cultura sertaneja: a Agrifest 2026. Com o diferencial da entrada franca, a feira de agroneg\u00f3cio promete ocupar o Kart\u00f3dromo da Vila Ol\u00edmpica com uma estrutura robusta que une neg\u00f3cios, gastronomia e entretenimento.<br>O evento surge como uma vitrine para o produtor rural e para o empreendedorismo local. De acordo com a organiza\u00e7\u00e3o, a Agrifest n\u00e3o se limita apenas \u00e0 exposi\u00e7\u00e3o de animais e maquin\u00e1rios, mas foca no fortalecimento da economia regional atrav\u00e9s da Feira do Produtor e da Feira do Empreendedorismo.<br><em>Atra\u00e7\u00f5es para toda a fam\u00edlia<\/em><br>Para o p\u00fablico geral, o destaque fica por conta do Rodeio Show, Prova dos tr\u00eas tambores e dos shows musicais, que prometem movimentar as noites do evento.<\/p>\n","protected":false},"excerpt":{"rendered":"<p>Entre os dias 30 de abril e 03 de maio, a capital amazonense se transforma no palco de um dos eventos mais aguardados pelo setor prim\u00e1rio e pelo p\u00fablico amante da cultura sertaneja: a Agrifest 2026. Com o diferencial da entrada franca, a feira de agroneg\u00f3cio promete ocupar o Kart\u00f3dromo da Vila Ol\u00edmpica com uma [&hellip;]<\/p>\n","protected":false},"author":5,"featured_media":7856,"comment_status":"open","ping_status":"open","sticky":false,"template":"","format":"standard","meta":{"footnotes":""},"categories":[1082,864],"tags":[],"class_list":["post-7855","post","type-post","status-publish","format-standard","has-post-thumbnail","hentry","category-agrifest-2026-ja-tem-data-marcada-no-kartodromo-de-manaus","category-manaus"],"yoast_head":"<!-- This site is optimized with the Yoast SEO plugin v27.0 - https:\/\/yoast.com\/product\/yoast-seo-wordpress\/ -->\n<title>AGRIFEST 2026 j\u00e1 tem data marcada. De 30 de abril a 03 de maio Kart\u00f3dromo de Manaus. - Portal Araras de Not\u00edcias<\/title>\n<meta name=\"robots\" content=\"index, follow, max-snippet:-1, max-image-preview:large, max-video-preview:-1\" \/>\n<link rel=\"canonical\" href=\"https:\/\/portalararasdenoticias.com.br\/?p=7855\" \/>\n<meta property=\"og:locale\" content=\"pt_BR\" \/>\n<meta property=\"og:type\" content=\"article\" \/>\n<meta property=\"og:title\" content=\"AGRIFEST 2026 j\u00e1 tem data marcada. De 30 de abril a 03 de maio Kart\u00f3dromo de Manaus. - Portal Araras de Not\u00edcias\" \/>\n<meta property=\"og:description\" content=\"Entre os dias 30 de abril e 03 de maio, a capital amazonense se transforma no palco de um dos eventos mais aguardados pelo setor prim\u00e1rio e pelo p\u00fablico amante da cultura sertaneja: a Agrifest 2026. Com o diferencial da entrada franca, a feira de agroneg\u00f3cio promete ocupar o Kart\u00f3dromo da Vila Ol\u00edmpica com uma [&hellip;]\" \/>\n<meta property=\"og:url\" content=\"https:\/\/portalararasdenoticias.com.br\/?p=7855\" \/>\n<meta property=\"og:site_name\" content=\"Portal Araras de Not\u00edcias\" \/>\n<meta property=\"article:published_time\" content=\"2026-04-28T03:28:55+00:00\" \/>\n<meta property=\"article:modified_time\" content=\"2026-04-28T03:28:57+00:00\" \/>\n<meta property=\"og:image\" content=\"https:\/\/portalararasdenoticias.com.br\/wp-content\/uploads\/2026\/04\/670455746_18576438427009156_3243679419890039520_n.jpg\" \/>\n\t<meta property=\"og:image:width\" content=\"526\" \/>\n\t<meta property=\"og:image:height\" content=\"526\" \/>\n\t<meta property=\"og:image:type\" content=\"image\/jpeg\" \/>\n<meta name=\"author\" content=\"Portal Araras de Noticias\" \/>\n<meta name=\"twitter:card\" content=\"summary_large_image\" \/>\n<meta name=\"twitter:label1\" content=\"Escrito por\" \/>\n\t<meta name=\"twitter:data1\" content=\"Portal Araras de Noticias\" \/>\n\t<meta name=\"twitter:label2\" content=\"Est. tempo de leitura\" \/>\n\t<meta name=\"twitter:data2\" content=\"2 minutos\" \/>\n<script type=\"application\/ld+json\" class=\"yoast-schema-graph\">{\"@context\":\"https:\/\/schema.org\",\"@graph\":[{\"@type\":\"Article\",\"@id\":\"https:\/\/portalararasdenoticias.com.br\/?p=7855#article\",\"isPartOf\":{\"@id\":\"https:\/\/portalararasdenoticias.com.br\/?p=7855\"},\"author\":{\"name\":\"Portal Araras de Noticias\",\"@id\":\"https:\/\/portalararasdenoticias.com.br\/#\/schema\/person\/a6190507efe29dea1049d60d05ed5c0a\"},\"headline\":\"AGRIFEST 2026 j\u00e1 tem data marcada. De 30 de abril a 03 de maio Kart\u00f3dromo de Manaus.\",\"datePublished\":\"2026-04-28T03:28:55+00:00\",\"dateModified\":\"2026-04-28T03:28:57+00:00\",\"mainEntityOfPage\":{\"@id\":\"https:\/\/portalararasdenoticias.com.br\/?p=7855\"},\"wordCount\":170,\"commentCount\":0,\"image\":{\"@id\":\"https:\/\/portalararasdenoticias.com.br\/?p=7855#primaryimage\"},\"thumbnailUrl\":\"https:\/\/portalararasdenoticias.com.br\/wp-content\/uploads\/2026\/04\/670455746_18576438427009156_3243679419890039520_n.jpg\",\"articleSection\":[\"AGRIFEST 2026 j\u00e1 tem data marcada no Kart\u00f3dromo de Manaus\",\"Manaus\"],\"inLanguage\":\"pt-BR\",\"potentialAction\":[{\"@type\":\"CommentAction\",\"name\":\"Comment\",\"target\":[\"https:\/\/portalararasdenoticias.com.br\/?p=7855#respond\"]}]},{\"@type\":\"WebPage\",\"@id\":\"https:\/\/portalararasdenoticias.com.br\/?p=7855\",\"url\":\"https:\/\/portalararasdenoticias.com.br\/?p=7855\",\"name\":\"AGRIFEST 2026 j\u00e1 tem data marcada. De 30 de abril a 03 de maio Kart\u00f3dromo de Manaus. - Portal Araras de Not\u00edcias\",\"isPartOf\":{\"@id\":\"https:\/\/portalararasdenoticias.com.br\/#website\"},\"primaryImageOfPage\":{\"@id\":\"https:\/\/portalararasdenoticias.com.br\/?p=7855#primaryimage\"},\"image\":{\"@id\":\"https:\/\/portalararasdenoticias.com.br\/?p=7855#primaryimage\"},\"thumbnailUrl\":\"https:\/\/portalararasdenoticias.com.br\/wp-content\/uploads\/2026\/04\/670455746_18576438427009156_3243679419890039520_n.jpg\",\"datePublished\":\"2026-04-28T03:28:55+00:00\",\"dateModified\":\"2026-04-28T03:28:57+00:00\",\"author\":{\"@id\":\"https:\/\/portalararasdenoticias.com.br\/#\/schema\/person\/a6190507efe29dea1049d60d05ed5c0a\"},\"breadcrumb\":{\"@id\":\"https:\/\/portalararasdenoticias.com.br\/?p=7855#breadcrumb\"},\"inLanguage\":\"pt-BR\",\"potentialAction\":[{\"@type\":\"ReadAction\",\"target\":[\"https:\/\/portalararasdenoticias.com.br\/?p=7855\"]}]},{\"@type\":\"ImageObject\",\"inLanguage\":\"pt-BR\",\"@id\":\"https:\/\/portalararasdenoticias.com.br\/?p=7855#primaryimage\",\"url\":\"https:\/\/portalararasdenoticias.com.br\/wp-content\/uploads\/2026\/04\/670455746_18576438427009156_3243679419890039520_n.jpg\",\"contentUrl\":\"https:\/\/portalararasdenoticias.com.br\/wp-content\/uploads\/2026\/04\/670455746_18576438427009156_3243679419890039520_n.jpg\",\"width\":526,\"height\":526},{\"@type\":\"BreadcrumbList\",\"@id\":\"https:\/\/portalararasdenoticias.com.br\/?p=7855#breadcrumb\",\"itemListElement\":[{\"@type\":\"ListItem\",\"position\":1,\"name\":\"In\u00edcio\",\"item\":\"https:\/\/portalararasdenoticias.com.br\/\"},{\"@type\":\"ListItem\",\"position\":2,\"name\":\"AGRIFEST 2026 j\u00e1 tem data marcada. De 30 de abril a 03 de maio Kart\u00f3dromo de Manaus.\"}]},{\"@type\":\"WebSite\",\"@id\":\"https:\/\/portalararasdenoticias.com.br\/#website\",\"url\":\"https:\/\/portalararasdenoticias.com.br\/\",\"name\":\"Portal Araras de Not\u00edcias\",\"description\":\"O Seu Portal de Not\u00edcias\",\"potentialAction\":[{\"@type\":\"SearchAction\",\"target\":{\"@type\":\"EntryPoint\",\"urlTemplate\":\"https:\/\/portalararasdenoticias.com.br\/?s={search_term_string}\"},\"query-input\":{\"@type\":\"PropertyValueSpecification\",\"valueRequired\":true,\"valueName\":\"search_term_string\"}}],\"inLanguage\":\"pt-BR\"},{\"@type\":\"Person\",\"@id\":\"https:\/\/portalararasdenoticias.com.br\/#\/schema\/person\/a6190507efe29dea1049d60d05ed5c0a\",\"name\":\"Portal Araras de Noticias\",\"image\":{\"@type\":\"ImageObject\",\"inLanguage\":\"pt-BR\",\"@id\":\"https:\/\/portalararasdenoticias.com.br\/#\/schema\/person\/image\/\",\"url\":\"https:\/\/secure.gravatar.com\/avatar\/4df7c42bc08e78bc9b6e13086fafc161bdf01220657cd93de3d828ab6c60d469?s=96&d=mm&r=g\",\"contentUrl\":\"https:\/\/secure.gravatar.com\/avatar\/4df7c42bc08e78bc9b6e13086fafc161bdf01220657cd93de3d828ab6c60d469?s=96&d=mm&r=g\",\"caption\":\"Portal Araras de Noticias\"},\"sameAs\":[\"https:\/\/portalararasdenoticias.com.br\/\"],\"url\":\"https:\/\/portalararasdenoticias.com.br\/?author=5\"}]}<\/script>\n<!-- \/ Yoast SEO plugin. -->","yoast_head_json":{"title":"AGRIFEST 2026 j\u00e1 tem data marcada. De 30 de abril a 03 de maio Kart\u00f3dromo de Manaus. - Portal Araras de Not\u00edcias","robots":{"index":"index","follow":"follow","max-snippet":"max-snippet:-1","max-image-preview":"max-image-preview:large","max-video-preview":"max-video-preview:-1"},"canonical":"https:\/\/portalararasdenoticias.com.br\/?p=7855","og_locale":"pt_BR","og_type":"article","og_title":"AGRIFEST 2026 j\u00e1 tem data marcada. De 30 de abril a 03 de maio Kart\u00f3dromo de Manaus. - Portal Araras de Not\u00edcias","og_description":"Entre os dias 30 de abril e 03 de maio, a capital amazonense se transforma no palco de um dos eventos mais aguardados pelo setor prim\u00e1rio e pelo p\u00fablico amante da cultura sertaneja: a Agrifest 2026. Com o diferencial da entrada franca, a feira de agroneg\u00f3cio promete ocupar o Kart\u00f3dromo da Vila Ol\u00edmpica com uma [&hellip;]","og_url":"https:\/\/portalararasdenoticias.com.br\/?p=7855","og_site_name":"Portal Araras de Not\u00edcias","article_published_time":"2026-04-28T03:28:55+00:00","article_modified_time":"2026-04-28T03:28:57+00:00","og_image":[{"width":526,"height":526,"url":"https:\/\/portalararasdenoticias.com.br\/wp-content\/uploads\/2026\/04\/670455746_18576438427009156_3243679419890039520_n.jpg","type":"image\/jpeg"}],"author":"Portal Araras de Noticias","twitter_card":"summary_large_image","twitter_misc":{"Escrito por":"Portal Araras de Noticias","Est. tempo de leitura":"2 minutos"},"schema":{"@context":"https:\/\/schema.org","@graph":[{"@type":"Article","@id":"https:\/\/portalararasdenoticias.com.br\/?p=7855#article","isPartOf":{"@id":"https:\/\/portalararasdenoticias.com.br\/?p=7855"},"author":{"name":"Portal Araras de Noticias","@id":"https:\/\/portalararasdenoticias.com.br\/#\/schema\/person\/a6190507efe29dea1049d60d05ed5c0a"},"headline":"AGRIFEST 2026 j\u00e1 tem data marcada. De 30 de abril a 03 de maio Kart\u00f3dromo de Manaus.","datePublished":"2026-04-28T03:28:55+00:00","dateModified":"2026-04-28T03:28:57+00:00","mainEntityOfPage":{"@id":"https:\/\/portalararasdenoticias.com.br\/?p=7855"},"wordCount":170,"commentCount":0,"image":{"@id":"https:\/\/portalararasdenoticias.com.br\/?p=7855#primaryimage"},"thumbnailUrl":"https:\/\/portalararasdenoticias.com.br\/wp-content\/uploads\/2026\/04\/670455746_18576438427009156_3243679419890039520_n.jpg","articleSection":["AGRIFEST 2026 j\u00e1 tem data marcada no Kart\u00f3dromo de Manaus","Manaus"],"inLanguage":"pt-BR","potentialAction":[{"@type":"CommentAction","name":"Comment","target":["https:\/\/portalararasdenoticias.com.br\/?p=7855#respond"]}]},{"@type":"WebPage","@id":"https:\/\/portalararasdenoticias.com.br\/?p=7855","url":"https:\/\/portalararasdenoticias.com.br\/?p=7855","name":"AGRIFEST 2026 j\u00e1 tem data marcada. De 30 de abril a 03 de maio Kart\u00f3dromo de Manaus. - Portal Araras de Not\u00edcias","isPartOf":{"@id":"https:\/\/portalararasdenoticias.com.br\/#website"},"primaryImageOfPage":{"@id":"https:\/\/portalararasdenoticias.com.br\/?p=7855#primaryimage"},"image":{"@id":"https:\/\/portalararasdenoticias.com.br\/?p=7855#primaryimage"},"thumbnailUrl":"https:\/\/portalararasdenoticias.com.br\/wp-content\/uploads\/2026\/04\/670455746_18576438427009156_3243679419890039520_n.jpg","datePublished":"2026-04-28T03:28:55+00:00","dateModified":"2026-04-28T03:28:57+00:00","author":{"@id":"https:\/\/portalararasdenoticias.com.br\/#\/schema\/person\/a6190507efe29dea1049d60d05ed5c0a"},"breadcrumb":{"@id":"https:\/\/portalararasdenoticias.com.br\/?p=7855#breadcrumb"},"inLanguage":"pt-BR","potentialAction":[{"@type":"ReadAction","target":["https:\/\/portalararasdenoticias.com.br\/?p=7855"]}]},{"@type":"ImageObject","inLanguage":"pt-BR","@id":"https:\/\/portalararasdenoticias.com.br\/?p=7855#primaryimage","url":"https:\/\/portalararasdenoticias.com.br\/wp-content\/uploads\/2026\/04\/670455746_18576438427009156_3243679419890039520_n.jpg","contentUrl":"https:\/\/portalararasdenoticias.com.br\/wp-content\/uploads\/2026\/04\/670455746_18576438427009156_3243679419890039520_n.jpg","width":526,"height":526},{"@type":"BreadcrumbList","@id":"https:\/\/portalararasdenoticias.com.br\/?p=7855#breadcrumb","itemListElement":[{"@type":"ListItem","position":1,"name":"In\u00edcio","item":"https:\/\/portalararasdenoticias.com.br\/"},{"@type":"ListItem","position":2,"name":"AGRIFEST 2026 j\u00e1 tem data marcada. De 30 de abril a 03 de maio Kart\u00f3dromo de Manaus."}]},{"@type":"WebSite","@id":"https:\/\/portalararasdenoticias.com.br\/#website","url":"https:\/\/portalararasdenoticias.com.br\/","name":"Portal Araras de Not\u00edcias","description":"O Seu Portal de Not\u00edcias","potentialAction":[{"@type":"SearchAction","target":{"@type":"EntryPoint","urlTemplate":"https:\/\/portalararasdenoticias.com.br\/?s={search_term_string}"},"query-input":{"@type":"PropertyValueSpecification","valueRequired":true,"valueName":"search_term_string"}}],"inLanguage":"pt-BR"},{"@type":"Person","@id":"https:\/\/portalararasdenoticias.com.br\/#\/schema\/person\/a6190507efe29dea1049d60d05ed5c0a","name":"Portal Araras de Noticias","image":{"@type":"ImageObject","inLanguage":"pt-BR","@id":"https:\/\/portalararasdenoticias.com.br\/#\/schema\/person\/image\/","url":"https:\/\/secure.gravatar.com\/avatar\/4df7c42bc08e78bc9b6e13086fafc161bdf01220657cd93de3d828ab6c60d469?s=96&d=mm&r=g","contentUrl":"https:\/\/secure.gravatar.com\/avatar\/4df7c42bc08e78bc9b6e13086fafc161bdf01220657cd93de3d828ab6c60d469?s=96&d=mm&r=g","caption":"Portal Araras de Noticias"},"sameAs":["https:\/\/portalararasdenoticias.com.br\/"],"url":"https:\/\/portalararasdenoticias.com.br\/?author=5"}]}},"_links":{"self":[{"href":"https:\/\/portalararasdenoticias.com.br\/index.php?rest_route=\/wp\/v2\/posts\/7855","targetHints":{"allow":["GET"]}}],"collection":[{"href":"https:\/\/portalararasdenoticias.com.br\/index.php?rest_route=\/wp\/v2\/posts"}],"about":[{"href":"https:\/\/portalararasdenoticias.com.br\/index.php?rest_route=\/wp\/v2\/types\/post"}],"author":[{"embeddable":true,"href":"https:\/\/portalararasdenoticias.com.br\/index.php?rest_route=\/wp\/v2\/users\/5"}],"replies":[{"embeddable":true,"href":"https:\/\/portalararasdenoticias.com.br\/index.php?rest_route=%2Fwp%2Fv2%2Fcomments&post=7855"}],"version-history":[{"count":1,"href":"https:\/\/portalararasdenoticias.com.br\/index.php?rest_route=\/wp\/v2\/posts\/7855\/revisions"}],"predecessor-version":[{"id":7859,"href":"https:\/\/portalararasdenoticias.com.br\/index.php?rest_route=\/wp\/v2\/posts\/7855\/revisions\/7859"}],"wp:featuredmedia":[{"embeddable":true,"href":"https:\/\/portalararasdenoticias.com.br\/index.php?rest_route=\/wp\/v2\/media\/7856"}],"wp:attachment":[{"href":"https:\/\/portalararasdenoticias.com.br\/index.php?rest_route=%2Fwp%2Fv2%2Fmedia&parent=7855"}],"wp:term":[{"taxonomy":"category","embeddable":true,"href":"https:\/\/portalararasdenoticias.com.br\/index.php?rest_route=%2Fwp%2Fv2%2Fcategories&post=7855"},{"taxonomy":"post_tag","embeddable":true,"href":"https:\/\/portalararasdenoticias.com.br\/index.php?rest_route=%2Fwp%2Fv2%2Ftags&post=7855"}],"curies":[{"name":"wp","href":"https:\/\/api.w.org\/{rel}","templated":true}]}}