{"id":7864,"date":"2026-04-28T21:22:43","date_gmt":"2026-04-29T00:22:43","guid":{"rendered":"https:\/\/portalararasdenoticias.com.br\/?p=7864"},"modified":"2026-04-28T21:22:45","modified_gmt":"2026-04-29T00:22:45","slug":"7864","status":"publish","type":"post","link":"https:\/\/portalararasdenoticias.com.br\/?p=7864","title":{"rendered":""},"content":{"rendered":"\n<pre class=\"wp-block-code\"><code>    Show de Alcione movimenta Manaus no feriado de 1\u00ba de maio<\/code><\/pre>\n\n\n\n<p>A cantora Alcione se apresenta em Manaus nesta sexta-feira (1\u00ba), feriado do Dia do Trabalhador, em um evento que promete reunir diferentes estilos da m\u00fasica brasileira. O show acontece a partir das 20h no Studio 5 Centro de Conven\u00e7\u00f5es, na zona Sul da capital.<\/p>\n\n\n\n<p>A programa\u00e7\u00e3o inclui ainda o cantor David Assayag, respons\u00e1vel pela abertura da noite com repert\u00f3rio voltado \u00e0 toada e \u00e0 MPB. Ap\u00f3s a apresenta\u00e7\u00e3o principal, o grupo Ases do Pagode assume o palco, com participa\u00e7\u00e3o especial de Uendel Pinheiro, que tamb\u00e9m integra a organiza\u00e7\u00e3o do evento.<\/p>\n\n\n\n<p>Segundo os organizadores, a estrutura foi planejada para receber grande p\u00fablico, com produ\u00e7\u00e3o alinhada \u00e0 equipe da artista e ao espa\u00e7o do evento. A proposta \u00e9 oferecer uma noite com m\u00faltiplas atra\u00e7\u00f5es e foco na diversidade musical.<\/p>\n\n\n\n<p>Os ingressos seguem \u00e0 venda pela internet e em pontos f\u00edsicos, com op\u00e7\u00f5es de setores como mesas e pista, permitindo diferentes experi\u00eancias ao p\u00fablico.<\/p>\n\n\n\n<figure class=\"wp-block-image size-full is-resized\"><img loading=\"lazy\" decoding=\"async\" width=\"263\" height=\"300\" src=\"https:\/\/portalararasdenoticias.com.br\/wp-content\/uploads\/2026\/04\/Imagem-do-WhatsApp-de-2025-05-22-as-09.35.39_25e2a57f.jpg-263x300-1.webp\" alt=\"\" class=\"wp-image-7866\" style=\"aspect-ratio:0.8766602427209751;width:311px;height:auto\"\/><\/figure>\n\n\n","protected":false},"excerpt":{"rendered":"<p>A cantora Alcione se apresenta em Manaus nesta sexta-feira (1\u00ba), feriado do Dia do Trabalhador, em um evento que promete reunir diferentes estilos da m\u00fasica brasileira. O show acontece a partir das 20h no Studio 5 Centro de Conven\u00e7\u00f5es, na zona Sul da capital. A programa\u00e7\u00e3o inclui ainda o cantor David Assayag, respons\u00e1vel pela abertura [&hellip;]<\/p>\n","protected":false},"author":5,"featured_media":7865,"comment_status":"open","ping_status":"open","sticky":false,"template":"","format":"standard","meta":{"footnotes":""},"categories":[83,1083],"tags":[],"class_list":["post-7864","post","type-post","status-publish","format-standard","has-post-thumbnail","hentry","category-evento","category-show-de-alcione-movimenta-manaus-no-feriado-de-1o-de-maio"],"yoast_head":"<!-- This site is optimized with the Yoast SEO plugin v27.0 - https:\/\/yoast.com\/product\/yoast-seo-wordpress\/ -->\n<title>- Portal Araras de Not\u00edcias<\/title>\n<meta name=\"robots\" content=\"index, follow, max-snippet:-1, max-image-preview:large, max-video-preview:-1\" \/>\n<link rel=\"canonical\" href=\"https:\/\/portalararasdenoticias.com.br\/?p=7864\" \/>\n<meta property=\"og:locale\" content=\"pt_BR\" \/>\n<meta property=\"og:type\" content=\"article\" \/>\n<meta property=\"og:title\" content=\"- Portal Araras de Not\u00edcias\" \/>\n<meta property=\"og:description\" content=\"A cantora Alcione se apresenta em Manaus nesta sexta-feira (1\u00ba), feriado do Dia do Trabalhador, em um evento que promete reunir diferentes estilos da m\u00fasica brasileira. O show acontece a partir das 20h no Studio 5 Centro de Conven\u00e7\u00f5es, na zona Sul da capital. A programa\u00e7\u00e3o inclui ainda o cantor David Assayag, respons\u00e1vel pela abertura [&hellip;]\" \/>\n<meta property=\"og:url\" content=\"https:\/\/portalararasdenoticias.com.br\/?p=7864\" \/>\n<meta property=\"og:site_name\" content=\"Portal Araras de Not\u00edcias\" \/>\n<meta property=\"article:published_time\" content=\"2026-04-29T00:22:43+00:00\" \/>\n<meta property=\"article:modified_time\" content=\"2026-04-29T00:22:45+00:00\" \/>\n<meta property=\"og:image\" content=\"https:\/\/portalararasdenoticias.com.br\/wp-content\/uploads\/2026\/04\/100733964-sc-exclusivo-rio-de-janeiro-rj-04-10-2022-perfil-da-cantora-alcione-encontro-com-alc.jpg\" \/>\n\t<meta property=\"og:image:width\" content=\"924\" \/>\n\t<meta property=\"og:image:height\" content=\"616\" \/>\n\t<meta property=\"og:image:type\" content=\"image\/jpeg\" \/>\n<meta name=\"author\" content=\"Portal Araras de Noticias\" \/>\n<meta name=\"twitter:card\" content=\"summary_large_image\" \/>\n<meta name=\"twitter:label1\" content=\"Escrito por\" \/>\n\t<meta name=\"twitter:data1\" content=\"Portal Araras de Noticias\" \/>\n\t<meta name=\"twitter:label2\" content=\"Est. tempo de leitura\" \/>\n\t<meta name=\"twitter:data2\" content=\"2 minutos\" \/>\n<script type=\"application\/ld+json\" class=\"yoast-schema-graph\">{\"@context\":\"https:\/\/schema.org\",\"@graph\":[{\"@type\":\"Article\",\"@id\":\"https:\/\/portalararasdenoticias.com.br\/?p=7864#article\",\"isPartOf\":{\"@id\":\"https:\/\/portalararasdenoticias.com.br\/?p=7864\"},\"author\":{\"name\":\"Portal Araras de Noticias\",\"@id\":\"https:\/\/portalararasdenoticias.com.br\/#\/schema\/person\/a6190507efe29dea1049d60d05ed5c0a\"},\"headline\":\"Sem t\u00edtulo\",\"datePublished\":\"2026-04-29T00:22:43+00:00\",\"dateModified\":\"2026-04-29T00:22:45+00:00\",\"mainEntityOfPage\":{\"@id\":\"https:\/\/portalararasdenoticias.com.br\/?p=7864\"},\"wordCount\":163,\"commentCount\":0,\"image\":{\"@id\":\"https:\/\/portalararasdenoticias.com.br\/?p=7864#primaryimage\"},\"thumbnailUrl\":\"https:\/\/portalararasdenoticias.com.br\/wp-content\/uploads\/2026\/04\/100733964-sc-exclusivo-rio-de-janeiro-rj-04-10-2022-perfil-da-cantora-alcione-encontro-com-alc.jpg\",\"articleSection\":[\"Evento\",\"Show de Alcione movimenta Manaus no feriado de 1\u00ba de maio\"],\"inLanguage\":\"pt-BR\",\"potentialAction\":[{\"@type\":\"CommentAction\",\"name\":\"Comment\",\"target\":[\"https:\/\/portalararasdenoticias.com.br\/?p=7864#respond\"]}]},{\"@type\":\"WebPage\",\"@id\":\"https:\/\/portalararasdenoticias.com.br\/?p=7864\",\"url\":\"https:\/\/portalararasdenoticias.com.br\/?p=7864\",\"name\":\"- Portal Araras de Not\u00edcias\",\"isPartOf\":{\"@id\":\"https:\/\/portalararasdenoticias.com.br\/#website\"},\"primaryImageOfPage\":{\"@id\":\"https:\/\/portalararasdenoticias.com.br\/?p=7864#primaryimage\"},\"image\":{\"@id\":\"https:\/\/portalararasdenoticias.com.br\/?p=7864#primaryimage\"},\"thumbnailUrl\":\"https:\/\/portalararasdenoticias.com.br\/wp-content\/uploads\/2026\/04\/100733964-sc-exclusivo-rio-de-janeiro-rj-04-10-2022-perfil-da-cantora-alcione-encontro-com-alc.jpg\",\"datePublished\":\"2026-04-29T00:22:43+00:00\",\"dateModified\":\"2026-04-29T00:22:45+00:00\",\"author\":{\"@id\":\"https:\/\/portalararasdenoticias.com.br\/#\/schema\/person\/a6190507efe29dea1049d60d05ed5c0a\"},\"inLanguage\":\"pt-BR\",\"potentialAction\":[{\"@type\":\"ReadAction\",\"target\":[\"https:\/\/portalararasdenoticias.com.br\/?p=7864\"]}]},{\"@type\":\"ImageObject\",\"inLanguage\":\"pt-BR\",\"@id\":\"https:\/\/portalararasdenoticias.com.br\/?p=7864#primaryimage\",\"url\":\"https:\/\/portalararasdenoticias.com.br\/wp-content\/uploads\/2026\/04\/100733964-sc-exclusivo-rio-de-janeiro-rj-04-10-2022-perfil-da-cantora-alcione-encontro-com-alc.jpg\",\"contentUrl\":\"https:\/\/portalararasdenoticias.com.br\/wp-content\/uploads\/2026\/04\/100733964-sc-exclusivo-rio-de-janeiro-rj-04-10-2022-perfil-da-cantora-alcione-encontro-com-alc.jpg\",\"width\":924,\"height\":616},{\"@type\":\"WebSite\",\"@id\":\"https:\/\/portalararasdenoticias.com.br\/#website\",\"url\":\"https:\/\/portalararasdenoticias.com.br\/\",\"name\":\"Portal Araras de Not\u00edcias\",\"description\":\"O Seu Portal de Not\u00edcias\",\"potentialAction\":[{\"@type\":\"SearchAction\",\"target\":{\"@type\":\"EntryPoint\",\"urlTemplate\":\"https:\/\/portalararasdenoticias.com.br\/?s={search_term_string}\"},\"query-input\":{\"@type\":\"PropertyValueSpecification\",\"valueRequired\":true,\"valueName\":\"search_term_string\"}}],\"inLanguage\":\"pt-BR\"},{\"@type\":\"Person\",\"@id\":\"https:\/\/portalararasdenoticias.com.br\/#\/schema\/person\/a6190507efe29dea1049d60d05ed5c0a\",\"name\":\"Portal Araras de Noticias\",\"image\":{\"@type\":\"ImageObject\",\"inLanguage\":\"pt-BR\",\"@id\":\"https:\/\/portalararasdenoticias.com.br\/#\/schema\/person\/image\/\",\"url\":\"https:\/\/secure.gravatar.com\/avatar\/4df7c42bc08e78bc9b6e13086fafc161bdf01220657cd93de3d828ab6c60d469?s=96&d=mm&r=g\",\"contentUrl\":\"https:\/\/secure.gravatar.com\/avatar\/4df7c42bc08e78bc9b6e13086fafc161bdf01220657cd93de3d828ab6c60d469?s=96&d=mm&r=g\",\"caption\":\"Portal Araras de Noticias\"},\"sameAs\":[\"https:\/\/portalararasdenoticias.com.br\/\"],\"url\":\"https:\/\/portalararasdenoticias.com.br\/?author=5\"}]}<\/script>\n<!-- \/ Yoast SEO plugin. -->","yoast_head_json":{"title":"- Portal Araras de Not\u00edcias","robots":{"index":"index","follow":"follow","max-snippet":"max-snippet:-1","max-image-preview":"max-image-preview:large","max-video-preview":"max-video-preview:-1"},"canonical":"https:\/\/portalararasdenoticias.com.br\/?p=7864","og_locale":"pt_BR","og_type":"article","og_title":"- Portal Araras de Not\u00edcias","og_description":"A cantora Alcione se apresenta em Manaus nesta sexta-feira (1\u00ba), feriado do Dia do Trabalhador, em um evento que promete reunir diferentes estilos da m\u00fasica brasileira. O show acontece a partir das 20h no Studio 5 Centro de Conven\u00e7\u00f5es, na zona Sul da capital. A programa\u00e7\u00e3o inclui ainda o cantor David Assayag, respons\u00e1vel pela abertura [&hellip;]","og_url":"https:\/\/portalararasdenoticias.com.br\/?p=7864","og_site_name":"Portal Araras de Not\u00edcias","article_published_time":"2026-04-29T00:22:43+00:00","article_modified_time":"2026-04-29T00:22:45+00:00","og_image":[{"width":924,"height":616,"url":"https:\/\/portalararasdenoticias.com.br\/wp-content\/uploads\/2026\/04\/100733964-sc-exclusivo-rio-de-janeiro-rj-04-10-2022-perfil-da-cantora-alcione-encontro-com-alc.jpg","type":"image\/jpeg"}],"author":"Portal Araras de Noticias","twitter_card":"summary_large_image","twitter_misc":{"Escrito por":"Portal Araras de Noticias","Est. tempo de leitura":"2 minutos"},"schema":{"@context":"https:\/\/schema.org","@graph":[{"@type":"Article","@id":"https:\/\/portalararasdenoticias.com.br\/?p=7864#article","isPartOf":{"@id":"https:\/\/portalararasdenoticias.com.br\/?p=7864"},"author":{"name":"Portal Araras de Noticias","@id":"https:\/\/portalararasdenoticias.com.br\/#\/schema\/person\/a6190507efe29dea1049d60d05ed5c0a"},"headline":"Sem t\u00edtulo","datePublished":"2026-04-29T00:22:43+00:00","dateModified":"2026-04-29T00:22:45+00:00","mainEntityOfPage":{"@id":"https:\/\/portalararasdenoticias.com.br\/?p=7864"},"wordCount":163,"commentCount":0,"image":{"@id":"https:\/\/portalararasdenoticias.com.br\/?p=7864#primaryimage"},"thumbnailUrl":"https:\/\/portalararasdenoticias.com.br\/wp-content\/uploads\/2026\/04\/100733964-sc-exclusivo-rio-de-janeiro-rj-04-10-2022-perfil-da-cantora-alcione-encontro-com-alc.jpg","articleSection":["Evento","Show de Alcione movimenta Manaus no feriado de 1\u00ba de maio"],"inLanguage":"pt-BR","potentialAction":[{"@type":"CommentAction","name":"Comment","target":["https:\/\/portalararasdenoticias.com.br\/?p=7864#respond"]}]},{"@type":"WebPage","@id":"https:\/\/portalararasdenoticias.com.br\/?p=7864","url":"https:\/\/portalararasdenoticias.com.br\/?p=7864","name":"- Portal Araras de Not\u00edcias","isPartOf":{"@id":"https:\/\/portalararasdenoticias.com.br\/#website"},"primaryImageOfPage":{"@id":"https:\/\/portalararasdenoticias.com.br\/?p=7864#primaryimage"},"image":{"@id":"https:\/\/portalararasdenoticias.com.br\/?p=7864#primaryimage"},"thumbnailUrl":"https:\/\/portalararasdenoticias.com.br\/wp-content\/uploads\/2026\/04\/100733964-sc-exclusivo-rio-de-janeiro-rj-04-10-2022-perfil-da-cantora-alcione-encontro-com-alc.jpg","datePublished":"2026-04-29T00:22:43+00:00","dateModified":"2026-04-29T00:22:45+00:00","author":{"@id":"https:\/\/portalararasdenoticias.com.br\/#\/schema\/person\/a6190507efe29dea1049d60d05ed5c0a"},"inLanguage":"pt-BR","potentialAction":[{"@type":"ReadAction","target":["https:\/\/portalararasdenoticias.com.br\/?p=7864"]}]},{"@type":"ImageObject","inLanguage":"pt-BR","@id":"https:\/\/portalararasdenoticias.com.br\/?p=7864#primaryimage","url":"https:\/\/portalararasdenoticias.com.br\/wp-content\/uploads\/2026\/04\/100733964-sc-exclusivo-rio-de-janeiro-rj-04-10-2022-perfil-da-cantora-alcione-encontro-com-alc.jpg","contentUrl":"https:\/\/portalararasdenoticias.com.br\/wp-content\/uploads\/2026\/04\/100733964-sc-exclusivo-rio-de-janeiro-rj-04-10-2022-perfil-da-cantora-alcione-encontro-com-alc.jpg","width":924,"height":616},{"@type":"WebSite","@id":"https:\/\/portalararasdenoticias.com.br\/#website","url":"https:\/\/portalararasdenoticias.com.br\/","name":"Portal Araras de Not\u00edcias","description":"O Seu Portal de Not\u00edcias","potentialAction":[{"@type":"SearchAction","target":{"@type":"EntryPoint","urlTemplate":"https:\/\/portalararasdenoticias.com.br\/?s={search_term_string}"},"query-input":{"@type":"PropertyValueSpecification","valueRequired":true,"valueName":"search_term_string"}}],"inLanguage":"pt-BR"},{"@type":"Person","@id":"https:\/\/portalararasdenoticias.com.br\/#\/schema\/person\/a6190507efe29dea1049d60d05ed5c0a","name":"Portal Araras de Noticias","image":{"@type":"ImageObject","inLanguage":"pt-BR","@id":"https:\/\/portalararasdenoticias.com.br\/#\/schema\/person\/image\/","url":"https:\/\/secure.gravatar.com\/avatar\/4df7c42bc08e78bc9b6e13086fafc161bdf01220657cd93de3d828ab6c60d469?s=96&d=mm&r=g","contentUrl":"https:\/\/secure.gravatar.com\/avatar\/4df7c42bc08e78bc9b6e13086fafc161bdf01220657cd93de3d828ab6c60d469?s=96&d=mm&r=g","caption":"Portal Araras de Noticias"},"sameAs":["https:\/\/portalararasdenoticias.com.br\/"],"url":"https:\/\/portalararasdenoticias.com.br\/?author=5"}]}},"_links":{"self":[{"href":"https:\/\/portalararasdenoticias.com.br\/index.php?rest_route=\/wp\/v2\/posts\/7864","targetHints":{"allow":["GET"]}}],"collection":[{"href":"https:\/\/portalararasdenoticias.com.br\/index.php?rest_route=\/wp\/v2\/posts"}],"about":[{"href":"https:\/\/portalararasdenoticias.com.br\/index.php?rest_route=\/wp\/v2\/types\/post"}],"author":[{"embeddable":true,"href":"https:\/\/portalararasdenoticias.com.br\/index.php?rest_route=\/wp\/v2\/users\/5"}],"replies":[{"embeddable":true,"href":"https:\/\/portalararasdenoticias.com.br\/index.php?rest_route=%2Fwp%2Fv2%2Fcomments&post=7864"}],"version-history":[{"count":1,"href":"https:\/\/portalararasdenoticias.com.br\/index.php?rest_route=\/wp\/v2\/posts\/7864\/revisions"}],"predecessor-version":[{"id":7867,"href":"https:\/\/portalararasdenoticias.com.br\/index.php?rest_route=\/wp\/v2\/posts\/7864\/revisions\/7867"}],"wp:featuredmedia":[{"embeddable":true,"href":"https:\/\/portalararasdenoticias.com.br\/index.php?rest_route=\/wp\/v2\/media\/7865"}],"wp:attachment":[{"href":"https:\/\/portalararasdenoticias.com.br\/index.php?rest_route=%2Fwp%2Fv2%2Fmedia&parent=7864"}],"wp:term":[{"taxonomy":"category","embeddable":true,"href":"https:\/\/portalararasdenoticias.com.br\/index.php?rest_route=%2Fwp%2Fv2%2Fcategories&post=7864"},{"taxonomy":"post_tag","embeddable":true,"href":"https:\/\/portalararasdenoticias.com.br\/index.php?rest_route=%2Fwp%2Fv2%2Ftags&post=7864"}],"curies":[{"name":"wp","href":"https:\/\/api.w.org\/{rel}","templated":true}]}}