{"id":7871,"date":"2026-04-29T22:19:51","date_gmt":"2026-04-30T01:19:51","guid":{"rendered":"https:\/\/portalararasdenoticias.com.br\/?p=7871"},"modified":"2026-04-29T22:19:56","modified_gmt":"2026-04-30T01:19:56","slug":"7871","status":"publish","type":"post","link":"https:\/\/portalararasdenoticias.com.br\/?p=7871","title":{"rendered":""},"content":{"rendered":"\n<pre class=\"wp-block-code\"><code>         Alessandra Camp\u00ealo prop\u00f5e t\u00edtulo de cidad\u00e3o ao sambista Ivo Meirelles<\/code><\/pre>\n\n\n\n<p>Torcedor do Garantido, ex-presidente da Mangueira \u00e9 conhecido no Amazonas pela divulga\u00e7\u00e3o do Festival de Parintins.<br>A deputada estadual Alessandra Camp\u00ealo (PSD) apresentou um projeto para conceder o t\u00edtulo de cidad\u00e3o do Amazonas ao m\u00fasico e compositor Ivo Meirelles, ex-presidente da escola de samba Esta\u00e7\u00e3o Primeira de Mangueira, por \u201csua contribui\u00e7\u00e3o volunt\u00e1ria e consistente\u201d na valoriza\u00e7\u00e3o da cultura local. O sambista \u00e9 figura carimbada no Festival Folcl\u00f3rico de Parintins, sendo torcedor do boi-bumb\u00e1 Garantido.<br>Na justificativa, a parlamentar ressalta que Ivo Meirelles \u00e9 uma das figuras mais relevantes do samba e da m\u00fasica popular brasileira, tendo uma forte rela\u00e7\u00e3o com o estado do Amazonas e que por v\u00e1rias oportunidades \u201cpercorreu Manaus e o interior do estado, compartilhando suas experi\u00eancias com expressivo alcance nas redes sociais\u201d.<br>A parlamentar pontua a presen\u00e7a do m\u00fasico no Festival Folcl\u00f3rico de Parintins, no qual Ivo Meirelles afirmou que era um evento que precisava de uma visibilidade muito maior. Juntamente com Sandro Putnok e Vanderlei Alvino, comp\u00f4s a toada Perrech\u00e9s do Brasil, que foi cantada no 53\u00ba Festival de Parintins, em 2018.<br>Nas \u00faltimas semanas, o sambista esteve em Manaus para acompanhar o espet\u00e1culo Puracysawa \u2013 A Grande Festa da Floresta, que celebrou os 28 anos de toadas do compositor Helen Veras no Teatro Amazonas. O evento contou ainda com o int\u00e9rprete Emerson Dias, da Acad\u00eamicos de Niter\u00f3i, torcedor declarado do Boi Bumb\u00e1 Garantido e que se apresentou no evento.<br>Ivo Meirelles fez parte da ala de compositores da Esta\u00e7\u00e3o Primeira de Mangueira na d\u00e9cada de 1980, sendo um dos autores do samba-enredo em homenagem ao m\u00fasico baiano Dorival Caymmi, que rendeu o t\u00edtulo \u00e0 escola no Carnaval de 1986. Meirelles tamb\u00e9m presidiu a escola de samba entre 2010 e 2013.<\/p>\n\n\n\n\n\n<figure class=\"wp-block-image size-large is-resized\"><img loading=\"lazy\" decoding=\"async\" width=\"1024\" height=\"683\" src=\"https:\/\/portalararasdenoticias.com.br\/wp-content\/uploads\/2026\/04\/15190800175a8b52510d9fd_1519080017_3x2_rt-1024x683.jpg\" alt=\"\" class=\"wp-image-7873\" style=\"width:604px;height:auto\" srcset=\"https:\/\/portalararasdenoticias.com.br\/wp-content\/uploads\/2026\/04\/15190800175a8b52510d9fd_1519080017_3x2_rt-1024x683.jpg 1024w, https:\/\/portalararasdenoticias.com.br\/wp-content\/uploads\/2026\/04\/15190800175a8b52510d9fd_1519080017_3x2_rt-300x200.jpg 300w, https:\/\/portalararasdenoticias.com.br\/wp-content\/uploads\/2026\/04\/15190800175a8b52510d9fd_1519080017_3x2_rt-768x512.jpg 768w, https:\/\/portalararasdenoticias.com.br\/wp-content\/uploads\/2026\/04\/15190800175a8b52510d9fd_1519080017_3x2_rt-1536x1024.jpg 1536w, https:\/\/portalararasdenoticias.com.br\/wp-content\/uploads\/2026\/04\/15190800175a8b52510d9fd_1519080017_3x2_rt-2048x1365.jpg 2048w\" sizes=\"auto, (max-width: 1024px) 100vw, 1024px\" \/><\/figure>\n\n\n\n<figure class=\"wp-block-image size-full is-resized\"><img loading=\"lazy\" decoding=\"async\" width=\"416\" height=\"277\" src=\"https:\/\/portalararasdenoticias.com.br\/wp-content\/uploads\/2026\/04\/image.jpg\" alt=\"\" class=\"wp-image-7874\" style=\"aspect-ratio:1.5018333615388955;width:600px;height:auto\" srcset=\"https:\/\/portalararasdenoticias.com.br\/wp-content\/uploads\/2026\/04\/image.jpg 416w, https:\/\/portalararasdenoticias.com.br\/wp-content\/uploads\/2026\/04\/image-300x200.jpg 300w\" sizes=\"auto, (max-width: 416px) 100vw, 416px\" \/><\/figure>\n","protected":false},"excerpt":{"rendered":"<p>Torcedor do Garantido, ex-presidente da Mangueira \u00e9 conhecido no Amazonas pela divulga\u00e7\u00e3o do Festival de Parintins.A deputada estadual Alessandra Camp\u00ealo (PSD) apresentou um projeto para conceder o t\u00edtulo de cidad\u00e3o do Amazonas ao m\u00fasico e compositor Ivo Meirelles, ex-presidente da escola de samba Esta\u00e7\u00e3o Primeira de Mangueira, por \u201csua contribui\u00e7\u00e3o volunt\u00e1ria e consistente\u201d na valoriza\u00e7\u00e3o [&hellip;]<\/p>\n","protected":false},"author":5,"featured_media":7872,"comment_status":"open","ping_status":"open","sticky":false,"template":"","format":"standard","meta":{"footnotes":""},"categories":[1084,864],"tags":[],"class_list":["post-7871","post","type-post","status-publish","format-standard","has-post-thumbnail","hentry","category-alessandra-campelo-propoe-titulo-de-cidadao-ao-sambista-ivo-meirelles","category-manaus"],"yoast_head":"<!-- This site is optimized with the Yoast SEO plugin v27.0 - https:\/\/yoast.com\/product\/yoast-seo-wordpress\/ -->\n<title>- Portal Araras de Not\u00edcias<\/title>\n<meta name=\"robots\" content=\"index, follow, max-snippet:-1, max-image-preview:large, max-video-preview:-1\" \/>\n<link rel=\"canonical\" href=\"https:\/\/portalararasdenoticias.com.br\/?p=7871\" \/>\n<meta property=\"og:locale\" content=\"pt_BR\" \/>\n<meta property=\"og:type\" content=\"article\" \/>\n<meta property=\"og:title\" content=\"- Portal Araras de Not\u00edcias\" \/>\n<meta property=\"og:description\" content=\"Torcedor do Garantido, ex-presidente da Mangueira \u00e9 conhecido no Amazonas pela divulga\u00e7\u00e3o do Festival de Parintins.A deputada estadual Alessandra Camp\u00ealo (PSD) apresentou um projeto para conceder o t\u00edtulo de cidad\u00e3o do Amazonas ao m\u00fasico e compositor Ivo Meirelles, ex-presidente da escola de samba Esta\u00e7\u00e3o Primeira de Mangueira, por \u201csua contribui\u00e7\u00e3o volunt\u00e1ria e consistente\u201d na valoriza\u00e7\u00e3o [&hellip;]\" \/>\n<meta property=\"og:url\" content=\"https:\/\/portalararasdenoticias.com.br\/?p=7871\" \/>\n<meta property=\"og:site_name\" content=\"Portal Araras de Not\u00edcias\" \/>\n<meta property=\"article:published_time\" content=\"2026-04-30T01:19:51+00:00\" \/>\n<meta property=\"article:modified_time\" content=\"2026-04-30T01:19:56+00:00\" \/>\n<meta property=\"og:image\" content=\"https:\/\/portalararasdenoticias.com.br\/wp-content\/uploads\/2026\/04\/WhatsApp-Image-2024-01-13-at-15.56.03.webp\" \/>\n\t<meta property=\"og:image:width\" content=\"1600\" \/>\n\t<meta property=\"og:image:height\" content=\"640\" \/>\n\t<meta property=\"og:image:type\" content=\"image\/webp\" \/>\n<meta name=\"author\" content=\"Portal Araras de Noticias\" \/>\n<meta name=\"twitter:card\" content=\"summary_large_image\" \/>\n<meta name=\"twitter:label1\" content=\"Escrito por\" \/>\n\t<meta name=\"twitter:data1\" content=\"Portal Araras de Noticias\" \/>\n\t<meta name=\"twitter:label2\" content=\"Est. tempo de leitura\" \/>\n\t<meta name=\"twitter:data2\" content=\"3 minutos\" \/>\n<script type=\"application\/ld+json\" class=\"yoast-schema-graph\">{\"@context\":\"https:\/\/schema.org\",\"@graph\":[{\"@type\":\"Article\",\"@id\":\"https:\/\/portalararasdenoticias.com.br\/?p=7871#article\",\"isPartOf\":{\"@id\":\"https:\/\/portalararasdenoticias.com.br\/?p=7871\"},\"author\":{\"name\":\"Portal Araras de Noticias\",\"@id\":\"https:\/\/portalararasdenoticias.com.br\/#\/schema\/person\/a6190507efe29dea1049d60d05ed5c0a\"},\"headline\":\"Sem t\u00edtulo\",\"datePublished\":\"2026-04-30T01:19:51+00:00\",\"dateModified\":\"2026-04-30T01:19:56+00:00\",\"mainEntityOfPage\":{\"@id\":\"https:\/\/portalararasdenoticias.com.br\/?p=7871\"},\"wordCount\":301,\"commentCount\":0,\"image\":{\"@id\":\"https:\/\/portalararasdenoticias.com.br\/?p=7871#primaryimage\"},\"thumbnailUrl\":\"https:\/\/portalararasdenoticias.com.br\/wp-content\/uploads\/2026\/04\/WhatsApp-Image-2024-01-13-at-15.56.03.webp\",\"articleSection\":[\"Alessandra Camp\u00ealo prop\u00f5e t\u00edtulo de cidad\u00e3o ao sambista Ivo Meirelles\",\"Manaus\"],\"inLanguage\":\"pt-BR\",\"potentialAction\":[{\"@type\":\"CommentAction\",\"name\":\"Comment\",\"target\":[\"https:\/\/portalararasdenoticias.com.br\/?p=7871#respond\"]}]},{\"@type\":\"WebPage\",\"@id\":\"https:\/\/portalararasdenoticias.com.br\/?p=7871\",\"url\":\"https:\/\/portalararasdenoticias.com.br\/?p=7871\",\"name\":\"- Portal Araras de Not\u00edcias\",\"isPartOf\":{\"@id\":\"https:\/\/portalararasdenoticias.com.br\/#website\"},\"primaryImageOfPage\":{\"@id\":\"https:\/\/portalararasdenoticias.com.br\/?p=7871#primaryimage\"},\"image\":{\"@id\":\"https:\/\/portalararasdenoticias.com.br\/?p=7871#primaryimage\"},\"thumbnailUrl\":\"https:\/\/portalararasdenoticias.com.br\/wp-content\/uploads\/2026\/04\/WhatsApp-Image-2024-01-13-at-15.56.03.webp\",\"datePublished\":\"2026-04-30T01:19:51+00:00\",\"dateModified\":\"2026-04-30T01:19:56+00:00\",\"author\":{\"@id\":\"https:\/\/portalararasdenoticias.com.br\/#\/schema\/person\/a6190507efe29dea1049d60d05ed5c0a\"},\"inLanguage\":\"pt-BR\",\"potentialAction\":[{\"@type\":\"ReadAction\",\"target\":[\"https:\/\/portalararasdenoticias.com.br\/?p=7871\"]}]},{\"@type\":\"ImageObject\",\"inLanguage\":\"pt-BR\",\"@id\":\"https:\/\/portalararasdenoticias.com.br\/?p=7871#primaryimage\",\"url\":\"https:\/\/portalararasdenoticias.com.br\/wp-content\/uploads\/2026\/04\/WhatsApp-Image-2024-01-13-at-15.56.03.webp\",\"contentUrl\":\"https:\/\/portalararasdenoticias.com.br\/wp-content\/uploads\/2026\/04\/WhatsApp-Image-2024-01-13-at-15.56.03.webp\",\"width\":1600,\"height\":640},{\"@type\":\"WebSite\",\"@id\":\"https:\/\/portalararasdenoticias.com.br\/#website\",\"url\":\"https:\/\/portalararasdenoticias.com.br\/\",\"name\":\"Portal Araras de Not\u00edcias\",\"description\":\"O Seu Portal de Not\u00edcias\",\"potentialAction\":[{\"@type\":\"SearchAction\",\"target\":{\"@type\":\"EntryPoint\",\"urlTemplate\":\"https:\/\/portalararasdenoticias.com.br\/?s={search_term_string}\"},\"query-input\":{\"@type\":\"PropertyValueSpecification\",\"valueRequired\":true,\"valueName\":\"search_term_string\"}}],\"inLanguage\":\"pt-BR\"},{\"@type\":\"Person\",\"@id\":\"https:\/\/portalararasdenoticias.com.br\/#\/schema\/person\/a6190507efe29dea1049d60d05ed5c0a\",\"name\":\"Portal Araras de Noticias\",\"image\":{\"@type\":\"ImageObject\",\"inLanguage\":\"pt-BR\",\"@id\":\"https:\/\/portalararasdenoticias.com.br\/#\/schema\/person\/image\/\",\"url\":\"https:\/\/secure.gravatar.com\/avatar\/4df7c42bc08e78bc9b6e13086fafc161bdf01220657cd93de3d828ab6c60d469?s=96&d=mm&r=g\",\"contentUrl\":\"https:\/\/secure.gravatar.com\/avatar\/4df7c42bc08e78bc9b6e13086fafc161bdf01220657cd93de3d828ab6c60d469?s=96&d=mm&r=g\",\"caption\":\"Portal Araras de Noticias\"},\"sameAs\":[\"https:\/\/portalararasdenoticias.com.br\/\"],\"url\":\"https:\/\/portalararasdenoticias.com.br\/?author=5\"}]}<\/script>\n<!-- \/ Yoast SEO plugin. -->","yoast_head_json":{"title":"- Portal Araras de Not\u00edcias","robots":{"index":"index","follow":"follow","max-snippet":"max-snippet:-1","max-image-preview":"max-image-preview:large","max-video-preview":"max-video-preview:-1"},"canonical":"https:\/\/portalararasdenoticias.com.br\/?p=7871","og_locale":"pt_BR","og_type":"article","og_title":"- Portal Araras de Not\u00edcias","og_description":"Torcedor do Garantido, ex-presidente da Mangueira \u00e9 conhecido no Amazonas pela divulga\u00e7\u00e3o do Festival de Parintins.A deputada estadual Alessandra Camp\u00ealo (PSD) apresentou um projeto para conceder o t\u00edtulo de cidad\u00e3o do Amazonas ao m\u00fasico e compositor Ivo Meirelles, ex-presidente da escola de samba Esta\u00e7\u00e3o Primeira de Mangueira, por \u201csua contribui\u00e7\u00e3o volunt\u00e1ria e consistente\u201d na valoriza\u00e7\u00e3o [&hellip;]","og_url":"https:\/\/portalararasdenoticias.com.br\/?p=7871","og_site_name":"Portal Araras de Not\u00edcias","article_published_time":"2026-04-30T01:19:51+00:00","article_modified_time":"2026-04-30T01:19:56+00:00","og_image":[{"width":1600,"height":640,"url":"https:\/\/portalararasdenoticias.com.br\/wp-content\/uploads\/2026\/04\/WhatsApp-Image-2024-01-13-at-15.56.03.webp","type":"image\/webp"}],"author":"Portal Araras de Noticias","twitter_card":"summary_large_image","twitter_misc":{"Escrito por":"Portal Araras de Noticias","Est. tempo de leitura":"3 minutos"},"schema":{"@context":"https:\/\/schema.org","@graph":[{"@type":"Article","@id":"https:\/\/portalararasdenoticias.com.br\/?p=7871#article","isPartOf":{"@id":"https:\/\/portalararasdenoticias.com.br\/?p=7871"},"author":{"name":"Portal Araras de Noticias","@id":"https:\/\/portalararasdenoticias.com.br\/#\/schema\/person\/a6190507efe29dea1049d60d05ed5c0a"},"headline":"Sem t\u00edtulo","datePublished":"2026-04-30T01:19:51+00:00","dateModified":"2026-04-30T01:19:56+00:00","mainEntityOfPage":{"@id":"https:\/\/portalararasdenoticias.com.br\/?p=7871"},"wordCount":301,"commentCount":0,"image":{"@id":"https:\/\/portalararasdenoticias.com.br\/?p=7871#primaryimage"},"thumbnailUrl":"https:\/\/portalararasdenoticias.com.br\/wp-content\/uploads\/2026\/04\/WhatsApp-Image-2024-01-13-at-15.56.03.webp","articleSection":["Alessandra Camp\u00ealo prop\u00f5e t\u00edtulo de cidad\u00e3o ao sambista Ivo Meirelles","Manaus"],"inLanguage":"pt-BR","potentialAction":[{"@type":"CommentAction","name":"Comment","target":["https:\/\/portalararasdenoticias.com.br\/?p=7871#respond"]}]},{"@type":"WebPage","@id":"https:\/\/portalararasdenoticias.com.br\/?p=7871","url":"https:\/\/portalararasdenoticias.com.br\/?p=7871","name":"- Portal Araras de Not\u00edcias","isPartOf":{"@id":"https:\/\/portalararasdenoticias.com.br\/#website"},"primaryImageOfPage":{"@id":"https:\/\/portalararasdenoticias.com.br\/?p=7871#primaryimage"},"image":{"@id":"https:\/\/portalararasdenoticias.com.br\/?p=7871#primaryimage"},"thumbnailUrl":"https:\/\/portalararasdenoticias.com.br\/wp-content\/uploads\/2026\/04\/WhatsApp-Image-2024-01-13-at-15.56.03.webp","datePublished":"2026-04-30T01:19:51+00:00","dateModified":"2026-04-30T01:19:56+00:00","author":{"@id":"https:\/\/portalararasdenoticias.com.br\/#\/schema\/person\/a6190507efe29dea1049d60d05ed5c0a"},"inLanguage":"pt-BR","potentialAction":[{"@type":"ReadAction","target":["https:\/\/portalararasdenoticias.com.br\/?p=7871"]}]},{"@type":"ImageObject","inLanguage":"pt-BR","@id":"https:\/\/portalararasdenoticias.com.br\/?p=7871#primaryimage","url":"https:\/\/portalararasdenoticias.com.br\/wp-content\/uploads\/2026\/04\/WhatsApp-Image-2024-01-13-at-15.56.03.webp","contentUrl":"https:\/\/portalararasdenoticias.com.br\/wp-content\/uploads\/2026\/04\/WhatsApp-Image-2024-01-13-at-15.56.03.webp","width":1600,"height":640},{"@type":"WebSite","@id":"https:\/\/portalararasdenoticias.com.br\/#website","url":"https:\/\/portalararasdenoticias.com.br\/","name":"Portal Araras de Not\u00edcias","description":"O Seu Portal de Not\u00edcias","potentialAction":[{"@type":"SearchAction","target":{"@type":"EntryPoint","urlTemplate":"https:\/\/portalararasdenoticias.com.br\/?s={search_term_string}"},"query-input":{"@type":"PropertyValueSpecification","valueRequired":true,"valueName":"search_term_string"}}],"inLanguage":"pt-BR"},{"@type":"Person","@id":"https:\/\/portalararasdenoticias.com.br\/#\/schema\/person\/a6190507efe29dea1049d60d05ed5c0a","name":"Portal Araras de Noticias","image":{"@type":"ImageObject","inLanguage":"pt-BR","@id":"https:\/\/portalararasdenoticias.com.br\/#\/schema\/person\/image\/","url":"https:\/\/secure.gravatar.com\/avatar\/4df7c42bc08e78bc9b6e13086fafc161bdf01220657cd93de3d828ab6c60d469?s=96&d=mm&r=g","contentUrl":"https:\/\/secure.gravatar.com\/avatar\/4df7c42bc08e78bc9b6e13086fafc161bdf01220657cd93de3d828ab6c60d469?s=96&d=mm&r=g","caption":"Portal Araras de Noticias"},"sameAs":["https:\/\/portalararasdenoticias.com.br\/"],"url":"https:\/\/portalararasdenoticias.com.br\/?author=5"}]}},"_links":{"self":[{"href":"https:\/\/portalararasdenoticias.com.br\/index.php?rest_route=\/wp\/v2\/posts\/7871","targetHints":{"allow":["GET"]}}],"collection":[{"href":"https:\/\/portalararasdenoticias.com.br\/index.php?rest_route=\/wp\/v2\/posts"}],"about":[{"href":"https:\/\/portalararasdenoticias.com.br\/index.php?rest_route=\/wp\/v2\/types\/post"}],"author":[{"embeddable":true,"href":"https:\/\/portalararasdenoticias.com.br\/index.php?rest_route=\/wp\/v2\/users\/5"}],"replies":[{"embeddable":true,"href":"https:\/\/portalararasdenoticias.com.br\/index.php?rest_route=%2Fwp%2Fv2%2Fcomments&post=7871"}],"version-history":[{"count":1,"href":"https:\/\/portalararasdenoticias.com.br\/index.php?rest_route=\/wp\/v2\/posts\/7871\/revisions"}],"predecessor-version":[{"id":7875,"href":"https:\/\/portalararasdenoticias.com.br\/index.php?rest_route=\/wp\/v2\/posts\/7871\/revisions\/7875"}],"wp:featuredmedia":[{"embeddable":true,"href":"https:\/\/portalararasdenoticias.com.br\/index.php?rest_route=\/wp\/v2\/media\/7872"}],"wp:attachment":[{"href":"https:\/\/portalararasdenoticias.com.br\/index.php?rest_route=%2Fwp%2Fv2%2Fmedia&parent=7871"}],"wp:term":[{"taxonomy":"category","embeddable":true,"href":"https:\/\/portalararasdenoticias.com.br\/index.php?rest_route=%2Fwp%2Fv2%2Fcategories&post=7871"},{"taxonomy":"post_tag","embeddable":true,"href":"https:\/\/portalararasdenoticias.com.br\/index.php?rest_route=%2Fwp%2Fv2%2Ftags&post=7871"}],"curies":[{"name":"wp","href":"https:\/\/api.w.org\/{rel}","templated":true}]}}