{"id":7878,"date":"2026-04-30T23:46:41","date_gmt":"2026-05-01T02:46:41","guid":{"rendered":"https:\/\/portalararasdenoticias.com.br\/?p=7878"},"modified":"2026-04-30T23:46:43","modified_gmt":"2026-05-01T02:46:43","slug":"todo-mundo-no-rio-2026-shakira-fara-megashow-na-praia-de-copacabana","status":"publish","type":"post","link":"https:\/\/portalararasdenoticias.com.br\/?p=7878","title":{"rendered":"Todo Mundo no Rio 2026: Shakira far\u00e1 megashow na praia de Copacabana"},"content":{"rendered":"\n<p>Acabou o mist\u00e9rio: Shakira \u00e9 quem se apresenta nas areias da praia de Copacabana, no Rio de Janeiro, no dia 2 de maio, na esteira de Madonna e Lady Gaga.<\/p>\n\n\n\n<p>De acordo com a coluna de Lauro Jardim, d\u2019O Globo, a cantora colombiana encerrou uma longa negocia\u00e7\u00e3o e assinou o contrato com a produtora Bonus Track na ter\u00e7a-feira (10).<\/p>\n\n\n\n<p>Ela inicia \u00e0s 21h45 o megaevento gratuito, batizado de Todo Mundo no Rio, com transmiss\u00e3o da TV Globo e patroc\u00ednio da Corona. Sua entrada \u00e9 precedida por um show de abertura, cuja atra\u00e7\u00e3o ainda n\u00e3o est\u00e1 definida.<\/p>\n\n\n\n<p>Vale lembrar que Shak j\u00e1 veio ao Brasil in\u00fameras vezes e fala portugu\u00eas fluente. Ela estreou nos palcos brasileiros em 1996 e 97, com a turn\u00ea \u201cPies Descalzos\u201d.<\/p>\n\n\n\n<p>A popstar voltou ao pa\u00eds em 2011, 2018 e 2025. Na passagem mais recente, abriu a \u201cLas Mujeres Ya No Lloran World Tour\u201d com apresenta\u00e7\u00f5es no Rio de Janeiro e em S\u00e3o Paulo.<\/p>\n\n\n\n<p>Com essa s\u00e9rie de shows, ela entrou para o Guinness World Records, o livro dos recordes, como a artista latina com a turn\u00ea de maior bilheteria da hist\u00f3ria.<\/p>\n\n\n\n<p>Depois de serem especulados nomes como Britney Spears, Justin Bieber, Rihanna, U2 e Paul McCartney, a escolha de Shakira mant\u00e9m o car\u00e1ter pop das primeiras edi\u00e7\u00f5es do Todo Mundo no Rio e refor\u00e7a o bom momento da m\u00fasica latina.<\/p>\n\n\n\n<p>Al\u00e9m das pr\u00f3prias conquistas da diva de Barranquilla, vale citar a domina\u00e7\u00e3o do cantor porto-riquenho Bad Bunny com vit\u00f3rias hist\u00f3ricas no Grammy, performance no Super Bowl e m\u00fasicas no topo das paradas.<\/p>\n\n\n\n<figure class=\"wp-block-image size-large is-resized\"><img loading=\"lazy\" decoding=\"async\" width=\"768\" height=\"1024\" src=\"https:\/\/portalararasdenoticias.com.br\/wp-content\/uploads\/2026\/04\/1661953401-1200-900-9-12-1-768x1024.webp\" alt=\"\" class=\"wp-image-7880\" style=\"aspect-ratio:0.7490648002896102;width:409px;height:auto\" srcset=\"https:\/\/portalararasdenoticias.com.br\/wp-content\/uploads\/2026\/04\/1661953401-1200-900-9-12-1-768x1024.webp 768w, https:\/\/portalararasdenoticias.com.br\/wp-content\/uploads\/2026\/04\/1661953401-1200-900-9-12-1-225x300.webp 225w, https:\/\/portalararasdenoticias.com.br\/wp-content\/uploads\/2026\/04\/1661953401-1200-900-9-12-1-1152x1536.webp 1152w, https:\/\/portalararasdenoticias.com.br\/wp-content\/uploads\/2026\/04\/1661953401-1200-900-9-12-1.webp 1200w\" sizes=\"auto, (max-width: 768px) 100vw, 768px\" \/><\/figure>\n","protected":false},"excerpt":{"rendered":"<p>Acabou o mist\u00e9rio: Shakira \u00e9 quem se apresenta nas areias da praia de Copacabana, no Rio de Janeiro, no dia 2 de maio, na esteira de Madonna e Lady Gaga. De acordo com a coluna de Lauro Jardim, d\u2019O Globo, a cantora colombiana encerrou uma longa negocia\u00e7\u00e3o e assinou o contrato com a produtora Bonus [&hellip;]<\/p>\n","protected":false},"author":5,"featured_media":7879,"comment_status":"open","ping_status":"open","sticky":false,"template":"","format":"standard","meta":{"footnotes":""},"categories":[867,1085],"tags":[],"class_list":["post-7878","post","type-post","status-publish","format-standard","has-post-thumbnail","hentry","category-brasil","category-todo-mundo-no-rio-2026-shakira-fara-megashow-na-praia-de-copacabana"],"yoast_head":"<!-- This site is optimized with the Yoast SEO plugin v27.0 - https:\/\/yoast.com\/product\/yoast-seo-wordpress\/ -->\n<title>Todo Mundo no Rio 2026: Shakira far\u00e1 megashow na praia de Copacabana - Portal Araras de Not\u00edcias<\/title>\n<meta name=\"robots\" content=\"index, follow, max-snippet:-1, max-image-preview:large, max-video-preview:-1\" \/>\n<link rel=\"canonical\" href=\"https:\/\/portalararasdenoticias.com.br\/?p=7878\" \/>\n<meta property=\"og:locale\" content=\"pt_BR\" \/>\n<meta property=\"og:type\" content=\"article\" \/>\n<meta property=\"og:title\" content=\"Todo Mundo no Rio 2026: Shakira far\u00e1 megashow na praia de Copacabana - Portal Araras de Not\u00edcias\" \/>\n<meta property=\"og:description\" content=\"Acabou o mist\u00e9rio: Shakira \u00e9 quem se apresenta nas areias da praia de Copacabana, no Rio de Janeiro, no dia 2 de maio, na esteira de Madonna e Lady Gaga. De acordo com a coluna de Lauro Jardim, d\u2019O Globo, a cantora colombiana encerrou uma longa negocia\u00e7\u00e3o e assinou o contrato com a produtora Bonus [&hellip;]\" \/>\n<meta property=\"og:url\" content=\"https:\/\/portalararasdenoticias.com.br\/?p=7878\" \/>\n<meta property=\"og:site_name\" content=\"Portal Araras de Not\u00edcias\" \/>\n<meta property=\"article:published_time\" content=\"2026-05-01T02:46:41+00:00\" \/>\n<meta property=\"article:modified_time\" content=\"2026-05-01T02:46:43+00:00\" \/>\n<meta property=\"og:image\" content=\"https:\/\/portalararasdenoticias.com.br\/wp-content\/uploads\/2026\/04\/1661953401-1200-900-9-12.webp\" \/>\n\t<meta property=\"og:image:width\" content=\"1200\" \/>\n\t<meta property=\"og:image:height\" content=\"1600\" \/>\n\t<meta property=\"og:image:type\" content=\"image\/webp\" \/>\n<meta name=\"author\" content=\"Portal Araras de Noticias\" \/>\n<meta name=\"twitter:card\" content=\"summary_large_image\" \/>\n<meta name=\"twitter:label1\" content=\"Escrito por\" \/>\n\t<meta name=\"twitter:data1\" content=\"Portal Araras de Noticias\" \/>\n\t<meta name=\"twitter:label2\" content=\"Est. tempo de leitura\" \/>\n\t<meta name=\"twitter:data2\" content=\"2 minutos\" \/>\n<script type=\"application\/ld+json\" class=\"yoast-schema-graph\">{\"@context\":\"https:\/\/schema.org\",\"@graph\":[{\"@type\":\"Article\",\"@id\":\"https:\/\/portalararasdenoticias.com.br\/?p=7878#article\",\"isPartOf\":{\"@id\":\"https:\/\/portalararasdenoticias.com.br\/?p=7878\"},\"author\":{\"name\":\"Portal Araras de Noticias\",\"@id\":\"https:\/\/portalararasdenoticias.com.br\/#\/schema\/person\/a6190507efe29dea1049d60d05ed5c0a\"},\"headline\":\"Todo Mundo no Rio 2026: Shakira far\u00e1 megashow na praia de Copacabana\",\"datePublished\":\"2026-05-01T02:46:41+00:00\",\"dateModified\":\"2026-05-01T02:46:43+00:00\",\"mainEntityOfPage\":{\"@id\":\"https:\/\/portalararasdenoticias.com.br\/?p=7878\"},\"wordCount\":284,\"commentCount\":0,\"image\":{\"@id\":\"https:\/\/portalararasdenoticias.com.br\/?p=7878#primaryimage\"},\"thumbnailUrl\":\"https:\/\/portalararasdenoticias.com.br\/wp-content\/uploads\/2026\/04\/1661953401-1200-900-9-12.webp\",\"articleSection\":[\"Brasil\",\"Todo Mundo no Rio 2026: Shakira far\u00e1 megashow na praia de Copacabana\"],\"inLanguage\":\"pt-BR\",\"potentialAction\":[{\"@type\":\"CommentAction\",\"name\":\"Comment\",\"target\":[\"https:\/\/portalararasdenoticias.com.br\/?p=7878#respond\"]}]},{\"@type\":\"WebPage\",\"@id\":\"https:\/\/portalararasdenoticias.com.br\/?p=7878\",\"url\":\"https:\/\/portalararasdenoticias.com.br\/?p=7878\",\"name\":\"Todo Mundo no Rio 2026: Shakira far\u00e1 megashow na praia de Copacabana - Portal Araras de Not\u00edcias\",\"isPartOf\":{\"@id\":\"https:\/\/portalararasdenoticias.com.br\/#website\"},\"primaryImageOfPage\":{\"@id\":\"https:\/\/portalararasdenoticias.com.br\/?p=7878#primaryimage\"},\"image\":{\"@id\":\"https:\/\/portalararasdenoticias.com.br\/?p=7878#primaryimage\"},\"thumbnailUrl\":\"https:\/\/portalararasdenoticias.com.br\/wp-content\/uploads\/2026\/04\/1661953401-1200-900-9-12.webp\",\"datePublished\":\"2026-05-01T02:46:41+00:00\",\"dateModified\":\"2026-05-01T02:46:43+00:00\",\"author\":{\"@id\":\"https:\/\/portalararasdenoticias.com.br\/#\/schema\/person\/a6190507efe29dea1049d60d05ed5c0a\"},\"breadcrumb\":{\"@id\":\"https:\/\/portalararasdenoticias.com.br\/?p=7878#breadcrumb\"},\"inLanguage\":\"pt-BR\",\"potentialAction\":[{\"@type\":\"ReadAction\",\"target\":[\"https:\/\/portalararasdenoticias.com.br\/?p=7878\"]}]},{\"@type\":\"ImageObject\",\"inLanguage\":\"pt-BR\",\"@id\":\"https:\/\/portalararasdenoticias.com.br\/?p=7878#primaryimage\",\"url\":\"https:\/\/portalararasdenoticias.com.br\/wp-content\/uploads\/2026\/04\/1661953401-1200-900-9-12.webp\",\"contentUrl\":\"https:\/\/portalararasdenoticias.com.br\/wp-content\/uploads\/2026\/04\/1661953401-1200-900-9-12.webp\",\"width\":1200,\"height\":1600},{\"@type\":\"BreadcrumbList\",\"@id\":\"https:\/\/portalararasdenoticias.com.br\/?p=7878#breadcrumb\",\"itemListElement\":[{\"@type\":\"ListItem\",\"position\":1,\"name\":\"In\u00edcio\",\"item\":\"https:\/\/portalararasdenoticias.com.br\/\"},{\"@type\":\"ListItem\",\"position\":2,\"name\":\"Todo Mundo no Rio 2026: Shakira far\u00e1 megashow na praia de Copacabana\"}]},{\"@type\":\"WebSite\",\"@id\":\"https:\/\/portalararasdenoticias.com.br\/#website\",\"url\":\"https:\/\/portalararasdenoticias.com.br\/\",\"name\":\"Portal Araras de Not\u00edcias\",\"description\":\"O Seu Portal de Not\u00edcias\",\"potentialAction\":[{\"@type\":\"SearchAction\",\"target\":{\"@type\":\"EntryPoint\",\"urlTemplate\":\"https:\/\/portalararasdenoticias.com.br\/?s={search_term_string}\"},\"query-input\":{\"@type\":\"PropertyValueSpecification\",\"valueRequired\":true,\"valueName\":\"search_term_string\"}}],\"inLanguage\":\"pt-BR\"},{\"@type\":\"Person\",\"@id\":\"https:\/\/portalararasdenoticias.com.br\/#\/schema\/person\/a6190507efe29dea1049d60d05ed5c0a\",\"name\":\"Portal Araras de Noticias\",\"image\":{\"@type\":\"ImageObject\",\"inLanguage\":\"pt-BR\",\"@id\":\"https:\/\/portalararasdenoticias.com.br\/#\/schema\/person\/image\/\",\"url\":\"https:\/\/secure.gravatar.com\/avatar\/4df7c42bc08e78bc9b6e13086fafc161bdf01220657cd93de3d828ab6c60d469?s=96&d=mm&r=g\",\"contentUrl\":\"https:\/\/secure.gravatar.com\/avatar\/4df7c42bc08e78bc9b6e13086fafc161bdf01220657cd93de3d828ab6c60d469?s=96&d=mm&r=g\",\"caption\":\"Portal Araras de Noticias\"},\"sameAs\":[\"https:\/\/portalararasdenoticias.com.br\/\"],\"url\":\"https:\/\/portalararasdenoticias.com.br\/?author=5\"}]}<\/script>\n<!-- \/ Yoast SEO plugin. -->","yoast_head_json":{"title":"Todo Mundo no Rio 2026: Shakira far\u00e1 megashow na praia de Copacabana - Portal Araras de Not\u00edcias","robots":{"index":"index","follow":"follow","max-snippet":"max-snippet:-1","max-image-preview":"max-image-preview:large","max-video-preview":"max-video-preview:-1"},"canonical":"https:\/\/portalararasdenoticias.com.br\/?p=7878","og_locale":"pt_BR","og_type":"article","og_title":"Todo Mundo no Rio 2026: Shakira far\u00e1 megashow na praia de Copacabana - Portal Araras de Not\u00edcias","og_description":"Acabou o mist\u00e9rio: Shakira \u00e9 quem se apresenta nas areias da praia de Copacabana, no Rio de Janeiro, no dia 2 de maio, na esteira de Madonna e Lady Gaga. De acordo com a coluna de Lauro Jardim, d\u2019O Globo, a cantora colombiana encerrou uma longa negocia\u00e7\u00e3o e assinou o contrato com a produtora Bonus [&hellip;]","og_url":"https:\/\/portalararasdenoticias.com.br\/?p=7878","og_site_name":"Portal Araras de Not\u00edcias","article_published_time":"2026-05-01T02:46:41+00:00","article_modified_time":"2026-05-01T02:46:43+00:00","og_image":[{"width":1200,"height":1600,"url":"https:\/\/portalararasdenoticias.com.br\/wp-content\/uploads\/2026\/04\/1661953401-1200-900-9-12.webp","type":"image\/webp"}],"author":"Portal Araras de Noticias","twitter_card":"summary_large_image","twitter_misc":{"Escrito por":"Portal Araras de Noticias","Est. tempo de leitura":"2 minutos"},"schema":{"@context":"https:\/\/schema.org","@graph":[{"@type":"Article","@id":"https:\/\/portalararasdenoticias.com.br\/?p=7878#article","isPartOf":{"@id":"https:\/\/portalararasdenoticias.com.br\/?p=7878"},"author":{"name":"Portal Araras de Noticias","@id":"https:\/\/portalararasdenoticias.com.br\/#\/schema\/person\/a6190507efe29dea1049d60d05ed5c0a"},"headline":"Todo Mundo no Rio 2026: Shakira far\u00e1 megashow na praia de Copacabana","datePublished":"2026-05-01T02:46:41+00:00","dateModified":"2026-05-01T02:46:43+00:00","mainEntityOfPage":{"@id":"https:\/\/portalararasdenoticias.com.br\/?p=7878"},"wordCount":284,"commentCount":0,"image":{"@id":"https:\/\/portalararasdenoticias.com.br\/?p=7878#primaryimage"},"thumbnailUrl":"https:\/\/portalararasdenoticias.com.br\/wp-content\/uploads\/2026\/04\/1661953401-1200-900-9-12.webp","articleSection":["Brasil","Todo Mundo no Rio 2026: Shakira far\u00e1 megashow na praia de Copacabana"],"inLanguage":"pt-BR","potentialAction":[{"@type":"CommentAction","name":"Comment","target":["https:\/\/portalararasdenoticias.com.br\/?p=7878#respond"]}]},{"@type":"WebPage","@id":"https:\/\/portalararasdenoticias.com.br\/?p=7878","url":"https:\/\/portalararasdenoticias.com.br\/?p=7878","name":"Todo Mundo no Rio 2026: Shakira far\u00e1 megashow na praia de Copacabana - Portal Araras de Not\u00edcias","isPartOf":{"@id":"https:\/\/portalararasdenoticias.com.br\/#website"},"primaryImageOfPage":{"@id":"https:\/\/portalararasdenoticias.com.br\/?p=7878#primaryimage"},"image":{"@id":"https:\/\/portalararasdenoticias.com.br\/?p=7878#primaryimage"},"thumbnailUrl":"https:\/\/portalararasdenoticias.com.br\/wp-content\/uploads\/2026\/04\/1661953401-1200-900-9-12.webp","datePublished":"2026-05-01T02:46:41+00:00","dateModified":"2026-05-01T02:46:43+00:00","author":{"@id":"https:\/\/portalararasdenoticias.com.br\/#\/schema\/person\/a6190507efe29dea1049d60d05ed5c0a"},"breadcrumb":{"@id":"https:\/\/portalararasdenoticias.com.br\/?p=7878#breadcrumb"},"inLanguage":"pt-BR","potentialAction":[{"@type":"ReadAction","target":["https:\/\/portalararasdenoticias.com.br\/?p=7878"]}]},{"@type":"ImageObject","inLanguage":"pt-BR","@id":"https:\/\/portalararasdenoticias.com.br\/?p=7878#primaryimage","url":"https:\/\/portalararasdenoticias.com.br\/wp-content\/uploads\/2026\/04\/1661953401-1200-900-9-12.webp","contentUrl":"https:\/\/portalararasdenoticias.com.br\/wp-content\/uploads\/2026\/04\/1661953401-1200-900-9-12.webp","width":1200,"height":1600},{"@type":"BreadcrumbList","@id":"https:\/\/portalararasdenoticias.com.br\/?p=7878#breadcrumb","itemListElement":[{"@type":"ListItem","position":1,"name":"In\u00edcio","item":"https:\/\/portalararasdenoticias.com.br\/"},{"@type":"ListItem","position":2,"name":"Todo Mundo no Rio 2026: Shakira far\u00e1 megashow na praia de Copacabana"}]},{"@type":"WebSite","@id":"https:\/\/portalararasdenoticias.com.br\/#website","url":"https:\/\/portalararasdenoticias.com.br\/","name":"Portal Araras de Not\u00edcias","description":"O Seu Portal de Not\u00edcias","potentialAction":[{"@type":"SearchAction","target":{"@type":"EntryPoint","urlTemplate":"https:\/\/portalararasdenoticias.com.br\/?s={search_term_string}"},"query-input":{"@type":"PropertyValueSpecification","valueRequired":true,"valueName":"search_term_string"}}],"inLanguage":"pt-BR"},{"@type":"Person","@id":"https:\/\/portalararasdenoticias.com.br\/#\/schema\/person\/a6190507efe29dea1049d60d05ed5c0a","name":"Portal Araras de Noticias","image":{"@type":"ImageObject","inLanguage":"pt-BR","@id":"https:\/\/portalararasdenoticias.com.br\/#\/schema\/person\/image\/","url":"https:\/\/secure.gravatar.com\/avatar\/4df7c42bc08e78bc9b6e13086fafc161bdf01220657cd93de3d828ab6c60d469?s=96&d=mm&r=g","contentUrl":"https:\/\/secure.gravatar.com\/avatar\/4df7c42bc08e78bc9b6e13086fafc161bdf01220657cd93de3d828ab6c60d469?s=96&d=mm&r=g","caption":"Portal Araras de Noticias"},"sameAs":["https:\/\/portalararasdenoticias.com.br\/"],"url":"https:\/\/portalararasdenoticias.com.br\/?author=5"}]}},"_links":{"self":[{"href":"https:\/\/portalararasdenoticias.com.br\/index.php?rest_route=\/wp\/v2\/posts\/7878","targetHints":{"allow":["GET"]}}],"collection":[{"href":"https:\/\/portalararasdenoticias.com.br\/index.php?rest_route=\/wp\/v2\/posts"}],"about":[{"href":"https:\/\/portalararasdenoticias.com.br\/index.php?rest_route=\/wp\/v2\/types\/post"}],"author":[{"embeddable":true,"href":"https:\/\/portalararasdenoticias.com.br\/index.php?rest_route=\/wp\/v2\/users\/5"}],"replies":[{"embeddable":true,"href":"https:\/\/portalararasdenoticias.com.br\/index.php?rest_route=%2Fwp%2Fv2%2Fcomments&post=7878"}],"version-history":[{"count":1,"href":"https:\/\/portalararasdenoticias.com.br\/index.php?rest_route=\/wp\/v2\/posts\/7878\/revisions"}],"predecessor-version":[{"id":7881,"href":"https:\/\/portalararasdenoticias.com.br\/index.php?rest_route=\/wp\/v2\/posts\/7878\/revisions\/7881"}],"wp:featuredmedia":[{"embeddable":true,"href":"https:\/\/portalararasdenoticias.com.br\/index.php?rest_route=\/wp\/v2\/media\/7879"}],"wp:attachment":[{"href":"https:\/\/portalararasdenoticias.com.br\/index.php?rest_route=%2Fwp%2Fv2%2Fmedia&parent=7878"}],"wp:term":[{"taxonomy":"category","embeddable":true,"href":"https:\/\/portalararasdenoticias.com.br\/index.php?rest_route=%2Fwp%2Fv2%2Fcategories&post=7878"},{"taxonomy":"post_tag","embeddable":true,"href":"https:\/\/portalararasdenoticias.com.br\/index.php?rest_route=%2Fwp%2Fv2%2Ftags&post=7878"}],"curies":[{"name":"wp","href":"https:\/\/api.w.org\/{rel}","templated":true}]}}