{"id":7882,"date":"2026-05-01T11:51:44","date_gmt":"2026-05-01T14:51:44","guid":{"rendered":"https:\/\/portalararasdenoticias.com.br\/?p=7882"},"modified":"2026-05-01T11:51:46","modified_gmt":"2026-05-01T14:51:46","slug":"7882","status":"publish","type":"post","link":"https:\/\/portalararasdenoticias.com.br\/?p=7882","title":{"rendered":""},"content":{"rendered":"\n<pre class=\"wp-block-code\"><code>      Pr\u00eamio de San Marino de 1994, no circuito de Aut\u00f3dromo Enzo e Dino Ferrari. <\/code><\/pre>\n\n\n\n<p>A trag\u00e9dia chocou o mundo e deixou uma marca definitiva na hist\u00f3ria da F\u00f3rmula 1. O fim de semana em \u00cdmola \u2014 que tamb\u00e9m foi marcado pela morte do piloto Roland Ratzenberger no dia anterior \u2014 exp\u00f4s de forma dram\u00e1tica as falhas de seguran\u00e7a da categoria e levou a FIA a promover uma verdadeira reformula\u00e7\u00e3o.<br>A partir daquele momento, carros, circuitos e equipamentos de prote\u00e7\u00e3o passaram por mudan\u00e7as profundas e rigorosas. O acidente de Senna se tornou um ponto de virada, impulsionando avan\u00e7os que elevaram significativamente os padr\u00f5es de seguran\u00e7a e ajudaram a preservar in\u00fameras vidas nas d\u00e9cadas seguintes.<br>Dentro das pistas, Senna construiu uma trajet\u00f3ria lend\u00e1ria. Tricampe\u00e3o mundial (1988, 1990 e 1991), ele somou 41 vit\u00f3rias e 65 pole positions, sendo por muito tempo o recordista absoluto nesse quesito. Sua habilidade em voltas r\u00e1pidas, especialmente sob chuva, e sua entrega total em cada corrida o transformaram em um s\u00edmbolo de talento e determina\u00e7\u00e3o.<br>Fora das pistas, seu lado humano tamb\u00e9m marcou gera\u00e7\u00f5es. Discreto em suas a\u00e7\u00f5es, ajudava institui\u00e7\u00f5es e pessoas em necessidade, o que mais tarde inspirou a cria\u00e7\u00e3o do Instituto Ayrton Senna, que at\u00e9 hoje impacta milh\u00f5es de jovens por meio da educa\u00e7\u00e3o.<br>Mais de tr\u00eas d\u00e9cadas depois, sua aus\u00eancia ainda \u00e9 sentida, mas seu legado permanece vivo. Ayrton Senna n\u00e3o foi apenas um piloto extraordin\u00e1rio \u2014 foi um her\u00f3i nacional, um \u00eddolo mundial e uma inspira\u00e7\u00e3o eterna.<\/p>\n\n\n\n<figure class=\"wp-block-image size-large is-resized\"><img loading=\"lazy\" decoding=\"async\" width=\"1024\" height=\"576\" src=\"https:\/\/portalararasdenoticias.com.br\/wp-content\/uploads\/2026\/05\/30-anos-sem-Ayrton-Senna-A-causa-da-morte-do-piloto--1024x576.jpg\" alt=\"\" class=\"wp-image-7884\" style=\"width:474px;height:auto\" srcset=\"https:\/\/portalararasdenoticias.com.br\/wp-content\/uploads\/2026\/05\/30-anos-sem-Ayrton-Senna-A-causa-da-morte-do-piloto--1024x576.jpg 1024w, https:\/\/portalararasdenoticias.com.br\/wp-content\/uploads\/2026\/05\/30-anos-sem-Ayrton-Senna-A-causa-da-morte-do-piloto--300x169.jpg 300w, https:\/\/portalararasdenoticias.com.br\/wp-content\/uploads\/2026\/05\/30-anos-sem-Ayrton-Senna-A-causa-da-morte-do-piloto--768x432.jpg 768w, https:\/\/portalararasdenoticias.com.br\/wp-content\/uploads\/2026\/05\/30-anos-sem-Ayrton-Senna-A-causa-da-morte-do-piloto-.jpg 1200w\" sizes=\"auto, (max-width: 1024px) 100vw, 1024px\" \/><\/figure>\n\n\n\n<figure class=\"wp-block-image size-full is-resized\"><img loading=\"lazy\" decoding=\"async\" width=\"984\" height=\"634\" src=\"https:\/\/portalararasdenoticias.com.br\/wp-content\/uploads\/2026\/05\/gettyimages-612556962.webp\" alt=\"\" class=\"wp-image-7886\" style=\"width:480px;height:auto\" srcset=\"https:\/\/portalararasdenoticias.com.br\/wp-content\/uploads\/2026\/05\/gettyimages-612556962.webp 984w, https:\/\/portalararasdenoticias.com.br\/wp-content\/uploads\/2026\/05\/gettyimages-612556962-300x193.webp 300w, https:\/\/portalararasdenoticias.com.br\/wp-content\/uploads\/2026\/05\/gettyimages-612556962-768x495.webp 768w\" sizes=\"auto, (max-width: 984px) 100vw, 984px\" \/><\/figure>\n","protected":false},"excerpt":{"rendered":"<p>A trag\u00e9dia chocou o mundo e deixou uma marca definitiva na hist\u00f3ria da F\u00f3rmula 1. O fim de semana em \u00cdmola \u2014 que tamb\u00e9m foi marcado pela morte do piloto Roland Ratzenberger no dia anterior \u2014 exp\u00f4s de forma dram\u00e1tica as falhas de seguran\u00e7a da categoria e levou a FIA a promover uma verdadeira reformula\u00e7\u00e3o.A [&hellip;]<\/p>\n","protected":false},"author":5,"featured_media":7883,"comment_status":"open","ping_status":"open","sticky":false,"template":"","format":"standard","meta":{"footnotes":""},"categories":[34,1086],"tags":[],"class_list":["post-7882","post","type-post","status-publish","format-standard","has-post-thumbnail","hentry","category-jornalismo","category-premio-de-san-marino-de-1994-no-circuito-de-autodromo-enzo-e-dino-ferrari"],"yoast_head":"<!-- This site is optimized with the Yoast SEO plugin v27.0 - https:\/\/yoast.com\/product\/yoast-seo-wordpress\/ -->\n<title>- Portal Araras de Not\u00edcias<\/title>\n<meta name=\"robots\" content=\"index, follow, max-snippet:-1, max-image-preview:large, max-video-preview:-1\" \/>\n<link rel=\"canonical\" href=\"https:\/\/portalararasdenoticias.com.br\/?p=7882\" \/>\n<meta property=\"og:locale\" content=\"pt_BR\" \/>\n<meta property=\"og:type\" content=\"article\" \/>\n<meta property=\"og:title\" content=\"- Portal Araras de Not\u00edcias\" \/>\n<meta property=\"og:description\" content=\"A trag\u00e9dia chocou o mundo e deixou uma marca definitiva na hist\u00f3ria da F\u00f3rmula 1. O fim de semana em \u00cdmola \u2014 que tamb\u00e9m foi marcado pela morte do piloto Roland Ratzenberger no dia anterior \u2014 exp\u00f4s de forma dram\u00e1tica as falhas de seguran\u00e7a da categoria e levou a FIA a promover uma verdadeira reformula\u00e7\u00e3o.A [&hellip;]\" \/>\n<meta property=\"og:url\" content=\"https:\/\/portalararasdenoticias.com.br\/?p=7882\" \/>\n<meta property=\"og:site_name\" content=\"Portal Araras de Not\u00edcias\" \/>\n<meta property=\"article:published_time\" content=\"2026-05-01T14:51:44+00:00\" \/>\n<meta property=\"article:modified_time\" content=\"2026-05-01T14:51:46+00:00\" \/>\n<meta property=\"og:image\" content=\"https:\/\/portalararasdenoticias.com.br\/wp-content\/uploads\/2026\/05\/684159008_122261707358247157_7258359435075421526_n.jpg\" \/>\n\t<meta property=\"og:image:width\" content=\"526\" \/>\n\t<meta property=\"og:image:height\" content=\"526\" \/>\n\t<meta property=\"og:image:type\" content=\"image\/jpeg\" \/>\n<meta name=\"author\" content=\"Portal Araras de Noticias\" \/>\n<meta name=\"twitter:card\" content=\"summary_large_image\" \/>\n<meta name=\"twitter:label1\" content=\"Escrito por\" \/>\n\t<meta name=\"twitter:data1\" content=\"Portal Araras de Noticias\" \/>\n\t<meta name=\"twitter:label2\" content=\"Est. tempo de leitura\" \/>\n\t<meta name=\"twitter:data2\" content=\"2 minutos\" \/>\n<script type=\"application\/ld+json\" class=\"yoast-schema-graph\">{\"@context\":\"https:\/\/schema.org\",\"@graph\":[{\"@type\":\"Article\",\"@id\":\"https:\/\/portalararasdenoticias.com.br\/?p=7882#article\",\"isPartOf\":{\"@id\":\"https:\/\/portalararasdenoticias.com.br\/?p=7882\"},\"author\":{\"name\":\"Portal Araras de Noticias\",\"@id\":\"https:\/\/portalararasdenoticias.com.br\/#\/schema\/person\/a6190507efe29dea1049d60d05ed5c0a\"},\"headline\":\"Sem t\u00edtulo\",\"datePublished\":\"2026-05-01T14:51:44+00:00\",\"dateModified\":\"2026-05-01T14:51:46+00:00\",\"mainEntityOfPage\":{\"@id\":\"https:\/\/portalararasdenoticias.com.br\/?p=7882\"},\"wordCount\":256,\"commentCount\":0,\"image\":{\"@id\":\"https:\/\/portalararasdenoticias.com.br\/?p=7882#primaryimage\"},\"thumbnailUrl\":\"https:\/\/portalararasdenoticias.com.br\/wp-content\/uploads\/2026\/05\/684159008_122261707358247157_7258359435075421526_n.jpg\",\"articleSection\":[\"jornalismo\",\"Pr\u00eamio de San Marino de 1994, no circuito de Aut\u00f3dromo Enzo e Dino Ferrari.\"],\"inLanguage\":\"pt-BR\",\"potentialAction\":[{\"@type\":\"CommentAction\",\"name\":\"Comment\",\"target\":[\"https:\/\/portalararasdenoticias.com.br\/?p=7882#respond\"]}]},{\"@type\":\"WebPage\",\"@id\":\"https:\/\/portalararasdenoticias.com.br\/?p=7882\",\"url\":\"https:\/\/portalararasdenoticias.com.br\/?p=7882\",\"name\":\"- Portal Araras de Not\u00edcias\",\"isPartOf\":{\"@id\":\"https:\/\/portalararasdenoticias.com.br\/#website\"},\"primaryImageOfPage\":{\"@id\":\"https:\/\/portalararasdenoticias.com.br\/?p=7882#primaryimage\"},\"image\":{\"@id\":\"https:\/\/portalararasdenoticias.com.br\/?p=7882#primaryimage\"},\"thumbnailUrl\":\"https:\/\/portalararasdenoticias.com.br\/wp-content\/uploads\/2026\/05\/684159008_122261707358247157_7258359435075421526_n.jpg\",\"datePublished\":\"2026-05-01T14:51:44+00:00\",\"dateModified\":\"2026-05-01T14:51:46+00:00\",\"author\":{\"@id\":\"https:\/\/portalararasdenoticias.com.br\/#\/schema\/person\/a6190507efe29dea1049d60d05ed5c0a\"},\"inLanguage\":\"pt-BR\",\"potentialAction\":[{\"@type\":\"ReadAction\",\"target\":[\"https:\/\/portalararasdenoticias.com.br\/?p=7882\"]}]},{\"@type\":\"ImageObject\",\"inLanguage\":\"pt-BR\",\"@id\":\"https:\/\/portalararasdenoticias.com.br\/?p=7882#primaryimage\",\"url\":\"https:\/\/portalararasdenoticias.com.br\/wp-content\/uploads\/2026\/05\/684159008_122261707358247157_7258359435075421526_n.jpg\",\"contentUrl\":\"https:\/\/portalararasdenoticias.com.br\/wp-content\/uploads\/2026\/05\/684159008_122261707358247157_7258359435075421526_n.jpg\",\"width\":526,\"height\":526},{\"@type\":\"WebSite\",\"@id\":\"https:\/\/portalararasdenoticias.com.br\/#website\",\"url\":\"https:\/\/portalararasdenoticias.com.br\/\",\"name\":\"Portal Araras de Not\u00edcias\",\"description\":\"O Seu Portal de Not\u00edcias\",\"potentialAction\":[{\"@type\":\"SearchAction\",\"target\":{\"@type\":\"EntryPoint\",\"urlTemplate\":\"https:\/\/portalararasdenoticias.com.br\/?s={search_term_string}\"},\"query-input\":{\"@type\":\"PropertyValueSpecification\",\"valueRequired\":true,\"valueName\":\"search_term_string\"}}],\"inLanguage\":\"pt-BR\"},{\"@type\":\"Person\",\"@id\":\"https:\/\/portalararasdenoticias.com.br\/#\/schema\/person\/a6190507efe29dea1049d60d05ed5c0a\",\"name\":\"Portal Araras de Noticias\",\"image\":{\"@type\":\"ImageObject\",\"inLanguage\":\"pt-BR\",\"@id\":\"https:\/\/portalararasdenoticias.com.br\/#\/schema\/person\/image\/\",\"url\":\"https:\/\/secure.gravatar.com\/avatar\/4df7c42bc08e78bc9b6e13086fafc161bdf01220657cd93de3d828ab6c60d469?s=96&d=mm&r=g\",\"contentUrl\":\"https:\/\/secure.gravatar.com\/avatar\/4df7c42bc08e78bc9b6e13086fafc161bdf01220657cd93de3d828ab6c60d469?s=96&d=mm&r=g\",\"caption\":\"Portal Araras de Noticias\"},\"sameAs\":[\"https:\/\/portalararasdenoticias.com.br\/\"],\"url\":\"https:\/\/portalararasdenoticias.com.br\/?author=5\"}]}<\/script>\n<!-- \/ Yoast SEO plugin. -->","yoast_head_json":{"title":"- Portal Araras de Not\u00edcias","robots":{"index":"index","follow":"follow","max-snippet":"max-snippet:-1","max-image-preview":"max-image-preview:large","max-video-preview":"max-video-preview:-1"},"canonical":"https:\/\/portalararasdenoticias.com.br\/?p=7882","og_locale":"pt_BR","og_type":"article","og_title":"- Portal Araras de Not\u00edcias","og_description":"A trag\u00e9dia chocou o mundo e deixou uma marca definitiva na hist\u00f3ria da F\u00f3rmula 1. O fim de semana em \u00cdmola \u2014 que tamb\u00e9m foi marcado pela morte do piloto Roland Ratzenberger no dia anterior \u2014 exp\u00f4s de forma dram\u00e1tica as falhas de seguran\u00e7a da categoria e levou a FIA a promover uma verdadeira reformula\u00e7\u00e3o.A [&hellip;]","og_url":"https:\/\/portalararasdenoticias.com.br\/?p=7882","og_site_name":"Portal Araras de Not\u00edcias","article_published_time":"2026-05-01T14:51:44+00:00","article_modified_time":"2026-05-01T14:51:46+00:00","og_image":[{"width":526,"height":526,"url":"https:\/\/portalararasdenoticias.com.br\/wp-content\/uploads\/2026\/05\/684159008_122261707358247157_7258359435075421526_n.jpg","type":"image\/jpeg"}],"author":"Portal Araras de Noticias","twitter_card":"summary_large_image","twitter_misc":{"Escrito por":"Portal Araras de Noticias","Est. tempo de leitura":"2 minutos"},"schema":{"@context":"https:\/\/schema.org","@graph":[{"@type":"Article","@id":"https:\/\/portalararasdenoticias.com.br\/?p=7882#article","isPartOf":{"@id":"https:\/\/portalararasdenoticias.com.br\/?p=7882"},"author":{"name":"Portal Araras de Noticias","@id":"https:\/\/portalararasdenoticias.com.br\/#\/schema\/person\/a6190507efe29dea1049d60d05ed5c0a"},"headline":"Sem t\u00edtulo","datePublished":"2026-05-01T14:51:44+00:00","dateModified":"2026-05-01T14:51:46+00:00","mainEntityOfPage":{"@id":"https:\/\/portalararasdenoticias.com.br\/?p=7882"},"wordCount":256,"commentCount":0,"image":{"@id":"https:\/\/portalararasdenoticias.com.br\/?p=7882#primaryimage"},"thumbnailUrl":"https:\/\/portalararasdenoticias.com.br\/wp-content\/uploads\/2026\/05\/684159008_122261707358247157_7258359435075421526_n.jpg","articleSection":["jornalismo","Pr\u00eamio de San Marino de 1994, no circuito de Aut\u00f3dromo Enzo e Dino Ferrari."],"inLanguage":"pt-BR","potentialAction":[{"@type":"CommentAction","name":"Comment","target":["https:\/\/portalararasdenoticias.com.br\/?p=7882#respond"]}]},{"@type":"WebPage","@id":"https:\/\/portalararasdenoticias.com.br\/?p=7882","url":"https:\/\/portalararasdenoticias.com.br\/?p=7882","name":"- Portal Araras de Not\u00edcias","isPartOf":{"@id":"https:\/\/portalararasdenoticias.com.br\/#website"},"primaryImageOfPage":{"@id":"https:\/\/portalararasdenoticias.com.br\/?p=7882#primaryimage"},"image":{"@id":"https:\/\/portalararasdenoticias.com.br\/?p=7882#primaryimage"},"thumbnailUrl":"https:\/\/portalararasdenoticias.com.br\/wp-content\/uploads\/2026\/05\/684159008_122261707358247157_7258359435075421526_n.jpg","datePublished":"2026-05-01T14:51:44+00:00","dateModified":"2026-05-01T14:51:46+00:00","author":{"@id":"https:\/\/portalararasdenoticias.com.br\/#\/schema\/person\/a6190507efe29dea1049d60d05ed5c0a"},"inLanguage":"pt-BR","potentialAction":[{"@type":"ReadAction","target":["https:\/\/portalararasdenoticias.com.br\/?p=7882"]}]},{"@type":"ImageObject","inLanguage":"pt-BR","@id":"https:\/\/portalararasdenoticias.com.br\/?p=7882#primaryimage","url":"https:\/\/portalararasdenoticias.com.br\/wp-content\/uploads\/2026\/05\/684159008_122261707358247157_7258359435075421526_n.jpg","contentUrl":"https:\/\/portalararasdenoticias.com.br\/wp-content\/uploads\/2026\/05\/684159008_122261707358247157_7258359435075421526_n.jpg","width":526,"height":526},{"@type":"WebSite","@id":"https:\/\/portalararasdenoticias.com.br\/#website","url":"https:\/\/portalararasdenoticias.com.br\/","name":"Portal Araras de Not\u00edcias","description":"O Seu Portal de Not\u00edcias","potentialAction":[{"@type":"SearchAction","target":{"@type":"EntryPoint","urlTemplate":"https:\/\/portalararasdenoticias.com.br\/?s={search_term_string}"},"query-input":{"@type":"PropertyValueSpecification","valueRequired":true,"valueName":"search_term_string"}}],"inLanguage":"pt-BR"},{"@type":"Person","@id":"https:\/\/portalararasdenoticias.com.br\/#\/schema\/person\/a6190507efe29dea1049d60d05ed5c0a","name":"Portal Araras de Noticias","image":{"@type":"ImageObject","inLanguage":"pt-BR","@id":"https:\/\/portalararasdenoticias.com.br\/#\/schema\/person\/image\/","url":"https:\/\/secure.gravatar.com\/avatar\/4df7c42bc08e78bc9b6e13086fafc161bdf01220657cd93de3d828ab6c60d469?s=96&d=mm&r=g","contentUrl":"https:\/\/secure.gravatar.com\/avatar\/4df7c42bc08e78bc9b6e13086fafc161bdf01220657cd93de3d828ab6c60d469?s=96&d=mm&r=g","caption":"Portal Araras de Noticias"},"sameAs":["https:\/\/portalararasdenoticias.com.br\/"],"url":"https:\/\/portalararasdenoticias.com.br\/?author=5"}]}},"_links":{"self":[{"href":"https:\/\/portalararasdenoticias.com.br\/index.php?rest_route=\/wp\/v2\/posts\/7882","targetHints":{"allow":["GET"]}}],"collection":[{"href":"https:\/\/portalararasdenoticias.com.br\/index.php?rest_route=\/wp\/v2\/posts"}],"about":[{"href":"https:\/\/portalararasdenoticias.com.br\/index.php?rest_route=\/wp\/v2\/types\/post"}],"author":[{"embeddable":true,"href":"https:\/\/portalararasdenoticias.com.br\/index.php?rest_route=\/wp\/v2\/users\/5"}],"replies":[{"embeddable":true,"href":"https:\/\/portalararasdenoticias.com.br\/index.php?rest_route=%2Fwp%2Fv2%2Fcomments&post=7882"}],"version-history":[{"count":1,"href":"https:\/\/portalararasdenoticias.com.br\/index.php?rest_route=\/wp\/v2\/posts\/7882\/revisions"}],"predecessor-version":[{"id":7887,"href":"https:\/\/portalararasdenoticias.com.br\/index.php?rest_route=\/wp\/v2\/posts\/7882\/revisions\/7887"}],"wp:featuredmedia":[{"embeddable":true,"href":"https:\/\/portalararasdenoticias.com.br\/index.php?rest_route=\/wp\/v2\/media\/7883"}],"wp:attachment":[{"href":"https:\/\/portalararasdenoticias.com.br\/index.php?rest_route=%2Fwp%2Fv2%2Fmedia&parent=7882"}],"wp:term":[{"taxonomy":"category","embeddable":true,"href":"https:\/\/portalararasdenoticias.com.br\/index.php?rest_route=%2Fwp%2Fv2%2Fcategories&post=7882"},{"taxonomy":"post_tag","embeddable":true,"href":"https:\/\/portalararasdenoticias.com.br\/index.php?rest_route=%2Fwp%2Fv2%2Ftags&post=7882"}],"curies":[{"name":"wp","href":"https:\/\/api.w.org\/{rel}","templated":true}]}}